{"id":36485,"date":"2015-02-09T14:42:56","date_gmt":"2015-02-09T17:42:56","guid":{"rendered":"http:\/\/www.notibras.com\/site\/?p=36485"},"modified":"2015-02-09T15:46:12","modified_gmt":"2015-02-09T18:46:12","slug":"inflacao-cai-01-na-previa-de-fevereiro-mas-continua-assustando","status":"publish","type":"post","link":"https:\/\/www.notibras.com\/site\/inflacao-cai-01-na-previa-de-fevereiro-mas-continua-assustando\/","title":{"rendered":"Infla\u00e7\u00e3o cai 0,1% na pr\u00e9via de fevereiro, mas mant\u00e9m susto"},"content":{"rendered":"<div class=\"content\">\n<p>O \u00cdndice de Pre\u00e7os ao Consumidor Semanal (IPC-S) teve alta de 1,63% na primeira pr\u00e9via de fevereiro, 0,10 ponto percentual menor do que o registrado na \u00faltima apura\u00e7\u00e3o (1,73%). O levantamento, feito pelo Instituto Brasileiro de Economia da Funda\u00e7\u00e3o Getulio Vargas (Ibre-FGV), mostra a varia\u00e7\u00e3o de pre\u00e7os encontrada entre os \u00faltimos dias 8 de janeiro e 7 de fevereiro, comparada ao per\u00edodo de 8 de dezembro a 7 de janeiro.<\/p>\n<p>Cinco dos oito grupos pesquisados tiveram decr\u00e9scimos, com destaque para habita\u00e7\u00e3o que apresentou alta de 1,69%, taxa abaixo da medi\u00e7\u00e3o anterior (2,01%). O resultado foi influenciado, principalmente, pela tarifa de eletricidade residencial, com aumento de 7,12% em rela\u00e7\u00e3o a 9,41%. Em alimenta\u00e7\u00e3o, a taxa passou de 1,64% para 1,44%, com redu\u00e7\u00e3o no ritmo de corre\u00e7\u00f5es das hortali\u00e7as e legumes (de 13,32% para 10,36%).<\/p>\n<blockquote><p>No grupo educa\u00e7\u00e3o, leitura e recrea\u00e7\u00e3o houve eleva\u00e7\u00e3o de 3,51% em rela\u00e7\u00e3o a 4,15%, com os cursos formais em alta de 7,13% em compara\u00e7\u00e3o a 9,19%. Em comunica\u00e7\u00e3o, a m\u00e9dia dos pre\u00e7os ficou em 0,43%, comparada a 0,52%: o principal motivo para a redu\u00e7\u00e3o na velocidade de reajuste foram os pacotes de telefonia fixa e internet (de 1,20% para 0,75%). Em despesas pessoais, o \u00edndice passou de 1,96 para 1,92% sob o efeito do cart\u00e3o de telefone (de 0,78% para 0,33%).<\/p><\/blockquote>\n<p>Em transportes ocorreu um avan\u00e7o (de 2,39% para 2,82%), puxado pela gasolina (de -0,40% para 0,92%) e, em vestu\u00e1rio, diminuiu a intensidade de queda nos pre\u00e7os (de -0,44% para -0,31%), com as roupas custando em m\u00e9dia 0,65% menos em compara\u00e7\u00e3o a um recuo de 0,79%.<\/p>\n<p>No grupo sa\u00fade e cuidados pessoais, a varia\u00e7\u00e3o manteve-se igual \u00e0 da pesquisa passada em 0,30%, apesar da ligeira eleva\u00e7\u00e3o constatada nos hospitais e laborat\u00f3rios (de 2,60% para 3,05%) . Esse aumento foi de certa forma compensado pela queda de pre\u00e7os dos protetores para a pele (de -1,31% para -1,60%).<\/p>\n<p>Os cinco itens que mais pressionaram o IPC-S foram: tarifa de \u00f4nibus urbano (9,07%); tarifa de eletricidade residencial (7,12%); curso de ensino superior (6,54%); refei\u00e7\u00f5es em bares e restaurantes (1,13%) e autom\u00f3vel novo (2,1%). Em sentido oposto, os que ajudaram a reduzir a intensidade de alta foram: passagem a\u00e9rea (-9,26%); perfume (-1,54%); tarifa de t\u00e1xi (-3,15%); leite tipo longa vida (-2,01%) e blusa feminina (-2,03%).<\/p>\n<header>\n<div class=\"node-info\"><strong>Marli Moreira, ABr<\/strong><strong><br \/>\n<\/strong><\/div>\n<\/header>\n<\/div>\n","protected":false},"excerpt":{"rendered":"<p>O \u00cdndice de Pre\u00e7os ao Consumidor Semanal (IPC-S) teve alta de 1,63% na primeira pr\u00e9via de fevereiro, 0,10 ponto percentual menor do que o registrado na \u00faltima apura\u00e7\u00e3o (1,73%). O levantamento, feito pelo Instituto Brasileiro de Economia da Funda\u00e7\u00e3o Getulio Vargas (Ibre-FGV), mostra a varia\u00e7\u00e3o de pre\u00e7os encontrada entre os \u00faltimos dias 8 de janeiro [&hellip;]<\/p>\n","protected":false},"author":2,"featured_media":36486,"comment_status":"open","ping_status":"closed","sticky":false,"template":"","format":"standard","meta":{"_acf_changed":false,"footnotes":""},"categories":[16],"tags":[],"class_list":["post-36485","post","type-post","status-publish","format-standard","has-post-thumbnail","hentry","category-brasil"],"acf":[],"yoast_head":"<!-- This site is optimized with the Yoast SEO plugin v27.2 - https:\/\/yoast.com\/product\/yoast-seo-wordpress\/ -->\n<title>Infla\u00e7\u00e3o cai 0,1% na pr\u00e9via de fevereiro, mas mant\u00e9m susto - Notibras<\/title>\n<meta name=\"robots\" content=\"index, follow, max-snippet:-1, max-image-preview:large, max-video-preview:-1\" \/>\n<link rel=\"canonical\" href=\"https:\/\/www.notibras.com\/site\/inflacao-cai-01-na-previa-de-fevereiro-mas-continua-assustando\/\" \/>\n<meta property=\"og:locale\" content=\"pt_BR\" \/>\n<meta property=\"og:type\" content=\"article\" \/>\n<meta property=\"og:title\" content=\"Infla\u00e7\u00e3o cai 0,1% na pr\u00e9via de fevereiro, mas mant\u00e9m susto - Notibras\" \/>\n<meta property=\"og:description\" content=\"O \u00cdndice de Pre\u00e7os ao Consumidor Semanal (IPC-S) teve alta de 1,63% na primeira pr\u00e9via de fevereiro, 0,10 ponto percentual menor do que o registrado na \u00faltima apura\u00e7\u00e3o (1,73%). O levantamento, feito pelo Instituto Brasileiro de Economia da Funda\u00e7\u00e3o Getulio Vargas (Ibre-FGV), mostra a varia\u00e7\u00e3o de pre\u00e7os encontrada entre os \u00faltimos dias 8 de janeiro [&hellip;]\" \/>\n<meta property=\"og:url\" content=\"https:\/\/www.notibras.com\/site\/inflacao-cai-01-na-previa-de-fevereiro-mas-continua-assustando\/\" \/>\n<meta property=\"og:site_name\" content=\"Notibras\" \/>\n<meta property=\"article:publisher\" content=\"https:\/\/www.facebook.com\/notibras\/\" \/>\n<meta property=\"article:published_time\" content=\"2015-02-09T17:42:56+00:00\" \/>\n<meta property=\"article:modified_time\" content=\"2015-02-09T18:46:12+00:00\" \/>\n<meta property=\"og:image\" content=\"https:\/\/www.notibras.com\/site\/wp-content\/uploads\/2015\/02\/inman.jpeg\" \/>\n\t<meta property=\"og:image:width\" content=\"259\" \/>\n\t<meta property=\"og:image:height\" content=\"194\" \/>\n\t<meta property=\"og:image:type\" content=\"image\/jpeg\" \/>\n<meta name=\"author\" content=\"Reda\u00e7\u00e3o\" \/>\n<meta name=\"twitter:card\" content=\"summary_large_image\" \/>\n<meta name=\"twitter:creator\" content=\"@Notibras\" \/>\n<meta name=\"twitter:site\" content=\"@Notibras\" \/>\n<meta name=\"twitter:label1\" content=\"Escrito por\" \/>\n\t<meta name=\"twitter:data1\" content=\"Reda\u00e7\u00e3o\" \/>\n\t<meta name=\"twitter:label2\" content=\"Est. tempo de leitura\" \/>\n\t<meta name=\"twitter:data2\" content=\"2 minutos\" \/>\n<script type=\"application\/ld+json\" class=\"yoast-schema-graph\">{\"@context\":\"https:\/\/schema.org\",\"@graph\":[{\"@type\":\"Article\",\"@id\":\"https:\/\/www.notibras.com\/site\/inflacao-cai-01-na-previa-de-fevereiro-mas-continua-assustando\/#article\",\"isPartOf\":{\"@id\":\"https:\/\/www.notibras.com\/site\/inflacao-cai-01-na-previa-de-fevereiro-mas-continua-assustando\/\"},\"author\":{\"name\":\"Reda\u00e7\u00e3o\",\"@id\":\"https:\/\/www.notibras.com\/site\/#\/schema\/person\/36ab0979449956132d3e5b517ea76ac8\"},\"headline\":\"Infla\u00e7\u00e3o cai 0,1% na pr\u00e9via de fevereiro, mas mant\u00e9m susto\",\"datePublished\":\"2015-02-09T17:42:56+00:00\",\"dateModified\":\"2015-02-09T18:46:12+00:00\",\"mainEntityOfPage\":{\"@id\":\"https:\/\/www.notibras.com\/site\/inflacao-cai-01-na-previa-de-fevereiro-mas-continua-assustando\/\"},\"wordCount\":386,\"commentCount\":0,\"publisher\":{\"@id\":\"https:\/\/www.notibras.com\/site\/#organization\"},\"image\":{\"@id\":\"https:\/\/www.notibras.com\/site\/inflacao-cai-01-na-previa-de-fevereiro-mas-continua-assustando\/#primaryimage\"},\"thumbnailUrl\":\"https:\/\/www.notibras.com\/site\/wp-content\/uploads\/2015\/02\/inman.jpeg\",\"articleSection\":[\"Brasil\"],\"inLanguage\":\"pt-BR\",\"potentialAction\":[{\"@type\":\"CommentAction\",\"name\":\"Comment\",\"target\":[\"https:\/\/www.notibras.com\/site\/inflacao-cai-01-na-previa-de-fevereiro-mas-continua-assustando\/#respond\"]}]},{\"@type\":\"WebPage\",\"@id\":\"https:\/\/www.notibras.com\/site\/inflacao-cai-01-na-previa-de-fevereiro-mas-continua-assustando\/\",\"url\":\"https:\/\/www.notibras.com\/site\/inflacao-cai-01-na-previa-de-fevereiro-mas-continua-assustando\/\",\"name\":\"Infla\u00e7\u00e3o cai 0,1% na pr\u00e9via de fevereiro, mas mant\u00e9m susto - Notibras\",\"isPartOf\":{\"@id\":\"https:\/\/www.notibras.com\/site\/#website\"},\"primaryImageOfPage\":{\"@id\":\"https:\/\/www.notibras.com\/site\/inflacao-cai-01-na-previa-de-fevereiro-mas-continua-assustando\/#primaryimage\"},\"image\":{\"@id\":\"https:\/\/www.notibras.com\/site\/inflacao-cai-01-na-previa-de-fevereiro-mas-continua-assustando\/#primaryimage\"},\"thumbnailUrl\":\"https:\/\/www.notibras.com\/site\/wp-content\/uploads\/2015\/02\/inman.jpeg\",\"datePublished\":\"2015-02-09T17:42:56+00:00\",\"dateModified\":\"2015-02-09T18:46:12+00:00\",\"breadcrumb\":{\"@id\":\"https:\/\/www.notibras.com\/site\/inflacao-cai-01-na-previa-de-fevereiro-mas-continua-assustando\/#breadcrumb\"},\"inLanguage\":\"pt-BR\",\"potentialAction\":[{\"@type\":\"ReadAction\",\"target\":[\"https:\/\/www.notibras.com\/site\/inflacao-cai-01-na-previa-de-fevereiro-mas-continua-assustando\/\"]}]},{\"@type\":\"ImageObject\",\"inLanguage\":\"pt-BR\",\"@id\":\"https:\/\/www.notibras.com\/site\/inflacao-cai-01-na-previa-de-fevereiro-mas-continua-assustando\/#primaryimage\",\"url\":\"https:\/\/www.notibras.com\/site\/wp-content\/uploads\/2015\/02\/inman.jpeg\",\"contentUrl\":\"https:\/\/www.notibras.com\/site\/wp-content\/uploads\/2015\/02\/inman.jpeg\",\"width\":259,\"height\":194},{\"@type\":\"BreadcrumbList\",\"@id\":\"https:\/\/www.notibras.com\/site\/inflacao-cai-01-na-previa-de-fevereiro-mas-continua-assustando\/#breadcrumb\",\"itemListElement\":[{\"@type\":\"ListItem\",\"position\":1,\"name\":\"In\u00edcio\",\"item\":\"https:\/\/www.notibras.com\/site\/\"},{\"@type\":\"ListItem\",\"position\":2,\"name\":\"Infla\u00e7\u00e3o cai 0,1% na pr\u00e9via de fevereiro, mas mant\u00e9m susto\"}]},{\"@type\":\"WebSite\",\"@id\":\"https:\/\/www.notibras.com\/site\/#website\",\"url\":\"https:\/\/www.notibras.com\/site\/\",\"name\":\"Notibras\",\"description\":\"Not\u00edcias de Bras\u00edlia, do Brasil e do Mundo\",\"publisher\":{\"@id\":\"https:\/\/www.notibras.com\/site\/#organization\"},\"potentialAction\":[{\"@type\":\"SearchAction\",\"target\":{\"@type\":\"EntryPoint\",\"urlTemplate\":\"https:\/\/www.notibras.com\/site\/?s={search_term_string}\"},\"query-input\":{\"@type\":\"PropertyValueSpecification\",\"valueRequired\":true,\"valueName\":\"search_term_string\"}}],\"inLanguage\":\"pt-BR\"},{\"@type\":\"Organization\",\"@id\":\"https:\/\/www.notibras.com\/site\/#organization\",\"name\":\"Grupo Notibras de Comunica\u00e7\u00e3o\",\"url\":\"https:\/\/www.notibras.com\/site\/\",\"logo\":{\"@type\":\"ImageObject\",\"inLanguage\":\"pt-BR\",\"@id\":\"https:\/\/www.notibras.com\/site\/#\/schema\/logo\/image\/\",\"url\":\"https:\/\/www.notibras.com\/site\/wp-content\/uploads\/2023\/01\/notibras23.png\",\"contentUrl\":\"https:\/\/www.notibras.com\/site\/wp-content\/uploads\/2023\/01\/notibras23.png\",\"width\":350,\"height\":87,\"caption\":\"Grupo Notibras de Comunica\u00e7\u00e3o\"},\"image\":{\"@id\":\"https:\/\/www.notibras.com\/site\/#\/schema\/logo\/image\/\"},\"sameAs\":[\"https:\/\/www.facebook.com\/notibras\/\",\"https:\/\/x.com\/Notibras\",\"https:\/\/www.instagram.com\/notibras\/\"]},{\"@type\":\"Person\",\"@id\":\"https:\/\/www.notibras.com\/site\/#\/schema\/person\/36ab0979449956132d3e5b517ea76ac8\",\"name\":\"Reda\u00e7\u00e3o\",\"image\":{\"@type\":\"ImageObject\",\"inLanguage\":\"pt-BR\",\"@id\":\"https:\/\/secure.gravatar.com\/avatar\/e0a867bdedb85fd243eadf09663511f96fc81e0720a4a42581f334ad4303aa6b?s=96&d=mm&r=g\",\"url\":\"https:\/\/secure.gravatar.com\/avatar\/e0a867bdedb85fd243eadf09663511f96fc81e0720a4a42581f334ad4303aa6b?s=96&d=mm&r=g\",\"contentUrl\":\"https:\/\/secure.gravatar.com\/avatar\/e0a867bdedb85fd243eadf09663511f96fc81e0720a4a42581f334ad4303aa6b?s=96&d=mm&r=g\",\"caption\":\"Reda\u00e7\u00e3o\"}}]}<\/script>\n<!-- \/ Yoast SEO plugin. -->","yoast_head_json":{"title":"Infla\u00e7\u00e3o cai 0,1% na pr\u00e9via de fevereiro, mas mant\u00e9m susto - Notibras","robots":{"index":"index","follow":"follow","max-snippet":"max-snippet:-1","max-image-preview":"max-image-preview:large","max-video-preview":"max-video-preview:-1"},"canonical":"https:\/\/www.notibras.com\/site\/inflacao-cai-01-na-previa-de-fevereiro-mas-continua-assustando\/","og_locale":"pt_BR","og_type":"article","og_title":"Infla\u00e7\u00e3o cai 0,1% na pr\u00e9via de fevereiro, mas mant\u00e9m susto - Notibras","og_description":"O \u00cdndice de Pre\u00e7os ao Consumidor Semanal (IPC-S) teve alta de 1,63% na primeira pr\u00e9via de fevereiro, 0,10 ponto percentual menor do que o registrado na \u00faltima apura\u00e7\u00e3o (1,73%). O levantamento, feito pelo Instituto Brasileiro de Economia da Funda\u00e7\u00e3o Getulio Vargas (Ibre-FGV), mostra a varia\u00e7\u00e3o de pre\u00e7os encontrada entre os \u00faltimos dias 8 de janeiro [&hellip;]","og_url":"https:\/\/www.notibras.com\/site\/inflacao-cai-01-na-previa-de-fevereiro-mas-continua-assustando\/","og_site_name":"Notibras","article_publisher":"https:\/\/www.facebook.com\/notibras\/","article_published_time":"2015-02-09T17:42:56+00:00","article_modified_time":"2015-02-09T18:46:12+00:00","og_image":[{"width":259,"height":194,"url":"https:\/\/www.notibras.com\/site\/wp-content\/uploads\/2015\/02\/inman.jpeg","type":"image\/jpeg"}],"author":"Reda\u00e7\u00e3o","twitter_card":"summary_large_image","twitter_creator":"@Notibras","twitter_site":"@Notibras","twitter_misc":{"Escrito por":"Reda\u00e7\u00e3o","Est. tempo de leitura":"2 minutos"},"schema":{"@context":"https:\/\/schema.org","@graph":[{"@type":"Article","@id":"https:\/\/www.notibras.com\/site\/inflacao-cai-01-na-previa-de-fevereiro-mas-continua-assustando\/#article","isPartOf":{"@id":"https:\/\/www.notibras.com\/site\/inflacao-cai-01-na-previa-de-fevereiro-mas-continua-assustando\/"},"author":{"name":"Reda\u00e7\u00e3o","@id":"https:\/\/www.notibras.com\/site\/#\/schema\/person\/36ab0979449956132d3e5b517ea76ac8"},"headline":"Infla\u00e7\u00e3o cai 0,1% na pr\u00e9via de fevereiro, mas mant\u00e9m susto","datePublished":"2015-02-09T17:42:56+00:00","dateModified":"2015-02-09T18:46:12+00:00","mainEntityOfPage":{"@id":"https:\/\/www.notibras.com\/site\/inflacao-cai-01-na-previa-de-fevereiro-mas-continua-assustando\/"},"wordCount":386,"commentCount":0,"publisher":{"@id":"https:\/\/www.notibras.com\/site\/#organization"},"image":{"@id":"https:\/\/www.notibras.com\/site\/inflacao-cai-01-na-previa-de-fevereiro-mas-continua-assustando\/#primaryimage"},"thumbnailUrl":"https:\/\/www.notibras.com\/site\/wp-content\/uploads\/2015\/02\/inman.jpeg","articleSection":["Brasil"],"inLanguage":"pt-BR","potentialAction":[{"@type":"CommentAction","name":"Comment","target":["https:\/\/www.notibras.com\/site\/inflacao-cai-01-na-previa-de-fevereiro-mas-continua-assustando\/#respond"]}]},{"@type":"WebPage","@id":"https:\/\/www.notibras.com\/site\/inflacao-cai-01-na-previa-de-fevereiro-mas-continua-assustando\/","url":"https:\/\/www.notibras.com\/site\/inflacao-cai-01-na-previa-de-fevereiro-mas-continua-assustando\/","name":"Infla\u00e7\u00e3o cai 0,1% na pr\u00e9via de fevereiro, mas mant\u00e9m susto - Notibras","isPartOf":{"@id":"https:\/\/www.notibras.com\/site\/#website"},"primaryImageOfPage":{"@id":"https:\/\/www.notibras.com\/site\/inflacao-cai-01-na-previa-de-fevereiro-mas-continua-assustando\/#primaryimage"},"image":{"@id":"https:\/\/www.notibras.com\/site\/inflacao-cai-01-na-previa-de-fevereiro-mas-continua-assustando\/#primaryimage"},"thumbnailUrl":"https:\/\/www.notibras.com\/site\/wp-content\/uploads\/2015\/02\/inman.jpeg","datePublished":"2015-02-09T17:42:56+00:00","dateModified":"2015-02-09T18:46:12+00:00","breadcrumb":{"@id":"https:\/\/www.notibras.com\/site\/inflacao-cai-01-na-previa-de-fevereiro-mas-continua-assustando\/#breadcrumb"},"inLanguage":"pt-BR","potentialAction":[{"@type":"ReadAction","target":["https:\/\/www.notibras.com\/site\/inflacao-cai-01-na-previa-de-fevereiro-mas-continua-assustando\/"]}]},{"@type":"ImageObject","inLanguage":"pt-BR","@id":"https:\/\/www.notibras.com\/site\/inflacao-cai-01-na-previa-de-fevereiro-mas-continua-assustando\/#primaryimage","url":"https:\/\/www.notibras.com\/site\/wp-content\/uploads\/2015\/02\/inman.jpeg","contentUrl":"https:\/\/www.notibras.com\/site\/wp-content\/uploads\/2015\/02\/inman.jpeg","width":259,"height":194},{"@type":"BreadcrumbList","@id":"https:\/\/www.notibras.com\/site\/inflacao-cai-01-na-previa-de-fevereiro-mas-continua-assustando\/#breadcrumb","itemListElement":[{"@type":"ListItem","position":1,"name":"In\u00edcio","item":"https:\/\/www.notibras.com\/site\/"},{"@type":"ListItem","position":2,"name":"Infla\u00e7\u00e3o cai 0,1% na pr\u00e9via de fevereiro, mas mant\u00e9m susto"}]},{"@type":"WebSite","@id":"https:\/\/www.notibras.com\/site\/#website","url":"https:\/\/www.notibras.com\/site\/","name":"Notibras","description":"Not\u00edcias de Bras\u00edlia, do Brasil e do Mundo","publisher":{"@id":"https:\/\/www.notibras.com\/site\/#organization"},"potentialAction":[{"@type":"SearchAction","target":{"@type":"EntryPoint","urlTemplate":"https:\/\/www.notibras.com\/site\/?s={search_term_string}"},"query-input":{"@type":"PropertyValueSpecification","valueRequired":true,"valueName":"search_term_string"}}],"inLanguage":"pt-BR"},{"@type":"Organization","@id":"https:\/\/www.notibras.com\/site\/#organization","name":"Grupo Notibras de Comunica\u00e7\u00e3o","url":"https:\/\/www.notibras.com\/site\/","logo":{"@type":"ImageObject","inLanguage":"pt-BR","@id":"https:\/\/www.notibras.com\/site\/#\/schema\/logo\/image\/","url":"https:\/\/www.notibras.com\/site\/wp-content\/uploads\/2023\/01\/notibras23.png","contentUrl":"https:\/\/www.notibras.com\/site\/wp-content\/uploads\/2023\/01\/notibras23.png","width":350,"height":87,"caption":"Grupo Notibras de Comunica\u00e7\u00e3o"},"image":{"@id":"https:\/\/www.notibras.com\/site\/#\/schema\/logo\/image\/"},"sameAs":["https:\/\/www.facebook.com\/notibras\/","https:\/\/x.com\/Notibras","https:\/\/www.instagram.com\/notibras\/"]},{"@type":"Person","@id":"https:\/\/www.notibras.com\/site\/#\/schema\/person\/36ab0979449956132d3e5b517ea76ac8","name":"Reda\u00e7\u00e3o","image":{"@type":"ImageObject","inLanguage":"pt-BR","@id":"https:\/\/secure.gravatar.com\/avatar\/e0a867bdedb85fd243eadf09663511f96fc81e0720a4a42581f334ad4303aa6b?s=96&d=mm&r=g","url":"https:\/\/secure.gravatar.com\/avatar\/e0a867bdedb85fd243eadf09663511f96fc81e0720a4a42581f334ad4303aa6b?s=96&d=mm&r=g","contentUrl":"https:\/\/secure.gravatar.com\/avatar\/e0a867bdedb85fd243eadf09663511f96fc81e0720a4a42581f334ad4303aa6b?s=96&d=mm&r=g","caption":"Reda\u00e7\u00e3o"}}]}},"amp_enabled":true,"_links":{"self":[{"href":"https:\/\/www.notibras.com\/site\/wp-json\/wp\/v2\/posts\/36485","targetHints":{"allow":["GET"]}}],"collection":[{"href":"https:\/\/www.notibras.com\/site\/wp-json\/wp\/v2\/posts"}],"about":[{"href":"https:\/\/www.notibras.com\/site\/wp-json\/wp\/v2\/types\/post"}],"author":[{"embeddable":true,"href":"https:\/\/www.notibras.com\/site\/wp-json\/wp\/v2\/users\/2"}],"replies":[{"embeddable":true,"href":"https:\/\/www.notibras.com\/site\/wp-json\/wp\/v2\/comments?post=36485"}],"version-history":[{"count":0,"href":"https:\/\/www.notibras.com\/site\/wp-json\/wp\/v2\/posts\/36485\/revisions"}],"wp:featuredmedia":[{"embeddable":true,"href":"https:\/\/www.notibras.com\/site\/wp-json\/wp\/v2\/media\/36486"}],"wp:attachment":[{"href":"https:\/\/www.notibras.com\/site\/wp-json\/wp\/v2\/media?parent=36485"}],"wp:term":[{"taxonomy":"category","embeddable":true,"href":"https:\/\/www.notibras.com\/site\/wp-json\/wp\/v2\/categories?post=36485"},{"taxonomy":"post_tag","embeddable":true,"href":"https:\/\/www.notibras.com\/site\/wp-json\/wp\/v2\/tags?post=36485"}],"curies":[{"name":"wp","href":"https:\/\/api.w.org\/{rel}","templated":true}]}}