{"id":364883,"date":"2025-09-21T06:36:16","date_gmt":"2025-09-21T09:36:16","guid":{"rendered":"https:\/\/www.notibras.com\/site\/?p=364883"},"modified":"2025-09-21T06:36:16","modified_gmt":"2025-09-21T09:36:16","slug":"a-terra-como-simbolo-e-instrumento-esoterico","status":"publish","type":"post","link":"https:\/\/www.notibras.com\/site\/a-terra-como-simbolo-e-instrumento-esoterico\/","title":{"rendered":"A Terra como s\u00edmbolo e instrumento esot\u00e9rico"},"content":{"rendered":"<p>Desde a Antiguidade, as tradi\u00e7\u00f5es espirituais e filos\u00f3ficas reconheceram a exist\u00eancia de quatro elementos fundamentais que estruturam a Natureza e o Cosmos: Terra, \u00c1gua, Ar e Fogo. Os Quatro Elementos configuram a base simb\u00f3lica da filosofia herm\u00e9tica, da alquimia e da Magia. Entre eles, a Terra ocupa posi\u00e7\u00e3o singular estrutural, ao representar o fundamento da Manifesta\u00e7\u00e3o, o alicerce da vida e o corpo que sustenta os demais elementos. Desde as tradi\u00e7\u00f5es ancestrais at\u00e9 a Wicca contempor\u00e2nea, a Terra \u00e9 invocada como for\u00e7a de estabilidade, fertilidade, prote\u00e7\u00e3o e concretiza\u00e7\u00e3o.<\/p>\n<p>Essa classifica\u00e7\u00e3o foi absorvida pela alquimia, pela astrologia e por diversas correntes esot\u00e9ricas e religiosas. Cada elemento corresponde n\u00e3o apenas a uma subst\u00e2ncia f\u00edsica, mas a um princ\u00edpio vital e espiritual que atua no microcosmo humano e no macrocosmo universal.<br \/>\nNo plano esot\u00e9rico, o elemento Terra simboliza a base sobre a qual o esp\u00edrito se manifesta, o corpo f\u00edsico e a concretiza\u00e7\u00e3o das ideias. Em tradi\u00e7\u00f5es alqu\u00edmicas, corresponde ao sal (sal philosophorum), o princ\u00edpio fixo, que d\u00e1 estrutura e perman\u00eancia. Astrologicamente, rege os signos de Touro, Virgem e Capric\u00f3rnio, relacionados ao trabalho, \u00e0 disciplina, \u00e0 fertilidade e ao sentido pr\u00e1tico da exist\u00eancia.<\/p>\n<p>No campo m\u00e1gico e ritual\u00edstico, a Terra \u00e9 evocada atrav\u00e9s de cristais, pedras, sal, areia e sementes. Seu simbolismo remete ao Pent\u00e1culo, um dos instrumentos do altar m\u00e1gico, representando a base s\u00f3lida onde a energia se ancora. O uso em rituais tem a fun\u00e7\u00e3o de ancorar energias, proporcionar prote\u00e7\u00e3o e manifestar inten\u00e7\u00f5es no plano f\u00edsico. Em altares Wicca, o elemento Terra \u00e9 representado geralmente por vasos de barro, plantas, ervas, pentagramas gravados ou punhados de solo e sal. Esotericamente, venerar a Terra \u00e9 reconhecer a sacralidade do corpo, do lar e da pr\u00f3pria natureza como extens\u00e3o do divino.<\/p>\n<p>Segundo a tradi\u00e7\u00e3o esot\u00e9rica, cada elemento possui seres sutis que guardam seus mist\u00e9rios, chamados \u201celementais\u201d. Os Elementais da Terra s\u00e3o os gnomos, pequenos esp\u00edritos ligados \u00e0s pedras, cavernas, florestas e ra\u00edzes. Representam a sabedoria oculta da Natureza, os segredos minerais e a riqueza guardada no subsolo. Em rituais, invocar os gnomos significa pedir aux\u00edlio para prote\u00e7\u00e3o, prosperidade e fortalecimento da vontade.<\/p>\n<p>Os gnomos correspondem aos duendes e kobolds nas tradi\u00e7\u00f5es europeias, e em yakshas na \u00cdndia, todos como esp\u00edritos ligados ao dom\u00ednio terrestre. Essas entidades simbolizam a for\u00e7a vital que impregna cada rocha, cada \u00e1rvore e cada gr\u00e3o de areia. Ou seja, s\u00e3o os esp\u00edritos das coisas \u201cinanimadas\u201d, assim designadas pelos homens, os homo-sapiens, considerados \u201cracionais\u201d, por eles mesmos.<\/p>\n<p>A seguir alguns rituais para evoca\u00e7\u00e3o do Elemento Terra:<\/p>\n<p>No Ritual de Prote\u00e7\u00e3o com Sal e Pedras, desenhe um c\u00edrculo m\u00e1gico no ch\u00e3o e disponha quatro pedras (quartzo, turmalina, jaspe e \u00e1gata) nos pontos cardeais. Ao centro, coloque um prato com sal grosso. Acenda uma vela verde e invoque a M\u00e3e Terra, pedindo prote\u00e7\u00e3o. Este ritual cria um campo de estabilidade contra influ\u00eancias negativas.<\/p>\n<p>No altar, coloque o pent\u00e1culo de madeira ou metal sobre solo fresco ou terra de jardim. Aspire profundamente, visualizando ra\u00edzes saindo de seus p\u00e9s em dire\u00e7\u00e3o ao centro da Terra. Esse ato ancora as energias e refor\u00e7a a liga\u00e7\u00e3o do mago com o mundo material.<\/p>\n<p>No Ritual de Fertilidade e Prosperidade, enterre moedas douradas junto a sementes de plantas (manjeric\u00e3o, trigo, alecrim). Ao regar, entoe palavras de gratid\u00e3o, pedindo abund\u00e2ncia e estabilidade. Este ritual simboliza a germina\u00e7\u00e3o da prosperidade na vida do praticante.<br \/>\nEm uma floresta ou jardim, ofere\u00e7a p\u00e3o, leite ou mel ao p\u00e9 de uma \u00e1rvore, pedindo sabedoria e aux\u00edlio dos gnomos. O respeito e a gratid\u00e3o s\u00e3o chaves para abrir canais com os Elementais da Terra. Para medita\u00e7\u00e3o de enraizamento, sente-se sobre o solo, feche os olhos e visualize ra\u00edzes descendo de seu corpo at\u00e9 o n\u00facleo da Terra. Inspire imaginando a energia verde subindo at\u00e9 o cora\u00e7\u00e3o. Esse exerc\u00edcio fortalece a estabilidade emocional e espiritual.<\/p>\n<p>Assim \u00e9!<\/p>\n<p>&#8230;&#8230;&#8230;&#8230;&#8230;..<\/p>\n<p><strong>Giovanni Seabra<\/strong><br \/>\n<strong>Gr\u00e3o Mestre do Col\u00e9gio dos Magos e Sacerdotisas<\/strong><br \/>\n<strong>@giovanniseabra.esoterico<\/strong><br \/>\n<strong>@colegiodosmagosesacerdotisas<\/strong><br \/>\n\u2026\u2026\u2026\u2026\u2026\u2026\u2026\u2026\u2026..<br \/>\n<strong>A Parte III ser\u00e1 publicada na segunda-feira, 22<\/strong><\/p>\n","protected":false},"excerpt":{"rendered":"<p>Desde a Antiguidade, as tradi\u00e7\u00f5es espirituais e filos\u00f3ficas reconheceram a exist\u00eancia de quatro elementos fundamentais que estruturam a Natureza e o Cosmos: Terra, \u00c1gua, Ar e Fogo. Os Quatro Elementos configuram a base simb\u00f3lica da filosofia herm\u00e9tica, da alquimia e da Magia. Entre eles, a Terra ocupa posi\u00e7\u00e3o singular estrutural, ao representar o fundamento da [&hellip;]<\/p>\n","protected":false},"author":2,"featured_media":364884,"comment_status":"closed","ping_status":"closed","sticky":false,"template":"","format":"standard","meta":{"_acf_changed":false,"footnotes":""},"categories":[237],"tags":[],"class_list":["post-364883","post","type-post","status-publish","format-standard","has-post-thumbnail","hentry","category-oraculos"],"acf":[],"yoast_head":"<!-- This site is optimized with the Yoast SEO plugin v27.2 - https:\/\/yoast.com\/product\/yoast-seo-wordpress\/ -->\n<title>A Terra como s\u00edmbolo e instrumento esot\u00e9rico - Notibras<\/title>\n<meta name=\"robots\" content=\"index, follow, max-snippet:-1, max-image-preview:large, max-video-preview:-1\" \/>\n<link rel=\"canonical\" href=\"https:\/\/www.notibras.com\/site\/a-terra-como-simbolo-e-instrumento-esoterico\/\" \/>\n<meta property=\"og:locale\" content=\"pt_BR\" \/>\n<meta property=\"og:type\" content=\"article\" \/>\n<meta property=\"og:title\" content=\"A Terra como s\u00edmbolo e instrumento esot\u00e9rico - Notibras\" \/>\n<meta property=\"og:description\" content=\"Desde a Antiguidade, as tradi\u00e7\u00f5es espirituais e filos\u00f3ficas reconheceram a exist\u00eancia de quatro elementos fundamentais que estruturam a Natureza e o Cosmos: Terra, \u00c1gua, Ar e Fogo. Os Quatro Elementos configuram a base simb\u00f3lica da filosofia herm\u00e9tica, da alquimia e da Magia. Entre eles, a Terra ocupa posi\u00e7\u00e3o singular estrutural, ao representar o fundamento da [&hellip;]\" \/>\n<meta property=\"og:url\" content=\"https:\/\/www.notibras.com\/site\/a-terra-como-simbolo-e-instrumento-esoterico\/\" \/>\n<meta property=\"og:site_name\" content=\"Notibras\" \/>\n<meta property=\"article:publisher\" content=\"https:\/\/www.facebook.com\/notibras\/\" \/>\n<meta property=\"article:published_time\" content=\"2025-09-21T09:36:16+00:00\" \/>\n<meta property=\"og:image\" content=\"https:\/\/www.notibras.com\/site\/wp-content\/uploads\/2025\/09\/417c89c5-c340-4271-9583-f4505eec4862.jpg\" \/>\n\t<meta property=\"og:image:width\" content=\"1200\" \/>\n\t<meta property=\"og:image:height\" content=\"858\" \/>\n\t<meta property=\"og:image:type\" content=\"image\/jpeg\" \/>\n<meta name=\"author\" content=\"Reda\u00e7\u00e3o\" \/>\n<meta name=\"twitter:card\" content=\"summary_large_image\" \/>\n<meta name=\"twitter:creator\" content=\"@Notibras\" \/>\n<meta name=\"twitter:site\" content=\"@Notibras\" \/>\n<meta name=\"twitter:label1\" content=\"Escrito por\" \/>\n\t<meta name=\"twitter:data1\" content=\"Reda\u00e7\u00e3o\" \/>\n\t<meta name=\"twitter:label2\" content=\"Est. tempo de leitura\" \/>\n\t<meta name=\"twitter:data2\" content=\"4 minutos\" \/>\n<script type=\"application\/ld+json\" class=\"yoast-schema-graph\">{\"@context\":\"https:\/\/schema.org\",\"@graph\":[{\"@type\":\"Article\",\"@id\":\"https:\/\/www.notibras.com\/site\/a-terra-como-simbolo-e-instrumento-esoterico\/#article\",\"isPartOf\":{\"@id\":\"https:\/\/www.notibras.com\/site\/a-terra-como-simbolo-e-instrumento-esoterico\/\"},\"author\":{\"name\":\"Reda\u00e7\u00e3o\",\"@id\":\"https:\/\/www.notibras.com\/site\/#\/schema\/person\/36ab0979449956132d3e5b517ea76ac8\"},\"headline\":\"A Terra como s\u00edmbolo e instrumento esot\u00e9rico\",\"datePublished\":\"2025-09-21T09:36:16+00:00\",\"mainEntityOfPage\":{\"@id\":\"https:\/\/www.notibras.com\/site\/a-terra-como-simbolo-e-instrumento-esoterico\/\"},\"wordCount\":740,\"publisher\":{\"@id\":\"https:\/\/www.notibras.com\/site\/#organization\"},\"image\":{\"@id\":\"https:\/\/www.notibras.com\/site\/a-terra-como-simbolo-e-instrumento-esoterico\/#primaryimage\"},\"thumbnailUrl\":\"https:\/\/www.notibras.com\/site\/wp-content\/uploads\/2025\/09\/417c89c5-c340-4271-9583-f4505eec4862.jpg\",\"articleSection\":[\"Or\u00e1culos\"],\"inLanguage\":\"pt-BR\"},{\"@type\":\"WebPage\",\"@id\":\"https:\/\/www.notibras.com\/site\/a-terra-como-simbolo-e-instrumento-esoterico\/\",\"url\":\"https:\/\/www.notibras.com\/site\/a-terra-como-simbolo-e-instrumento-esoterico\/\",\"name\":\"A Terra como s\u00edmbolo e instrumento esot\u00e9rico - Notibras\",\"isPartOf\":{\"@id\":\"https:\/\/www.notibras.com\/site\/#website\"},\"primaryImageOfPage\":{\"@id\":\"https:\/\/www.notibras.com\/site\/a-terra-como-simbolo-e-instrumento-esoterico\/#primaryimage\"},\"image\":{\"@id\":\"https:\/\/www.notibras.com\/site\/a-terra-como-simbolo-e-instrumento-esoterico\/#primaryimage\"},\"thumbnailUrl\":\"https:\/\/www.notibras.com\/site\/wp-content\/uploads\/2025\/09\/417c89c5-c340-4271-9583-f4505eec4862.jpg\",\"datePublished\":\"2025-09-21T09:36:16+00:00\",\"breadcrumb\":{\"@id\":\"https:\/\/www.notibras.com\/site\/a-terra-como-simbolo-e-instrumento-esoterico\/#breadcrumb\"},\"inLanguage\":\"pt-BR\",\"potentialAction\":[{\"@type\":\"ReadAction\",\"target\":[\"https:\/\/www.notibras.com\/site\/a-terra-como-simbolo-e-instrumento-esoterico\/\"]}]},{\"@type\":\"ImageObject\",\"inLanguage\":\"pt-BR\",\"@id\":\"https:\/\/www.notibras.com\/site\/a-terra-como-simbolo-e-instrumento-esoterico\/#primaryimage\",\"url\":\"https:\/\/www.notibras.com\/site\/wp-content\/uploads\/2025\/09\/417c89c5-c340-4271-9583-f4505eec4862.jpg\",\"contentUrl\":\"https:\/\/www.notibras.com\/site\/wp-content\/uploads\/2025\/09\/417c89c5-c340-4271-9583-f4505eec4862.jpg\",\"width\":1200,\"height\":858},{\"@type\":\"BreadcrumbList\",\"@id\":\"https:\/\/www.notibras.com\/site\/a-terra-como-simbolo-e-instrumento-esoterico\/#breadcrumb\",\"itemListElement\":[{\"@type\":\"ListItem\",\"position\":1,\"name\":\"In\u00edcio\",\"item\":\"https:\/\/www.notibras.com\/site\/\"},{\"@type\":\"ListItem\",\"position\":2,\"name\":\"A Terra como s\u00edmbolo e instrumento esot\u00e9rico\"}]},{\"@type\":\"WebSite\",\"@id\":\"https:\/\/www.notibras.com\/site\/#website\",\"url\":\"https:\/\/www.notibras.com\/site\/\",\"name\":\"Notibras\",\"description\":\"Not\u00edcias de Bras\u00edlia, do Brasil e do Mundo\",\"publisher\":{\"@id\":\"https:\/\/www.notibras.com\/site\/#organization\"},\"potentialAction\":[{\"@type\":\"SearchAction\",\"target\":{\"@type\":\"EntryPoint\",\"urlTemplate\":\"https:\/\/www.notibras.com\/site\/?s={search_term_string}\"},\"query-input\":{\"@type\":\"PropertyValueSpecification\",\"valueRequired\":true,\"valueName\":\"search_term_string\"}}],\"inLanguage\":\"pt-BR\"},{\"@type\":\"Organization\",\"@id\":\"https:\/\/www.notibras.com\/site\/#organization\",\"name\":\"Grupo Notibras de Comunica\u00e7\u00e3o\",\"url\":\"https:\/\/www.notibras.com\/site\/\",\"logo\":{\"@type\":\"ImageObject\",\"inLanguage\":\"pt-BR\",\"@id\":\"https:\/\/www.notibras.com\/site\/#\/schema\/logo\/image\/\",\"url\":\"https:\/\/www.notibras.com\/site\/wp-content\/uploads\/2023\/01\/notibras23.png\",\"contentUrl\":\"https:\/\/www.notibras.com\/site\/wp-content\/uploads\/2023\/01\/notibras23.png\",\"width\":350,\"height\":87,\"caption\":\"Grupo Notibras de Comunica\u00e7\u00e3o\"},\"image\":{\"@id\":\"https:\/\/www.notibras.com\/site\/#\/schema\/logo\/image\/\"},\"sameAs\":[\"https:\/\/www.facebook.com\/notibras\/\",\"https:\/\/x.com\/Notibras\",\"https:\/\/www.instagram.com\/notibras\/\"]},{\"@type\":\"Person\",\"@id\":\"https:\/\/www.notibras.com\/site\/#\/schema\/person\/36ab0979449956132d3e5b517ea76ac8\",\"name\":\"Reda\u00e7\u00e3o\",\"image\":{\"@type\":\"ImageObject\",\"inLanguage\":\"pt-BR\",\"@id\":\"https:\/\/secure.gravatar.com\/avatar\/e0a867bdedb85fd243eadf09663511f96fc81e0720a4a42581f334ad4303aa6b?s=96&d=mm&r=g\",\"url\":\"https:\/\/secure.gravatar.com\/avatar\/e0a867bdedb85fd243eadf09663511f96fc81e0720a4a42581f334ad4303aa6b?s=96&d=mm&r=g\",\"contentUrl\":\"https:\/\/secure.gravatar.com\/avatar\/e0a867bdedb85fd243eadf09663511f96fc81e0720a4a42581f334ad4303aa6b?s=96&d=mm&r=g\",\"caption\":\"Reda\u00e7\u00e3o\"}}]}<\/script>\n<!-- \/ Yoast SEO plugin. -->","yoast_head_json":{"title":"A Terra como s\u00edmbolo e instrumento esot\u00e9rico - Notibras","robots":{"index":"index","follow":"follow","max-snippet":"max-snippet:-1","max-image-preview":"max-image-preview:large","max-video-preview":"max-video-preview:-1"},"canonical":"https:\/\/www.notibras.com\/site\/a-terra-como-simbolo-e-instrumento-esoterico\/","og_locale":"pt_BR","og_type":"article","og_title":"A Terra como s\u00edmbolo e instrumento esot\u00e9rico - Notibras","og_description":"Desde a Antiguidade, as tradi\u00e7\u00f5es espirituais e filos\u00f3ficas reconheceram a exist\u00eancia de quatro elementos fundamentais que estruturam a Natureza e o Cosmos: Terra, \u00c1gua, Ar e Fogo. Os Quatro Elementos configuram a base simb\u00f3lica da filosofia herm\u00e9tica, da alquimia e da Magia. Entre eles, a Terra ocupa posi\u00e7\u00e3o singular estrutural, ao representar o fundamento da [&hellip;]","og_url":"https:\/\/www.notibras.com\/site\/a-terra-como-simbolo-e-instrumento-esoterico\/","og_site_name":"Notibras","article_publisher":"https:\/\/www.facebook.com\/notibras\/","article_published_time":"2025-09-21T09:36:16+00:00","og_image":[{"width":1200,"height":858,"url":"https:\/\/www.notibras.com\/site\/wp-content\/uploads\/2025\/09\/417c89c5-c340-4271-9583-f4505eec4862.jpg","type":"image\/jpeg"}],"author":"Reda\u00e7\u00e3o","twitter_card":"summary_large_image","twitter_creator":"@Notibras","twitter_site":"@Notibras","twitter_misc":{"Escrito por":"Reda\u00e7\u00e3o","Est. tempo de leitura":"4 minutos"},"schema":{"@context":"https:\/\/schema.org","@graph":[{"@type":"Article","@id":"https:\/\/www.notibras.com\/site\/a-terra-como-simbolo-e-instrumento-esoterico\/#article","isPartOf":{"@id":"https:\/\/www.notibras.com\/site\/a-terra-como-simbolo-e-instrumento-esoterico\/"},"author":{"name":"Reda\u00e7\u00e3o","@id":"https:\/\/www.notibras.com\/site\/#\/schema\/person\/36ab0979449956132d3e5b517ea76ac8"},"headline":"A Terra como s\u00edmbolo e instrumento esot\u00e9rico","datePublished":"2025-09-21T09:36:16+00:00","mainEntityOfPage":{"@id":"https:\/\/www.notibras.com\/site\/a-terra-como-simbolo-e-instrumento-esoterico\/"},"wordCount":740,"publisher":{"@id":"https:\/\/www.notibras.com\/site\/#organization"},"image":{"@id":"https:\/\/www.notibras.com\/site\/a-terra-como-simbolo-e-instrumento-esoterico\/#primaryimage"},"thumbnailUrl":"https:\/\/www.notibras.com\/site\/wp-content\/uploads\/2025\/09\/417c89c5-c340-4271-9583-f4505eec4862.jpg","articleSection":["Or\u00e1culos"],"inLanguage":"pt-BR"},{"@type":"WebPage","@id":"https:\/\/www.notibras.com\/site\/a-terra-como-simbolo-e-instrumento-esoterico\/","url":"https:\/\/www.notibras.com\/site\/a-terra-como-simbolo-e-instrumento-esoterico\/","name":"A Terra como s\u00edmbolo e instrumento esot\u00e9rico - Notibras","isPartOf":{"@id":"https:\/\/www.notibras.com\/site\/#website"},"primaryImageOfPage":{"@id":"https:\/\/www.notibras.com\/site\/a-terra-como-simbolo-e-instrumento-esoterico\/#primaryimage"},"image":{"@id":"https:\/\/www.notibras.com\/site\/a-terra-como-simbolo-e-instrumento-esoterico\/#primaryimage"},"thumbnailUrl":"https:\/\/www.notibras.com\/site\/wp-content\/uploads\/2025\/09\/417c89c5-c340-4271-9583-f4505eec4862.jpg","datePublished":"2025-09-21T09:36:16+00:00","breadcrumb":{"@id":"https:\/\/www.notibras.com\/site\/a-terra-como-simbolo-e-instrumento-esoterico\/#breadcrumb"},"inLanguage":"pt-BR","potentialAction":[{"@type":"ReadAction","target":["https:\/\/www.notibras.com\/site\/a-terra-como-simbolo-e-instrumento-esoterico\/"]}]},{"@type":"ImageObject","inLanguage":"pt-BR","@id":"https:\/\/www.notibras.com\/site\/a-terra-como-simbolo-e-instrumento-esoterico\/#primaryimage","url":"https:\/\/www.notibras.com\/site\/wp-content\/uploads\/2025\/09\/417c89c5-c340-4271-9583-f4505eec4862.jpg","contentUrl":"https:\/\/www.notibras.com\/site\/wp-content\/uploads\/2025\/09\/417c89c5-c340-4271-9583-f4505eec4862.jpg","width":1200,"height":858},{"@type":"BreadcrumbList","@id":"https:\/\/www.notibras.com\/site\/a-terra-como-simbolo-e-instrumento-esoterico\/#breadcrumb","itemListElement":[{"@type":"ListItem","position":1,"name":"In\u00edcio","item":"https:\/\/www.notibras.com\/site\/"},{"@type":"ListItem","position":2,"name":"A Terra como s\u00edmbolo e instrumento esot\u00e9rico"}]},{"@type":"WebSite","@id":"https:\/\/www.notibras.com\/site\/#website","url":"https:\/\/www.notibras.com\/site\/","name":"Notibras","description":"Not\u00edcias de Bras\u00edlia, do Brasil e do Mundo","publisher":{"@id":"https:\/\/www.notibras.com\/site\/#organization"},"potentialAction":[{"@type":"SearchAction","target":{"@type":"EntryPoint","urlTemplate":"https:\/\/www.notibras.com\/site\/?s={search_term_string}"},"query-input":{"@type":"PropertyValueSpecification","valueRequired":true,"valueName":"search_term_string"}}],"inLanguage":"pt-BR"},{"@type":"Organization","@id":"https:\/\/www.notibras.com\/site\/#organization","name":"Grupo Notibras de Comunica\u00e7\u00e3o","url":"https:\/\/www.notibras.com\/site\/","logo":{"@type":"ImageObject","inLanguage":"pt-BR","@id":"https:\/\/www.notibras.com\/site\/#\/schema\/logo\/image\/","url":"https:\/\/www.notibras.com\/site\/wp-content\/uploads\/2023\/01\/notibras23.png","contentUrl":"https:\/\/www.notibras.com\/site\/wp-content\/uploads\/2023\/01\/notibras23.png","width":350,"height":87,"caption":"Grupo Notibras de Comunica\u00e7\u00e3o"},"image":{"@id":"https:\/\/www.notibras.com\/site\/#\/schema\/logo\/image\/"},"sameAs":["https:\/\/www.facebook.com\/notibras\/","https:\/\/x.com\/Notibras","https:\/\/www.instagram.com\/notibras\/"]},{"@type":"Person","@id":"https:\/\/www.notibras.com\/site\/#\/schema\/person\/36ab0979449956132d3e5b517ea76ac8","name":"Reda\u00e7\u00e3o","image":{"@type":"ImageObject","inLanguage":"pt-BR","@id":"https:\/\/secure.gravatar.com\/avatar\/e0a867bdedb85fd243eadf09663511f96fc81e0720a4a42581f334ad4303aa6b?s=96&d=mm&r=g","url":"https:\/\/secure.gravatar.com\/avatar\/e0a867bdedb85fd243eadf09663511f96fc81e0720a4a42581f334ad4303aa6b?s=96&d=mm&r=g","contentUrl":"https:\/\/secure.gravatar.com\/avatar\/e0a867bdedb85fd243eadf09663511f96fc81e0720a4a42581f334ad4303aa6b?s=96&d=mm&r=g","caption":"Reda\u00e7\u00e3o"}}]}},"amp_enabled":true,"_links":{"self":[{"href":"https:\/\/www.notibras.com\/site\/wp-json\/wp\/v2\/posts\/364883","targetHints":{"allow":["GET"]}}],"collection":[{"href":"https:\/\/www.notibras.com\/site\/wp-json\/wp\/v2\/posts"}],"about":[{"href":"https:\/\/www.notibras.com\/site\/wp-json\/wp\/v2\/types\/post"}],"author":[{"embeddable":true,"href":"https:\/\/www.notibras.com\/site\/wp-json\/wp\/v2\/users\/2"}],"replies":[{"embeddable":true,"href":"https:\/\/www.notibras.com\/site\/wp-json\/wp\/v2\/comments?post=364883"}],"version-history":[{"count":1,"href":"https:\/\/www.notibras.com\/site\/wp-json\/wp\/v2\/posts\/364883\/revisions"}],"predecessor-version":[{"id":364885,"href":"https:\/\/www.notibras.com\/site\/wp-json\/wp\/v2\/posts\/364883\/revisions\/364885"}],"wp:featuredmedia":[{"embeddable":true,"href":"https:\/\/www.notibras.com\/site\/wp-json\/wp\/v2\/media\/364884"}],"wp:attachment":[{"href":"https:\/\/www.notibras.com\/site\/wp-json\/wp\/v2\/media?parent=364883"}],"wp:term":[{"taxonomy":"category","embeddable":true,"href":"https:\/\/www.notibras.com\/site\/wp-json\/wp\/v2\/categories?post=364883"},{"taxonomy":"post_tag","embeddable":true,"href":"https:\/\/www.notibras.com\/site\/wp-json\/wp\/v2\/tags?post=364883"}],"curies":[{"name":"wp","href":"https:\/\/api.w.org\/{rel}","templated":true}]}}