{"id":36490,"date":"2015-02-09T14:49:59","date_gmt":"2015-02-09T17:49:59","guid":{"rendered":"http:\/\/www.notibras.com\/site\/?p=36490"},"modified":"2015-02-09T15:43:26","modified_gmt":"2015-02-09T18:43:26","slug":"preso-na-lava-jato-tinha-32-mi-na-empresa-por-nao-confiar-muito-em-bancos","status":"publish","type":"post","link":"https:\/\/www.notibras.com\/site\/preso-na-lava-jato-tinha-32-mi-na-empresa-por-nao-confiar-muito-em-bancos\/","title":{"rendered":"Preso na Lava Jato tinha 3,2 mi na empresa por n\u00e3o confiar em bancos"},"content":{"rendered":"<p>A Pol\u00edcia Federal em Curitiba tomou nesta segunda-feira (9) depoimento de tr\u00eas s\u00f3cios da Arxo Industrial presos na nona fase da Opera\u00e7\u00e3o Lava Jato, deflagrada na quinta-feira (5).<\/p>\n<p>De acordo com a defesa, um deles, Jo\u00e3o Gualberto Pereira, disse aos delegados que n\u00e3o gosta de guardar dinheiro em banco e, por isso, tinha reservas no seu escrit\u00f3rio. Durante o cumprimento das buscas e apreens\u00f5es, a PF encontrou R$ 3,2 milh\u00f5es na sede da empresa, em Santa Catarina. Os agentes tamb\u00e9m apreenderam 500 rel\u00f3gios de luxo.<\/p>\n<p>&#8220;Ele [Jo\u00e3o Gualberto] disse que era uma rotina que sempre teve. N\u00e3o gostava de guardar dinheiro em banco e sempre fazia a reserva dele na pr\u00f3pria sala e, \u00e0s vezes, em casa. Os rel\u00f3gios se tratavam de uma cole\u00e7\u00e3o que havia sendo feita h\u00e1 dez anos. Todos os comprovantes de compra destes rel\u00f3gios v\u00e3o ser juntados ao processo&#8221;, disse o advogado Charles Zimmermann.<\/p>\n<p>De acordo com os investigadores, Gilson Jo\u00e3o Pereira e Jo\u00e3o Gualberto Pereira, s\u00f3cios da Arxo, e Sergio Ambrosio Mar\u00e7aneiro, diretor financeiro, pagavam propina para obter contratos com a BR Distribuidora.<\/p>\n<p>Todos est\u00e3o presos na Superintend\u00eancia da Pol\u00edcia Federal em Curitiba. Os pagamentos ocorreriam em contratos com a BR Aviation, empresa da Petrobras especializada no abastecimento de aeronaves. A Arxo vende tanques de combust\u00edveis e caminh\u00f5es-tanque.<\/p>\n<p>Segundo a defesa, em depoimento prestado aos delegados, os s\u00f3cios afirmaram que a empresa nunca pagou propina ou sonegou impostos.<\/p>\n<p>Os acusados tamb\u00e9m negaram envolvimento com o empres\u00e1rio M\u00e1rio Goes, apontado com intermediador de propina entre a Arxo e a Petrobras. &#8220;Nos n\u00e3o sab\u00edamos da exist\u00eancia de Goes. Isso parte da den\u00fancia da ex-funcion\u00e1ria. Nunca conhecemos essa pessoa e n\u00e3o sabemos de quem se trata&#8221;, disse o advogado.<\/p>\n<p>As den\u00fancias contra a Arxo partiram de uma ex-funcion\u00e1ria. No dia 16 de janeiro, C\u00edntia Provesi Francisco procurou o Minist\u00e9rio P\u00fablico Federal (MPF) voluntariamente para denunciar os executivos. Aos investigadores, ela relatou que a empresa pagava propina de 5% a 10% nos contratos com a BR Aviation.<\/p>\n<p>M\u00e1rio Frederico Mendon\u00e7a Goes estava foragido desde quinta-feira (5), quando teve pris\u00e3o decretada, mas se entregou ontem (9) \u00e0 PF em Curitiba.<\/p>\n","protected":false},"excerpt":{"rendered":"<p>A Pol\u00edcia Federal em Curitiba tomou nesta segunda-feira (9) depoimento de tr\u00eas s\u00f3cios da Arxo Industrial presos na nona fase da Opera\u00e7\u00e3o Lava Jato, deflagrada na quinta-feira (5). De acordo com a defesa, um deles, Jo\u00e3o Gualberto Pereira, disse aos delegados que n\u00e3o gosta de guardar dinheiro em banco e, por isso, tinha reservas no [&hellip;]<\/p>\n","protected":false},"author":2,"featured_media":36494,"comment_status":"open","ping_status":"closed","sticky":false,"template":"","format":"standard","meta":{"_acf_changed":false,"footnotes":""},"categories":[16],"tags":[],"class_list":["post-36490","post","type-post","status-publish","format-standard","has-post-thumbnail","hentry","category-brasil"],"acf":[],"yoast_head":"<!-- This site is optimized with the Yoast SEO plugin v27.2 - https:\/\/yoast.com\/product\/yoast-seo-wordpress\/ -->\n<title>Preso na Lava Jato tinha 3,2 mi na empresa por n\u00e3o confiar em bancos - Notibras<\/title>\n<meta name=\"robots\" content=\"index, follow, max-snippet:-1, max-image-preview:large, max-video-preview:-1\" \/>\n<link rel=\"canonical\" href=\"https:\/\/www.notibras.com\/site\/preso-na-lava-jato-tinha-32-mi-na-empresa-por-nao-confiar-muito-em-bancos\/\" \/>\n<meta property=\"og:locale\" content=\"pt_BR\" \/>\n<meta property=\"og:type\" content=\"article\" \/>\n<meta property=\"og:title\" content=\"Preso na Lava Jato tinha 3,2 mi na empresa por n\u00e3o confiar em bancos - Notibras\" \/>\n<meta property=\"og:description\" content=\"A Pol\u00edcia Federal em Curitiba tomou nesta segunda-feira (9) depoimento de tr\u00eas s\u00f3cios da Arxo Industrial presos na nona fase da Opera\u00e7\u00e3o Lava Jato, deflagrada na quinta-feira (5). De acordo com a defesa, um deles, Jo\u00e3o Gualberto Pereira, disse aos delegados que n\u00e3o gosta de guardar dinheiro em banco e, por isso, tinha reservas no [&hellip;]\" \/>\n<meta property=\"og:url\" content=\"https:\/\/www.notibras.com\/site\/preso-na-lava-jato-tinha-32-mi-na-empresa-por-nao-confiar-muito-em-bancos\/\" \/>\n<meta property=\"og:site_name\" content=\"Notibras\" \/>\n<meta property=\"article:publisher\" content=\"https:\/\/www.facebook.com\/notibras\/\" \/>\n<meta property=\"article:published_time\" content=\"2015-02-09T17:49:59+00:00\" \/>\n<meta property=\"article:modified_time\" content=\"2015-02-09T18:43:26+00:00\" \/>\n<meta property=\"og:image\" content=\"https:\/\/www.notibras.com\/site\/wp-content\/uploads\/2015\/02\/dinheiro5.jpg\" \/>\n\t<meta property=\"og:image:width\" content=\"400\" \/>\n\t<meta property=\"og:image:height\" content=\"300\" \/>\n\t<meta property=\"og:image:type\" content=\"image\/jpeg\" \/>\n<meta name=\"author\" content=\"Reda\u00e7\u00e3o\" \/>\n<meta name=\"twitter:card\" content=\"summary_large_image\" \/>\n<meta name=\"twitter:creator\" content=\"@Notibras\" \/>\n<meta name=\"twitter:site\" content=\"@Notibras\" \/>\n<meta name=\"twitter:label1\" content=\"Escrito por\" \/>\n\t<meta name=\"twitter:data1\" content=\"Reda\u00e7\u00e3o\" \/>\n\t<meta name=\"twitter:label2\" content=\"Est. tempo de leitura\" \/>\n\t<meta name=\"twitter:data2\" content=\"2 minutos\" \/>\n<script type=\"application\/ld+json\" class=\"yoast-schema-graph\">{\"@context\":\"https:\/\/schema.org\",\"@graph\":[{\"@type\":\"Article\",\"@id\":\"https:\/\/www.notibras.com\/site\/preso-na-lava-jato-tinha-32-mi-na-empresa-por-nao-confiar-muito-em-bancos\/#article\",\"isPartOf\":{\"@id\":\"https:\/\/www.notibras.com\/site\/preso-na-lava-jato-tinha-32-mi-na-empresa-por-nao-confiar-muito-em-bancos\/\"},\"author\":{\"name\":\"Reda\u00e7\u00e3o\",\"@id\":\"https:\/\/www.notibras.com\/site\/#\/schema\/person\/36ab0979449956132d3e5b517ea76ac8\"},\"headline\":\"Preso na Lava Jato tinha 3,2 mi na empresa por n\u00e3o confiar em bancos\",\"datePublished\":\"2015-02-09T17:49:59+00:00\",\"dateModified\":\"2015-02-09T18:43:26+00:00\",\"mainEntityOfPage\":{\"@id\":\"https:\/\/www.notibras.com\/site\/preso-na-lava-jato-tinha-32-mi-na-empresa-por-nao-confiar-muito-em-bancos\/\"},\"wordCount\":399,\"commentCount\":0,\"publisher\":{\"@id\":\"https:\/\/www.notibras.com\/site\/#organization\"},\"image\":{\"@id\":\"https:\/\/www.notibras.com\/site\/preso-na-lava-jato-tinha-32-mi-na-empresa-por-nao-confiar-muito-em-bancos\/#primaryimage\"},\"thumbnailUrl\":\"https:\/\/www.notibras.com\/site\/wp-content\/uploads\/2015\/02\/dinheiro5.jpg\",\"articleSection\":[\"Brasil\"],\"inLanguage\":\"pt-BR\",\"potentialAction\":[{\"@type\":\"CommentAction\",\"name\":\"Comment\",\"target\":[\"https:\/\/www.notibras.com\/site\/preso-na-lava-jato-tinha-32-mi-na-empresa-por-nao-confiar-muito-em-bancos\/#respond\"]}]},{\"@type\":\"WebPage\",\"@id\":\"https:\/\/www.notibras.com\/site\/preso-na-lava-jato-tinha-32-mi-na-empresa-por-nao-confiar-muito-em-bancos\/\",\"url\":\"https:\/\/www.notibras.com\/site\/preso-na-lava-jato-tinha-32-mi-na-empresa-por-nao-confiar-muito-em-bancos\/\",\"name\":\"Preso na Lava Jato tinha 3,2 mi na empresa por n\u00e3o confiar em bancos - Notibras\",\"isPartOf\":{\"@id\":\"https:\/\/www.notibras.com\/site\/#website\"},\"primaryImageOfPage\":{\"@id\":\"https:\/\/www.notibras.com\/site\/preso-na-lava-jato-tinha-32-mi-na-empresa-por-nao-confiar-muito-em-bancos\/#primaryimage\"},\"image\":{\"@id\":\"https:\/\/www.notibras.com\/site\/preso-na-lava-jato-tinha-32-mi-na-empresa-por-nao-confiar-muito-em-bancos\/#primaryimage\"},\"thumbnailUrl\":\"https:\/\/www.notibras.com\/site\/wp-content\/uploads\/2015\/02\/dinheiro5.jpg\",\"datePublished\":\"2015-02-09T17:49:59+00:00\",\"dateModified\":\"2015-02-09T18:43:26+00:00\",\"breadcrumb\":{\"@id\":\"https:\/\/www.notibras.com\/site\/preso-na-lava-jato-tinha-32-mi-na-empresa-por-nao-confiar-muito-em-bancos\/#breadcrumb\"},\"inLanguage\":\"pt-BR\",\"potentialAction\":[{\"@type\":\"ReadAction\",\"target\":[\"https:\/\/www.notibras.com\/site\/preso-na-lava-jato-tinha-32-mi-na-empresa-por-nao-confiar-muito-em-bancos\/\"]}]},{\"@type\":\"ImageObject\",\"inLanguage\":\"pt-BR\",\"@id\":\"https:\/\/www.notibras.com\/site\/preso-na-lava-jato-tinha-32-mi-na-empresa-por-nao-confiar-muito-em-bancos\/#primaryimage\",\"url\":\"https:\/\/www.notibras.com\/site\/wp-content\/uploads\/2015\/02\/dinheiro5.jpg\",\"contentUrl\":\"https:\/\/www.notibras.com\/site\/wp-content\/uploads\/2015\/02\/dinheiro5.jpg\",\"width\":400,\"height\":300},{\"@type\":\"BreadcrumbList\",\"@id\":\"https:\/\/www.notibras.com\/site\/preso-na-lava-jato-tinha-32-mi-na-empresa-por-nao-confiar-muito-em-bancos\/#breadcrumb\",\"itemListElement\":[{\"@type\":\"ListItem\",\"position\":1,\"name\":\"In\u00edcio\",\"item\":\"https:\/\/www.notibras.com\/site\/\"},{\"@type\":\"ListItem\",\"position\":2,\"name\":\"Preso na Lava Jato tinha 3,2 mi na empresa por n\u00e3o confiar em bancos\"}]},{\"@type\":\"WebSite\",\"@id\":\"https:\/\/www.notibras.com\/site\/#website\",\"url\":\"https:\/\/www.notibras.com\/site\/\",\"name\":\"Notibras\",\"description\":\"Not\u00edcias de Bras\u00edlia, do Brasil e do Mundo\",\"publisher\":{\"@id\":\"https:\/\/www.notibras.com\/site\/#organization\"},\"potentialAction\":[{\"@type\":\"SearchAction\",\"target\":{\"@type\":\"EntryPoint\",\"urlTemplate\":\"https:\/\/www.notibras.com\/site\/?s={search_term_string}\"},\"query-input\":{\"@type\":\"PropertyValueSpecification\",\"valueRequired\":true,\"valueName\":\"search_term_string\"}}],\"inLanguage\":\"pt-BR\"},{\"@type\":\"Organization\",\"@id\":\"https:\/\/www.notibras.com\/site\/#organization\",\"name\":\"Grupo Notibras de Comunica\u00e7\u00e3o\",\"url\":\"https:\/\/www.notibras.com\/site\/\",\"logo\":{\"@type\":\"ImageObject\",\"inLanguage\":\"pt-BR\",\"@id\":\"https:\/\/www.notibras.com\/site\/#\/schema\/logo\/image\/\",\"url\":\"https:\/\/www.notibras.com\/site\/wp-content\/uploads\/2023\/01\/notibras23.png\",\"contentUrl\":\"https:\/\/www.notibras.com\/site\/wp-content\/uploads\/2023\/01\/notibras23.png\",\"width\":350,\"height\":87,\"caption\":\"Grupo Notibras de Comunica\u00e7\u00e3o\"},\"image\":{\"@id\":\"https:\/\/www.notibras.com\/site\/#\/schema\/logo\/image\/\"},\"sameAs\":[\"https:\/\/www.facebook.com\/notibras\/\",\"https:\/\/x.com\/Notibras\",\"https:\/\/www.instagram.com\/notibras\/\"]},{\"@type\":\"Person\",\"@id\":\"https:\/\/www.notibras.com\/site\/#\/schema\/person\/36ab0979449956132d3e5b517ea76ac8\",\"name\":\"Reda\u00e7\u00e3o\",\"image\":{\"@type\":\"ImageObject\",\"inLanguage\":\"pt-BR\",\"@id\":\"https:\/\/secure.gravatar.com\/avatar\/e0a867bdedb85fd243eadf09663511f96fc81e0720a4a42581f334ad4303aa6b?s=96&d=mm&r=g\",\"url\":\"https:\/\/secure.gravatar.com\/avatar\/e0a867bdedb85fd243eadf09663511f96fc81e0720a4a42581f334ad4303aa6b?s=96&d=mm&r=g\",\"contentUrl\":\"https:\/\/secure.gravatar.com\/avatar\/e0a867bdedb85fd243eadf09663511f96fc81e0720a4a42581f334ad4303aa6b?s=96&d=mm&r=g\",\"caption\":\"Reda\u00e7\u00e3o\"}}]}<\/script>\n<!-- \/ Yoast SEO plugin. -->","yoast_head_json":{"title":"Preso na Lava Jato tinha 3,2 mi na empresa por n\u00e3o confiar em bancos - Notibras","robots":{"index":"index","follow":"follow","max-snippet":"max-snippet:-1","max-image-preview":"max-image-preview:large","max-video-preview":"max-video-preview:-1"},"canonical":"https:\/\/www.notibras.com\/site\/preso-na-lava-jato-tinha-32-mi-na-empresa-por-nao-confiar-muito-em-bancos\/","og_locale":"pt_BR","og_type":"article","og_title":"Preso na Lava Jato tinha 3,2 mi na empresa por n\u00e3o confiar em bancos - Notibras","og_description":"A Pol\u00edcia Federal em Curitiba tomou nesta segunda-feira (9) depoimento de tr\u00eas s\u00f3cios da Arxo Industrial presos na nona fase da Opera\u00e7\u00e3o Lava Jato, deflagrada na quinta-feira (5). De acordo com a defesa, um deles, Jo\u00e3o Gualberto Pereira, disse aos delegados que n\u00e3o gosta de guardar dinheiro em banco e, por isso, tinha reservas no [&hellip;]","og_url":"https:\/\/www.notibras.com\/site\/preso-na-lava-jato-tinha-32-mi-na-empresa-por-nao-confiar-muito-em-bancos\/","og_site_name":"Notibras","article_publisher":"https:\/\/www.facebook.com\/notibras\/","article_published_time":"2015-02-09T17:49:59+00:00","article_modified_time":"2015-02-09T18:43:26+00:00","og_image":[{"width":400,"height":300,"url":"https:\/\/www.notibras.com\/site\/wp-content\/uploads\/2015\/02\/dinheiro5.jpg","type":"image\/jpeg"}],"author":"Reda\u00e7\u00e3o","twitter_card":"summary_large_image","twitter_creator":"@Notibras","twitter_site":"@Notibras","twitter_misc":{"Escrito por":"Reda\u00e7\u00e3o","Est. tempo de leitura":"2 minutos"},"schema":{"@context":"https:\/\/schema.org","@graph":[{"@type":"Article","@id":"https:\/\/www.notibras.com\/site\/preso-na-lava-jato-tinha-32-mi-na-empresa-por-nao-confiar-muito-em-bancos\/#article","isPartOf":{"@id":"https:\/\/www.notibras.com\/site\/preso-na-lava-jato-tinha-32-mi-na-empresa-por-nao-confiar-muito-em-bancos\/"},"author":{"name":"Reda\u00e7\u00e3o","@id":"https:\/\/www.notibras.com\/site\/#\/schema\/person\/36ab0979449956132d3e5b517ea76ac8"},"headline":"Preso na Lava Jato tinha 3,2 mi na empresa por n\u00e3o confiar em bancos","datePublished":"2015-02-09T17:49:59+00:00","dateModified":"2015-02-09T18:43:26+00:00","mainEntityOfPage":{"@id":"https:\/\/www.notibras.com\/site\/preso-na-lava-jato-tinha-32-mi-na-empresa-por-nao-confiar-muito-em-bancos\/"},"wordCount":399,"commentCount":0,"publisher":{"@id":"https:\/\/www.notibras.com\/site\/#organization"},"image":{"@id":"https:\/\/www.notibras.com\/site\/preso-na-lava-jato-tinha-32-mi-na-empresa-por-nao-confiar-muito-em-bancos\/#primaryimage"},"thumbnailUrl":"https:\/\/www.notibras.com\/site\/wp-content\/uploads\/2015\/02\/dinheiro5.jpg","articleSection":["Brasil"],"inLanguage":"pt-BR","potentialAction":[{"@type":"CommentAction","name":"Comment","target":["https:\/\/www.notibras.com\/site\/preso-na-lava-jato-tinha-32-mi-na-empresa-por-nao-confiar-muito-em-bancos\/#respond"]}]},{"@type":"WebPage","@id":"https:\/\/www.notibras.com\/site\/preso-na-lava-jato-tinha-32-mi-na-empresa-por-nao-confiar-muito-em-bancos\/","url":"https:\/\/www.notibras.com\/site\/preso-na-lava-jato-tinha-32-mi-na-empresa-por-nao-confiar-muito-em-bancos\/","name":"Preso na Lava Jato tinha 3,2 mi na empresa por n\u00e3o confiar em bancos - Notibras","isPartOf":{"@id":"https:\/\/www.notibras.com\/site\/#website"},"primaryImageOfPage":{"@id":"https:\/\/www.notibras.com\/site\/preso-na-lava-jato-tinha-32-mi-na-empresa-por-nao-confiar-muito-em-bancos\/#primaryimage"},"image":{"@id":"https:\/\/www.notibras.com\/site\/preso-na-lava-jato-tinha-32-mi-na-empresa-por-nao-confiar-muito-em-bancos\/#primaryimage"},"thumbnailUrl":"https:\/\/www.notibras.com\/site\/wp-content\/uploads\/2015\/02\/dinheiro5.jpg","datePublished":"2015-02-09T17:49:59+00:00","dateModified":"2015-02-09T18:43:26+00:00","breadcrumb":{"@id":"https:\/\/www.notibras.com\/site\/preso-na-lava-jato-tinha-32-mi-na-empresa-por-nao-confiar-muito-em-bancos\/#breadcrumb"},"inLanguage":"pt-BR","potentialAction":[{"@type":"ReadAction","target":["https:\/\/www.notibras.com\/site\/preso-na-lava-jato-tinha-32-mi-na-empresa-por-nao-confiar-muito-em-bancos\/"]}]},{"@type":"ImageObject","inLanguage":"pt-BR","@id":"https:\/\/www.notibras.com\/site\/preso-na-lava-jato-tinha-32-mi-na-empresa-por-nao-confiar-muito-em-bancos\/#primaryimage","url":"https:\/\/www.notibras.com\/site\/wp-content\/uploads\/2015\/02\/dinheiro5.jpg","contentUrl":"https:\/\/www.notibras.com\/site\/wp-content\/uploads\/2015\/02\/dinheiro5.jpg","width":400,"height":300},{"@type":"BreadcrumbList","@id":"https:\/\/www.notibras.com\/site\/preso-na-lava-jato-tinha-32-mi-na-empresa-por-nao-confiar-muito-em-bancos\/#breadcrumb","itemListElement":[{"@type":"ListItem","position":1,"name":"In\u00edcio","item":"https:\/\/www.notibras.com\/site\/"},{"@type":"ListItem","position":2,"name":"Preso na Lava Jato tinha 3,2 mi na empresa por n\u00e3o confiar em bancos"}]},{"@type":"WebSite","@id":"https:\/\/www.notibras.com\/site\/#website","url":"https:\/\/www.notibras.com\/site\/","name":"Notibras","description":"Not\u00edcias de Bras\u00edlia, do Brasil e do Mundo","publisher":{"@id":"https:\/\/www.notibras.com\/site\/#organization"},"potentialAction":[{"@type":"SearchAction","target":{"@type":"EntryPoint","urlTemplate":"https:\/\/www.notibras.com\/site\/?s={search_term_string}"},"query-input":{"@type":"PropertyValueSpecification","valueRequired":true,"valueName":"search_term_string"}}],"inLanguage":"pt-BR"},{"@type":"Organization","@id":"https:\/\/www.notibras.com\/site\/#organization","name":"Grupo Notibras de Comunica\u00e7\u00e3o","url":"https:\/\/www.notibras.com\/site\/","logo":{"@type":"ImageObject","inLanguage":"pt-BR","@id":"https:\/\/www.notibras.com\/site\/#\/schema\/logo\/image\/","url":"https:\/\/www.notibras.com\/site\/wp-content\/uploads\/2023\/01\/notibras23.png","contentUrl":"https:\/\/www.notibras.com\/site\/wp-content\/uploads\/2023\/01\/notibras23.png","width":350,"height":87,"caption":"Grupo Notibras de Comunica\u00e7\u00e3o"},"image":{"@id":"https:\/\/www.notibras.com\/site\/#\/schema\/logo\/image\/"},"sameAs":["https:\/\/www.facebook.com\/notibras\/","https:\/\/x.com\/Notibras","https:\/\/www.instagram.com\/notibras\/"]},{"@type":"Person","@id":"https:\/\/www.notibras.com\/site\/#\/schema\/person\/36ab0979449956132d3e5b517ea76ac8","name":"Reda\u00e7\u00e3o","image":{"@type":"ImageObject","inLanguage":"pt-BR","@id":"https:\/\/secure.gravatar.com\/avatar\/e0a867bdedb85fd243eadf09663511f96fc81e0720a4a42581f334ad4303aa6b?s=96&d=mm&r=g","url":"https:\/\/secure.gravatar.com\/avatar\/e0a867bdedb85fd243eadf09663511f96fc81e0720a4a42581f334ad4303aa6b?s=96&d=mm&r=g","contentUrl":"https:\/\/secure.gravatar.com\/avatar\/e0a867bdedb85fd243eadf09663511f96fc81e0720a4a42581f334ad4303aa6b?s=96&d=mm&r=g","caption":"Reda\u00e7\u00e3o"}}]}},"amp_enabled":true,"_links":{"self":[{"href":"https:\/\/www.notibras.com\/site\/wp-json\/wp\/v2\/posts\/36490","targetHints":{"allow":["GET"]}}],"collection":[{"href":"https:\/\/www.notibras.com\/site\/wp-json\/wp\/v2\/posts"}],"about":[{"href":"https:\/\/www.notibras.com\/site\/wp-json\/wp\/v2\/types\/post"}],"author":[{"embeddable":true,"href":"https:\/\/www.notibras.com\/site\/wp-json\/wp\/v2\/users\/2"}],"replies":[{"embeddable":true,"href":"https:\/\/www.notibras.com\/site\/wp-json\/wp\/v2\/comments?post=36490"}],"version-history":[{"count":0,"href":"https:\/\/www.notibras.com\/site\/wp-json\/wp\/v2\/posts\/36490\/revisions"}],"wp:featuredmedia":[{"embeddable":true,"href":"https:\/\/www.notibras.com\/site\/wp-json\/wp\/v2\/media\/36494"}],"wp:attachment":[{"href":"https:\/\/www.notibras.com\/site\/wp-json\/wp\/v2\/media?parent=36490"}],"wp:term":[{"taxonomy":"category","embeddable":true,"href":"https:\/\/www.notibras.com\/site\/wp-json\/wp\/v2\/categories?post=36490"},{"taxonomy":"post_tag","embeddable":true,"href":"https:\/\/www.notibras.com\/site\/wp-json\/wp\/v2\/tags?post=36490"}],"curies":[{"name":"wp","href":"https:\/\/api.w.org\/{rel}","templated":true}]}}