{"id":364984,"date":"2025-09-22T06:38:06","date_gmt":"2025-09-22T09:38:06","guid":{"rendered":"https:\/\/www.notibras.com\/site\/?p=364984"},"modified":"2025-09-22T07:53:50","modified_gmt":"2025-09-22T10:53:50","slug":"o-misterio-da-agua-visto-sob-a-otica-do-esoterismo","status":"publish","type":"post","link":"https:\/\/www.notibras.com\/site\/o-misterio-da-agua-visto-sob-a-otica-do-esoterismo\/","title":{"rendered":"O Mist\u00e9rio da \u00c1gua visto sob a \u00f3tica do esoterismo"},"content":{"rendered":"<p>A concep\u00e7\u00e3o dos quatro elementos da Natureza \u2014 Terra, \u00c1gua, Ar e Fogo \u2014 remonta \u00e0 alquimia e \u00e0s tradi\u00e7\u00f5es m\u00edsticas ancestrais. Cada elemento reflete um aspecto essencial da vida e do Cosmos. Entre eles, a \u00c1gua se destaca como princ\u00edpio da fluidez, da fertilidade, da cura e da purifica\u00e7\u00e3o, desempenhando papel central nos mitos de cria\u00e7\u00e3o e nos rituais sagrados de in\u00fameras culturas.<\/p>\n<p>No plano esot\u00e9rico, \u00c1gua simboliza o inconsciente, o feminino, a intui\u00e7\u00e3o e a capacidade de transforma\u00e7\u00e3o pela fluidez. \u00c9 o elemento ligado ao \u00fatero primordial e \u00e0s for\u00e7as geradoras da vida. Representa tamb\u00e9m a purifica\u00e7\u00e3o e a renova\u00e7\u00e3o, sendo empregada em rituais de limpeza espiritual, batismos e a inicia\u00e7\u00e3o esot\u00e9rica. Os elementais da \u00c1gua s\u00e3o seres aqu\u00e1ticos, as n\u00e1iades, as undines (fluviais e lacustres) e as sereias (marinhas). Todas s\u00e3o acolhedoras e ben\u00e9ficas se respeitadas, perigosas se ofendidas, todavia.<\/p>\n<p>Na alquimia, a \u00c1gua \u00e9 vista como o solvente universal (aqua permanens), indispens\u00e1vel \u00e0s opera\u00e7\u00f5es de dissolu\u00e7\u00e3o e transmuta\u00e7\u00e3o, de acordo com o princ\u00edpio alqu\u00edmico \u201csolve et coagula\u201d. Sua fun\u00e7\u00e3o \u00e9 dissolver a forma bruta da mat\u00e9ria para que ela possa renascer em estado mais elevado. Os alquimistas associam o elemento \u00c1gua ao merc\u00fario filos\u00f3fico, princ\u00edpio da mutabilidade e da uni\u00e3o dos opostos.<\/p>\n<p>Na astrologia, a \u00c1gua rege os signos de C\u00e2ncer, Escorpi\u00e3o e Peixes. Os planetas associados s\u00e3o a Lua e Netuno, o dia da semana \u00e9 a segunda-feira. Estes signos s\u00e3o associados \u00e0 sensibilidade, empatia, mist\u00e9rio e espiritualidade. O elemento confere profundidade emocional, capacidade de adapta\u00e7\u00e3o e forte liga\u00e7\u00e3o com os ciclos naturais.<\/p>\n<p>O s\u00edmbolo da \u00c1gua \u00e9 representado por um tri\u00e2ngulo equil\u00e1tero apontado para baixo, \u00e0s vezes com uma linha horizontal cortando sua base. Esse sigilo expressa o princ\u00edpio receptivo, a descida para o interior, a condensa\u00e7\u00e3o a partir da dissolu\u00e7\u00e3o, e aparece em tradi\u00e7\u00f5es herm\u00e9ticas, celtas e orientais.<\/p>\n<p>Nas sociedades ancestrais, a \u00c1gua sempre ocupou posi\u00e7\u00e3o de destaque. No Egito antigo, o Nilo era considerado divino, fonte de fertilidade e vida. Entre os hindus, o rio Ganges \u00e9 sagrado at\u00e9 os dias atuais, atraindo milh\u00f5es de fi\u00e9is, sendo suas \u00e1guas vistas como purificadoras e libertadoras. Entre os povos n\u00f3rdicos, a fonte de M\u00edmir era o reservat\u00f3rio da sabedoria c\u00f3smica. Na China antiga, a \u00c1gua era um dos Cinco Elementos (Wu Xing), associada \u00e0 introspec\u00e7\u00e3o, ao inverno e ao renascimento.<\/p>\n<p>Na Wicca e na feiti\u00e7aria contempor\u00e2nea, a \u00c1gua \u00e9 invocada para rituais de cura, purifica\u00e7\u00e3o, amor e espiritualidade. \u00c9 comum o uso de c\u00e1lices, fontes ou conchas nos altares como representa\u00e7\u00e3o do elemento. A pr\u00e1tica de banhos rituais com ervas \u00e9 frequente, assim como a consagra\u00e7\u00e3o de objetos mergulhando-os em \u00e1gua corrente.<\/p>\n<p>Alguns rituais venerando a \u00c1gua incluem batismos e b\u00ean\u00e7\u00e3os para purifica\u00e7\u00e3o e renascimento espiritual, realizados com \u00e1gua de fontes, rios, chuva e mar; na consagra\u00e7\u00e3o lunar, recipientes com \u00e1gua s\u00e3o deixados sob a luz da lua cheia para carregar-se de energia intuitiva e feminina; banhos de ervas, utilizados na Wicca e em tradi\u00e7\u00f5es populares, visam purifica\u00e7\u00e3o, amor ou prosperidade; nas consagra\u00e7\u00f5es fluviais e mar\u00edtimas s\u00e3o ofertados flores, velas e alimentos, em honra \u00e0s divindades aqu\u00e1ticas.<\/p>\n<p>A \u00c1gua, portanto, \u00e9 o princ\u00edpio vital e espiritual, mediadora entre o mundo material e o transcendente. Seu culto atravessa civiliza\u00e7\u00f5es e permanece vivo nos rituais contempor\u00e2neos, remetendo \u00e0s origens, como um lembrete de que toda a vida nasceu e depende desse elemento sagrado.<\/p>\n<p>&#8230;&#8230;&#8230;&#8230;&#8230;&#8230;&#8230;&#8230;&#8230;<\/p>\n<p><strong>Giovanni Seabra<\/strong><br \/>\n<strong>Gr\u00e3o Mestre do Col\u00e9gio dos Magos e Sacerdotisas<\/strong><br \/>\n<strong>@giovanniseabra.esoterico<\/strong><br \/>\n<strong>@colegiodosmagosesacerdotisas<\/strong><\/p>\n<p>&#8230;&#8230;&#8230;&#8230;&#8230;&#8230;..<\/p>\n<p><strong>A Parte IV ser\u00e1 publicada na ter\u00e7a-feira, 23<\/strong><\/p>\n","protected":false},"excerpt":{"rendered":"<p>A concep\u00e7\u00e3o dos quatro elementos da Natureza \u2014 Terra, \u00c1gua, Ar e Fogo \u2014 remonta \u00e0 alquimia e \u00e0s tradi\u00e7\u00f5es m\u00edsticas ancestrais. Cada elemento reflete um aspecto essencial da vida e do Cosmos. Entre eles, a \u00c1gua se destaca como princ\u00edpio da fluidez, da fertilidade, da cura e da purifica\u00e7\u00e3o, desempenhando papel central nos mitos [&hellip;]<\/p>\n","protected":false},"author":2,"featured_media":364985,"comment_status":"closed","ping_status":"closed","sticky":false,"template":"","format":"standard","meta":{"_acf_changed":false,"footnotes":""},"categories":[237],"tags":[],"class_list":["post-364984","post","type-post","status-publish","format-standard","has-post-thumbnail","hentry","category-oraculos"],"acf":[],"yoast_head":"<!-- This site is optimized with the Yoast SEO plugin v27.2 - https:\/\/yoast.com\/product\/yoast-seo-wordpress\/ -->\n<title>O Mist\u00e9rio da \u00c1gua visto sob a \u00f3tica do esoterismo - Notibras<\/title>\n<meta name=\"robots\" content=\"index, follow, max-snippet:-1, max-image-preview:large, max-video-preview:-1\" \/>\n<link rel=\"canonical\" href=\"https:\/\/www.notibras.com\/site\/o-misterio-da-agua-visto-sob-a-otica-do-esoterismo\/\" \/>\n<meta property=\"og:locale\" content=\"pt_BR\" \/>\n<meta property=\"og:type\" content=\"article\" \/>\n<meta property=\"og:title\" content=\"O Mist\u00e9rio da \u00c1gua visto sob a \u00f3tica do esoterismo - Notibras\" \/>\n<meta property=\"og:description\" content=\"A concep\u00e7\u00e3o dos quatro elementos da Natureza \u2014 Terra, \u00c1gua, Ar e Fogo \u2014 remonta \u00e0 alquimia e \u00e0s tradi\u00e7\u00f5es m\u00edsticas ancestrais. Cada elemento reflete um aspecto essencial da vida e do Cosmos. Entre eles, a \u00c1gua se destaca como princ\u00edpio da fluidez, da fertilidade, da cura e da purifica\u00e7\u00e3o, desempenhando papel central nos mitos [&hellip;]\" \/>\n<meta property=\"og:url\" content=\"https:\/\/www.notibras.com\/site\/o-misterio-da-agua-visto-sob-a-otica-do-esoterismo\/\" \/>\n<meta property=\"og:site_name\" content=\"Notibras\" \/>\n<meta property=\"article:publisher\" content=\"https:\/\/www.facebook.com\/notibras\/\" \/>\n<meta property=\"article:published_time\" content=\"2025-09-22T09:38:06+00:00\" \/>\n<meta property=\"article:modified_time\" content=\"2025-09-22T10:53:50+00:00\" \/>\n<meta property=\"og:image\" content=\"https:\/\/www.notibras.com\/site\/wp-content\/uploads\/2025\/09\/277dbfe5-e62c-4451-9303-a9c7236b0a7d.jpeg\" \/>\n\t<meta property=\"og:image:width\" content=\"1024\" \/>\n\t<meta property=\"og:image:height\" content=\"1024\" \/>\n\t<meta property=\"og:image:type\" content=\"image\/jpeg\" \/>\n<meta name=\"author\" content=\"Reda\u00e7\u00e3o\" \/>\n<meta name=\"twitter:card\" content=\"summary_large_image\" \/>\n<meta name=\"twitter:creator\" content=\"@Notibras\" \/>\n<meta name=\"twitter:site\" content=\"@Notibras\" \/>\n<meta name=\"twitter:label1\" content=\"Escrito por\" \/>\n\t<meta name=\"twitter:data1\" content=\"Reda\u00e7\u00e3o\" \/>\n\t<meta name=\"twitter:label2\" content=\"Est. tempo de leitura\" \/>\n\t<meta name=\"twitter:data2\" content=\"4 minutos\" \/>\n<script type=\"application\/ld+json\" class=\"yoast-schema-graph\">{\"@context\":\"https:\/\/schema.org\",\"@graph\":[{\"@type\":\"Article\",\"@id\":\"https:\/\/www.notibras.com\/site\/o-misterio-da-agua-visto-sob-a-otica-do-esoterismo\/#article\",\"isPartOf\":{\"@id\":\"https:\/\/www.notibras.com\/site\/o-misterio-da-agua-visto-sob-a-otica-do-esoterismo\/\"},\"author\":{\"name\":\"Reda\u00e7\u00e3o\",\"@id\":\"https:\/\/www.notibras.com\/site\/#\/schema\/person\/36ab0979449956132d3e5b517ea76ac8\"},\"headline\":\"O Mist\u00e9rio da \u00c1gua visto sob a \u00f3tica do esoterismo\",\"datePublished\":\"2025-09-22T09:38:06+00:00\",\"dateModified\":\"2025-09-22T10:53:50+00:00\",\"mainEntityOfPage\":{\"@id\":\"https:\/\/www.notibras.com\/site\/o-misterio-da-agua-visto-sob-a-otica-do-esoterismo\/\"},\"wordCount\":653,\"publisher\":{\"@id\":\"https:\/\/www.notibras.com\/site\/#organization\"},\"image\":{\"@id\":\"https:\/\/www.notibras.com\/site\/o-misterio-da-agua-visto-sob-a-otica-do-esoterismo\/#primaryimage\"},\"thumbnailUrl\":\"https:\/\/www.notibras.com\/site\/wp-content\/uploads\/2025\/09\/277dbfe5-e62c-4451-9303-a9c7236b0a7d.jpeg\",\"articleSection\":[\"Or\u00e1culos\"],\"inLanguage\":\"pt-BR\"},{\"@type\":\"WebPage\",\"@id\":\"https:\/\/www.notibras.com\/site\/o-misterio-da-agua-visto-sob-a-otica-do-esoterismo\/\",\"url\":\"https:\/\/www.notibras.com\/site\/o-misterio-da-agua-visto-sob-a-otica-do-esoterismo\/\",\"name\":\"O Mist\u00e9rio da \u00c1gua visto sob a \u00f3tica do esoterismo - Notibras\",\"isPartOf\":{\"@id\":\"https:\/\/www.notibras.com\/site\/#website\"},\"primaryImageOfPage\":{\"@id\":\"https:\/\/www.notibras.com\/site\/o-misterio-da-agua-visto-sob-a-otica-do-esoterismo\/#primaryimage\"},\"image\":{\"@id\":\"https:\/\/www.notibras.com\/site\/o-misterio-da-agua-visto-sob-a-otica-do-esoterismo\/#primaryimage\"},\"thumbnailUrl\":\"https:\/\/www.notibras.com\/site\/wp-content\/uploads\/2025\/09\/277dbfe5-e62c-4451-9303-a9c7236b0a7d.jpeg\",\"datePublished\":\"2025-09-22T09:38:06+00:00\",\"dateModified\":\"2025-09-22T10:53:50+00:00\",\"breadcrumb\":{\"@id\":\"https:\/\/www.notibras.com\/site\/o-misterio-da-agua-visto-sob-a-otica-do-esoterismo\/#breadcrumb\"},\"inLanguage\":\"pt-BR\",\"potentialAction\":[{\"@type\":\"ReadAction\",\"target\":[\"https:\/\/www.notibras.com\/site\/o-misterio-da-agua-visto-sob-a-otica-do-esoterismo\/\"]}]},{\"@type\":\"ImageObject\",\"inLanguage\":\"pt-BR\",\"@id\":\"https:\/\/www.notibras.com\/site\/o-misterio-da-agua-visto-sob-a-otica-do-esoterismo\/#primaryimage\",\"url\":\"https:\/\/www.notibras.com\/site\/wp-content\/uploads\/2025\/09\/277dbfe5-e62c-4451-9303-a9c7236b0a7d.jpeg\",\"contentUrl\":\"https:\/\/www.notibras.com\/site\/wp-content\/uploads\/2025\/09\/277dbfe5-e62c-4451-9303-a9c7236b0a7d.jpeg\",\"width\":1024,\"height\":1024},{\"@type\":\"BreadcrumbList\",\"@id\":\"https:\/\/www.notibras.com\/site\/o-misterio-da-agua-visto-sob-a-otica-do-esoterismo\/#breadcrumb\",\"itemListElement\":[{\"@type\":\"ListItem\",\"position\":1,\"name\":\"In\u00edcio\",\"item\":\"https:\/\/www.notibras.com\/site\/\"},{\"@type\":\"ListItem\",\"position\":2,\"name\":\"O Mist\u00e9rio da \u00c1gua visto sob a \u00f3tica do esoterismo\"}]},{\"@type\":\"WebSite\",\"@id\":\"https:\/\/www.notibras.com\/site\/#website\",\"url\":\"https:\/\/www.notibras.com\/site\/\",\"name\":\"Notibras\",\"description\":\"Not\u00edcias de Bras\u00edlia, do Brasil e do Mundo\",\"publisher\":{\"@id\":\"https:\/\/www.notibras.com\/site\/#organization\"},\"potentialAction\":[{\"@type\":\"SearchAction\",\"target\":{\"@type\":\"EntryPoint\",\"urlTemplate\":\"https:\/\/www.notibras.com\/site\/?s={search_term_string}\"},\"query-input\":{\"@type\":\"PropertyValueSpecification\",\"valueRequired\":true,\"valueName\":\"search_term_string\"}}],\"inLanguage\":\"pt-BR\"},{\"@type\":\"Organization\",\"@id\":\"https:\/\/www.notibras.com\/site\/#organization\",\"name\":\"Grupo Notibras de Comunica\u00e7\u00e3o\",\"url\":\"https:\/\/www.notibras.com\/site\/\",\"logo\":{\"@type\":\"ImageObject\",\"inLanguage\":\"pt-BR\",\"@id\":\"https:\/\/www.notibras.com\/site\/#\/schema\/logo\/image\/\",\"url\":\"https:\/\/www.notibras.com\/site\/wp-content\/uploads\/2023\/01\/notibras23.png\",\"contentUrl\":\"https:\/\/www.notibras.com\/site\/wp-content\/uploads\/2023\/01\/notibras23.png\",\"width\":350,\"height\":87,\"caption\":\"Grupo Notibras de Comunica\u00e7\u00e3o\"},\"image\":{\"@id\":\"https:\/\/www.notibras.com\/site\/#\/schema\/logo\/image\/\"},\"sameAs\":[\"https:\/\/www.facebook.com\/notibras\/\",\"https:\/\/x.com\/Notibras\",\"https:\/\/www.instagram.com\/notibras\/\"]},{\"@type\":\"Person\",\"@id\":\"https:\/\/www.notibras.com\/site\/#\/schema\/person\/36ab0979449956132d3e5b517ea76ac8\",\"name\":\"Reda\u00e7\u00e3o\",\"image\":{\"@type\":\"ImageObject\",\"inLanguage\":\"pt-BR\",\"@id\":\"https:\/\/secure.gravatar.com\/avatar\/e0a867bdedb85fd243eadf09663511f96fc81e0720a4a42581f334ad4303aa6b?s=96&d=mm&r=g\",\"url\":\"https:\/\/secure.gravatar.com\/avatar\/e0a867bdedb85fd243eadf09663511f96fc81e0720a4a42581f334ad4303aa6b?s=96&d=mm&r=g\",\"contentUrl\":\"https:\/\/secure.gravatar.com\/avatar\/e0a867bdedb85fd243eadf09663511f96fc81e0720a4a42581f334ad4303aa6b?s=96&d=mm&r=g\",\"caption\":\"Reda\u00e7\u00e3o\"}}]}<\/script>\n<!-- \/ Yoast SEO plugin. -->","yoast_head_json":{"title":"O Mist\u00e9rio da \u00c1gua visto sob a \u00f3tica do esoterismo - Notibras","robots":{"index":"index","follow":"follow","max-snippet":"max-snippet:-1","max-image-preview":"max-image-preview:large","max-video-preview":"max-video-preview:-1"},"canonical":"https:\/\/www.notibras.com\/site\/o-misterio-da-agua-visto-sob-a-otica-do-esoterismo\/","og_locale":"pt_BR","og_type":"article","og_title":"O Mist\u00e9rio da \u00c1gua visto sob a \u00f3tica do esoterismo - Notibras","og_description":"A concep\u00e7\u00e3o dos quatro elementos da Natureza \u2014 Terra, \u00c1gua, Ar e Fogo \u2014 remonta \u00e0 alquimia e \u00e0s tradi\u00e7\u00f5es m\u00edsticas ancestrais. Cada elemento reflete um aspecto essencial da vida e do Cosmos. Entre eles, a \u00c1gua se destaca como princ\u00edpio da fluidez, da fertilidade, da cura e da purifica\u00e7\u00e3o, desempenhando papel central nos mitos [&hellip;]","og_url":"https:\/\/www.notibras.com\/site\/o-misterio-da-agua-visto-sob-a-otica-do-esoterismo\/","og_site_name":"Notibras","article_publisher":"https:\/\/www.facebook.com\/notibras\/","article_published_time":"2025-09-22T09:38:06+00:00","article_modified_time":"2025-09-22T10:53:50+00:00","og_image":[{"width":1024,"height":1024,"url":"https:\/\/www.notibras.com\/site\/wp-content\/uploads\/2025\/09\/277dbfe5-e62c-4451-9303-a9c7236b0a7d.jpeg","type":"image\/jpeg"}],"author":"Reda\u00e7\u00e3o","twitter_card":"summary_large_image","twitter_creator":"@Notibras","twitter_site":"@Notibras","twitter_misc":{"Escrito por":"Reda\u00e7\u00e3o","Est. tempo de leitura":"4 minutos"},"schema":{"@context":"https:\/\/schema.org","@graph":[{"@type":"Article","@id":"https:\/\/www.notibras.com\/site\/o-misterio-da-agua-visto-sob-a-otica-do-esoterismo\/#article","isPartOf":{"@id":"https:\/\/www.notibras.com\/site\/o-misterio-da-agua-visto-sob-a-otica-do-esoterismo\/"},"author":{"name":"Reda\u00e7\u00e3o","@id":"https:\/\/www.notibras.com\/site\/#\/schema\/person\/36ab0979449956132d3e5b517ea76ac8"},"headline":"O Mist\u00e9rio da \u00c1gua visto sob a \u00f3tica do esoterismo","datePublished":"2025-09-22T09:38:06+00:00","dateModified":"2025-09-22T10:53:50+00:00","mainEntityOfPage":{"@id":"https:\/\/www.notibras.com\/site\/o-misterio-da-agua-visto-sob-a-otica-do-esoterismo\/"},"wordCount":653,"publisher":{"@id":"https:\/\/www.notibras.com\/site\/#organization"},"image":{"@id":"https:\/\/www.notibras.com\/site\/o-misterio-da-agua-visto-sob-a-otica-do-esoterismo\/#primaryimage"},"thumbnailUrl":"https:\/\/www.notibras.com\/site\/wp-content\/uploads\/2025\/09\/277dbfe5-e62c-4451-9303-a9c7236b0a7d.jpeg","articleSection":["Or\u00e1culos"],"inLanguage":"pt-BR"},{"@type":"WebPage","@id":"https:\/\/www.notibras.com\/site\/o-misterio-da-agua-visto-sob-a-otica-do-esoterismo\/","url":"https:\/\/www.notibras.com\/site\/o-misterio-da-agua-visto-sob-a-otica-do-esoterismo\/","name":"O Mist\u00e9rio da \u00c1gua visto sob a \u00f3tica do esoterismo - Notibras","isPartOf":{"@id":"https:\/\/www.notibras.com\/site\/#website"},"primaryImageOfPage":{"@id":"https:\/\/www.notibras.com\/site\/o-misterio-da-agua-visto-sob-a-otica-do-esoterismo\/#primaryimage"},"image":{"@id":"https:\/\/www.notibras.com\/site\/o-misterio-da-agua-visto-sob-a-otica-do-esoterismo\/#primaryimage"},"thumbnailUrl":"https:\/\/www.notibras.com\/site\/wp-content\/uploads\/2025\/09\/277dbfe5-e62c-4451-9303-a9c7236b0a7d.jpeg","datePublished":"2025-09-22T09:38:06+00:00","dateModified":"2025-09-22T10:53:50+00:00","breadcrumb":{"@id":"https:\/\/www.notibras.com\/site\/o-misterio-da-agua-visto-sob-a-otica-do-esoterismo\/#breadcrumb"},"inLanguage":"pt-BR","potentialAction":[{"@type":"ReadAction","target":["https:\/\/www.notibras.com\/site\/o-misterio-da-agua-visto-sob-a-otica-do-esoterismo\/"]}]},{"@type":"ImageObject","inLanguage":"pt-BR","@id":"https:\/\/www.notibras.com\/site\/o-misterio-da-agua-visto-sob-a-otica-do-esoterismo\/#primaryimage","url":"https:\/\/www.notibras.com\/site\/wp-content\/uploads\/2025\/09\/277dbfe5-e62c-4451-9303-a9c7236b0a7d.jpeg","contentUrl":"https:\/\/www.notibras.com\/site\/wp-content\/uploads\/2025\/09\/277dbfe5-e62c-4451-9303-a9c7236b0a7d.jpeg","width":1024,"height":1024},{"@type":"BreadcrumbList","@id":"https:\/\/www.notibras.com\/site\/o-misterio-da-agua-visto-sob-a-otica-do-esoterismo\/#breadcrumb","itemListElement":[{"@type":"ListItem","position":1,"name":"In\u00edcio","item":"https:\/\/www.notibras.com\/site\/"},{"@type":"ListItem","position":2,"name":"O Mist\u00e9rio da \u00c1gua visto sob a \u00f3tica do esoterismo"}]},{"@type":"WebSite","@id":"https:\/\/www.notibras.com\/site\/#website","url":"https:\/\/www.notibras.com\/site\/","name":"Notibras","description":"Not\u00edcias de Bras\u00edlia, do Brasil e do Mundo","publisher":{"@id":"https:\/\/www.notibras.com\/site\/#organization"},"potentialAction":[{"@type":"SearchAction","target":{"@type":"EntryPoint","urlTemplate":"https:\/\/www.notibras.com\/site\/?s={search_term_string}"},"query-input":{"@type":"PropertyValueSpecification","valueRequired":true,"valueName":"search_term_string"}}],"inLanguage":"pt-BR"},{"@type":"Organization","@id":"https:\/\/www.notibras.com\/site\/#organization","name":"Grupo Notibras de Comunica\u00e7\u00e3o","url":"https:\/\/www.notibras.com\/site\/","logo":{"@type":"ImageObject","inLanguage":"pt-BR","@id":"https:\/\/www.notibras.com\/site\/#\/schema\/logo\/image\/","url":"https:\/\/www.notibras.com\/site\/wp-content\/uploads\/2023\/01\/notibras23.png","contentUrl":"https:\/\/www.notibras.com\/site\/wp-content\/uploads\/2023\/01\/notibras23.png","width":350,"height":87,"caption":"Grupo Notibras de Comunica\u00e7\u00e3o"},"image":{"@id":"https:\/\/www.notibras.com\/site\/#\/schema\/logo\/image\/"},"sameAs":["https:\/\/www.facebook.com\/notibras\/","https:\/\/x.com\/Notibras","https:\/\/www.instagram.com\/notibras\/"]},{"@type":"Person","@id":"https:\/\/www.notibras.com\/site\/#\/schema\/person\/36ab0979449956132d3e5b517ea76ac8","name":"Reda\u00e7\u00e3o","image":{"@type":"ImageObject","inLanguage":"pt-BR","@id":"https:\/\/secure.gravatar.com\/avatar\/e0a867bdedb85fd243eadf09663511f96fc81e0720a4a42581f334ad4303aa6b?s=96&d=mm&r=g","url":"https:\/\/secure.gravatar.com\/avatar\/e0a867bdedb85fd243eadf09663511f96fc81e0720a4a42581f334ad4303aa6b?s=96&d=mm&r=g","contentUrl":"https:\/\/secure.gravatar.com\/avatar\/e0a867bdedb85fd243eadf09663511f96fc81e0720a4a42581f334ad4303aa6b?s=96&d=mm&r=g","caption":"Reda\u00e7\u00e3o"}}]}},"amp_enabled":true,"_links":{"self":[{"href":"https:\/\/www.notibras.com\/site\/wp-json\/wp\/v2\/posts\/364984","targetHints":{"allow":["GET"]}}],"collection":[{"href":"https:\/\/www.notibras.com\/site\/wp-json\/wp\/v2\/posts"}],"about":[{"href":"https:\/\/www.notibras.com\/site\/wp-json\/wp\/v2\/types\/post"}],"author":[{"embeddable":true,"href":"https:\/\/www.notibras.com\/site\/wp-json\/wp\/v2\/users\/2"}],"replies":[{"embeddable":true,"href":"https:\/\/www.notibras.com\/site\/wp-json\/wp\/v2\/comments?post=364984"}],"version-history":[{"count":3,"href":"https:\/\/www.notibras.com\/site\/wp-json\/wp\/v2\/posts\/364984\/revisions"}],"predecessor-version":[{"id":364988,"href":"https:\/\/www.notibras.com\/site\/wp-json\/wp\/v2\/posts\/364984\/revisions\/364988"}],"wp:featuredmedia":[{"embeddable":true,"href":"https:\/\/www.notibras.com\/site\/wp-json\/wp\/v2\/media\/364985"}],"wp:attachment":[{"href":"https:\/\/www.notibras.com\/site\/wp-json\/wp\/v2\/media?parent=364984"}],"wp:term":[{"taxonomy":"category","embeddable":true,"href":"https:\/\/www.notibras.com\/site\/wp-json\/wp\/v2\/categories?post=364984"},{"taxonomy":"post_tag","embeddable":true,"href":"https:\/\/www.notibras.com\/site\/wp-json\/wp\/v2\/tags?post=364984"}],"curies":[{"name":"wp","href":"https:\/\/api.w.org\/{rel}","templated":true}]}}