{"id":364989,"date":"2025-09-22T06:00:44","date_gmt":"2025-09-22T09:00:44","guid":{"rendered":"https:\/\/www.notibras.com\/site\/?p=364989"},"modified":"2025-09-22T06:47:59","modified_gmt":"2025-09-22T09:47:59","slug":"razao-e-emocao-serao-as-principais-marcas-para-todos-os-signos","status":"publish","type":"post","link":"https:\/\/www.notibras.com\/site\/razao-e-emocao-serao-as-principais-marcas-para-todos-os-signos\/","title":{"rendered":"Raz\u00e3o e emo\u00e7\u00e3o ser\u00e3o as principais marcas para todos os signos"},"content":{"rendered":"<p data-start=\"218\" data-end=\"664\">A semana chega carregada de mudan\u00e7as sutis, mas profundas. O Sol transita por Libra, destacando relacionamentos, acordos e equil\u00edbrio nas decis\u00f5es. O clima pede di\u00e1logo e diplomacia, mas Marte em movimento tenso pode trazer impaci\u00eancia e conflitos mal resolvidos.<\/p>\n<p data-start=\"218\" data-end=\"664\">\u00c9 hora de buscar o meio-termo entre firmeza e flexibilidade. No campo emocional, a Lua cheia ilumina o que estava escondido \u2014 revela\u00e7\u00f5es vir\u00e3o, especialmente em parcerias e amizades.<\/p>\n<p data-start=\"2556\" data-end=\"2696\">\n<p data-start=\"2703\" data-end=\"2823\">Resumindo: uma semana para equilibrar raz\u00e3o e emo\u00e7\u00e3o, firmar parcerias e lidar com revela\u00e7\u00f5es que podem mudar rumos.<\/p>\n<h2 data-start=\"671\" data-end=\"683\">\u2648 \u00c1ries<\/h2>\n<p data-start=\"684\" data-end=\"847\">Semana de decis\u00f5es r\u00e1pidas. Cuidado para n\u00e3o atropelar os outros com sua pressa. No amor, di\u00e1logos intensos trar\u00e3o clareza.<br data-start=\"807\" data-end=\"810\" \/><strong data-start=\"810\" data-end=\"819\">Dica:<\/strong> evite impulsos financeiros.<\/p>\n<h2 data-start=\"849\" data-end=\"861\">\u2649 Touro<\/h2>\n<p data-start=\"862\" data-end=\"1008\">Momento de rever h\u00e1bitos e cuidar mais da sa\u00fade. No trabalho, oportunidades podem surgir de parcerias s\u00f3lidas.<br data-start=\"972\" data-end=\"975\" \/><strong data-start=\"975\" data-end=\"984\">Dica:<\/strong> confie em sua intui\u00e7\u00e3o.<\/p>\n<h2 data-start=\"1010\" data-end=\"1023\">\u264a G\u00eameos<\/h2>\n<p data-start=\"1024\" data-end=\"1186\">A criatividade estar\u00e1 em alta. Aproveite para iniciar projetos, mas cuidado com promessas que n\u00e3o poder\u00e1 cumprir.<br data-start=\"1137\" data-end=\"1140\" \/><strong data-start=\"1140\" data-end=\"1149\">Dica:<\/strong> mantenha foco para n\u00e3o se dispersar.<\/p>\n<h2 data-start=\"1188\" data-end=\"1201\">\u264b C\u00e2ncer<\/h2>\n<p data-start=\"1202\" data-end=\"1371\">O lar pede mais aten\u00e7\u00e3o. Quest\u00f5es familiares podem exigir paci\u00eancia e equil\u00edbrio. No amor, bons momentos de acolhimento.<br data-start=\"1322\" data-end=\"1325\" \/><strong data-start=\"1325\" data-end=\"1334\">Dica:<\/strong> evite rea\u00e7\u00f5es emocionais exageradas.<\/p>\n<h2 data-start=\"1373\" data-end=\"1384\">\u264c Le\u00e3o<\/h2>\n<p data-start=\"1385\" data-end=\"1537\">Comunica\u00e7\u00e3o ser\u00e1 a chave. Reuni\u00f5es, negocia\u00e7\u00f5es e contatos ter\u00e3o destaque. Aten\u00e7\u00e3o para n\u00e3o ser autorit\u00e1rio.<br data-start=\"1493\" data-end=\"1496\" \/><strong data-start=\"1496\" data-end=\"1505\">Dica:<\/strong> escute mais antes de responder.<\/p>\n<h2 data-start=\"1539\" data-end=\"1552\">\u264d Virgem<\/h2>\n<p data-start=\"1553\" data-end=\"1706\">Quest\u00f5es financeiras ganham foco. \u00c9 hora de organizar contas e evitar gastos desnecess\u00e1rios.<br data-start=\"1645\" data-end=\"1648\" \/><strong data-start=\"1648\" data-end=\"1657\">Dica:<\/strong> aproveite a energia para planejar investimentos.<\/p>\n<h2 data-start=\"1708\" data-end=\"1720\">\u264e Libra<\/h2>\n<p data-start=\"1721\" data-end=\"1888\">O Sol em seu signo traz vitalidade e renova\u00e7\u00e3o. Semana ideal para iniciar algo novo e se colocar em primeiro lugar.<br data-start=\"1836\" data-end=\"1839\" \/><strong data-start=\"1839\" data-end=\"1848\">Dica:<\/strong> n\u00e3o tenha medo de assumir protagonismo.<\/p>\n<h2 data-start=\"1890\" data-end=\"1906\">\u264f Escorpi\u00e3o<\/h2>\n<p data-start=\"1907\" data-end=\"2046\">Momento de introspec\u00e7\u00e3o. Reflita antes de agir e cuide mais da sua energia emocional.<br data-start=\"1992\" data-end=\"1995\" \/><strong data-start=\"1995\" data-end=\"2004\">Dica:<\/strong> medita\u00e7\u00e3o pode ajudar a clarear caminhos.<\/p>\n<h2 data-start=\"2048\" data-end=\"2064\">\u2650 Sagit\u00e1rio<\/h2>\n<p data-start=\"2065\" data-end=\"2222\">A vida social se movimenta. Amigos e grupos ter\u00e3o papel importante. Boas surpresas em encontros inesperados.<br data-start=\"2173\" data-end=\"2176\" \/><strong data-start=\"2176\" data-end=\"2185\">Dica:<\/strong> n\u00e3o deixe de lado responsabilidades.<\/p>\n<h2 data-start=\"2224\" data-end=\"2242\">\u2651 Capric\u00f3rnio<\/h2>\n<p data-start=\"2243\" data-end=\"2379\">A carreira est\u00e1 em destaque. Pode haver reconhecimento, mas tamb\u00e9m cobran\u00e7as extras.<br data-start=\"2327\" data-end=\"2330\" \/><strong data-start=\"2330\" data-end=\"2339\">Dica:<\/strong> mantenha a calma e foque em resultados.<\/p>\n<h2 data-start=\"2381\" data-end=\"2395\">\u2652 Aqu\u00e1rio<\/h2>\n<p data-start=\"2396\" data-end=\"2540\">Planos de viagem, estudos ou novos aprendizados se fortalecem. \u00c9 hora de expandir horizontes.<br data-start=\"2489\" data-end=\"2492\" \/><strong data-start=\"2492\" data-end=\"2501\">Dica:<\/strong> abra-se a novas ideias e experi\u00eancias.<\/p>\n<h2 data-start=\"2542\" data-end=\"2555\">\u2653 Peixes<\/h2>\n<p data-start=\"2556\" data-end=\"2696\">Transforma\u00e7\u00f5es emocionais estar\u00e3o presentes. No campo financeiro, revise contratos e d\u00edvidas.<br data-start=\"2649\" data-end=\"2652\" \/><strong data-start=\"2652\" data-end=\"2661\">Dica:<\/strong> evite decis\u00f5es apressadas no amor.<\/p>\n<p data-start=\"2556\" data-end=\"2696\">&#8230;&#8230;&#8230;&#8230;&#8230;&#8230;&#8230;&#8230;&#8230;.<\/p>\n<p data-start=\"2556\" data-end=\"2696\"><strong>Anabelle Santa&#8217;cruz \u00e9 Editora de Or\u00e1culos<\/strong><\/p>\n","protected":false},"excerpt":{"rendered":"<p>A semana chega carregada de mudan\u00e7as sutis, mas profundas. O Sol transita por Libra, destacando relacionamentos, acordos e equil\u00edbrio nas decis\u00f5es. O clima pede di\u00e1logo e diplomacia, mas Marte em movimento tenso pode trazer impaci\u00eancia e conflitos mal resolvidos. \u00c9 hora de buscar o meio-termo entre firmeza e flexibilidade. No campo emocional, a Lua cheia [&hellip;]<\/p>\n","protected":false},"author":2,"featured_media":364990,"comment_status":"closed","ping_status":"closed","sticky":false,"template":"","format":"standard","meta":{"_acf_changed":false,"footnotes":""},"categories":[237],"tags":[],"class_list":["post-364989","post","type-post","status-publish","format-standard","has-post-thumbnail","hentry","category-oraculos"],"acf":[],"yoast_head":"<!-- This site is optimized with the Yoast SEO plugin v27.2 - https:\/\/yoast.com\/product\/yoast-seo-wordpress\/ -->\n<title>Raz\u00e3o e emo\u00e7\u00e3o ser\u00e3o as principais marcas para todos os signos - Notibras<\/title>\n<meta name=\"robots\" content=\"index, follow, max-snippet:-1, max-image-preview:large, max-video-preview:-1\" \/>\n<link rel=\"canonical\" href=\"https:\/\/www.notibras.com\/site\/razao-e-emocao-serao-as-principais-marcas-para-todos-os-signos\/\" \/>\n<meta property=\"og:locale\" content=\"pt_BR\" \/>\n<meta property=\"og:type\" content=\"article\" \/>\n<meta property=\"og:title\" content=\"Raz\u00e3o e emo\u00e7\u00e3o ser\u00e3o as principais marcas para todos os signos - Notibras\" \/>\n<meta property=\"og:description\" content=\"A semana chega carregada de mudan\u00e7as sutis, mas profundas. O Sol transita por Libra, destacando relacionamentos, acordos e equil\u00edbrio nas decis\u00f5es. O clima pede di\u00e1logo e diplomacia, mas Marte em movimento tenso pode trazer impaci\u00eancia e conflitos mal resolvidos. \u00c9 hora de buscar o meio-termo entre firmeza e flexibilidade. No campo emocional, a Lua cheia [&hellip;]\" \/>\n<meta property=\"og:url\" content=\"https:\/\/www.notibras.com\/site\/razao-e-emocao-serao-as-principais-marcas-para-todos-os-signos\/\" \/>\n<meta property=\"og:site_name\" content=\"Notibras\" \/>\n<meta property=\"article:publisher\" content=\"https:\/\/www.facebook.com\/notibras\/\" \/>\n<meta property=\"article:published_time\" content=\"2025-09-22T09:00:44+00:00\" \/>\n<meta property=\"article:modified_time\" content=\"2025-09-22T09:47:59+00:00\" \/>\n<meta property=\"og:image\" content=\"https:\/\/www.notibras.com\/site\/wp-content\/uploads\/2025\/09\/ChatGPT-Image-22-de-set.-de-2025-06_47_21-683x1024.png\" \/>\n\t<meta property=\"og:image:width\" content=\"683\" \/>\n\t<meta property=\"og:image:height\" content=\"1024\" \/>\n\t<meta property=\"og:image:type\" content=\"image\/png\" \/>\n<meta name=\"author\" content=\"Reda\u00e7\u00e3o\" \/>\n<meta name=\"twitter:card\" content=\"summary_large_image\" \/>\n<meta name=\"twitter:creator\" content=\"@Notibras\" \/>\n<meta name=\"twitter:site\" content=\"@Notibras\" \/>\n<meta name=\"twitter:label1\" content=\"Escrito por\" \/>\n\t<meta name=\"twitter:data1\" content=\"Reda\u00e7\u00e3o\" \/>\n\t<meta name=\"twitter:label2\" content=\"Est. tempo de leitura\" \/>\n\t<meta name=\"twitter:data2\" content=\"3 minutos\" \/>\n<script type=\"application\/ld+json\" class=\"yoast-schema-graph\">{\"@context\":\"https:\/\/schema.org\",\"@graph\":[{\"@type\":\"Article\",\"@id\":\"https:\/\/www.notibras.com\/site\/razao-e-emocao-serao-as-principais-marcas-para-todos-os-signos\/#article\",\"isPartOf\":{\"@id\":\"https:\/\/www.notibras.com\/site\/razao-e-emocao-serao-as-principais-marcas-para-todos-os-signos\/\"},\"author\":{\"name\":\"Reda\u00e7\u00e3o\",\"@id\":\"https:\/\/www.notibras.com\/site\/#\/schema\/person\/36ab0979449956132d3e5b517ea76ac8\"},\"headline\":\"Raz\u00e3o e emo\u00e7\u00e3o ser\u00e3o as principais marcas para todos os signos\",\"datePublished\":\"2025-09-22T09:00:44+00:00\",\"dateModified\":\"2025-09-22T09:47:59+00:00\",\"mainEntityOfPage\":{\"@id\":\"https:\/\/www.notibras.com\/site\/razao-e-emocao-serao-as-principais-marcas-para-todos-os-signos\/\"},\"wordCount\":431,\"publisher\":{\"@id\":\"https:\/\/www.notibras.com\/site\/#organization\"},\"image\":{\"@id\":\"https:\/\/www.notibras.com\/site\/razao-e-emocao-serao-as-principais-marcas-para-todos-os-signos\/#primaryimage\"},\"thumbnailUrl\":\"https:\/\/www.notibras.com\/site\/wp-content\/uploads\/2025\/09\/ChatGPT-Image-22-de-set.-de-2025-06_47_21.png\",\"articleSection\":[\"Or\u00e1culos\"],\"inLanguage\":\"pt-BR\"},{\"@type\":\"WebPage\",\"@id\":\"https:\/\/www.notibras.com\/site\/razao-e-emocao-serao-as-principais-marcas-para-todos-os-signos\/\",\"url\":\"https:\/\/www.notibras.com\/site\/razao-e-emocao-serao-as-principais-marcas-para-todos-os-signos\/\",\"name\":\"Raz\u00e3o e emo\u00e7\u00e3o ser\u00e3o as principais marcas para todos os signos - Notibras\",\"isPartOf\":{\"@id\":\"https:\/\/www.notibras.com\/site\/#website\"},\"primaryImageOfPage\":{\"@id\":\"https:\/\/www.notibras.com\/site\/razao-e-emocao-serao-as-principais-marcas-para-todos-os-signos\/#primaryimage\"},\"image\":{\"@id\":\"https:\/\/www.notibras.com\/site\/razao-e-emocao-serao-as-principais-marcas-para-todos-os-signos\/#primaryimage\"},\"thumbnailUrl\":\"https:\/\/www.notibras.com\/site\/wp-content\/uploads\/2025\/09\/ChatGPT-Image-22-de-set.-de-2025-06_47_21.png\",\"datePublished\":\"2025-09-22T09:00:44+00:00\",\"dateModified\":\"2025-09-22T09:47:59+00:00\",\"breadcrumb\":{\"@id\":\"https:\/\/www.notibras.com\/site\/razao-e-emocao-serao-as-principais-marcas-para-todos-os-signos\/#breadcrumb\"},\"inLanguage\":\"pt-BR\",\"potentialAction\":[{\"@type\":\"ReadAction\",\"target\":[\"https:\/\/www.notibras.com\/site\/razao-e-emocao-serao-as-principais-marcas-para-todos-os-signos\/\"]}]},{\"@type\":\"ImageObject\",\"inLanguage\":\"pt-BR\",\"@id\":\"https:\/\/www.notibras.com\/site\/razao-e-emocao-serao-as-principais-marcas-para-todos-os-signos\/#primaryimage\",\"url\":\"https:\/\/www.notibras.com\/site\/wp-content\/uploads\/2025\/09\/ChatGPT-Image-22-de-set.-de-2025-06_47_21.png\",\"contentUrl\":\"https:\/\/www.notibras.com\/site\/wp-content\/uploads\/2025\/09\/ChatGPT-Image-22-de-set.-de-2025-06_47_21.png\",\"width\":1024,\"height\":1536},{\"@type\":\"BreadcrumbList\",\"@id\":\"https:\/\/www.notibras.com\/site\/razao-e-emocao-serao-as-principais-marcas-para-todos-os-signos\/#breadcrumb\",\"itemListElement\":[{\"@type\":\"ListItem\",\"position\":1,\"name\":\"In\u00edcio\",\"item\":\"https:\/\/www.notibras.com\/site\/\"},{\"@type\":\"ListItem\",\"position\":2,\"name\":\"Raz\u00e3o e emo\u00e7\u00e3o ser\u00e3o as principais marcas para todos os signos\"}]},{\"@type\":\"WebSite\",\"@id\":\"https:\/\/www.notibras.com\/site\/#website\",\"url\":\"https:\/\/www.notibras.com\/site\/\",\"name\":\"Notibras\",\"description\":\"Not\u00edcias de Bras\u00edlia, do Brasil e do Mundo\",\"publisher\":{\"@id\":\"https:\/\/www.notibras.com\/site\/#organization\"},\"potentialAction\":[{\"@type\":\"SearchAction\",\"target\":{\"@type\":\"EntryPoint\",\"urlTemplate\":\"https:\/\/www.notibras.com\/site\/?s={search_term_string}\"},\"query-input\":{\"@type\":\"PropertyValueSpecification\",\"valueRequired\":true,\"valueName\":\"search_term_string\"}}],\"inLanguage\":\"pt-BR\"},{\"@type\":\"Organization\",\"@id\":\"https:\/\/www.notibras.com\/site\/#organization\",\"name\":\"Grupo Notibras de Comunica\u00e7\u00e3o\",\"url\":\"https:\/\/www.notibras.com\/site\/\",\"logo\":{\"@type\":\"ImageObject\",\"inLanguage\":\"pt-BR\",\"@id\":\"https:\/\/www.notibras.com\/site\/#\/schema\/logo\/image\/\",\"url\":\"https:\/\/www.notibras.com\/site\/wp-content\/uploads\/2023\/01\/notibras23.png\",\"contentUrl\":\"https:\/\/www.notibras.com\/site\/wp-content\/uploads\/2023\/01\/notibras23.png\",\"width\":350,\"height\":87,\"caption\":\"Grupo Notibras de Comunica\u00e7\u00e3o\"},\"image\":{\"@id\":\"https:\/\/www.notibras.com\/site\/#\/schema\/logo\/image\/\"},\"sameAs\":[\"https:\/\/www.facebook.com\/notibras\/\",\"https:\/\/x.com\/Notibras\",\"https:\/\/www.instagram.com\/notibras\/\"]},{\"@type\":\"Person\",\"@id\":\"https:\/\/www.notibras.com\/site\/#\/schema\/person\/36ab0979449956132d3e5b517ea76ac8\",\"name\":\"Reda\u00e7\u00e3o\",\"image\":{\"@type\":\"ImageObject\",\"inLanguage\":\"pt-BR\",\"@id\":\"https:\/\/secure.gravatar.com\/avatar\/e0a867bdedb85fd243eadf09663511f96fc81e0720a4a42581f334ad4303aa6b?s=96&d=mm&r=g\",\"url\":\"https:\/\/secure.gravatar.com\/avatar\/e0a867bdedb85fd243eadf09663511f96fc81e0720a4a42581f334ad4303aa6b?s=96&d=mm&r=g\",\"contentUrl\":\"https:\/\/secure.gravatar.com\/avatar\/e0a867bdedb85fd243eadf09663511f96fc81e0720a4a42581f334ad4303aa6b?s=96&d=mm&r=g\",\"caption\":\"Reda\u00e7\u00e3o\"}}]}<\/script>\n<!-- \/ Yoast SEO plugin. -->","yoast_head_json":{"title":"Raz\u00e3o e emo\u00e7\u00e3o ser\u00e3o as principais marcas para todos os signos - Notibras","robots":{"index":"index","follow":"follow","max-snippet":"max-snippet:-1","max-image-preview":"max-image-preview:large","max-video-preview":"max-video-preview:-1"},"canonical":"https:\/\/www.notibras.com\/site\/razao-e-emocao-serao-as-principais-marcas-para-todos-os-signos\/","og_locale":"pt_BR","og_type":"article","og_title":"Raz\u00e3o e emo\u00e7\u00e3o ser\u00e3o as principais marcas para todos os signos - Notibras","og_description":"A semana chega carregada de mudan\u00e7as sutis, mas profundas. O Sol transita por Libra, destacando relacionamentos, acordos e equil\u00edbrio nas decis\u00f5es. O clima pede di\u00e1logo e diplomacia, mas Marte em movimento tenso pode trazer impaci\u00eancia e conflitos mal resolvidos. \u00c9 hora de buscar o meio-termo entre firmeza e flexibilidade. No campo emocional, a Lua cheia [&hellip;]","og_url":"https:\/\/www.notibras.com\/site\/razao-e-emocao-serao-as-principais-marcas-para-todos-os-signos\/","og_site_name":"Notibras","article_publisher":"https:\/\/www.facebook.com\/notibras\/","article_published_time":"2025-09-22T09:00:44+00:00","article_modified_time":"2025-09-22T09:47:59+00:00","og_image":[{"width":683,"height":1024,"url":"https:\/\/www.notibras.com\/site\/wp-content\/uploads\/2025\/09\/ChatGPT-Image-22-de-set.-de-2025-06_47_21-683x1024.png","type":"image\/png"}],"author":"Reda\u00e7\u00e3o","twitter_card":"summary_large_image","twitter_creator":"@Notibras","twitter_site":"@Notibras","twitter_misc":{"Escrito por":"Reda\u00e7\u00e3o","Est. tempo de leitura":"3 minutos"},"schema":{"@context":"https:\/\/schema.org","@graph":[{"@type":"Article","@id":"https:\/\/www.notibras.com\/site\/razao-e-emocao-serao-as-principais-marcas-para-todos-os-signos\/#article","isPartOf":{"@id":"https:\/\/www.notibras.com\/site\/razao-e-emocao-serao-as-principais-marcas-para-todos-os-signos\/"},"author":{"name":"Reda\u00e7\u00e3o","@id":"https:\/\/www.notibras.com\/site\/#\/schema\/person\/36ab0979449956132d3e5b517ea76ac8"},"headline":"Raz\u00e3o e emo\u00e7\u00e3o ser\u00e3o as principais marcas para todos os signos","datePublished":"2025-09-22T09:00:44+00:00","dateModified":"2025-09-22T09:47:59+00:00","mainEntityOfPage":{"@id":"https:\/\/www.notibras.com\/site\/razao-e-emocao-serao-as-principais-marcas-para-todos-os-signos\/"},"wordCount":431,"publisher":{"@id":"https:\/\/www.notibras.com\/site\/#organization"},"image":{"@id":"https:\/\/www.notibras.com\/site\/razao-e-emocao-serao-as-principais-marcas-para-todos-os-signos\/#primaryimage"},"thumbnailUrl":"https:\/\/www.notibras.com\/site\/wp-content\/uploads\/2025\/09\/ChatGPT-Image-22-de-set.-de-2025-06_47_21.png","articleSection":["Or\u00e1culos"],"inLanguage":"pt-BR"},{"@type":"WebPage","@id":"https:\/\/www.notibras.com\/site\/razao-e-emocao-serao-as-principais-marcas-para-todos-os-signos\/","url":"https:\/\/www.notibras.com\/site\/razao-e-emocao-serao-as-principais-marcas-para-todos-os-signos\/","name":"Raz\u00e3o e emo\u00e7\u00e3o ser\u00e3o as principais marcas para todos os signos - Notibras","isPartOf":{"@id":"https:\/\/www.notibras.com\/site\/#website"},"primaryImageOfPage":{"@id":"https:\/\/www.notibras.com\/site\/razao-e-emocao-serao-as-principais-marcas-para-todos-os-signos\/#primaryimage"},"image":{"@id":"https:\/\/www.notibras.com\/site\/razao-e-emocao-serao-as-principais-marcas-para-todos-os-signos\/#primaryimage"},"thumbnailUrl":"https:\/\/www.notibras.com\/site\/wp-content\/uploads\/2025\/09\/ChatGPT-Image-22-de-set.-de-2025-06_47_21.png","datePublished":"2025-09-22T09:00:44+00:00","dateModified":"2025-09-22T09:47:59+00:00","breadcrumb":{"@id":"https:\/\/www.notibras.com\/site\/razao-e-emocao-serao-as-principais-marcas-para-todos-os-signos\/#breadcrumb"},"inLanguage":"pt-BR","potentialAction":[{"@type":"ReadAction","target":["https:\/\/www.notibras.com\/site\/razao-e-emocao-serao-as-principais-marcas-para-todos-os-signos\/"]}]},{"@type":"ImageObject","inLanguage":"pt-BR","@id":"https:\/\/www.notibras.com\/site\/razao-e-emocao-serao-as-principais-marcas-para-todos-os-signos\/#primaryimage","url":"https:\/\/www.notibras.com\/site\/wp-content\/uploads\/2025\/09\/ChatGPT-Image-22-de-set.-de-2025-06_47_21.png","contentUrl":"https:\/\/www.notibras.com\/site\/wp-content\/uploads\/2025\/09\/ChatGPT-Image-22-de-set.-de-2025-06_47_21.png","width":1024,"height":1536},{"@type":"BreadcrumbList","@id":"https:\/\/www.notibras.com\/site\/razao-e-emocao-serao-as-principais-marcas-para-todos-os-signos\/#breadcrumb","itemListElement":[{"@type":"ListItem","position":1,"name":"In\u00edcio","item":"https:\/\/www.notibras.com\/site\/"},{"@type":"ListItem","position":2,"name":"Raz\u00e3o e emo\u00e7\u00e3o ser\u00e3o as principais marcas para todos os signos"}]},{"@type":"WebSite","@id":"https:\/\/www.notibras.com\/site\/#website","url":"https:\/\/www.notibras.com\/site\/","name":"Notibras","description":"Not\u00edcias de Bras\u00edlia, do Brasil e do Mundo","publisher":{"@id":"https:\/\/www.notibras.com\/site\/#organization"},"potentialAction":[{"@type":"SearchAction","target":{"@type":"EntryPoint","urlTemplate":"https:\/\/www.notibras.com\/site\/?s={search_term_string}"},"query-input":{"@type":"PropertyValueSpecification","valueRequired":true,"valueName":"search_term_string"}}],"inLanguage":"pt-BR"},{"@type":"Organization","@id":"https:\/\/www.notibras.com\/site\/#organization","name":"Grupo Notibras de Comunica\u00e7\u00e3o","url":"https:\/\/www.notibras.com\/site\/","logo":{"@type":"ImageObject","inLanguage":"pt-BR","@id":"https:\/\/www.notibras.com\/site\/#\/schema\/logo\/image\/","url":"https:\/\/www.notibras.com\/site\/wp-content\/uploads\/2023\/01\/notibras23.png","contentUrl":"https:\/\/www.notibras.com\/site\/wp-content\/uploads\/2023\/01\/notibras23.png","width":350,"height":87,"caption":"Grupo Notibras de Comunica\u00e7\u00e3o"},"image":{"@id":"https:\/\/www.notibras.com\/site\/#\/schema\/logo\/image\/"},"sameAs":["https:\/\/www.facebook.com\/notibras\/","https:\/\/x.com\/Notibras","https:\/\/www.instagram.com\/notibras\/"]},{"@type":"Person","@id":"https:\/\/www.notibras.com\/site\/#\/schema\/person\/36ab0979449956132d3e5b517ea76ac8","name":"Reda\u00e7\u00e3o","image":{"@type":"ImageObject","inLanguage":"pt-BR","@id":"https:\/\/secure.gravatar.com\/avatar\/e0a867bdedb85fd243eadf09663511f96fc81e0720a4a42581f334ad4303aa6b?s=96&d=mm&r=g","url":"https:\/\/secure.gravatar.com\/avatar\/e0a867bdedb85fd243eadf09663511f96fc81e0720a4a42581f334ad4303aa6b?s=96&d=mm&r=g","contentUrl":"https:\/\/secure.gravatar.com\/avatar\/e0a867bdedb85fd243eadf09663511f96fc81e0720a4a42581f334ad4303aa6b?s=96&d=mm&r=g","caption":"Reda\u00e7\u00e3o"}}]}},"amp_enabled":true,"_links":{"self":[{"href":"https:\/\/www.notibras.com\/site\/wp-json\/wp\/v2\/posts\/364989","targetHints":{"allow":["GET"]}}],"collection":[{"href":"https:\/\/www.notibras.com\/site\/wp-json\/wp\/v2\/posts"}],"about":[{"href":"https:\/\/www.notibras.com\/site\/wp-json\/wp\/v2\/types\/post"}],"author":[{"embeddable":true,"href":"https:\/\/www.notibras.com\/site\/wp-json\/wp\/v2\/users\/2"}],"replies":[{"embeddable":true,"href":"https:\/\/www.notibras.com\/site\/wp-json\/wp\/v2\/comments?post=364989"}],"version-history":[{"count":1,"href":"https:\/\/www.notibras.com\/site\/wp-json\/wp\/v2\/posts\/364989\/revisions"}],"predecessor-version":[{"id":364991,"href":"https:\/\/www.notibras.com\/site\/wp-json\/wp\/v2\/posts\/364989\/revisions\/364991"}],"wp:featuredmedia":[{"embeddable":true,"href":"https:\/\/www.notibras.com\/site\/wp-json\/wp\/v2\/media\/364990"}],"wp:attachment":[{"href":"https:\/\/www.notibras.com\/site\/wp-json\/wp\/v2\/media?parent=364989"}],"wp:term":[{"taxonomy":"category","embeddable":true,"href":"https:\/\/www.notibras.com\/site\/wp-json\/wp\/v2\/categories?post=364989"},{"taxonomy":"post_tag","embeddable":true,"href":"https:\/\/www.notibras.com\/site\/wp-json\/wp\/v2\/tags?post=364989"}],"curies":[{"name":"wp","href":"https:\/\/api.w.org\/{rel}","templated":true}]}}