{"id":365074,"date":"2025-09-23T06:28:32","date_gmt":"2025-09-23T09:28:32","guid":{"rendered":"https:\/\/www.notibras.com\/site\/?p=365074"},"modified":"2025-09-23T07:32:49","modified_gmt":"2025-09-23T10:32:49","slug":"as-sutilezas-do-ar-elemento-da-vida-e-seus-encantos","status":"publish","type":"post","link":"https:\/\/www.notibras.com\/site\/as-sutilezas-do-ar-elemento-da-vida-e-seus-encantos\/","title":{"rendered":"As sutilezas do Ar, elemento da vida e seus encantos"},"content":{"rendered":"<p>O Ar, enquanto elemento natural e simb\u00f3lico, \u00e9 reconhecido em diversas tradi\u00e7\u00f5es como princ\u00edpio vital. No esoterismo ocidental, o Ar \u00e9 um dos quatro elementos que estruturam a cosmologia herm\u00e9tica. O elemento Ar \u00e9, desde as tradi\u00e7\u00f5es mais antigas, s\u00edmbolo de vitalidade, movimento e espiritualidade. Os gregos o conceberam como pneuma, o sopro divino que anima a mat\u00e9ria; os hindus o denominam pr\u0101\u1e47a, a energia vital que circula pelo corpo atrav\u00e9s da respira\u00e7\u00e3o; no G\u00eanesis (2:7), l\u00ea-se: \u201cDeus soprou em suas narinas o f\u00f4lego da vida, e o homem se tornou alma vivente\u201d. O Ar, portanto, simboliza o sopro divino, a Cria\u00e7\u00e3o. Essas concep\u00e7\u00f5es convergem para a compreens\u00e3o do Ar como for\u00e7a invis\u00edvel, mas indispens\u00e1vel \u00e0 vida e ao equil\u00edbrio c\u00f3smico.<\/p>\n<p>O s\u00edmbolo tradicional do Ar \u00e9 o tri\u00e2ngulo equil\u00e1tero voltado para cima, que lembra o sigilo do elemento Fogo, cortado por uma barra horizontal (\u25b3\u0336). Segundo o mago Eliphas L\u00e9vi, o emblema exprime a \u201cascens\u00e3o do esp\u00edrito moderada pela raz\u00e3o\u201d, evidenciando a liga\u00e7\u00e3o entre pensamento e equil\u00edbrio.<\/p>\n<p>O conceito de silfides como elementais do Ar foi sistematizado por Paracelsus no s\u00e9culo XVI, que organizou as intelig\u00eancias elementares em quatro categorias: gnomos (Terra), undines (\u00c1gua), sylphs (Ar) e salamandras (Fogo). Paracelsus descreve os silfos como seres sutis, ligados ao vento e \u00e0s alturas, capazes de inspirar poetas e magos, mas tamb\u00e9m dotados de ordem pr\u00f3pria, n\u00e3o sendo meros \u201cinstrumentos\u201d humanos. Na literatura posterior (rom\u00e2ntica e esot\u00e9rica), os silfides assumem variantes de car\u00e1ter ben\u00e9fico ou travesso, e a Golden Dawn e outros sistemas m\u00e1gicos modernas os integram em trabalhos de evoca\u00e7\u00f5es elementais. A Sociedade Secreta Golden Dawn incorporou essas entidades do Ar em rituais de invoca\u00e7\u00e3o, relacionando-os a processos de inspira\u00e7\u00e3o e intui\u00e7\u00e3o.<\/p>\n<p>Alquimicamente, o Ar corresponde ao princ\u00edpio da sublima\u00e7\u00e3o e \u00e0 passagem entre dissolu\u00e7\u00e3o (\u00c1gua\/merc\u00fario) e combust\u00e3o (Fogo\/enxofre), \u00c9 o ve\u00edculo que eleva as ess\u00eancias vol\u00e1teis, permitindo operar a coagulatio e a sublimatio. Trabalhos de destila\u00e7\u00e3o, ventila\u00e7\u00e3o do athanor e fervuras no caldeir\u00e3o dependem do dom\u00ednio do princ\u00edpio a\u00e9reo; metaforicamente, o mago precisa \u201carejar\u201d a mente para receber vis\u00f5es da Grande Obra.<\/p>\n<p>Cornelius Agrippa associa o elemento Ar ao planeta Merc\u00fario, cujas virtudes s\u00e3o a intelig\u00eancia e a comunica\u00e7\u00e3o. No zod\u00edaco, G\u00eameos, Libra e Aqu\u00e1rio s\u00e3o regidos pelo Ar, ligados \u00e0 racionalidade e \u00e0 socializa\u00e7\u00e3o.<\/p>\n<p>No tocante \u00e0s correspond\u00eancias esot\u00e9ricas, as cores que representam o elemento Ar s\u00e3o amarelo e branco, as pedras s\u00e3o o quartzo, citrino, top\u00e1zio; o dia, quarta-feira.<\/p>\n<p>Do ponto de vista religioso, o Ar est\u00e1 presente nos rituais como mediador entre o vis\u00edvel e o invis\u00edvel. O uso do incenso, por exemplo, remete ao movimento ascendente da fuma\u00e7a que leva preces ao sagrado. Rituais de purifica\u00e7\u00e3o pelo sopro, demonstram a convic\u00e7\u00e3o ancestral de que o vento e a respira\u00e7\u00e3o podem expulsar for\u00e7as negativas e renovar o esp\u00edrito. Ainda hoje, em pr\u00e1ticas m\u00e1gicas contempor\u00e2neas, penas, sinos, fuma\u00e7a e palavras entoadas s\u00e3o usados como instrumentos de harmoniza\u00e7\u00e3o e consagra\u00e7\u00e3o.<\/p>\n<p>Israel Regardie relata que, nos rituais da Golden Dawn, a invoca\u00e7\u00e3o de silfides era feita para ampliar a clareza mental e facilitar a comunica\u00e7\u00e3o com planos superiores. Esses seres, na tradi\u00e7\u00e3o m\u00e1gica, s\u00e3o intermedi\u00e1rios entre a consci\u00eancia humana e as inspira\u00e7\u00f5es celestes, evocando imagens de leveza, liberdade e sabedoria. Entre os rituais contempor\u00e2neos destacam-se a Invoca\u00e7\u00e3o de silfos, com uso de pena, incenso leve e sigilo do Ar, acompanhado de respira\u00e7\u00e3o consciente; na vid\u00eancia com fuma\u00e7a, s\u00e3o observadas imagens em espelhos ou n\u00e9voas; na purifica\u00e7\u00e3o verbal, s\u00e3o entoados c\u00e2nticos e mantras para \u201carejar\u201d a mente.<\/p>\n<p>A dimens\u00e3o simb\u00f3lica do Ar encontra tamb\u00e9m sua aplica\u00e7\u00e3o pr\u00e1tica em exerc\u00edcios de medita\u00e7\u00e3o e respira\u00e7\u00e3o yogue, fundamentais para integrar corpo, mente e esp\u00edrito. Uma das pr\u00e1ticas mais conhecidas \u00e9 a respira\u00e7\u00e3o alternada (N\u0101\u1e0d\u012b \u015aodhana Pr\u0101\u1e47\u0101y\u0101ma), na qual o praticante inspira profundamente pela narina esquerda, ret\u00e9m o ar por alguns segundos e exala pela narina direita, repetindo o processo em fluxo inverso. Esse exerc\u00edcio equilibra os hemisf\u00e9rios cerebrais e favorece a clareza mental.<\/p>\n<p>A medita\u00e7\u00e3o sobre o elemento Ar pode ser conduzida de forma visual e simb\u00f3lica. O praticante senta-se em postura est\u00e1vel, contempla o sigilo do Ar diante de si ou mentaliza-o em luz dourada, ao mesmo tempo em que imagina estar envolto por ventos suaves e claros. Durante a pr\u00e1tica, pode-se invocar mentalmente a presen\u00e7a dos silfides, pedindo inspira\u00e7\u00e3o e sabedoria, ou recitar mantras ligados ao sopro vital, como o So\u2019ham (\u201cEu sou o sopro\u201d), comum em tradi\u00e7\u00f5es hindus.<\/p>\n<p>Esses rituais refor\u00e7am a liga\u00e7\u00e3o entre o Ar, a fertilidade, a mente e a comunica\u00e7\u00e3o com o sagrado.<\/p>\n<p>&#8230;&#8230;&#8230;&#8230;&#8230;&#8230;.<\/p>\n<p><strong>Giovanni Seabra<\/strong><br \/>\n<strong>Gr\u00e3o Mestre do Col\u00e9gio dos Magos e Sacerdotisas<\/strong><br \/>\n<strong>@giovanniseabra.esoterico<\/strong><br \/>\n<strong>@colegiodosmagosesacerdotisas<\/strong><\/p>\n<p>&#8230;&#8230;&#8230;&#8230;&#8230;&#8230;<\/p>\n<p><strong>A Parte V ser\u00e1 publicada na quarta-feira, 24<\/strong><\/p>\n","protected":false},"excerpt":{"rendered":"<p>O Ar, enquanto elemento natural e simb\u00f3lico, \u00e9 reconhecido em diversas tradi\u00e7\u00f5es como princ\u00edpio vital. No esoterismo ocidental, o Ar \u00e9 um dos quatro elementos que estruturam a cosmologia herm\u00e9tica. O elemento Ar \u00e9, desde as tradi\u00e7\u00f5es mais antigas, s\u00edmbolo de vitalidade, movimento e espiritualidade. Os gregos o conceberam como pneuma, o sopro divino que [&hellip;]<\/p>\n","protected":false},"author":2,"featured_media":365075,"comment_status":"closed","ping_status":"closed","sticky":false,"template":"","format":"standard","meta":{"_acf_changed":false,"footnotes":""},"categories":[237],"tags":[],"class_list":["post-365074","post","type-post","status-publish","format-standard","has-post-thumbnail","hentry","category-oraculos"],"acf":[],"yoast_head":"<!-- This site is optimized with the Yoast SEO plugin v27.2 - https:\/\/yoast.com\/product\/yoast-seo-wordpress\/ -->\n<title>As sutilezas do Ar, elemento da vida e seus encantos - Notibras<\/title>\n<meta name=\"robots\" content=\"index, follow, max-snippet:-1, max-image-preview:large, max-video-preview:-1\" \/>\n<link rel=\"canonical\" href=\"https:\/\/www.notibras.com\/site\/as-sutilezas-do-ar-elemento-da-vida-e-seus-encantos\/\" \/>\n<meta property=\"og:locale\" content=\"pt_BR\" \/>\n<meta property=\"og:type\" content=\"article\" \/>\n<meta property=\"og:title\" content=\"As sutilezas do Ar, elemento da vida e seus encantos - Notibras\" \/>\n<meta property=\"og:description\" content=\"O Ar, enquanto elemento natural e simb\u00f3lico, \u00e9 reconhecido em diversas tradi\u00e7\u00f5es como princ\u00edpio vital. No esoterismo ocidental, o Ar \u00e9 um dos quatro elementos que estruturam a cosmologia herm\u00e9tica. O elemento Ar \u00e9, desde as tradi\u00e7\u00f5es mais antigas, s\u00edmbolo de vitalidade, movimento e espiritualidade. Os gregos o conceberam como pneuma, o sopro divino que [&hellip;]\" \/>\n<meta property=\"og:url\" content=\"https:\/\/www.notibras.com\/site\/as-sutilezas-do-ar-elemento-da-vida-e-seus-encantos\/\" \/>\n<meta property=\"og:site_name\" content=\"Notibras\" \/>\n<meta property=\"article:publisher\" content=\"https:\/\/www.facebook.com\/notibras\/\" \/>\n<meta property=\"article:published_time\" content=\"2025-09-23T09:28:32+00:00\" \/>\n<meta property=\"article:modified_time\" content=\"2025-09-23T10:32:49+00:00\" \/>\n<meta property=\"og:image\" content=\"https:\/\/www.notibras.com\/site\/wp-content\/uploads\/2025\/09\/4e5dcbe4-df25-408e-a15a-86ec7e40df23.jpeg\" \/>\n\t<meta property=\"og:image:width\" content=\"904\" \/>\n\t<meta property=\"og:image:height\" content=\"1600\" \/>\n\t<meta property=\"og:image:type\" content=\"image\/jpeg\" \/>\n<meta name=\"author\" content=\"Reda\u00e7\u00e3o\" \/>\n<meta name=\"twitter:card\" content=\"summary_large_image\" \/>\n<meta name=\"twitter:creator\" content=\"@Notibras\" \/>\n<meta name=\"twitter:site\" content=\"@Notibras\" \/>\n<meta name=\"twitter:label1\" content=\"Escrito por\" \/>\n\t<meta name=\"twitter:data1\" content=\"Reda\u00e7\u00e3o\" \/>\n\t<meta name=\"twitter:label2\" content=\"Est. tempo de leitura\" \/>\n\t<meta name=\"twitter:data2\" content=\"5 minutos\" \/>\n<script type=\"application\/ld+json\" class=\"yoast-schema-graph\">{\"@context\":\"https:\/\/schema.org\",\"@graph\":[{\"@type\":\"Article\",\"@id\":\"https:\/\/www.notibras.com\/site\/as-sutilezas-do-ar-elemento-da-vida-e-seus-encantos\/#article\",\"isPartOf\":{\"@id\":\"https:\/\/www.notibras.com\/site\/as-sutilezas-do-ar-elemento-da-vida-e-seus-encantos\/\"},\"author\":{\"name\":\"Reda\u00e7\u00e3o\",\"@id\":\"https:\/\/www.notibras.com\/site\/#\/schema\/person\/36ab0979449956132d3e5b517ea76ac8\"},\"headline\":\"As sutilezas do Ar, elemento da vida e seus encantos\",\"datePublished\":\"2025-09-23T09:28:32+00:00\",\"dateModified\":\"2025-09-23T10:32:49+00:00\",\"mainEntityOfPage\":{\"@id\":\"https:\/\/www.notibras.com\/site\/as-sutilezas-do-ar-elemento-da-vida-e-seus-encantos\/\"},\"wordCount\":901,\"publisher\":{\"@id\":\"https:\/\/www.notibras.com\/site\/#organization\"},\"image\":{\"@id\":\"https:\/\/www.notibras.com\/site\/as-sutilezas-do-ar-elemento-da-vida-e-seus-encantos\/#primaryimage\"},\"thumbnailUrl\":\"https:\/\/www.notibras.com\/site\/wp-content\/uploads\/2025\/09\/4e5dcbe4-df25-408e-a15a-86ec7e40df23.jpeg\",\"articleSection\":[\"Or\u00e1culos\"],\"inLanguage\":\"pt-BR\"},{\"@type\":\"WebPage\",\"@id\":\"https:\/\/www.notibras.com\/site\/as-sutilezas-do-ar-elemento-da-vida-e-seus-encantos\/\",\"url\":\"https:\/\/www.notibras.com\/site\/as-sutilezas-do-ar-elemento-da-vida-e-seus-encantos\/\",\"name\":\"As sutilezas do Ar, elemento da vida e seus encantos - Notibras\",\"isPartOf\":{\"@id\":\"https:\/\/www.notibras.com\/site\/#website\"},\"primaryImageOfPage\":{\"@id\":\"https:\/\/www.notibras.com\/site\/as-sutilezas-do-ar-elemento-da-vida-e-seus-encantos\/#primaryimage\"},\"image\":{\"@id\":\"https:\/\/www.notibras.com\/site\/as-sutilezas-do-ar-elemento-da-vida-e-seus-encantos\/#primaryimage\"},\"thumbnailUrl\":\"https:\/\/www.notibras.com\/site\/wp-content\/uploads\/2025\/09\/4e5dcbe4-df25-408e-a15a-86ec7e40df23.jpeg\",\"datePublished\":\"2025-09-23T09:28:32+00:00\",\"dateModified\":\"2025-09-23T10:32:49+00:00\",\"breadcrumb\":{\"@id\":\"https:\/\/www.notibras.com\/site\/as-sutilezas-do-ar-elemento-da-vida-e-seus-encantos\/#breadcrumb\"},\"inLanguage\":\"pt-BR\",\"potentialAction\":[{\"@type\":\"ReadAction\",\"target\":[\"https:\/\/www.notibras.com\/site\/as-sutilezas-do-ar-elemento-da-vida-e-seus-encantos\/\"]}]},{\"@type\":\"ImageObject\",\"inLanguage\":\"pt-BR\",\"@id\":\"https:\/\/www.notibras.com\/site\/as-sutilezas-do-ar-elemento-da-vida-e-seus-encantos\/#primaryimage\",\"url\":\"https:\/\/www.notibras.com\/site\/wp-content\/uploads\/2025\/09\/4e5dcbe4-df25-408e-a15a-86ec7e40df23.jpeg\",\"contentUrl\":\"https:\/\/www.notibras.com\/site\/wp-content\/uploads\/2025\/09\/4e5dcbe4-df25-408e-a15a-86ec7e40df23.jpeg\",\"width\":904,\"height\":1600},{\"@type\":\"BreadcrumbList\",\"@id\":\"https:\/\/www.notibras.com\/site\/as-sutilezas-do-ar-elemento-da-vida-e-seus-encantos\/#breadcrumb\",\"itemListElement\":[{\"@type\":\"ListItem\",\"position\":1,\"name\":\"In\u00edcio\",\"item\":\"https:\/\/www.notibras.com\/site\/\"},{\"@type\":\"ListItem\",\"position\":2,\"name\":\"As sutilezas do Ar, elemento da vida e seus encantos\"}]},{\"@type\":\"WebSite\",\"@id\":\"https:\/\/www.notibras.com\/site\/#website\",\"url\":\"https:\/\/www.notibras.com\/site\/\",\"name\":\"Notibras\",\"description\":\"Not\u00edcias de Bras\u00edlia, do Brasil e do Mundo\",\"publisher\":{\"@id\":\"https:\/\/www.notibras.com\/site\/#organization\"},\"potentialAction\":[{\"@type\":\"SearchAction\",\"target\":{\"@type\":\"EntryPoint\",\"urlTemplate\":\"https:\/\/www.notibras.com\/site\/?s={search_term_string}\"},\"query-input\":{\"@type\":\"PropertyValueSpecification\",\"valueRequired\":true,\"valueName\":\"search_term_string\"}}],\"inLanguage\":\"pt-BR\"},{\"@type\":\"Organization\",\"@id\":\"https:\/\/www.notibras.com\/site\/#organization\",\"name\":\"Grupo Notibras de Comunica\u00e7\u00e3o\",\"url\":\"https:\/\/www.notibras.com\/site\/\",\"logo\":{\"@type\":\"ImageObject\",\"inLanguage\":\"pt-BR\",\"@id\":\"https:\/\/www.notibras.com\/site\/#\/schema\/logo\/image\/\",\"url\":\"https:\/\/www.notibras.com\/site\/wp-content\/uploads\/2023\/01\/notibras23.png\",\"contentUrl\":\"https:\/\/www.notibras.com\/site\/wp-content\/uploads\/2023\/01\/notibras23.png\",\"width\":350,\"height\":87,\"caption\":\"Grupo Notibras de Comunica\u00e7\u00e3o\"},\"image\":{\"@id\":\"https:\/\/www.notibras.com\/site\/#\/schema\/logo\/image\/\"},\"sameAs\":[\"https:\/\/www.facebook.com\/notibras\/\",\"https:\/\/x.com\/Notibras\",\"https:\/\/www.instagram.com\/notibras\/\"]},{\"@type\":\"Person\",\"@id\":\"https:\/\/www.notibras.com\/site\/#\/schema\/person\/36ab0979449956132d3e5b517ea76ac8\",\"name\":\"Reda\u00e7\u00e3o\",\"image\":{\"@type\":\"ImageObject\",\"inLanguage\":\"pt-BR\",\"@id\":\"https:\/\/secure.gravatar.com\/avatar\/e0a867bdedb85fd243eadf09663511f96fc81e0720a4a42581f334ad4303aa6b?s=96&d=mm&r=g\",\"url\":\"https:\/\/secure.gravatar.com\/avatar\/e0a867bdedb85fd243eadf09663511f96fc81e0720a4a42581f334ad4303aa6b?s=96&d=mm&r=g\",\"contentUrl\":\"https:\/\/secure.gravatar.com\/avatar\/e0a867bdedb85fd243eadf09663511f96fc81e0720a4a42581f334ad4303aa6b?s=96&d=mm&r=g\",\"caption\":\"Reda\u00e7\u00e3o\"}}]}<\/script>\n<!-- \/ Yoast SEO plugin. -->","yoast_head_json":{"title":"As sutilezas do Ar, elemento da vida e seus encantos - Notibras","robots":{"index":"index","follow":"follow","max-snippet":"max-snippet:-1","max-image-preview":"max-image-preview:large","max-video-preview":"max-video-preview:-1"},"canonical":"https:\/\/www.notibras.com\/site\/as-sutilezas-do-ar-elemento-da-vida-e-seus-encantos\/","og_locale":"pt_BR","og_type":"article","og_title":"As sutilezas do Ar, elemento da vida e seus encantos - Notibras","og_description":"O Ar, enquanto elemento natural e simb\u00f3lico, \u00e9 reconhecido em diversas tradi\u00e7\u00f5es como princ\u00edpio vital. No esoterismo ocidental, o Ar \u00e9 um dos quatro elementos que estruturam a cosmologia herm\u00e9tica. O elemento Ar \u00e9, desde as tradi\u00e7\u00f5es mais antigas, s\u00edmbolo de vitalidade, movimento e espiritualidade. Os gregos o conceberam como pneuma, o sopro divino que [&hellip;]","og_url":"https:\/\/www.notibras.com\/site\/as-sutilezas-do-ar-elemento-da-vida-e-seus-encantos\/","og_site_name":"Notibras","article_publisher":"https:\/\/www.facebook.com\/notibras\/","article_published_time":"2025-09-23T09:28:32+00:00","article_modified_time":"2025-09-23T10:32:49+00:00","og_image":[{"width":904,"height":1600,"url":"https:\/\/www.notibras.com\/site\/wp-content\/uploads\/2025\/09\/4e5dcbe4-df25-408e-a15a-86ec7e40df23.jpeg","type":"image\/jpeg"}],"author":"Reda\u00e7\u00e3o","twitter_card":"summary_large_image","twitter_creator":"@Notibras","twitter_site":"@Notibras","twitter_misc":{"Escrito por":"Reda\u00e7\u00e3o","Est. tempo de leitura":"5 minutos"},"schema":{"@context":"https:\/\/schema.org","@graph":[{"@type":"Article","@id":"https:\/\/www.notibras.com\/site\/as-sutilezas-do-ar-elemento-da-vida-e-seus-encantos\/#article","isPartOf":{"@id":"https:\/\/www.notibras.com\/site\/as-sutilezas-do-ar-elemento-da-vida-e-seus-encantos\/"},"author":{"name":"Reda\u00e7\u00e3o","@id":"https:\/\/www.notibras.com\/site\/#\/schema\/person\/36ab0979449956132d3e5b517ea76ac8"},"headline":"As sutilezas do Ar, elemento da vida e seus encantos","datePublished":"2025-09-23T09:28:32+00:00","dateModified":"2025-09-23T10:32:49+00:00","mainEntityOfPage":{"@id":"https:\/\/www.notibras.com\/site\/as-sutilezas-do-ar-elemento-da-vida-e-seus-encantos\/"},"wordCount":901,"publisher":{"@id":"https:\/\/www.notibras.com\/site\/#organization"},"image":{"@id":"https:\/\/www.notibras.com\/site\/as-sutilezas-do-ar-elemento-da-vida-e-seus-encantos\/#primaryimage"},"thumbnailUrl":"https:\/\/www.notibras.com\/site\/wp-content\/uploads\/2025\/09\/4e5dcbe4-df25-408e-a15a-86ec7e40df23.jpeg","articleSection":["Or\u00e1culos"],"inLanguage":"pt-BR"},{"@type":"WebPage","@id":"https:\/\/www.notibras.com\/site\/as-sutilezas-do-ar-elemento-da-vida-e-seus-encantos\/","url":"https:\/\/www.notibras.com\/site\/as-sutilezas-do-ar-elemento-da-vida-e-seus-encantos\/","name":"As sutilezas do Ar, elemento da vida e seus encantos - Notibras","isPartOf":{"@id":"https:\/\/www.notibras.com\/site\/#website"},"primaryImageOfPage":{"@id":"https:\/\/www.notibras.com\/site\/as-sutilezas-do-ar-elemento-da-vida-e-seus-encantos\/#primaryimage"},"image":{"@id":"https:\/\/www.notibras.com\/site\/as-sutilezas-do-ar-elemento-da-vida-e-seus-encantos\/#primaryimage"},"thumbnailUrl":"https:\/\/www.notibras.com\/site\/wp-content\/uploads\/2025\/09\/4e5dcbe4-df25-408e-a15a-86ec7e40df23.jpeg","datePublished":"2025-09-23T09:28:32+00:00","dateModified":"2025-09-23T10:32:49+00:00","breadcrumb":{"@id":"https:\/\/www.notibras.com\/site\/as-sutilezas-do-ar-elemento-da-vida-e-seus-encantos\/#breadcrumb"},"inLanguage":"pt-BR","potentialAction":[{"@type":"ReadAction","target":["https:\/\/www.notibras.com\/site\/as-sutilezas-do-ar-elemento-da-vida-e-seus-encantos\/"]}]},{"@type":"ImageObject","inLanguage":"pt-BR","@id":"https:\/\/www.notibras.com\/site\/as-sutilezas-do-ar-elemento-da-vida-e-seus-encantos\/#primaryimage","url":"https:\/\/www.notibras.com\/site\/wp-content\/uploads\/2025\/09\/4e5dcbe4-df25-408e-a15a-86ec7e40df23.jpeg","contentUrl":"https:\/\/www.notibras.com\/site\/wp-content\/uploads\/2025\/09\/4e5dcbe4-df25-408e-a15a-86ec7e40df23.jpeg","width":904,"height":1600},{"@type":"BreadcrumbList","@id":"https:\/\/www.notibras.com\/site\/as-sutilezas-do-ar-elemento-da-vida-e-seus-encantos\/#breadcrumb","itemListElement":[{"@type":"ListItem","position":1,"name":"In\u00edcio","item":"https:\/\/www.notibras.com\/site\/"},{"@type":"ListItem","position":2,"name":"As sutilezas do Ar, elemento da vida e seus encantos"}]},{"@type":"WebSite","@id":"https:\/\/www.notibras.com\/site\/#website","url":"https:\/\/www.notibras.com\/site\/","name":"Notibras","description":"Not\u00edcias de Bras\u00edlia, do Brasil e do Mundo","publisher":{"@id":"https:\/\/www.notibras.com\/site\/#organization"},"potentialAction":[{"@type":"SearchAction","target":{"@type":"EntryPoint","urlTemplate":"https:\/\/www.notibras.com\/site\/?s={search_term_string}"},"query-input":{"@type":"PropertyValueSpecification","valueRequired":true,"valueName":"search_term_string"}}],"inLanguage":"pt-BR"},{"@type":"Organization","@id":"https:\/\/www.notibras.com\/site\/#organization","name":"Grupo Notibras de Comunica\u00e7\u00e3o","url":"https:\/\/www.notibras.com\/site\/","logo":{"@type":"ImageObject","inLanguage":"pt-BR","@id":"https:\/\/www.notibras.com\/site\/#\/schema\/logo\/image\/","url":"https:\/\/www.notibras.com\/site\/wp-content\/uploads\/2023\/01\/notibras23.png","contentUrl":"https:\/\/www.notibras.com\/site\/wp-content\/uploads\/2023\/01\/notibras23.png","width":350,"height":87,"caption":"Grupo Notibras de Comunica\u00e7\u00e3o"},"image":{"@id":"https:\/\/www.notibras.com\/site\/#\/schema\/logo\/image\/"},"sameAs":["https:\/\/www.facebook.com\/notibras\/","https:\/\/x.com\/Notibras","https:\/\/www.instagram.com\/notibras\/"]},{"@type":"Person","@id":"https:\/\/www.notibras.com\/site\/#\/schema\/person\/36ab0979449956132d3e5b517ea76ac8","name":"Reda\u00e7\u00e3o","image":{"@type":"ImageObject","inLanguage":"pt-BR","@id":"https:\/\/secure.gravatar.com\/avatar\/e0a867bdedb85fd243eadf09663511f96fc81e0720a4a42581f334ad4303aa6b?s=96&d=mm&r=g","url":"https:\/\/secure.gravatar.com\/avatar\/e0a867bdedb85fd243eadf09663511f96fc81e0720a4a42581f334ad4303aa6b?s=96&d=mm&r=g","contentUrl":"https:\/\/secure.gravatar.com\/avatar\/e0a867bdedb85fd243eadf09663511f96fc81e0720a4a42581f334ad4303aa6b?s=96&d=mm&r=g","caption":"Reda\u00e7\u00e3o"}}]}},"amp_enabled":true,"_links":{"self":[{"href":"https:\/\/www.notibras.com\/site\/wp-json\/wp\/v2\/posts\/365074","targetHints":{"allow":["GET"]}}],"collection":[{"href":"https:\/\/www.notibras.com\/site\/wp-json\/wp\/v2\/posts"}],"about":[{"href":"https:\/\/www.notibras.com\/site\/wp-json\/wp\/v2\/types\/post"}],"author":[{"embeddable":true,"href":"https:\/\/www.notibras.com\/site\/wp-json\/wp\/v2\/users\/2"}],"replies":[{"embeddable":true,"href":"https:\/\/www.notibras.com\/site\/wp-json\/wp\/v2\/comments?post=365074"}],"version-history":[{"count":2,"href":"https:\/\/www.notibras.com\/site\/wp-json\/wp\/v2\/posts\/365074\/revisions"}],"predecessor-version":[{"id":365077,"href":"https:\/\/www.notibras.com\/site\/wp-json\/wp\/v2\/posts\/365074\/revisions\/365077"}],"wp:featuredmedia":[{"embeddable":true,"href":"https:\/\/www.notibras.com\/site\/wp-json\/wp\/v2\/media\/365075"}],"wp:attachment":[{"href":"https:\/\/www.notibras.com\/site\/wp-json\/wp\/v2\/media?parent=365074"}],"wp:term":[{"taxonomy":"category","embeddable":true,"href":"https:\/\/www.notibras.com\/site\/wp-json\/wp\/v2\/categories?post=365074"},{"taxonomy":"post_tag","embeddable":true,"href":"https:\/\/www.notibras.com\/site\/wp-json\/wp\/v2\/tags?post=365074"}],"curies":[{"name":"wp","href":"https:\/\/api.w.org\/{rel}","templated":true}]}}