{"id":365162,"date":"2025-09-24T06:16:39","date_gmt":"2025-09-24T09:16:39","guid":{"rendered":"https:\/\/www.notibras.com\/site\/?p=365162"},"modified":"2025-09-24T06:16:39","modified_gmt":"2025-09-24T09:16:39","slug":"o-fogo-a-centelha-divina-da-humanidade","status":"publish","type":"post","link":"https:\/\/www.notibras.com\/site\/o-fogo-a-centelha-divina-da-humanidade\/","title":{"rendered":"O Fogo, a centelha divina da humanidade"},"content":{"rendered":"<p>Dentre os Quatro Elementos da Natureza, o Fogo representa a for\u00e7a transformadora, a luz da consci\u00eancia, o poder de transmutar a mat\u00e9ria e o elo entre o mundo humano e o divino. O Fogo aquece e consome, ilumina e revela, destr\u00f3i para possibilitar um renascimento. Presente nas cosmologias v\u00e9dicas, eg\u00edpcias, greco-romanas e nas tradi\u00e7\u00f5es herm\u00e9ticas, o Fogo opera simultaneamente como for\u00e7a material, s\u00edmbolo religioso e instrumento ritual\u00edstico.<\/p>\n<p>O sigilo elemental do Fogo \u00e9 o tri\u00e2ngulo equil\u00e1tero apontado para cima (\u25b3), imagem da ascens\u00e3o espiritual, da verticalidade e da chama que sobe. Este tri\u00e2ngulo \u00e9 tamb\u00e9m encontrado em inscri\u00e7\u00f5es eg\u00edpcias, onde simboliza o raio solar, e em tradi\u00e7\u00f5es hindus, como o Agni Yantra, dedicado ao deus do fogo, Agni. No Egito antigo, o fogo solar representava R\u00e1, for\u00e7a criadora e ordenadora do Cosmos. Nos povos n\u00f3rdicos, a mitologia descreve o fogo primordial de Muspelheim, que junto ao gelo de Niflheim, originou a vida. Na Europa c\u00e9ltica, era aceso em fogueiras nos festivais sazonais, como o Beltane, em honra \u00e0 fertilidade e \u00e0 renova\u00e7\u00e3o.<\/p>\n<p>Na tradi\u00e7\u00e3o alqu\u00edmica e herm\u00e9tica, o Fogo corresponde tamb\u00e9m ao enxofre (sulphur), representado por um tri\u00e2ngulo sobre uma cruz, s\u00edmbolo do princ\u00edpio ativo, vol\u00e1til e \u00edgneo que anima a mat\u00e9ria. \u00c9 o princ\u00edpio ativo indispens\u00e1vel \u00e0s opera\u00e7\u00f5es do opus magnum (Grande Obra), pois atrav\u00e9s dele se d\u00e1 a calcina\u00e7\u00e3o, a transmuta\u00e7\u00e3o do vil em nobre, e o surgimento da pedra filosofal. Nas tradi\u00e7\u00f5es cerimoniais, tri\u00e2ngulos e pentagramas flamejantes servem como selos ou talism\u00e3s para evocar for\u00e7a, prote\u00e7\u00e3o e vontade.<\/p>\n<p>Na astrologia, o elemento Fogo rege os signos de \u00c1ries, Le\u00e3o e Sagit\u00e1rio, associados \u00e0 energia vital, \u00e0 coragem, lideran\u00e7a, ao impulso criativo e ao entusiasmo. S\u00e3o for\u00e7as que, quando equilibradas, impulsionam a a\u00e7\u00e3o e a transforma\u00e7\u00e3o; quando desarmonizadas, podem provocar a destrui\u00e7\u00e3o.<br \/>\nNo plano esot\u00e9rico, o Fogo \u00e9 s\u00edmbolo do esp\u00edrito e da centelha vital, relacionado ao cora\u00e7\u00e3o, \u00e0 vontade e \u00e0 purifica\u00e7\u00e3o. Ele queima as impurezas, ilumina a escurid\u00e3o e revela o poder criativo que d\u00e1 forma \u00e0 realidade. A tradi\u00e7\u00e3o esot\u00e9rica identifica seres sutis do Fogo, as salamandras, como intelig\u00eancias tel\u00faricas do princ\u00edpio calor\u00edfico. Invoc\u00e1-las \u00e9 solicitar aux\u00edlio em coragem, criatividade e transmuta\u00e7\u00e3o. Por\u00e9m a tradi\u00e7\u00e3o alerta para o respeito com esses seres, pois elementais n\u00e3o s\u00e3o \u201crecursos\u201d a explorar, mas entidades com sua pr\u00f3pria ordem e limites.<\/p>\n<p>Na Wicca e na Magia contempor\u00e2nea, o Fogo \u00e9 invocado em rituais de transforma\u00e7\u00e3o, banimentos, consagra\u00e7\u00f5es e fortalecimento da vontade. Acender velas \u00e9 uma das pr\u00e1ticas mais comuns, pois cada cor intensifica uma inten\u00e7\u00e3o, como o branco para purifica\u00e7\u00e3o, vermelho para paix\u00e3o e vitalidade, dourado para prosperidade e azul para prote\u00e7\u00e3o espiritual.<\/p>\n<p>Nos rituais de venera\u00e7\u00e3o do Fogo, o praticante passa o objeto ou o pr\u00f3prio corpo pr\u00f3ximo \u00e0 chama, simbolizando a queima das impurezas; as fogueiras sazonais celebradas no solst\u00edcio de ver\u00e3o, onde dan\u00e7as e oferendas ao Fogo renovam a energia vital e estimulam a fertilidade; no ritual de oferenda a Agni, presente nas tradi\u00e7\u00f5es hindus, sementes, gr\u00e3os e manteiga s\u00e3o lan\u00e7ados ao fogo como alimento para os deuses; na Magia, o Fogo \u00e9 interpretado como or\u00e1culo, trazendo respostas \u00e0s perguntas do magista, de acordo com o movimento e configura\u00e7\u00e3o das chamas.<\/p>\n<p>\u00c9 importante notar que o culto ao Fogo frequentemente se complementa ao da \u00c1gua, estabelecendo equil\u00edbrio entre a queima pelas chamas e purifica\u00e7\u00e3o pela fluidez. A\u00ed impera a Lei dos Opostos, o frio e o quente. Em muitas tradi\u00e7\u00f5es europeias e asi\u00e1ticas, fogueiras e \u00e1guas sagradas s\u00e3o usadas em conjunto nos festivais sazonais, simbolizando a uni\u00e3o de opostos.<\/p>\n<p>S\u00edmbolo de transforma\u00e7\u00e3o, purifica\u00e7\u00e3o e gerador de energia vital, o Fogo \u00e9 o \u00fanico elemento que n\u00e3o possui forma material fixa, representando o esp\u00edrito em movimento e a ilumina\u00e7\u00e3o interior. No universo esot\u00e9rico e alqu\u00edmico o Fogo simboliza a obra interior do Iniciado, permitindo a ele evoluir pela chama espiritual. Das fogueiras ancestrais aos altares modernos, o culto ao Fogo continua sendo express\u00e3o da liga\u00e7\u00e3o entre o humano e o Cosmos, entre o vis\u00edvel e o invis\u00edvel.<\/p>\n<p>&#8230;&#8230;&#8230;&#8230;&#8230;&#8230;&#8230;.<\/p>\n<p><strong>Giovanni Seabra<\/strong><br \/>\n<strong>Gr\u00e3o Mestre do Col\u00e9gio dos Magos e Sacerdotisas<\/strong><br \/>\n<strong>@giovanniseabra.esoterico<\/strong><br \/>\n<strong>@colegiodosmagosesacerdotisas<\/strong><\/p>\n<p>&#8230;&#8230;&#8230;&#8230;&#8230;&#8230;&#8230;<\/p>\n<p><strong>A Parte VI ser\u00e1 publicada na quinta-feira, 25<\/strong><\/p>\n","protected":false},"excerpt":{"rendered":"<p>Dentre os Quatro Elementos da Natureza, o Fogo representa a for\u00e7a transformadora, a luz da consci\u00eancia, o poder de transmutar a mat\u00e9ria e o elo entre o mundo humano e o divino. O Fogo aquece e consome, ilumina e revela, destr\u00f3i para possibilitar um renascimento. Presente nas cosmologias v\u00e9dicas, eg\u00edpcias, greco-romanas e nas tradi\u00e7\u00f5es herm\u00e9ticas, [&hellip;]<\/p>\n","protected":false},"author":2,"featured_media":365163,"comment_status":"closed","ping_status":"closed","sticky":false,"template":"","format":"standard","meta":{"_acf_changed":false,"footnotes":""},"categories":[237],"tags":[],"class_list":["post-365162","post","type-post","status-publish","format-standard","has-post-thumbnail","hentry","category-oraculos"],"acf":[],"yoast_head":"<!-- This site is optimized with the Yoast SEO plugin v27.2 - https:\/\/yoast.com\/product\/yoast-seo-wordpress\/ -->\n<title>O Fogo, a centelha divina da humanidade - Notibras<\/title>\n<meta name=\"robots\" content=\"index, follow, max-snippet:-1, max-image-preview:large, max-video-preview:-1\" \/>\n<link rel=\"canonical\" href=\"https:\/\/www.notibras.com\/site\/o-fogo-a-centelha-divina-da-humanidade\/\" \/>\n<meta property=\"og:locale\" content=\"pt_BR\" \/>\n<meta property=\"og:type\" content=\"article\" \/>\n<meta property=\"og:title\" content=\"O Fogo, a centelha divina da humanidade - Notibras\" \/>\n<meta property=\"og:description\" content=\"Dentre os Quatro Elementos da Natureza, o Fogo representa a for\u00e7a transformadora, a luz da consci\u00eancia, o poder de transmutar a mat\u00e9ria e o elo entre o mundo humano e o divino. O Fogo aquece e consome, ilumina e revela, destr\u00f3i para possibilitar um renascimento. Presente nas cosmologias v\u00e9dicas, eg\u00edpcias, greco-romanas e nas tradi\u00e7\u00f5es herm\u00e9ticas, [&hellip;]\" \/>\n<meta property=\"og:url\" content=\"https:\/\/www.notibras.com\/site\/o-fogo-a-centelha-divina-da-humanidade\/\" \/>\n<meta property=\"og:site_name\" content=\"Notibras\" \/>\n<meta property=\"article:publisher\" content=\"https:\/\/www.facebook.com\/notibras\/\" \/>\n<meta property=\"article:published_time\" content=\"2025-09-24T09:16:39+00:00\" \/>\n<meta property=\"og:image\" content=\"https:\/\/www.notibras.com\/site\/wp-content\/uploads\/2025\/09\/09895824-2948-4f60-8867-dba668399fbf.jpeg\" \/>\n\t<meta property=\"og:image:width\" content=\"1200\" \/>\n\t<meta property=\"og:image:height\" content=\"1200\" \/>\n\t<meta property=\"og:image:type\" content=\"image\/jpeg\" \/>\n<meta name=\"author\" content=\"Reda\u00e7\u00e3o\" \/>\n<meta name=\"twitter:card\" content=\"summary_large_image\" \/>\n<meta name=\"twitter:creator\" content=\"@Notibras\" \/>\n<meta name=\"twitter:site\" content=\"@Notibras\" \/>\n<meta name=\"twitter:label1\" content=\"Escrito por\" \/>\n\t<meta name=\"twitter:data1\" content=\"Reda\u00e7\u00e3o\" \/>\n\t<meta name=\"twitter:label2\" content=\"Est. tempo de leitura\" \/>\n\t<meta name=\"twitter:data2\" content=\"5 minutos\" \/>\n<script type=\"application\/ld+json\" class=\"yoast-schema-graph\">{\"@context\":\"https:\/\/schema.org\",\"@graph\":[{\"@type\":\"Article\",\"@id\":\"https:\/\/www.notibras.com\/site\/o-fogo-a-centelha-divina-da-humanidade\/#article\",\"isPartOf\":{\"@id\":\"https:\/\/www.notibras.com\/site\/o-fogo-a-centelha-divina-da-humanidade\/\"},\"author\":{\"name\":\"Reda\u00e7\u00e3o\",\"@id\":\"https:\/\/www.notibras.com\/site\/#\/schema\/person\/36ab0979449956132d3e5b517ea76ac8\"},\"headline\":\"O Fogo, a centelha divina da humanidade\",\"datePublished\":\"2025-09-24T09:16:39+00:00\",\"mainEntityOfPage\":{\"@id\":\"https:\/\/www.notibras.com\/site\/o-fogo-a-centelha-divina-da-humanidade\/\"},\"wordCount\":779,\"publisher\":{\"@id\":\"https:\/\/www.notibras.com\/site\/#organization\"},\"image\":{\"@id\":\"https:\/\/www.notibras.com\/site\/o-fogo-a-centelha-divina-da-humanidade\/#primaryimage\"},\"thumbnailUrl\":\"https:\/\/www.notibras.com\/site\/wp-content\/uploads\/2025\/09\/09895824-2948-4f60-8867-dba668399fbf.jpeg\",\"articleSection\":[\"Or\u00e1culos\"],\"inLanguage\":\"pt-BR\"},{\"@type\":\"WebPage\",\"@id\":\"https:\/\/www.notibras.com\/site\/o-fogo-a-centelha-divina-da-humanidade\/\",\"url\":\"https:\/\/www.notibras.com\/site\/o-fogo-a-centelha-divina-da-humanidade\/\",\"name\":\"O Fogo, a centelha divina da humanidade - Notibras\",\"isPartOf\":{\"@id\":\"https:\/\/www.notibras.com\/site\/#website\"},\"primaryImageOfPage\":{\"@id\":\"https:\/\/www.notibras.com\/site\/o-fogo-a-centelha-divina-da-humanidade\/#primaryimage\"},\"image\":{\"@id\":\"https:\/\/www.notibras.com\/site\/o-fogo-a-centelha-divina-da-humanidade\/#primaryimage\"},\"thumbnailUrl\":\"https:\/\/www.notibras.com\/site\/wp-content\/uploads\/2025\/09\/09895824-2948-4f60-8867-dba668399fbf.jpeg\",\"datePublished\":\"2025-09-24T09:16:39+00:00\",\"breadcrumb\":{\"@id\":\"https:\/\/www.notibras.com\/site\/o-fogo-a-centelha-divina-da-humanidade\/#breadcrumb\"},\"inLanguage\":\"pt-BR\",\"potentialAction\":[{\"@type\":\"ReadAction\",\"target\":[\"https:\/\/www.notibras.com\/site\/o-fogo-a-centelha-divina-da-humanidade\/\"]}]},{\"@type\":\"ImageObject\",\"inLanguage\":\"pt-BR\",\"@id\":\"https:\/\/www.notibras.com\/site\/o-fogo-a-centelha-divina-da-humanidade\/#primaryimage\",\"url\":\"https:\/\/www.notibras.com\/site\/wp-content\/uploads\/2025\/09\/09895824-2948-4f60-8867-dba668399fbf.jpeg\",\"contentUrl\":\"https:\/\/www.notibras.com\/site\/wp-content\/uploads\/2025\/09\/09895824-2948-4f60-8867-dba668399fbf.jpeg\",\"width\":1200,\"height\":1200},{\"@type\":\"BreadcrumbList\",\"@id\":\"https:\/\/www.notibras.com\/site\/o-fogo-a-centelha-divina-da-humanidade\/#breadcrumb\",\"itemListElement\":[{\"@type\":\"ListItem\",\"position\":1,\"name\":\"In\u00edcio\",\"item\":\"https:\/\/www.notibras.com\/site\/\"},{\"@type\":\"ListItem\",\"position\":2,\"name\":\"O Fogo, a centelha divina da humanidade\"}]},{\"@type\":\"WebSite\",\"@id\":\"https:\/\/www.notibras.com\/site\/#website\",\"url\":\"https:\/\/www.notibras.com\/site\/\",\"name\":\"Notibras\",\"description\":\"Not\u00edcias de Bras\u00edlia, do Brasil e do Mundo\",\"publisher\":{\"@id\":\"https:\/\/www.notibras.com\/site\/#organization\"},\"potentialAction\":[{\"@type\":\"SearchAction\",\"target\":{\"@type\":\"EntryPoint\",\"urlTemplate\":\"https:\/\/www.notibras.com\/site\/?s={search_term_string}\"},\"query-input\":{\"@type\":\"PropertyValueSpecification\",\"valueRequired\":true,\"valueName\":\"search_term_string\"}}],\"inLanguage\":\"pt-BR\"},{\"@type\":\"Organization\",\"@id\":\"https:\/\/www.notibras.com\/site\/#organization\",\"name\":\"Grupo Notibras de Comunica\u00e7\u00e3o\",\"url\":\"https:\/\/www.notibras.com\/site\/\",\"logo\":{\"@type\":\"ImageObject\",\"inLanguage\":\"pt-BR\",\"@id\":\"https:\/\/www.notibras.com\/site\/#\/schema\/logo\/image\/\",\"url\":\"https:\/\/www.notibras.com\/site\/wp-content\/uploads\/2023\/01\/notibras23.png\",\"contentUrl\":\"https:\/\/www.notibras.com\/site\/wp-content\/uploads\/2023\/01\/notibras23.png\",\"width\":350,\"height\":87,\"caption\":\"Grupo Notibras de Comunica\u00e7\u00e3o\"},\"image\":{\"@id\":\"https:\/\/www.notibras.com\/site\/#\/schema\/logo\/image\/\"},\"sameAs\":[\"https:\/\/www.facebook.com\/notibras\/\",\"https:\/\/x.com\/Notibras\",\"https:\/\/www.instagram.com\/notibras\/\"]},{\"@type\":\"Person\",\"@id\":\"https:\/\/www.notibras.com\/site\/#\/schema\/person\/36ab0979449956132d3e5b517ea76ac8\",\"name\":\"Reda\u00e7\u00e3o\",\"image\":{\"@type\":\"ImageObject\",\"inLanguage\":\"pt-BR\",\"@id\":\"https:\/\/secure.gravatar.com\/avatar\/e0a867bdedb85fd243eadf09663511f96fc81e0720a4a42581f334ad4303aa6b?s=96&d=mm&r=g\",\"url\":\"https:\/\/secure.gravatar.com\/avatar\/e0a867bdedb85fd243eadf09663511f96fc81e0720a4a42581f334ad4303aa6b?s=96&d=mm&r=g\",\"contentUrl\":\"https:\/\/secure.gravatar.com\/avatar\/e0a867bdedb85fd243eadf09663511f96fc81e0720a4a42581f334ad4303aa6b?s=96&d=mm&r=g\",\"caption\":\"Reda\u00e7\u00e3o\"}}]}<\/script>\n<!-- \/ Yoast SEO plugin. -->","yoast_head_json":{"title":"O Fogo, a centelha divina da humanidade - Notibras","robots":{"index":"index","follow":"follow","max-snippet":"max-snippet:-1","max-image-preview":"max-image-preview:large","max-video-preview":"max-video-preview:-1"},"canonical":"https:\/\/www.notibras.com\/site\/o-fogo-a-centelha-divina-da-humanidade\/","og_locale":"pt_BR","og_type":"article","og_title":"O Fogo, a centelha divina da humanidade - Notibras","og_description":"Dentre os Quatro Elementos da Natureza, o Fogo representa a for\u00e7a transformadora, a luz da consci\u00eancia, o poder de transmutar a mat\u00e9ria e o elo entre o mundo humano e o divino. O Fogo aquece e consome, ilumina e revela, destr\u00f3i para possibilitar um renascimento. Presente nas cosmologias v\u00e9dicas, eg\u00edpcias, greco-romanas e nas tradi\u00e7\u00f5es herm\u00e9ticas, [&hellip;]","og_url":"https:\/\/www.notibras.com\/site\/o-fogo-a-centelha-divina-da-humanidade\/","og_site_name":"Notibras","article_publisher":"https:\/\/www.facebook.com\/notibras\/","article_published_time":"2025-09-24T09:16:39+00:00","og_image":[{"width":1200,"height":1200,"url":"https:\/\/www.notibras.com\/site\/wp-content\/uploads\/2025\/09\/09895824-2948-4f60-8867-dba668399fbf.jpeg","type":"image\/jpeg"}],"author":"Reda\u00e7\u00e3o","twitter_card":"summary_large_image","twitter_creator":"@Notibras","twitter_site":"@Notibras","twitter_misc":{"Escrito por":"Reda\u00e7\u00e3o","Est. tempo de leitura":"5 minutos"},"schema":{"@context":"https:\/\/schema.org","@graph":[{"@type":"Article","@id":"https:\/\/www.notibras.com\/site\/o-fogo-a-centelha-divina-da-humanidade\/#article","isPartOf":{"@id":"https:\/\/www.notibras.com\/site\/o-fogo-a-centelha-divina-da-humanidade\/"},"author":{"name":"Reda\u00e7\u00e3o","@id":"https:\/\/www.notibras.com\/site\/#\/schema\/person\/36ab0979449956132d3e5b517ea76ac8"},"headline":"O Fogo, a centelha divina da humanidade","datePublished":"2025-09-24T09:16:39+00:00","mainEntityOfPage":{"@id":"https:\/\/www.notibras.com\/site\/o-fogo-a-centelha-divina-da-humanidade\/"},"wordCount":779,"publisher":{"@id":"https:\/\/www.notibras.com\/site\/#organization"},"image":{"@id":"https:\/\/www.notibras.com\/site\/o-fogo-a-centelha-divina-da-humanidade\/#primaryimage"},"thumbnailUrl":"https:\/\/www.notibras.com\/site\/wp-content\/uploads\/2025\/09\/09895824-2948-4f60-8867-dba668399fbf.jpeg","articleSection":["Or\u00e1culos"],"inLanguage":"pt-BR"},{"@type":"WebPage","@id":"https:\/\/www.notibras.com\/site\/o-fogo-a-centelha-divina-da-humanidade\/","url":"https:\/\/www.notibras.com\/site\/o-fogo-a-centelha-divina-da-humanidade\/","name":"O Fogo, a centelha divina da humanidade - Notibras","isPartOf":{"@id":"https:\/\/www.notibras.com\/site\/#website"},"primaryImageOfPage":{"@id":"https:\/\/www.notibras.com\/site\/o-fogo-a-centelha-divina-da-humanidade\/#primaryimage"},"image":{"@id":"https:\/\/www.notibras.com\/site\/o-fogo-a-centelha-divina-da-humanidade\/#primaryimage"},"thumbnailUrl":"https:\/\/www.notibras.com\/site\/wp-content\/uploads\/2025\/09\/09895824-2948-4f60-8867-dba668399fbf.jpeg","datePublished":"2025-09-24T09:16:39+00:00","breadcrumb":{"@id":"https:\/\/www.notibras.com\/site\/o-fogo-a-centelha-divina-da-humanidade\/#breadcrumb"},"inLanguage":"pt-BR","potentialAction":[{"@type":"ReadAction","target":["https:\/\/www.notibras.com\/site\/o-fogo-a-centelha-divina-da-humanidade\/"]}]},{"@type":"ImageObject","inLanguage":"pt-BR","@id":"https:\/\/www.notibras.com\/site\/o-fogo-a-centelha-divina-da-humanidade\/#primaryimage","url":"https:\/\/www.notibras.com\/site\/wp-content\/uploads\/2025\/09\/09895824-2948-4f60-8867-dba668399fbf.jpeg","contentUrl":"https:\/\/www.notibras.com\/site\/wp-content\/uploads\/2025\/09\/09895824-2948-4f60-8867-dba668399fbf.jpeg","width":1200,"height":1200},{"@type":"BreadcrumbList","@id":"https:\/\/www.notibras.com\/site\/o-fogo-a-centelha-divina-da-humanidade\/#breadcrumb","itemListElement":[{"@type":"ListItem","position":1,"name":"In\u00edcio","item":"https:\/\/www.notibras.com\/site\/"},{"@type":"ListItem","position":2,"name":"O Fogo, a centelha divina da humanidade"}]},{"@type":"WebSite","@id":"https:\/\/www.notibras.com\/site\/#website","url":"https:\/\/www.notibras.com\/site\/","name":"Notibras","description":"Not\u00edcias de Bras\u00edlia, do Brasil e do Mundo","publisher":{"@id":"https:\/\/www.notibras.com\/site\/#organization"},"potentialAction":[{"@type":"SearchAction","target":{"@type":"EntryPoint","urlTemplate":"https:\/\/www.notibras.com\/site\/?s={search_term_string}"},"query-input":{"@type":"PropertyValueSpecification","valueRequired":true,"valueName":"search_term_string"}}],"inLanguage":"pt-BR"},{"@type":"Organization","@id":"https:\/\/www.notibras.com\/site\/#organization","name":"Grupo Notibras de Comunica\u00e7\u00e3o","url":"https:\/\/www.notibras.com\/site\/","logo":{"@type":"ImageObject","inLanguage":"pt-BR","@id":"https:\/\/www.notibras.com\/site\/#\/schema\/logo\/image\/","url":"https:\/\/www.notibras.com\/site\/wp-content\/uploads\/2023\/01\/notibras23.png","contentUrl":"https:\/\/www.notibras.com\/site\/wp-content\/uploads\/2023\/01\/notibras23.png","width":350,"height":87,"caption":"Grupo Notibras de Comunica\u00e7\u00e3o"},"image":{"@id":"https:\/\/www.notibras.com\/site\/#\/schema\/logo\/image\/"},"sameAs":["https:\/\/www.facebook.com\/notibras\/","https:\/\/x.com\/Notibras","https:\/\/www.instagram.com\/notibras\/"]},{"@type":"Person","@id":"https:\/\/www.notibras.com\/site\/#\/schema\/person\/36ab0979449956132d3e5b517ea76ac8","name":"Reda\u00e7\u00e3o","image":{"@type":"ImageObject","inLanguage":"pt-BR","@id":"https:\/\/secure.gravatar.com\/avatar\/e0a867bdedb85fd243eadf09663511f96fc81e0720a4a42581f334ad4303aa6b?s=96&d=mm&r=g","url":"https:\/\/secure.gravatar.com\/avatar\/e0a867bdedb85fd243eadf09663511f96fc81e0720a4a42581f334ad4303aa6b?s=96&d=mm&r=g","contentUrl":"https:\/\/secure.gravatar.com\/avatar\/e0a867bdedb85fd243eadf09663511f96fc81e0720a4a42581f334ad4303aa6b?s=96&d=mm&r=g","caption":"Reda\u00e7\u00e3o"}}]}},"amp_enabled":true,"_links":{"self":[{"href":"https:\/\/www.notibras.com\/site\/wp-json\/wp\/v2\/posts\/365162","targetHints":{"allow":["GET"]}}],"collection":[{"href":"https:\/\/www.notibras.com\/site\/wp-json\/wp\/v2\/posts"}],"about":[{"href":"https:\/\/www.notibras.com\/site\/wp-json\/wp\/v2\/types\/post"}],"author":[{"embeddable":true,"href":"https:\/\/www.notibras.com\/site\/wp-json\/wp\/v2\/users\/2"}],"replies":[{"embeddable":true,"href":"https:\/\/www.notibras.com\/site\/wp-json\/wp\/v2\/comments?post=365162"}],"version-history":[{"count":1,"href":"https:\/\/www.notibras.com\/site\/wp-json\/wp\/v2\/posts\/365162\/revisions"}],"predecessor-version":[{"id":365164,"href":"https:\/\/www.notibras.com\/site\/wp-json\/wp\/v2\/posts\/365162\/revisions\/365164"}],"wp:featuredmedia":[{"embeddable":true,"href":"https:\/\/www.notibras.com\/site\/wp-json\/wp\/v2\/media\/365163"}],"wp:attachment":[{"href":"https:\/\/www.notibras.com\/site\/wp-json\/wp\/v2\/media?parent=365162"}],"wp:term":[{"taxonomy":"category","embeddable":true,"href":"https:\/\/www.notibras.com\/site\/wp-json\/wp\/v2\/categories?post=365162"},{"taxonomy":"post_tag","embeddable":true,"href":"https:\/\/www.notibras.com\/site\/wp-json\/wp\/v2\/tags?post=365162"}],"curies":[{"name":"wp","href":"https:\/\/api.w.org\/{rel}","templated":true}]}}