{"id":36530,"date":"2015-02-10T05:56:43","date_gmt":"2015-02-10T08:56:43","guid":{"rendered":"http:\/\/www.notibras.com\/site\/?p=36530"},"modified":"2015-02-10T11:54:43","modified_gmt":"2015-02-10T14:54:43","slug":"impeachment-coloca-o-bloco-na-rua-na-semana-pre-carnavalesca","status":"publish","type":"post","link":"https:\/\/www.notibras.com\/site\/impeachment-coloca-o-bloco-na-rua-na-semana-pre-carnavalesca\/","title":{"rendered":"Impeachment coloca o bloco na rua na semana pr\u00e9-carnavalesca"},"content":{"rendered":"<p>A segunda-feira costuma ser de serenidade nos corredores, nos gabinetes e nos plen\u00e1rios do Congresso Nacional, mas a semana pr\u00e9-carnavalesca come\u00e7ou agitada no meio pol\u00edtico. Foi o que se viu, em particular, no Senado, onde, num discurso que provocou a rea\u00e7\u00e3o dos colegas, o l\u00edder do PSDB C\u00e1ssio Cunha Lima (PB), disse que n\u00e3o se pode falar em &#8220;golpismo&#8221; ou ter &#8220;arrepios&#8221; quando se menciona a palavra impeachment.<\/p>\n<p>&#8211; Trata-se de uma possibilidade prevista na Constitui\u00e7\u00e3o e est\u00e1 sendo citada pelo povo, alertou o tucano. C\u00e1ssio, entretanto, ressaltou que a simples queda de popularidade de Dilma n\u00e3o pode ser a justificativa para um impeachment, acrescentando que a crise \u00e9 grave devido \u00e0 &#8220;letargia&#8221; do governo.<\/p>\n<p>O discurso gerou rea\u00e7\u00e3o imediata do senador Lindbergh Farias (PT-RJ), que acusou os tucanos de serem &#8220;maus perdedores&#8221;. O petista foi l\u00edder do movimento pelo impeachment do ent\u00e3o presidente Fernando Collor, hoje l\u00edder do PTB no Senado. Irritado, Lindbergh disse que n\u00e3o era golpista na \u00e9poca e que naquela ocasi\u00e3o havia fatos concretos.<\/p>\n<p>C\u00e1ssio Cunha Lima disse que falar em impeachment da presidente Dilma Rousseff n\u00e3o pode causar &#8220;arrepios&#8221;, alegando que quem fala nisso \u00e9 o &#8220;povo&#8221; e n\u00e3o a oposi\u00e7\u00e3o.Ele criticou a escolha de Aldemir Bendine para presidir a Petrobras. O tucano chamou Bendine de &#8220;tarefeiro do PT&#8221;.<\/p>\n<blockquote><p>\u2014 N\u00e3o se pode falar em golpismo quando se fala a palavra impeachment. Est\u00e1 na Constitui\u00e7\u00e3o. E a Constitui\u00e7\u00e3o tem que ser cumprida em todas as suas letras. Ao pronunciar a palavra n\u00e3o pode haver arrepios ou nem sequer rea\u00e7\u00f5es que podem ser traduzidas como golpistas. N\u00e3o estamos falando nisso. Mas quem fala nisso, e em tom cada vez mais alto, \u00e9 o povo brasileiro. Cabe-nos serenidade e cobran\u00e7a cr\u00edtica ao governo. N\u00e3o ser\u00e1 no isolamento que a presidente encontrar\u00e1 a sa\u00edda para este instante grave, disse.<\/p><\/blockquote>\n<p>Segundo o l\u00edder do PSDB, &#8220;queda de popularidade n\u00e3o est\u00e1 na Constitui\u00e7\u00e3o como causa para impeachment. A quest\u00e3o n\u00e3o \u00e9 essa. \u00c9 um conjunto de fatores que leva \u00e0 popula\u00e7\u00e3o a mencionar, cada vez mais, isso que est\u00e1 na Constitui\u00e7\u00e3o. N\u00e3o estamos aqui para brincar em momento t\u00e3o grave<\/p>\n<p>O tucano criticou o apoio dado pelo PT na sexta-feira, em sua festa de 35 anos, ao tesoureiro Jo\u00e3o Vaccari Neto, investigado no esc\u00e2ndalo da Petrobras.<\/p>\n<p>\u2014 Chama aten\u00e7\u00e3o a letargia na Petrobras, um governo que n\u00e3o tem capacidade de a\u00e7\u00e3o e de rea\u00e7\u00e3o. O governo fez talvez a pior escolha, porque n\u00e3o escolheu nada al\u00e9m do que um tarefeiro para tentar limpar a cena do crime da Petrobras. \u00c9 com que tristeza vejo o PT se afundar nesse po\u00e7o, n\u00e3o de petr\u00f3leo, mas de lama \u2014 alfinetou o l\u00edder do PSDB.<\/p>\n<p>L\u00edder dos chamados &#8220;cara-pintadas&#8221; na d\u00e9cada de 90, o petista Lindbergh ficou irritado com o discurso. Ele disse que a oposi\u00e7\u00e3o est\u00e1 estimulando algumas manifesta\u00e7\u00f5es, que seriam golpistas por defenderem, at\u00e9, a volta da ditadura.<\/p>\n<p>\u2014 Voc\u00eas est\u00e3o sendo maus perdedores. Falar em impeachment depois de um processo eleitoral democr\u00e1tico \u00e9 golpista. O que estou vendo aqui \u00e9 grito de quem perdeu a elei\u00e7\u00e3o e n\u00e3o est\u00e1 querendo aceitar o resultado. N\u00e3o se pode acusar o povo de golpista, mas tem uma minoria golpista se organizando sim. E estimulados pelo PSDB, que questionaram as elei\u00e7\u00f5es. Acho vergonhoso. Tenho visto uma minoria golpista, afirmou, reagindo quando lembrado que j\u00e1 defendeu o impeachment de Fernando Collor. &#8220;Defendi o impechment porque havia casos que justificavam o impeachment, existiam fatos concretos. Agora, n\u00e3o h\u00e1 nada. Voc\u00ea est\u00e3o sendo maus perdedores. A situa\u00e7\u00e3o do Collor era completamente diferente. Aqui, \u00e9 grito de perdedor.&#8221;<\/p>\n<p>A senadora Gleisi Hoffmann (PT-PR) disse que a quest\u00e3o do impeachment estava sendo tratada de forma &#8220;leviana&#8221;. Mas ela admitiu que o governo Dilma Rousseff tem falhas de comunica\u00e7\u00e3o.<\/p>\n<p>\u2014 Temos sim problemas de comunica\u00e7\u00e3o: \u00e9 um governo que faz muito e comunica pouco, disse.<\/p>\n<p>O l\u00edder do PDT no Senado, Cristovam Buarque (DF), disse que a palavra impeachment est\u00e1 &#8220;na boca do povo&#8221;, concordando com o l\u00edder do PSDB.<\/p>\n<p>\u2014 A palavra impeachment n\u00e3o deve causar arrepio, porque est\u00e1 na Constitui\u00e7\u00e3o, mas o que causa arrepio \u00e9 que est\u00e1 na boca do povo. Mas n\u00e3o adianta tentar silenciar, tentar silenciar \u00e9 que \u00e9 golpismo. A palavra n\u00e3o chegou na boca do povo insuflada pelas oposi\u00e7\u00f5es e sim pelos equ\u00edvocos de governo. E estou assustado. A presidente Dilma falou em di\u00e1logo pela \u00faltima vez no dia da vit\u00f3ria dela. E sabe-se que n\u00e3o \u00e9 para valer, assinalou.<\/p>\n","protected":false},"excerpt":{"rendered":"<p>A segunda-feira costuma ser de serenidade nos corredores, nos gabinetes e nos plen\u00e1rios do Congresso Nacional, mas a semana pr\u00e9-carnavalesca come\u00e7ou agitada no meio pol\u00edtico. Foi o que se viu, em particular, no Senado, onde, num discurso que provocou a rea\u00e7\u00e3o dos colegas, o l\u00edder do PSDB C\u00e1ssio Cunha Lima (PB), disse que n\u00e3o se [&hellip;]<\/p>\n","protected":false},"author":2,"featured_media":36531,"comment_status":"open","ping_status":"closed","sticky":false,"template":"","format":"standard","meta":{"_acf_changed":false,"footnotes":""},"categories":[16],"tags":[],"class_list":["post-36530","post","type-post","status-publish","format-standard","has-post-thumbnail","hentry","category-brasil"],"acf":[],"yoast_head":"<!-- This site is optimized with the Yoast SEO plugin v27.2 - https:\/\/yoast.com\/product\/yoast-seo-wordpress\/ -->\n<title>Impeachment coloca o bloco na rua na semana pr\u00e9-carnavalesca - Notibras<\/title>\n<meta name=\"robots\" content=\"index, follow, max-snippet:-1, max-image-preview:large, max-video-preview:-1\" \/>\n<link rel=\"canonical\" href=\"https:\/\/www.notibras.com\/site\/impeachment-coloca-o-bloco-na-rua-na-semana-pre-carnavalesca\/\" \/>\n<meta property=\"og:locale\" content=\"pt_BR\" \/>\n<meta property=\"og:type\" content=\"article\" \/>\n<meta property=\"og:title\" content=\"Impeachment coloca o bloco na rua na semana pr\u00e9-carnavalesca - Notibras\" \/>\n<meta property=\"og:description\" content=\"A segunda-feira costuma ser de serenidade nos corredores, nos gabinetes e nos plen\u00e1rios do Congresso Nacional, mas a semana pr\u00e9-carnavalesca come\u00e7ou agitada no meio pol\u00edtico. Foi o que se viu, em particular, no Senado, onde, num discurso que provocou a rea\u00e7\u00e3o dos colegas, o l\u00edder do PSDB C\u00e1ssio Cunha Lima (PB), disse que n\u00e3o se [&hellip;]\" \/>\n<meta property=\"og:url\" content=\"https:\/\/www.notibras.com\/site\/impeachment-coloca-o-bloco-na-rua-na-semana-pre-carnavalesca\/\" \/>\n<meta property=\"og:site_name\" content=\"Notibras\" \/>\n<meta property=\"article:publisher\" content=\"https:\/\/www.facebook.com\/notibras\/\" \/>\n<meta property=\"article:published_time\" content=\"2015-02-10T08:56:43+00:00\" \/>\n<meta property=\"article:modified_time\" content=\"2015-02-10T14:54:43+00:00\" \/>\n<meta property=\"og:image\" content=\"https:\/\/www.notibras.com\/site\/wp-content\/uploads\/2015\/02\/O-Senador-Cassio-Cunha-Lima-PSDB-PB-durante-seu-discurso-no-P.jpg\" \/>\n\t<meta property=\"og:image:width\" content=\"699\" \/>\n\t<meta property=\"og:image:height\" content=\"420\" \/>\n\t<meta property=\"og:image:type\" content=\"image\/jpeg\" \/>\n<meta name=\"author\" content=\"Reda\u00e7\u00e3o\" \/>\n<meta name=\"twitter:card\" content=\"summary_large_image\" \/>\n<meta name=\"twitter:creator\" content=\"@Notibras\" \/>\n<meta name=\"twitter:site\" content=\"@Notibras\" \/>\n<meta name=\"twitter:label1\" content=\"Escrito por\" \/>\n\t<meta name=\"twitter:data1\" content=\"Reda\u00e7\u00e3o\" \/>\n\t<meta name=\"twitter:label2\" content=\"Est. tempo de leitura\" \/>\n\t<meta name=\"twitter:data2\" content=\"4 minutos\" \/>\n<script type=\"application\/ld+json\" class=\"yoast-schema-graph\">{\"@context\":\"https:\/\/schema.org\",\"@graph\":[{\"@type\":\"Article\",\"@id\":\"https:\/\/www.notibras.com\/site\/impeachment-coloca-o-bloco-na-rua-na-semana-pre-carnavalesca\/#article\",\"isPartOf\":{\"@id\":\"https:\/\/www.notibras.com\/site\/impeachment-coloca-o-bloco-na-rua-na-semana-pre-carnavalesca\/\"},\"author\":{\"name\":\"Reda\u00e7\u00e3o\",\"@id\":\"https:\/\/www.notibras.com\/site\/#\/schema\/person\/36ab0979449956132d3e5b517ea76ac8\"},\"headline\":\"Impeachment coloca o bloco na rua na semana pr\u00e9-carnavalesca\",\"datePublished\":\"2015-02-10T08:56:43+00:00\",\"dateModified\":\"2015-02-10T14:54:43+00:00\",\"mainEntityOfPage\":{\"@id\":\"https:\/\/www.notibras.com\/site\/impeachment-coloca-o-bloco-na-rua-na-semana-pre-carnavalesca\/\"},\"wordCount\":804,\"commentCount\":0,\"publisher\":{\"@id\":\"https:\/\/www.notibras.com\/site\/#organization\"},\"image\":{\"@id\":\"https:\/\/www.notibras.com\/site\/impeachment-coloca-o-bloco-na-rua-na-semana-pre-carnavalesca\/#primaryimage\"},\"thumbnailUrl\":\"https:\/\/www.notibras.com\/site\/wp-content\/uploads\/2015\/02\/O-Senador-Cassio-Cunha-Lima-PSDB-PB-durante-seu-discurso-no-P.jpg\",\"articleSection\":[\"Brasil\"],\"inLanguage\":\"pt-BR\",\"potentialAction\":[{\"@type\":\"CommentAction\",\"name\":\"Comment\",\"target\":[\"https:\/\/www.notibras.com\/site\/impeachment-coloca-o-bloco-na-rua-na-semana-pre-carnavalesca\/#respond\"]}]},{\"@type\":\"WebPage\",\"@id\":\"https:\/\/www.notibras.com\/site\/impeachment-coloca-o-bloco-na-rua-na-semana-pre-carnavalesca\/\",\"url\":\"https:\/\/www.notibras.com\/site\/impeachment-coloca-o-bloco-na-rua-na-semana-pre-carnavalesca\/\",\"name\":\"Impeachment coloca o bloco na rua na semana pr\u00e9-carnavalesca - Notibras\",\"isPartOf\":{\"@id\":\"https:\/\/www.notibras.com\/site\/#website\"},\"primaryImageOfPage\":{\"@id\":\"https:\/\/www.notibras.com\/site\/impeachment-coloca-o-bloco-na-rua-na-semana-pre-carnavalesca\/#primaryimage\"},\"image\":{\"@id\":\"https:\/\/www.notibras.com\/site\/impeachment-coloca-o-bloco-na-rua-na-semana-pre-carnavalesca\/#primaryimage\"},\"thumbnailUrl\":\"https:\/\/www.notibras.com\/site\/wp-content\/uploads\/2015\/02\/O-Senador-Cassio-Cunha-Lima-PSDB-PB-durante-seu-discurso-no-P.jpg\",\"datePublished\":\"2015-02-10T08:56:43+00:00\",\"dateModified\":\"2015-02-10T14:54:43+00:00\",\"breadcrumb\":{\"@id\":\"https:\/\/www.notibras.com\/site\/impeachment-coloca-o-bloco-na-rua-na-semana-pre-carnavalesca\/#breadcrumb\"},\"inLanguage\":\"pt-BR\",\"potentialAction\":[{\"@type\":\"ReadAction\",\"target\":[\"https:\/\/www.notibras.com\/site\/impeachment-coloca-o-bloco-na-rua-na-semana-pre-carnavalesca\/\"]}]},{\"@type\":\"ImageObject\",\"inLanguage\":\"pt-BR\",\"@id\":\"https:\/\/www.notibras.com\/site\/impeachment-coloca-o-bloco-na-rua-na-semana-pre-carnavalesca\/#primaryimage\",\"url\":\"https:\/\/www.notibras.com\/site\/wp-content\/uploads\/2015\/02\/O-Senador-Cassio-Cunha-Lima-PSDB-PB-durante-seu-discurso-no-P.jpg\",\"contentUrl\":\"https:\/\/www.notibras.com\/site\/wp-content\/uploads\/2015\/02\/O-Senador-Cassio-Cunha-Lima-PSDB-PB-durante-seu-discurso-no-P.jpg\",\"width\":699,\"height\":420},{\"@type\":\"BreadcrumbList\",\"@id\":\"https:\/\/www.notibras.com\/site\/impeachment-coloca-o-bloco-na-rua-na-semana-pre-carnavalesca\/#breadcrumb\",\"itemListElement\":[{\"@type\":\"ListItem\",\"position\":1,\"name\":\"In\u00edcio\",\"item\":\"https:\/\/www.notibras.com\/site\/\"},{\"@type\":\"ListItem\",\"position\":2,\"name\":\"Impeachment coloca o bloco na rua na semana pr\u00e9-carnavalesca\"}]},{\"@type\":\"WebSite\",\"@id\":\"https:\/\/www.notibras.com\/site\/#website\",\"url\":\"https:\/\/www.notibras.com\/site\/\",\"name\":\"Notibras\",\"description\":\"Not\u00edcias de Bras\u00edlia, do Brasil e do Mundo\",\"publisher\":{\"@id\":\"https:\/\/www.notibras.com\/site\/#organization\"},\"potentialAction\":[{\"@type\":\"SearchAction\",\"target\":{\"@type\":\"EntryPoint\",\"urlTemplate\":\"https:\/\/www.notibras.com\/site\/?s={search_term_string}\"},\"query-input\":{\"@type\":\"PropertyValueSpecification\",\"valueRequired\":true,\"valueName\":\"search_term_string\"}}],\"inLanguage\":\"pt-BR\"},{\"@type\":\"Organization\",\"@id\":\"https:\/\/www.notibras.com\/site\/#organization\",\"name\":\"Grupo Notibras de Comunica\u00e7\u00e3o\",\"url\":\"https:\/\/www.notibras.com\/site\/\",\"logo\":{\"@type\":\"ImageObject\",\"inLanguage\":\"pt-BR\",\"@id\":\"https:\/\/www.notibras.com\/site\/#\/schema\/logo\/image\/\",\"url\":\"https:\/\/www.notibras.com\/site\/wp-content\/uploads\/2023\/01\/notibras23.png\",\"contentUrl\":\"https:\/\/www.notibras.com\/site\/wp-content\/uploads\/2023\/01\/notibras23.png\",\"width\":350,\"height\":87,\"caption\":\"Grupo Notibras de Comunica\u00e7\u00e3o\"},\"image\":{\"@id\":\"https:\/\/www.notibras.com\/site\/#\/schema\/logo\/image\/\"},\"sameAs\":[\"https:\/\/www.facebook.com\/notibras\/\",\"https:\/\/x.com\/Notibras\",\"https:\/\/www.instagram.com\/notibras\/\"]},{\"@type\":\"Person\",\"@id\":\"https:\/\/www.notibras.com\/site\/#\/schema\/person\/36ab0979449956132d3e5b517ea76ac8\",\"name\":\"Reda\u00e7\u00e3o\",\"image\":{\"@type\":\"ImageObject\",\"inLanguage\":\"pt-BR\",\"@id\":\"https:\/\/secure.gravatar.com\/avatar\/e0a867bdedb85fd243eadf09663511f96fc81e0720a4a42581f334ad4303aa6b?s=96&d=mm&r=g\",\"url\":\"https:\/\/secure.gravatar.com\/avatar\/e0a867bdedb85fd243eadf09663511f96fc81e0720a4a42581f334ad4303aa6b?s=96&d=mm&r=g\",\"contentUrl\":\"https:\/\/secure.gravatar.com\/avatar\/e0a867bdedb85fd243eadf09663511f96fc81e0720a4a42581f334ad4303aa6b?s=96&d=mm&r=g\",\"caption\":\"Reda\u00e7\u00e3o\"}}]}<\/script>\n<!-- \/ Yoast SEO plugin. -->","yoast_head_json":{"title":"Impeachment coloca o bloco na rua na semana pr\u00e9-carnavalesca - Notibras","robots":{"index":"index","follow":"follow","max-snippet":"max-snippet:-1","max-image-preview":"max-image-preview:large","max-video-preview":"max-video-preview:-1"},"canonical":"https:\/\/www.notibras.com\/site\/impeachment-coloca-o-bloco-na-rua-na-semana-pre-carnavalesca\/","og_locale":"pt_BR","og_type":"article","og_title":"Impeachment coloca o bloco na rua na semana pr\u00e9-carnavalesca - Notibras","og_description":"A segunda-feira costuma ser de serenidade nos corredores, nos gabinetes e nos plen\u00e1rios do Congresso Nacional, mas a semana pr\u00e9-carnavalesca come\u00e7ou agitada no meio pol\u00edtico. Foi o que se viu, em particular, no Senado, onde, num discurso que provocou a rea\u00e7\u00e3o dos colegas, o l\u00edder do PSDB C\u00e1ssio Cunha Lima (PB), disse que n\u00e3o se [&hellip;]","og_url":"https:\/\/www.notibras.com\/site\/impeachment-coloca-o-bloco-na-rua-na-semana-pre-carnavalesca\/","og_site_name":"Notibras","article_publisher":"https:\/\/www.facebook.com\/notibras\/","article_published_time":"2015-02-10T08:56:43+00:00","article_modified_time":"2015-02-10T14:54:43+00:00","og_image":[{"width":699,"height":420,"url":"https:\/\/www.notibras.com\/site\/wp-content\/uploads\/2015\/02\/O-Senador-Cassio-Cunha-Lima-PSDB-PB-durante-seu-discurso-no-P.jpg","type":"image\/jpeg"}],"author":"Reda\u00e7\u00e3o","twitter_card":"summary_large_image","twitter_creator":"@Notibras","twitter_site":"@Notibras","twitter_misc":{"Escrito por":"Reda\u00e7\u00e3o","Est. tempo de leitura":"4 minutos"},"schema":{"@context":"https:\/\/schema.org","@graph":[{"@type":"Article","@id":"https:\/\/www.notibras.com\/site\/impeachment-coloca-o-bloco-na-rua-na-semana-pre-carnavalesca\/#article","isPartOf":{"@id":"https:\/\/www.notibras.com\/site\/impeachment-coloca-o-bloco-na-rua-na-semana-pre-carnavalesca\/"},"author":{"name":"Reda\u00e7\u00e3o","@id":"https:\/\/www.notibras.com\/site\/#\/schema\/person\/36ab0979449956132d3e5b517ea76ac8"},"headline":"Impeachment coloca o bloco na rua na semana pr\u00e9-carnavalesca","datePublished":"2015-02-10T08:56:43+00:00","dateModified":"2015-02-10T14:54:43+00:00","mainEntityOfPage":{"@id":"https:\/\/www.notibras.com\/site\/impeachment-coloca-o-bloco-na-rua-na-semana-pre-carnavalesca\/"},"wordCount":804,"commentCount":0,"publisher":{"@id":"https:\/\/www.notibras.com\/site\/#organization"},"image":{"@id":"https:\/\/www.notibras.com\/site\/impeachment-coloca-o-bloco-na-rua-na-semana-pre-carnavalesca\/#primaryimage"},"thumbnailUrl":"https:\/\/www.notibras.com\/site\/wp-content\/uploads\/2015\/02\/O-Senador-Cassio-Cunha-Lima-PSDB-PB-durante-seu-discurso-no-P.jpg","articleSection":["Brasil"],"inLanguage":"pt-BR","potentialAction":[{"@type":"CommentAction","name":"Comment","target":["https:\/\/www.notibras.com\/site\/impeachment-coloca-o-bloco-na-rua-na-semana-pre-carnavalesca\/#respond"]}]},{"@type":"WebPage","@id":"https:\/\/www.notibras.com\/site\/impeachment-coloca-o-bloco-na-rua-na-semana-pre-carnavalesca\/","url":"https:\/\/www.notibras.com\/site\/impeachment-coloca-o-bloco-na-rua-na-semana-pre-carnavalesca\/","name":"Impeachment coloca o bloco na rua na semana pr\u00e9-carnavalesca - Notibras","isPartOf":{"@id":"https:\/\/www.notibras.com\/site\/#website"},"primaryImageOfPage":{"@id":"https:\/\/www.notibras.com\/site\/impeachment-coloca-o-bloco-na-rua-na-semana-pre-carnavalesca\/#primaryimage"},"image":{"@id":"https:\/\/www.notibras.com\/site\/impeachment-coloca-o-bloco-na-rua-na-semana-pre-carnavalesca\/#primaryimage"},"thumbnailUrl":"https:\/\/www.notibras.com\/site\/wp-content\/uploads\/2015\/02\/O-Senador-Cassio-Cunha-Lima-PSDB-PB-durante-seu-discurso-no-P.jpg","datePublished":"2015-02-10T08:56:43+00:00","dateModified":"2015-02-10T14:54:43+00:00","breadcrumb":{"@id":"https:\/\/www.notibras.com\/site\/impeachment-coloca-o-bloco-na-rua-na-semana-pre-carnavalesca\/#breadcrumb"},"inLanguage":"pt-BR","potentialAction":[{"@type":"ReadAction","target":["https:\/\/www.notibras.com\/site\/impeachment-coloca-o-bloco-na-rua-na-semana-pre-carnavalesca\/"]}]},{"@type":"ImageObject","inLanguage":"pt-BR","@id":"https:\/\/www.notibras.com\/site\/impeachment-coloca-o-bloco-na-rua-na-semana-pre-carnavalesca\/#primaryimage","url":"https:\/\/www.notibras.com\/site\/wp-content\/uploads\/2015\/02\/O-Senador-Cassio-Cunha-Lima-PSDB-PB-durante-seu-discurso-no-P.jpg","contentUrl":"https:\/\/www.notibras.com\/site\/wp-content\/uploads\/2015\/02\/O-Senador-Cassio-Cunha-Lima-PSDB-PB-durante-seu-discurso-no-P.jpg","width":699,"height":420},{"@type":"BreadcrumbList","@id":"https:\/\/www.notibras.com\/site\/impeachment-coloca-o-bloco-na-rua-na-semana-pre-carnavalesca\/#breadcrumb","itemListElement":[{"@type":"ListItem","position":1,"name":"In\u00edcio","item":"https:\/\/www.notibras.com\/site\/"},{"@type":"ListItem","position":2,"name":"Impeachment coloca o bloco na rua na semana pr\u00e9-carnavalesca"}]},{"@type":"WebSite","@id":"https:\/\/www.notibras.com\/site\/#website","url":"https:\/\/www.notibras.com\/site\/","name":"Notibras","description":"Not\u00edcias de Bras\u00edlia, do Brasil e do Mundo","publisher":{"@id":"https:\/\/www.notibras.com\/site\/#organization"},"potentialAction":[{"@type":"SearchAction","target":{"@type":"EntryPoint","urlTemplate":"https:\/\/www.notibras.com\/site\/?s={search_term_string}"},"query-input":{"@type":"PropertyValueSpecification","valueRequired":true,"valueName":"search_term_string"}}],"inLanguage":"pt-BR"},{"@type":"Organization","@id":"https:\/\/www.notibras.com\/site\/#organization","name":"Grupo Notibras de Comunica\u00e7\u00e3o","url":"https:\/\/www.notibras.com\/site\/","logo":{"@type":"ImageObject","inLanguage":"pt-BR","@id":"https:\/\/www.notibras.com\/site\/#\/schema\/logo\/image\/","url":"https:\/\/www.notibras.com\/site\/wp-content\/uploads\/2023\/01\/notibras23.png","contentUrl":"https:\/\/www.notibras.com\/site\/wp-content\/uploads\/2023\/01\/notibras23.png","width":350,"height":87,"caption":"Grupo Notibras de Comunica\u00e7\u00e3o"},"image":{"@id":"https:\/\/www.notibras.com\/site\/#\/schema\/logo\/image\/"},"sameAs":["https:\/\/www.facebook.com\/notibras\/","https:\/\/x.com\/Notibras","https:\/\/www.instagram.com\/notibras\/"]},{"@type":"Person","@id":"https:\/\/www.notibras.com\/site\/#\/schema\/person\/36ab0979449956132d3e5b517ea76ac8","name":"Reda\u00e7\u00e3o","image":{"@type":"ImageObject","inLanguage":"pt-BR","@id":"https:\/\/secure.gravatar.com\/avatar\/e0a867bdedb85fd243eadf09663511f96fc81e0720a4a42581f334ad4303aa6b?s=96&d=mm&r=g","url":"https:\/\/secure.gravatar.com\/avatar\/e0a867bdedb85fd243eadf09663511f96fc81e0720a4a42581f334ad4303aa6b?s=96&d=mm&r=g","contentUrl":"https:\/\/secure.gravatar.com\/avatar\/e0a867bdedb85fd243eadf09663511f96fc81e0720a4a42581f334ad4303aa6b?s=96&d=mm&r=g","caption":"Reda\u00e7\u00e3o"}}]}},"amp_enabled":true,"_links":{"self":[{"href":"https:\/\/www.notibras.com\/site\/wp-json\/wp\/v2\/posts\/36530","targetHints":{"allow":["GET"]}}],"collection":[{"href":"https:\/\/www.notibras.com\/site\/wp-json\/wp\/v2\/posts"}],"about":[{"href":"https:\/\/www.notibras.com\/site\/wp-json\/wp\/v2\/types\/post"}],"author":[{"embeddable":true,"href":"https:\/\/www.notibras.com\/site\/wp-json\/wp\/v2\/users\/2"}],"replies":[{"embeddable":true,"href":"https:\/\/www.notibras.com\/site\/wp-json\/wp\/v2\/comments?post=36530"}],"version-history":[{"count":0,"href":"https:\/\/www.notibras.com\/site\/wp-json\/wp\/v2\/posts\/36530\/revisions"}],"wp:featuredmedia":[{"embeddable":true,"href":"https:\/\/www.notibras.com\/site\/wp-json\/wp\/v2\/media\/36531"}],"wp:attachment":[{"href":"https:\/\/www.notibras.com\/site\/wp-json\/wp\/v2\/media?parent=36530"}],"wp:term":[{"taxonomy":"category","embeddable":true,"href":"https:\/\/www.notibras.com\/site\/wp-json\/wp\/v2\/categories?post=36530"},{"taxonomy":"post_tag","embeddable":true,"href":"https:\/\/www.notibras.com\/site\/wp-json\/wp\/v2\/tags?post=36530"}],"curies":[{"name":"wp","href":"https:\/\/api.w.org\/{rel}","templated":true}]}}