{"id":365303,"date":"2025-09-25T08:25:56","date_gmt":"2025-09-25T11:25:56","guid":{"rendered":"https:\/\/www.notibras.com\/site\/?p=365303"},"modified":"2025-09-25T08:25:56","modified_gmt":"2025-09-25T11:25:56","slug":"eter-o-quinto-elemento-da-cosmologia-esoterica","status":"publish","type":"post","link":"https:\/\/www.notibras.com\/site\/eter-o-quinto-elemento-da-cosmologia-esoterica\/","title":{"rendered":"\u00c9ter, o quinto elemento da cosmologia esot\u00e9rica"},"content":{"rendered":"<p>O \u00c9ter, tamb\u00e9m chamado de Quinto Elemento ou Quintess\u00eancia, ocupa lugar privilegiado na cosmologia esot\u00e9rica e nas tradi\u00e7\u00f5es filos\u00f3fico-religiosas da Antiguidade. Diferentemente da Terra, \u00c1gua, Fogo e Ar, que s\u00e3o percept\u00edveis aos sentidos e diretamente ligados \u00e0 natureza f\u00edsica, o \u00c9ter foi concebido como o princ\u00edpio sutil, invis\u00edvel e eterno que permeia e conecta todos os outros elementos. Os gregos denominavam-no aith\u00e9r, representando o ar puro e luminoso que os deuses respiravam no Olimpo, distinto do ar terreno dos mortais.<\/p>\n<p>No hermetismo e na alquimia, o \u00c9ter corresponde \u00e0 Quinta Ess\u00eancia (quinta essentia), subst\u00e2ncia incorrupt\u00edvel e espiritual que unifica as quatro naturezas elementares, sendo identificado \u00e0 pedra filosofal em seu aspecto mais elevado. Para os alquimistas medievais, extrair a Quintess\u00eancia de metais ou ervas significava capturar sua energia mais pura, capaz de regenerar corpo e alma. Assim, o \u00c9ter n\u00e3o \u00e9 apenas um elemento, mas a ponte entre a mat\u00e9ria e o esp\u00edrito.<\/p>\n<p>A simbologia religiosa do \u00c9ter refor\u00e7a sua fun\u00e7\u00e3o de media\u00e7\u00e3o entre o humano e o transcendente. No Egito, era relacionado ao deus Amon, o oculto que permeia o Universo; na \u00cdndia, a Shiva como consci\u00eancia c\u00f3smica; entre os n\u00f3rdicos, ao Ginnungagap, o vazio primordial do qual emergiu a cria\u00e7\u00e3o.<\/p>\n<p>Na tradi\u00e7\u00e3o hindu, o \u00c9ter \u00e9 equivalente ao Akasha, o espa\u00e7o primordial e vibrante que cont\u00e9m a mem\u00f3ria c\u00f3smica e serve de matriz para todas as manifesta\u00e7\u00f5es. \u00c9 associado ao som e \u00e0 vibra\u00e7\u00e3o, princ\u00edpios de cria\u00e7\u00e3o universal. Textos v\u00e9dicos descrevem o Akasha como o primeiro dos cinco Mahabhutas (grandes elementos), o Ar, o Fogo, a \u00c1gua e a Terra. Essa no\u00e7\u00e3o ecoa no esoterismo ocidental, onde o \u00c9ter \u00e9 compreendido como campo sutil que sustenta o Cosmo e possibilita a transmiss\u00e3o de energias e pensamentos.<\/p>\n<p>Astrologicamente, o \u00c9ter n\u00e3o se vincula a um signo espec\u00edfico. Entretanto, muitas correntes esot\u00e9ricas o relacionam ao planeta J\u00fapiter ou ao \u201cfirmamento das estrelas fixas\u201d, como esfera superior de integra\u00e7\u00e3o. No cristianismo m\u00edstico, ele \u00e9 identificado com a Luz Divina e com o Esp\u00edrito Santo, o sopro criador que pairava sobre as \u00e1guas (Gn 1:2).<\/p>\n<p>Nas sociedades secretas como a Golden Dawn e a Ma\u00e7onaria, o \u00c9ter \u00e9 compreendido como elemento espiritual oculto, invocado em rituais de Alta Magia para conex\u00e3o com planos superiores e abertura da consci\u00eancia. Na Magia Cerimonial, velas brancas, incensos de ol\u00edbano e s\u00edmbolos pentagram\u00e1ticos s\u00e3o utilizados para representar a Quintess\u00eancia, buscando harmonia entre os quatro elementos e a Centelha Divina. J\u00e1 em tradi\u00e7\u00f5es pag\u00e3s europeias, o \u00c9ter \u00e9 celebrado no sil\u00eancio ritual e na contempla\u00e7\u00e3o do c\u00e9u estrelado, entendido como espelho do infinito.<\/p>\n<p>Nas pr\u00e1ticas espirituais contempor\u00e2neas, o \u00c9ter \u00e9 frequentemente compreendido como o campo sutil universal, associado \u00e0 expans\u00e3o da consci\u00eancia e \u00e0 percep\u00e7\u00e3o do \u201ccorpo energ\u00e9tico\u201d. T\u00e9cnicas de medita\u00e7\u00e3o incluem a visualiza\u00e7\u00e3o do espa\u00e7o infinito como extens\u00e3o da pr\u00f3pria mente, promovendo um estado de dissolu\u00e7\u00e3o do ego e de unifica\u00e7\u00e3o com o Cosmos. Por analogia herm\u00e9tica, \u201co que est\u00e1 em cima \u00e9 como o que est\u00e1 embaixo\u201d, e, se tudo \u00e9 \u00c9ter, logo somos todos \u00c9ter. O \u00c9ter \u00e9 a alma presente em tudo o que existe.<\/p>\n<p>Exerc\u00edcios respirat\u00f3rios inspirados no Yoga, como o pranayama, s\u00e3o empregados para harmonizar a energia vital com o \u00c9ter, concebido como matriz vibracional que conecta o indiv\u00edduo ao Todo. Em tradi\u00e7\u00f5es da Nova Era, a pr\u00e1tica envolve imaginar uma luz branca ou dourada preenchendo o corpo e irradiando em todas as dire\u00e7\u00f5es, simbolizando a Quintess\u00eancia. Da mesma forma, escolas esot\u00e9ricas ocidentais recomendam o uso de mantras, sons harm\u00f4nicos ou sinos tibetanos, pois o som \u00e9 considerado a manifesta\u00e7\u00e3o mais pura do \u00c9ter, capaz de alinhar corpo, mente e esp\u00edrito.<br \/>\nO \u00c9ter, portanto, longe de ser apenas uma abstra\u00e7\u00e3o, \u00e9 a chave simb\u00f3lica para a compreens\u00e3o do espiritual na Natureza. Ele transcende os limites dos Quatro Elementos, aparecendo como fundamento m\u00edstico que sustenta a realidade e, ao mesmo tempo, como pr\u00e1tica ritual que conduz \u00e0 experi\u00eancia da unidade universal.<\/p>\n<p>&#8230;&#8230;&#8230;&#8230;&#8230;&#8230;&#8230;&#8230;&#8230;.<\/p>\n<p><strong>Giovanni Seabra<\/strong><br \/>\n<strong>Gr\u00e3o Mestre do Col\u00e9gio dos Magos e Sacerdotisas<\/strong><br \/>\n<strong>@giovanniseabra.esoterico<\/strong><br \/>\n<strong>@colegiodosmagosesacerdotisas<\/strong><\/p>\n","protected":false},"excerpt":{"rendered":"<p>O \u00c9ter, tamb\u00e9m chamado de Quinto Elemento ou Quintess\u00eancia, ocupa lugar privilegiado na cosmologia esot\u00e9rica e nas tradi\u00e7\u00f5es filos\u00f3fico-religiosas da Antiguidade. Diferentemente da Terra, \u00c1gua, Fogo e Ar, que s\u00e3o percept\u00edveis aos sentidos e diretamente ligados \u00e0 natureza f\u00edsica, o \u00c9ter foi concebido como o princ\u00edpio sutil, invis\u00edvel e eterno que permeia e conecta todos [&hellip;]<\/p>\n","protected":false},"author":2,"featured_media":365304,"comment_status":"closed","ping_status":"closed","sticky":false,"template":"","format":"standard","meta":{"_acf_changed":false,"footnotes":""},"categories":[237],"tags":[],"class_list":["post-365303","post","type-post","status-publish","format-standard","has-post-thumbnail","hentry","category-oraculos"],"acf":[],"yoast_head":"<!-- This site is optimized with the Yoast SEO plugin v27.2 - https:\/\/yoast.com\/product\/yoast-seo-wordpress\/ -->\n<title>\u00c9ter, o quinto elemento da cosmologia esot\u00e9rica - Notibras<\/title>\n<meta name=\"robots\" content=\"index, follow, max-snippet:-1, max-image-preview:large, max-video-preview:-1\" \/>\n<link rel=\"canonical\" href=\"https:\/\/www.notibras.com\/site\/eter-o-quinto-elemento-da-cosmologia-esoterica\/\" \/>\n<meta property=\"og:locale\" content=\"pt_BR\" \/>\n<meta property=\"og:type\" content=\"article\" \/>\n<meta property=\"og:title\" content=\"\u00c9ter, o quinto elemento da cosmologia esot\u00e9rica - Notibras\" \/>\n<meta property=\"og:description\" content=\"O \u00c9ter, tamb\u00e9m chamado de Quinto Elemento ou Quintess\u00eancia, ocupa lugar privilegiado na cosmologia esot\u00e9rica e nas tradi\u00e7\u00f5es filos\u00f3fico-religiosas da Antiguidade. Diferentemente da Terra, \u00c1gua, Fogo e Ar, que s\u00e3o percept\u00edveis aos sentidos e diretamente ligados \u00e0 natureza f\u00edsica, o \u00c9ter foi concebido como o princ\u00edpio sutil, invis\u00edvel e eterno que permeia e conecta todos [&hellip;]\" \/>\n<meta property=\"og:url\" content=\"https:\/\/www.notibras.com\/site\/eter-o-quinto-elemento-da-cosmologia-esoterica\/\" \/>\n<meta property=\"og:site_name\" content=\"Notibras\" \/>\n<meta property=\"article:publisher\" content=\"https:\/\/www.facebook.com\/notibras\/\" \/>\n<meta property=\"article:published_time\" content=\"2025-09-25T11:25:56+00:00\" \/>\n<meta property=\"og:image\" content=\"https:\/\/www.notibras.com\/site\/wp-content\/uploads\/2025\/09\/cc178cbd-2757-412f-b009-2c8f0798c0d3.jpeg\" \/>\n\t<meta property=\"og:image:width\" content=\"720\" \/>\n\t<meta property=\"og:image:height\" content=\"720\" \/>\n\t<meta property=\"og:image:type\" content=\"image\/jpeg\" \/>\n<meta name=\"author\" content=\"Reda\u00e7\u00e3o\" \/>\n<meta name=\"twitter:card\" content=\"summary_large_image\" \/>\n<meta name=\"twitter:creator\" content=\"@Notibras\" \/>\n<meta name=\"twitter:site\" content=\"@Notibras\" \/>\n<meta name=\"twitter:label1\" content=\"Escrito por\" \/>\n\t<meta name=\"twitter:data1\" content=\"Reda\u00e7\u00e3o\" \/>\n\t<meta name=\"twitter:label2\" content=\"Est. tempo de leitura\" \/>\n\t<meta name=\"twitter:data2\" content=\"4 minutos\" \/>\n<script type=\"application\/ld+json\" class=\"yoast-schema-graph\">{\"@context\":\"https:\/\/schema.org\",\"@graph\":[{\"@type\":\"Article\",\"@id\":\"https:\/\/www.notibras.com\/site\/eter-o-quinto-elemento-da-cosmologia-esoterica\/#article\",\"isPartOf\":{\"@id\":\"https:\/\/www.notibras.com\/site\/eter-o-quinto-elemento-da-cosmologia-esoterica\/\"},\"author\":{\"name\":\"Reda\u00e7\u00e3o\",\"@id\":\"https:\/\/www.notibras.com\/site\/#\/schema\/person\/36ab0979449956132d3e5b517ea76ac8\"},\"headline\":\"\u00c9ter, o quinto elemento da cosmologia esot\u00e9rica\",\"datePublished\":\"2025-09-25T11:25:56+00:00\",\"mainEntityOfPage\":{\"@id\":\"https:\/\/www.notibras.com\/site\/eter-o-quinto-elemento-da-cosmologia-esoterica\/\"},\"wordCount\":741,\"publisher\":{\"@id\":\"https:\/\/www.notibras.com\/site\/#organization\"},\"image\":{\"@id\":\"https:\/\/www.notibras.com\/site\/eter-o-quinto-elemento-da-cosmologia-esoterica\/#primaryimage\"},\"thumbnailUrl\":\"https:\/\/www.notibras.com\/site\/wp-content\/uploads\/2025\/09\/cc178cbd-2757-412f-b009-2c8f0798c0d3.jpeg\",\"articleSection\":[\"Or\u00e1culos\"],\"inLanguage\":\"pt-BR\"},{\"@type\":\"WebPage\",\"@id\":\"https:\/\/www.notibras.com\/site\/eter-o-quinto-elemento-da-cosmologia-esoterica\/\",\"url\":\"https:\/\/www.notibras.com\/site\/eter-o-quinto-elemento-da-cosmologia-esoterica\/\",\"name\":\"\u00c9ter, o quinto elemento da cosmologia esot\u00e9rica - Notibras\",\"isPartOf\":{\"@id\":\"https:\/\/www.notibras.com\/site\/#website\"},\"primaryImageOfPage\":{\"@id\":\"https:\/\/www.notibras.com\/site\/eter-o-quinto-elemento-da-cosmologia-esoterica\/#primaryimage\"},\"image\":{\"@id\":\"https:\/\/www.notibras.com\/site\/eter-o-quinto-elemento-da-cosmologia-esoterica\/#primaryimage\"},\"thumbnailUrl\":\"https:\/\/www.notibras.com\/site\/wp-content\/uploads\/2025\/09\/cc178cbd-2757-412f-b009-2c8f0798c0d3.jpeg\",\"datePublished\":\"2025-09-25T11:25:56+00:00\",\"breadcrumb\":{\"@id\":\"https:\/\/www.notibras.com\/site\/eter-o-quinto-elemento-da-cosmologia-esoterica\/#breadcrumb\"},\"inLanguage\":\"pt-BR\",\"potentialAction\":[{\"@type\":\"ReadAction\",\"target\":[\"https:\/\/www.notibras.com\/site\/eter-o-quinto-elemento-da-cosmologia-esoterica\/\"]}]},{\"@type\":\"ImageObject\",\"inLanguage\":\"pt-BR\",\"@id\":\"https:\/\/www.notibras.com\/site\/eter-o-quinto-elemento-da-cosmologia-esoterica\/#primaryimage\",\"url\":\"https:\/\/www.notibras.com\/site\/wp-content\/uploads\/2025\/09\/cc178cbd-2757-412f-b009-2c8f0798c0d3.jpeg\",\"contentUrl\":\"https:\/\/www.notibras.com\/site\/wp-content\/uploads\/2025\/09\/cc178cbd-2757-412f-b009-2c8f0798c0d3.jpeg\",\"width\":720,\"height\":720},{\"@type\":\"BreadcrumbList\",\"@id\":\"https:\/\/www.notibras.com\/site\/eter-o-quinto-elemento-da-cosmologia-esoterica\/#breadcrumb\",\"itemListElement\":[{\"@type\":\"ListItem\",\"position\":1,\"name\":\"In\u00edcio\",\"item\":\"https:\/\/www.notibras.com\/site\/\"},{\"@type\":\"ListItem\",\"position\":2,\"name\":\"\u00c9ter, o quinto elemento da cosmologia esot\u00e9rica\"}]},{\"@type\":\"WebSite\",\"@id\":\"https:\/\/www.notibras.com\/site\/#website\",\"url\":\"https:\/\/www.notibras.com\/site\/\",\"name\":\"Notibras\",\"description\":\"Not\u00edcias de Bras\u00edlia, do Brasil e do Mundo\",\"publisher\":{\"@id\":\"https:\/\/www.notibras.com\/site\/#organization\"},\"potentialAction\":[{\"@type\":\"SearchAction\",\"target\":{\"@type\":\"EntryPoint\",\"urlTemplate\":\"https:\/\/www.notibras.com\/site\/?s={search_term_string}\"},\"query-input\":{\"@type\":\"PropertyValueSpecification\",\"valueRequired\":true,\"valueName\":\"search_term_string\"}}],\"inLanguage\":\"pt-BR\"},{\"@type\":\"Organization\",\"@id\":\"https:\/\/www.notibras.com\/site\/#organization\",\"name\":\"Grupo Notibras de Comunica\u00e7\u00e3o\",\"url\":\"https:\/\/www.notibras.com\/site\/\",\"logo\":{\"@type\":\"ImageObject\",\"inLanguage\":\"pt-BR\",\"@id\":\"https:\/\/www.notibras.com\/site\/#\/schema\/logo\/image\/\",\"url\":\"https:\/\/www.notibras.com\/site\/wp-content\/uploads\/2023\/01\/notibras23.png\",\"contentUrl\":\"https:\/\/www.notibras.com\/site\/wp-content\/uploads\/2023\/01\/notibras23.png\",\"width\":350,\"height\":87,\"caption\":\"Grupo Notibras de Comunica\u00e7\u00e3o\"},\"image\":{\"@id\":\"https:\/\/www.notibras.com\/site\/#\/schema\/logo\/image\/\"},\"sameAs\":[\"https:\/\/www.facebook.com\/notibras\/\",\"https:\/\/x.com\/Notibras\",\"https:\/\/www.instagram.com\/notibras\/\"]},{\"@type\":\"Person\",\"@id\":\"https:\/\/www.notibras.com\/site\/#\/schema\/person\/36ab0979449956132d3e5b517ea76ac8\",\"name\":\"Reda\u00e7\u00e3o\",\"image\":{\"@type\":\"ImageObject\",\"inLanguage\":\"pt-BR\",\"@id\":\"https:\/\/secure.gravatar.com\/avatar\/e0a867bdedb85fd243eadf09663511f96fc81e0720a4a42581f334ad4303aa6b?s=96&d=mm&r=g\",\"url\":\"https:\/\/secure.gravatar.com\/avatar\/e0a867bdedb85fd243eadf09663511f96fc81e0720a4a42581f334ad4303aa6b?s=96&d=mm&r=g\",\"contentUrl\":\"https:\/\/secure.gravatar.com\/avatar\/e0a867bdedb85fd243eadf09663511f96fc81e0720a4a42581f334ad4303aa6b?s=96&d=mm&r=g\",\"caption\":\"Reda\u00e7\u00e3o\"}}]}<\/script>\n<!-- \/ Yoast SEO plugin. -->","yoast_head_json":{"title":"\u00c9ter, o quinto elemento da cosmologia esot\u00e9rica - Notibras","robots":{"index":"index","follow":"follow","max-snippet":"max-snippet:-1","max-image-preview":"max-image-preview:large","max-video-preview":"max-video-preview:-1"},"canonical":"https:\/\/www.notibras.com\/site\/eter-o-quinto-elemento-da-cosmologia-esoterica\/","og_locale":"pt_BR","og_type":"article","og_title":"\u00c9ter, o quinto elemento da cosmologia esot\u00e9rica - Notibras","og_description":"O \u00c9ter, tamb\u00e9m chamado de Quinto Elemento ou Quintess\u00eancia, ocupa lugar privilegiado na cosmologia esot\u00e9rica e nas tradi\u00e7\u00f5es filos\u00f3fico-religiosas da Antiguidade. Diferentemente da Terra, \u00c1gua, Fogo e Ar, que s\u00e3o percept\u00edveis aos sentidos e diretamente ligados \u00e0 natureza f\u00edsica, o \u00c9ter foi concebido como o princ\u00edpio sutil, invis\u00edvel e eterno que permeia e conecta todos [&hellip;]","og_url":"https:\/\/www.notibras.com\/site\/eter-o-quinto-elemento-da-cosmologia-esoterica\/","og_site_name":"Notibras","article_publisher":"https:\/\/www.facebook.com\/notibras\/","article_published_time":"2025-09-25T11:25:56+00:00","og_image":[{"width":720,"height":720,"url":"https:\/\/www.notibras.com\/site\/wp-content\/uploads\/2025\/09\/cc178cbd-2757-412f-b009-2c8f0798c0d3.jpeg","type":"image\/jpeg"}],"author":"Reda\u00e7\u00e3o","twitter_card":"summary_large_image","twitter_creator":"@Notibras","twitter_site":"@Notibras","twitter_misc":{"Escrito por":"Reda\u00e7\u00e3o","Est. tempo de leitura":"4 minutos"},"schema":{"@context":"https:\/\/schema.org","@graph":[{"@type":"Article","@id":"https:\/\/www.notibras.com\/site\/eter-o-quinto-elemento-da-cosmologia-esoterica\/#article","isPartOf":{"@id":"https:\/\/www.notibras.com\/site\/eter-o-quinto-elemento-da-cosmologia-esoterica\/"},"author":{"name":"Reda\u00e7\u00e3o","@id":"https:\/\/www.notibras.com\/site\/#\/schema\/person\/36ab0979449956132d3e5b517ea76ac8"},"headline":"\u00c9ter, o quinto elemento da cosmologia esot\u00e9rica","datePublished":"2025-09-25T11:25:56+00:00","mainEntityOfPage":{"@id":"https:\/\/www.notibras.com\/site\/eter-o-quinto-elemento-da-cosmologia-esoterica\/"},"wordCount":741,"publisher":{"@id":"https:\/\/www.notibras.com\/site\/#organization"},"image":{"@id":"https:\/\/www.notibras.com\/site\/eter-o-quinto-elemento-da-cosmologia-esoterica\/#primaryimage"},"thumbnailUrl":"https:\/\/www.notibras.com\/site\/wp-content\/uploads\/2025\/09\/cc178cbd-2757-412f-b009-2c8f0798c0d3.jpeg","articleSection":["Or\u00e1culos"],"inLanguage":"pt-BR"},{"@type":"WebPage","@id":"https:\/\/www.notibras.com\/site\/eter-o-quinto-elemento-da-cosmologia-esoterica\/","url":"https:\/\/www.notibras.com\/site\/eter-o-quinto-elemento-da-cosmologia-esoterica\/","name":"\u00c9ter, o quinto elemento da cosmologia esot\u00e9rica - Notibras","isPartOf":{"@id":"https:\/\/www.notibras.com\/site\/#website"},"primaryImageOfPage":{"@id":"https:\/\/www.notibras.com\/site\/eter-o-quinto-elemento-da-cosmologia-esoterica\/#primaryimage"},"image":{"@id":"https:\/\/www.notibras.com\/site\/eter-o-quinto-elemento-da-cosmologia-esoterica\/#primaryimage"},"thumbnailUrl":"https:\/\/www.notibras.com\/site\/wp-content\/uploads\/2025\/09\/cc178cbd-2757-412f-b009-2c8f0798c0d3.jpeg","datePublished":"2025-09-25T11:25:56+00:00","breadcrumb":{"@id":"https:\/\/www.notibras.com\/site\/eter-o-quinto-elemento-da-cosmologia-esoterica\/#breadcrumb"},"inLanguage":"pt-BR","potentialAction":[{"@type":"ReadAction","target":["https:\/\/www.notibras.com\/site\/eter-o-quinto-elemento-da-cosmologia-esoterica\/"]}]},{"@type":"ImageObject","inLanguage":"pt-BR","@id":"https:\/\/www.notibras.com\/site\/eter-o-quinto-elemento-da-cosmologia-esoterica\/#primaryimage","url":"https:\/\/www.notibras.com\/site\/wp-content\/uploads\/2025\/09\/cc178cbd-2757-412f-b009-2c8f0798c0d3.jpeg","contentUrl":"https:\/\/www.notibras.com\/site\/wp-content\/uploads\/2025\/09\/cc178cbd-2757-412f-b009-2c8f0798c0d3.jpeg","width":720,"height":720},{"@type":"BreadcrumbList","@id":"https:\/\/www.notibras.com\/site\/eter-o-quinto-elemento-da-cosmologia-esoterica\/#breadcrumb","itemListElement":[{"@type":"ListItem","position":1,"name":"In\u00edcio","item":"https:\/\/www.notibras.com\/site\/"},{"@type":"ListItem","position":2,"name":"\u00c9ter, o quinto elemento da cosmologia esot\u00e9rica"}]},{"@type":"WebSite","@id":"https:\/\/www.notibras.com\/site\/#website","url":"https:\/\/www.notibras.com\/site\/","name":"Notibras","description":"Not\u00edcias de Bras\u00edlia, do Brasil e do Mundo","publisher":{"@id":"https:\/\/www.notibras.com\/site\/#organization"},"potentialAction":[{"@type":"SearchAction","target":{"@type":"EntryPoint","urlTemplate":"https:\/\/www.notibras.com\/site\/?s={search_term_string}"},"query-input":{"@type":"PropertyValueSpecification","valueRequired":true,"valueName":"search_term_string"}}],"inLanguage":"pt-BR"},{"@type":"Organization","@id":"https:\/\/www.notibras.com\/site\/#organization","name":"Grupo Notibras de Comunica\u00e7\u00e3o","url":"https:\/\/www.notibras.com\/site\/","logo":{"@type":"ImageObject","inLanguage":"pt-BR","@id":"https:\/\/www.notibras.com\/site\/#\/schema\/logo\/image\/","url":"https:\/\/www.notibras.com\/site\/wp-content\/uploads\/2023\/01\/notibras23.png","contentUrl":"https:\/\/www.notibras.com\/site\/wp-content\/uploads\/2023\/01\/notibras23.png","width":350,"height":87,"caption":"Grupo Notibras de Comunica\u00e7\u00e3o"},"image":{"@id":"https:\/\/www.notibras.com\/site\/#\/schema\/logo\/image\/"},"sameAs":["https:\/\/www.facebook.com\/notibras\/","https:\/\/x.com\/Notibras","https:\/\/www.instagram.com\/notibras\/"]},{"@type":"Person","@id":"https:\/\/www.notibras.com\/site\/#\/schema\/person\/36ab0979449956132d3e5b517ea76ac8","name":"Reda\u00e7\u00e3o","image":{"@type":"ImageObject","inLanguage":"pt-BR","@id":"https:\/\/secure.gravatar.com\/avatar\/e0a867bdedb85fd243eadf09663511f96fc81e0720a4a42581f334ad4303aa6b?s=96&d=mm&r=g","url":"https:\/\/secure.gravatar.com\/avatar\/e0a867bdedb85fd243eadf09663511f96fc81e0720a4a42581f334ad4303aa6b?s=96&d=mm&r=g","contentUrl":"https:\/\/secure.gravatar.com\/avatar\/e0a867bdedb85fd243eadf09663511f96fc81e0720a4a42581f334ad4303aa6b?s=96&d=mm&r=g","caption":"Reda\u00e7\u00e3o"}}]}},"amp_enabled":true,"_links":{"self":[{"href":"https:\/\/www.notibras.com\/site\/wp-json\/wp\/v2\/posts\/365303","targetHints":{"allow":["GET"]}}],"collection":[{"href":"https:\/\/www.notibras.com\/site\/wp-json\/wp\/v2\/posts"}],"about":[{"href":"https:\/\/www.notibras.com\/site\/wp-json\/wp\/v2\/types\/post"}],"author":[{"embeddable":true,"href":"https:\/\/www.notibras.com\/site\/wp-json\/wp\/v2\/users\/2"}],"replies":[{"embeddable":true,"href":"https:\/\/www.notibras.com\/site\/wp-json\/wp\/v2\/comments?post=365303"}],"version-history":[{"count":1,"href":"https:\/\/www.notibras.com\/site\/wp-json\/wp\/v2\/posts\/365303\/revisions"}],"predecessor-version":[{"id":365305,"href":"https:\/\/www.notibras.com\/site\/wp-json\/wp\/v2\/posts\/365303\/revisions\/365305"}],"wp:featuredmedia":[{"embeddable":true,"href":"https:\/\/www.notibras.com\/site\/wp-json\/wp\/v2\/media\/365304"}],"wp:attachment":[{"href":"https:\/\/www.notibras.com\/site\/wp-json\/wp\/v2\/media?parent=365303"}],"wp:term":[{"taxonomy":"category","embeddable":true,"href":"https:\/\/www.notibras.com\/site\/wp-json\/wp\/v2\/categories?post=365303"},{"taxonomy":"post_tag","embeddable":true,"href":"https:\/\/www.notibras.com\/site\/wp-json\/wp\/v2\/tags?post=365303"}],"curies":[{"name":"wp","href":"https:\/\/api.w.org\/{rel}","templated":true}]}}