{"id":36538,"date":"2015-02-10T06:30:23","date_gmt":"2015-02-10T09:30:23","guid":{"rendered":"http:\/\/www.notibras.com\/site\/?p=36538"},"modified":"2015-02-10T06:44:21","modified_gmt":"2015-02-10T09:44:21","slug":"crise-e-grave-mas-rio-nao-ficara-sem-agua-palavra-de-ministra","status":"publish","type":"post","link":"https:\/\/www.notibras.com\/site\/crise-e-grave-mas-rio-nao-ficara-sem-agua-palavra-de-ministra\/","title":{"rendered":"Crise \u00e9 grave, mas Rio n\u00e3o ficar\u00e1 sem \u00e1gua, diz ministra"},"content":{"rendered":"<p>Apesar do n\u00edvel baixo dos reservat\u00f3rios, o Rio de Janeiro n\u00e3o corre risco, no momento, de ficar sem \u00e1gua para abastecimento humano, afirmou na segunda 9 a\u00a0ministra do Meio Ambiente, Izabella Teixeira.<\/p>\n<p>A ministra participou de reuni\u00e3o com o governador Luiz Fernando Pez\u00e3o, o secret\u00e1rio de Estado do Ambiente, Andr\u00e9 Corr\u00eaa, e o presidente da Companhia Estadual de \u00c1guas e Esgotos (Cedae), Jorge Luiz Ferreira Briard, para tratar de gest\u00e3o dos recursos h\u00eddricos no curto e m\u00e9dio prazos.<\/p>\n<p>De acordo com a ministra,\u00a0 a situa\u00e7\u00e3o do Rio n\u00e3o \u00e9 t\u00e3o grave quanto a de S\u00e3o Paulo e a do Esp\u00edrito Santo, mas requer consci\u00eancia de cada cidad\u00e3o para economizar \u00e1gua. Izabella explicou que o Rio de Janeiro est\u00e1 com uma postura preventiva de a\u00e7\u00f5es.<\/p>\n<blockquote><p>\u201cO Rio est\u00e1 tomando uma s\u00e9rie de provid\u00eancias, desde o plano de conting\u00eancia da Cedae at\u00e9 investimentos em car\u00e1ter emergencial para reduzir a demanda de \u00e1gua em torno de algumas empresas [na Ba\u00eda de] Sepetiba e uma parceria com a Ag\u00eancia Nacional de \u00c1guas [ANA], governo federal e Minist\u00e9rio do Meio Ambiente em investimentos para a constru\u00e7\u00e3o de um plano de seguran\u00e7a h\u00eddrica para o Rio de Janeiro considerando cen\u00e1rios at\u00e9 2050\u201d, disse Izabella.<\/p><\/blockquote>\n<p>Segundo a ministra, a reuni\u00e3o faz parte da estrat\u00e9gia do governo federal de construir planos de seguran\u00e7a h\u00eddrica para as quatro regi\u00f5es metropolitanas mais densamente povoadas do pa\u00eds, que s\u00e3o as do Rio de Janeiro, de S\u00e3o Paulo, de Belo Horizonte e de Curitiba. Al\u00e9m disso, Izabella anunciou uma parceria direta do Rio com a ANA, para viabilizar o planejamento no estado, e verbas federais de R$ 360 milh\u00f5es para ajudar nas obras.<\/p>\n<p>O secret\u00e1rio Andr\u00e9 Corr\u00eaa destacou que o estado passa pela pior seca desde que o levantamento come\u00e7ou a ser feito, h\u00e1 84 anos, e explicou que as obras de curto e m\u00e9dio prazo para gest\u00e3o h\u00eddrica chegam a R$ 930 milh\u00f5es, para fazer \u201cuma pol\u00edtica estruturante para o resto da vida de gest\u00e3o da bacia do Rio Para\u00edba do Sul e de aumento de oferta h\u00eddrica\u201d, sendo R$ 360 milh\u00f5es do governo federal.<\/p>\n<p>De acordo com ele, as manobras de vaz\u00e3o no Rio Para\u00edba do Sul geraram economia de 450 milh\u00f5es de litros de \u00e1gua. O secret\u00e1rio reiterou que a prioridade \u00e9 o abastecimento humano, mas h\u00e1 uma quest\u00e3o emergencial, que \u00e9 o abastecimento das empresas da regi\u00e3o da Baia de Sepetiba, onde des\u00e1gua o Rio Guandu.<\/p>\n<p>\u201cEstamos trabalhando com duas situa\u00e7\u00f5es: uma, que j\u00e1 evoluiu, de fazer uma adutora de 14 quil\u00f4metros para que essas empresas possam captar \u00e1gua que sai da Cedae [de reuso]. Na nossa avalia\u00e7\u00e3o, esse investimento tem que ser privado, j\u00e1 que \u00e9 para o abastecimento deles. E hoje surgiu essa discuss\u00e3o do enrocamento, um dique de pedra, que ser\u00e1 feito na foz do Guandu para diminuir a intrus\u00e3o salina, ou seja, a entrada de \u00e1gua do mar, que dificulta a opera\u00e7\u00e3o dessas empresas\u201d.<\/p>\n<p>Tamb\u00e9m emergencialmente, a Cedae come\u00e7ou a fazer obras na regi\u00e3o do M\u00e9dio Para\u00edba para adaptar a capta\u00e7\u00e3o de seis pontos de tomada de \u00e1gua no munic\u00edpio de Barra do Pira\u00ed, ao custo de R$ 7 milh\u00f5es.<\/p>\n<p>Na quest\u00e3o de estrutura, est\u00e3o previstos um plano para fornecer \u00e1gua de reuso da Esta\u00e7\u00e3o de Tratamento de Esgoto de Alegria para a Refinria Duque de Caxias (Reduc); a amplia\u00e7\u00e3o da barragem do Rio Guapia\u00e7u, em Cachoeira de Macacu, para beneficiar S\u00e3o Gon\u00e7alo, Itabora\u00ed e Niter\u00f3i; a adapta\u00e7\u00e3o das obra de controle de enchente no norte e nordeste do estado para ter reserva de \u00e1gua no entorno de Itaperuna; obras de refor\u00e7o no t\u00fanel da represa de Santa Cec\u00edlia, para melhorar o sistema de transposi\u00e7\u00e3o do Para\u00edba do Sul; e a transposi\u00e7\u00e3o do Rio dos Po\u00e7os para o Rio Guandu, que est\u00e1 licitada.<\/p>\n<p>O secret\u00e1rio alerta que a situa\u00e7\u00e3o h\u00eddrica \u00e9 grave, mas n\u00e3o \u00e9 para gerar p\u00e2nico e diz que n\u00e3o h\u00e1 a necessidade de ningu\u00e9m fazer reserva de \u00e1gua em casa. Est\u00e1 prevista para esta quinta-feira (12) uma reuni\u00e3o do corpo t\u00e9cnico da ANA com a Cedae, para discutir os projetos.<\/p>\n<p><strong>Akemi Nitahara, ABr<br \/>\n<\/strong><\/p>\n","protected":false},"excerpt":{"rendered":"<p>Apesar do n\u00edvel baixo dos reservat\u00f3rios, o Rio de Janeiro n\u00e3o corre risco, no momento, de ficar sem \u00e1gua para abastecimento humano, afirmou na segunda 9 a\u00a0ministra do Meio Ambiente, Izabella Teixeira. A ministra participou de reuni\u00e3o com o governador Luiz Fernando Pez\u00e3o, o secret\u00e1rio de Estado do Ambiente, Andr\u00e9 Corr\u00eaa, e o presidente da [&hellip;]<\/p>\n","protected":false},"author":2,"featured_media":36539,"comment_status":"open","ping_status":"closed","sticky":false,"template":"","format":"standard","meta":{"_acf_changed":false,"footnotes":""},"categories":[16],"tags":[],"class_list":["post-36538","post","type-post","status-publish","format-standard","has-post-thumbnail","hentry","category-brasil"],"acf":[],"yoast_head":"<!-- This site is optimized with the Yoast SEO plugin v27.2 - https:\/\/yoast.com\/product\/yoast-seo-wordpress\/ -->\n<title>Crise \u00e9 grave, mas Rio n\u00e3o ficar\u00e1 sem \u00e1gua, diz ministra - Notibras<\/title>\n<meta name=\"robots\" content=\"index, follow, max-snippet:-1, max-image-preview:large, max-video-preview:-1\" \/>\n<link rel=\"canonical\" href=\"https:\/\/www.notibras.com\/site\/crise-e-grave-mas-rio-nao-ficara-sem-agua-palavra-de-ministra\/\" \/>\n<meta property=\"og:locale\" content=\"pt_BR\" \/>\n<meta property=\"og:type\" content=\"article\" \/>\n<meta property=\"og:title\" content=\"Crise \u00e9 grave, mas Rio n\u00e3o ficar\u00e1 sem \u00e1gua, diz ministra - Notibras\" \/>\n<meta property=\"og:description\" content=\"Apesar do n\u00edvel baixo dos reservat\u00f3rios, o Rio de Janeiro n\u00e3o corre risco, no momento, de ficar sem \u00e1gua para abastecimento humano, afirmou na segunda 9 a\u00a0ministra do Meio Ambiente, Izabella Teixeira. A ministra participou de reuni\u00e3o com o governador Luiz Fernando Pez\u00e3o, o secret\u00e1rio de Estado do Ambiente, Andr\u00e9 Corr\u00eaa, e o presidente da [&hellip;]\" \/>\n<meta property=\"og:url\" content=\"https:\/\/www.notibras.com\/site\/crise-e-grave-mas-rio-nao-ficara-sem-agua-palavra-de-ministra\/\" \/>\n<meta property=\"og:site_name\" content=\"Notibras\" \/>\n<meta property=\"article:publisher\" content=\"https:\/\/www.facebook.com\/notibras\/\" \/>\n<meta property=\"article:published_time\" content=\"2015-02-10T09:30:23+00:00\" \/>\n<meta property=\"article:modified_time\" content=\"2015-02-10T09:44:21+00:00\" \/>\n<meta property=\"og:image\" content=\"https:\/\/www.notibras.com\/site\/wp-content\/uploads\/2015\/02\/rj.jpeg\" \/>\n\t<meta property=\"og:image:width\" content=\"259\" \/>\n\t<meta property=\"og:image:height\" content=\"194\" \/>\n\t<meta property=\"og:image:type\" content=\"image\/jpeg\" \/>\n<meta name=\"author\" content=\"Reda\u00e7\u00e3o\" \/>\n<meta name=\"twitter:card\" content=\"summary_large_image\" \/>\n<meta name=\"twitter:creator\" content=\"@Notibras\" \/>\n<meta name=\"twitter:site\" content=\"@Notibras\" \/>\n<meta name=\"twitter:label1\" content=\"Escrito por\" \/>\n\t<meta name=\"twitter:data1\" content=\"Reda\u00e7\u00e3o\" \/>\n\t<meta name=\"twitter:label2\" content=\"Est. tempo de leitura\" \/>\n\t<meta name=\"twitter:data2\" content=\"4 minutos\" \/>\n<script type=\"application\/ld+json\" class=\"yoast-schema-graph\">{\"@context\":\"https:\/\/schema.org\",\"@graph\":[{\"@type\":\"Article\",\"@id\":\"https:\/\/www.notibras.com\/site\/crise-e-grave-mas-rio-nao-ficara-sem-agua-palavra-de-ministra\/#article\",\"isPartOf\":{\"@id\":\"https:\/\/www.notibras.com\/site\/crise-e-grave-mas-rio-nao-ficara-sem-agua-palavra-de-ministra\/\"},\"author\":{\"name\":\"Reda\u00e7\u00e3o\",\"@id\":\"https:\/\/www.notibras.com\/site\/#\/schema\/person\/36ab0979449956132d3e5b517ea76ac8\"},\"headline\":\"Crise \u00e9 grave, mas Rio n\u00e3o ficar\u00e1 sem \u00e1gua, diz ministra\",\"datePublished\":\"2015-02-10T09:30:23+00:00\",\"dateModified\":\"2015-02-10T09:44:21+00:00\",\"mainEntityOfPage\":{\"@id\":\"https:\/\/www.notibras.com\/site\/crise-e-grave-mas-rio-nao-ficara-sem-agua-palavra-de-ministra\/\"},\"wordCount\":765,\"commentCount\":0,\"publisher\":{\"@id\":\"https:\/\/www.notibras.com\/site\/#organization\"},\"image\":{\"@id\":\"https:\/\/www.notibras.com\/site\/crise-e-grave-mas-rio-nao-ficara-sem-agua-palavra-de-ministra\/#primaryimage\"},\"thumbnailUrl\":\"https:\/\/www.notibras.com\/site\/wp-content\/uploads\/2015\/02\/rj.jpeg\",\"articleSection\":[\"Brasil\"],\"inLanguage\":\"pt-BR\",\"potentialAction\":[{\"@type\":\"CommentAction\",\"name\":\"Comment\",\"target\":[\"https:\/\/www.notibras.com\/site\/crise-e-grave-mas-rio-nao-ficara-sem-agua-palavra-de-ministra\/#respond\"]}]},{\"@type\":\"WebPage\",\"@id\":\"https:\/\/www.notibras.com\/site\/crise-e-grave-mas-rio-nao-ficara-sem-agua-palavra-de-ministra\/\",\"url\":\"https:\/\/www.notibras.com\/site\/crise-e-grave-mas-rio-nao-ficara-sem-agua-palavra-de-ministra\/\",\"name\":\"Crise \u00e9 grave, mas Rio n\u00e3o ficar\u00e1 sem \u00e1gua, diz ministra - Notibras\",\"isPartOf\":{\"@id\":\"https:\/\/www.notibras.com\/site\/#website\"},\"primaryImageOfPage\":{\"@id\":\"https:\/\/www.notibras.com\/site\/crise-e-grave-mas-rio-nao-ficara-sem-agua-palavra-de-ministra\/#primaryimage\"},\"image\":{\"@id\":\"https:\/\/www.notibras.com\/site\/crise-e-grave-mas-rio-nao-ficara-sem-agua-palavra-de-ministra\/#primaryimage\"},\"thumbnailUrl\":\"https:\/\/www.notibras.com\/site\/wp-content\/uploads\/2015\/02\/rj.jpeg\",\"datePublished\":\"2015-02-10T09:30:23+00:00\",\"dateModified\":\"2015-02-10T09:44:21+00:00\",\"breadcrumb\":{\"@id\":\"https:\/\/www.notibras.com\/site\/crise-e-grave-mas-rio-nao-ficara-sem-agua-palavra-de-ministra\/#breadcrumb\"},\"inLanguage\":\"pt-BR\",\"potentialAction\":[{\"@type\":\"ReadAction\",\"target\":[\"https:\/\/www.notibras.com\/site\/crise-e-grave-mas-rio-nao-ficara-sem-agua-palavra-de-ministra\/\"]}]},{\"@type\":\"ImageObject\",\"inLanguage\":\"pt-BR\",\"@id\":\"https:\/\/www.notibras.com\/site\/crise-e-grave-mas-rio-nao-ficara-sem-agua-palavra-de-ministra\/#primaryimage\",\"url\":\"https:\/\/www.notibras.com\/site\/wp-content\/uploads\/2015\/02\/rj.jpeg\",\"contentUrl\":\"https:\/\/www.notibras.com\/site\/wp-content\/uploads\/2015\/02\/rj.jpeg\",\"width\":259,\"height\":194},{\"@type\":\"BreadcrumbList\",\"@id\":\"https:\/\/www.notibras.com\/site\/crise-e-grave-mas-rio-nao-ficara-sem-agua-palavra-de-ministra\/#breadcrumb\",\"itemListElement\":[{\"@type\":\"ListItem\",\"position\":1,\"name\":\"In\u00edcio\",\"item\":\"https:\/\/www.notibras.com\/site\/\"},{\"@type\":\"ListItem\",\"position\":2,\"name\":\"Crise \u00e9 grave, mas Rio n\u00e3o ficar\u00e1 sem \u00e1gua, diz ministra\"}]},{\"@type\":\"WebSite\",\"@id\":\"https:\/\/www.notibras.com\/site\/#website\",\"url\":\"https:\/\/www.notibras.com\/site\/\",\"name\":\"Notibras\",\"description\":\"Not\u00edcias de Bras\u00edlia, do Brasil e do Mundo\",\"publisher\":{\"@id\":\"https:\/\/www.notibras.com\/site\/#organization\"},\"potentialAction\":[{\"@type\":\"SearchAction\",\"target\":{\"@type\":\"EntryPoint\",\"urlTemplate\":\"https:\/\/www.notibras.com\/site\/?s={search_term_string}\"},\"query-input\":{\"@type\":\"PropertyValueSpecification\",\"valueRequired\":true,\"valueName\":\"search_term_string\"}}],\"inLanguage\":\"pt-BR\"},{\"@type\":\"Organization\",\"@id\":\"https:\/\/www.notibras.com\/site\/#organization\",\"name\":\"Grupo Notibras de Comunica\u00e7\u00e3o\",\"url\":\"https:\/\/www.notibras.com\/site\/\",\"logo\":{\"@type\":\"ImageObject\",\"inLanguage\":\"pt-BR\",\"@id\":\"https:\/\/www.notibras.com\/site\/#\/schema\/logo\/image\/\",\"url\":\"https:\/\/www.notibras.com\/site\/wp-content\/uploads\/2023\/01\/notibras23.png\",\"contentUrl\":\"https:\/\/www.notibras.com\/site\/wp-content\/uploads\/2023\/01\/notibras23.png\",\"width\":350,\"height\":87,\"caption\":\"Grupo Notibras de Comunica\u00e7\u00e3o\"},\"image\":{\"@id\":\"https:\/\/www.notibras.com\/site\/#\/schema\/logo\/image\/\"},\"sameAs\":[\"https:\/\/www.facebook.com\/notibras\/\",\"https:\/\/x.com\/Notibras\",\"https:\/\/www.instagram.com\/notibras\/\"]},{\"@type\":\"Person\",\"@id\":\"https:\/\/www.notibras.com\/site\/#\/schema\/person\/36ab0979449956132d3e5b517ea76ac8\",\"name\":\"Reda\u00e7\u00e3o\",\"image\":{\"@type\":\"ImageObject\",\"inLanguage\":\"pt-BR\",\"@id\":\"https:\/\/secure.gravatar.com\/avatar\/e0a867bdedb85fd243eadf09663511f96fc81e0720a4a42581f334ad4303aa6b?s=96&d=mm&r=g\",\"url\":\"https:\/\/secure.gravatar.com\/avatar\/e0a867bdedb85fd243eadf09663511f96fc81e0720a4a42581f334ad4303aa6b?s=96&d=mm&r=g\",\"contentUrl\":\"https:\/\/secure.gravatar.com\/avatar\/e0a867bdedb85fd243eadf09663511f96fc81e0720a4a42581f334ad4303aa6b?s=96&d=mm&r=g\",\"caption\":\"Reda\u00e7\u00e3o\"}}]}<\/script>\n<!-- \/ Yoast SEO plugin. -->","yoast_head_json":{"title":"Crise \u00e9 grave, mas Rio n\u00e3o ficar\u00e1 sem \u00e1gua, diz ministra - Notibras","robots":{"index":"index","follow":"follow","max-snippet":"max-snippet:-1","max-image-preview":"max-image-preview:large","max-video-preview":"max-video-preview:-1"},"canonical":"https:\/\/www.notibras.com\/site\/crise-e-grave-mas-rio-nao-ficara-sem-agua-palavra-de-ministra\/","og_locale":"pt_BR","og_type":"article","og_title":"Crise \u00e9 grave, mas Rio n\u00e3o ficar\u00e1 sem \u00e1gua, diz ministra - Notibras","og_description":"Apesar do n\u00edvel baixo dos reservat\u00f3rios, o Rio de Janeiro n\u00e3o corre risco, no momento, de ficar sem \u00e1gua para abastecimento humano, afirmou na segunda 9 a\u00a0ministra do Meio Ambiente, Izabella Teixeira. A ministra participou de reuni\u00e3o com o governador Luiz Fernando Pez\u00e3o, o secret\u00e1rio de Estado do Ambiente, Andr\u00e9 Corr\u00eaa, e o presidente da [&hellip;]","og_url":"https:\/\/www.notibras.com\/site\/crise-e-grave-mas-rio-nao-ficara-sem-agua-palavra-de-ministra\/","og_site_name":"Notibras","article_publisher":"https:\/\/www.facebook.com\/notibras\/","article_published_time":"2015-02-10T09:30:23+00:00","article_modified_time":"2015-02-10T09:44:21+00:00","og_image":[{"width":259,"height":194,"url":"https:\/\/www.notibras.com\/site\/wp-content\/uploads\/2015\/02\/rj.jpeg","type":"image\/jpeg"}],"author":"Reda\u00e7\u00e3o","twitter_card":"summary_large_image","twitter_creator":"@Notibras","twitter_site":"@Notibras","twitter_misc":{"Escrito por":"Reda\u00e7\u00e3o","Est. tempo de leitura":"4 minutos"},"schema":{"@context":"https:\/\/schema.org","@graph":[{"@type":"Article","@id":"https:\/\/www.notibras.com\/site\/crise-e-grave-mas-rio-nao-ficara-sem-agua-palavra-de-ministra\/#article","isPartOf":{"@id":"https:\/\/www.notibras.com\/site\/crise-e-grave-mas-rio-nao-ficara-sem-agua-palavra-de-ministra\/"},"author":{"name":"Reda\u00e7\u00e3o","@id":"https:\/\/www.notibras.com\/site\/#\/schema\/person\/36ab0979449956132d3e5b517ea76ac8"},"headline":"Crise \u00e9 grave, mas Rio n\u00e3o ficar\u00e1 sem \u00e1gua, diz ministra","datePublished":"2015-02-10T09:30:23+00:00","dateModified":"2015-02-10T09:44:21+00:00","mainEntityOfPage":{"@id":"https:\/\/www.notibras.com\/site\/crise-e-grave-mas-rio-nao-ficara-sem-agua-palavra-de-ministra\/"},"wordCount":765,"commentCount":0,"publisher":{"@id":"https:\/\/www.notibras.com\/site\/#organization"},"image":{"@id":"https:\/\/www.notibras.com\/site\/crise-e-grave-mas-rio-nao-ficara-sem-agua-palavra-de-ministra\/#primaryimage"},"thumbnailUrl":"https:\/\/www.notibras.com\/site\/wp-content\/uploads\/2015\/02\/rj.jpeg","articleSection":["Brasil"],"inLanguage":"pt-BR","potentialAction":[{"@type":"CommentAction","name":"Comment","target":["https:\/\/www.notibras.com\/site\/crise-e-grave-mas-rio-nao-ficara-sem-agua-palavra-de-ministra\/#respond"]}]},{"@type":"WebPage","@id":"https:\/\/www.notibras.com\/site\/crise-e-grave-mas-rio-nao-ficara-sem-agua-palavra-de-ministra\/","url":"https:\/\/www.notibras.com\/site\/crise-e-grave-mas-rio-nao-ficara-sem-agua-palavra-de-ministra\/","name":"Crise \u00e9 grave, mas Rio n\u00e3o ficar\u00e1 sem \u00e1gua, diz ministra - Notibras","isPartOf":{"@id":"https:\/\/www.notibras.com\/site\/#website"},"primaryImageOfPage":{"@id":"https:\/\/www.notibras.com\/site\/crise-e-grave-mas-rio-nao-ficara-sem-agua-palavra-de-ministra\/#primaryimage"},"image":{"@id":"https:\/\/www.notibras.com\/site\/crise-e-grave-mas-rio-nao-ficara-sem-agua-palavra-de-ministra\/#primaryimage"},"thumbnailUrl":"https:\/\/www.notibras.com\/site\/wp-content\/uploads\/2015\/02\/rj.jpeg","datePublished":"2015-02-10T09:30:23+00:00","dateModified":"2015-02-10T09:44:21+00:00","breadcrumb":{"@id":"https:\/\/www.notibras.com\/site\/crise-e-grave-mas-rio-nao-ficara-sem-agua-palavra-de-ministra\/#breadcrumb"},"inLanguage":"pt-BR","potentialAction":[{"@type":"ReadAction","target":["https:\/\/www.notibras.com\/site\/crise-e-grave-mas-rio-nao-ficara-sem-agua-palavra-de-ministra\/"]}]},{"@type":"ImageObject","inLanguage":"pt-BR","@id":"https:\/\/www.notibras.com\/site\/crise-e-grave-mas-rio-nao-ficara-sem-agua-palavra-de-ministra\/#primaryimage","url":"https:\/\/www.notibras.com\/site\/wp-content\/uploads\/2015\/02\/rj.jpeg","contentUrl":"https:\/\/www.notibras.com\/site\/wp-content\/uploads\/2015\/02\/rj.jpeg","width":259,"height":194},{"@type":"BreadcrumbList","@id":"https:\/\/www.notibras.com\/site\/crise-e-grave-mas-rio-nao-ficara-sem-agua-palavra-de-ministra\/#breadcrumb","itemListElement":[{"@type":"ListItem","position":1,"name":"In\u00edcio","item":"https:\/\/www.notibras.com\/site\/"},{"@type":"ListItem","position":2,"name":"Crise \u00e9 grave, mas Rio n\u00e3o ficar\u00e1 sem \u00e1gua, diz ministra"}]},{"@type":"WebSite","@id":"https:\/\/www.notibras.com\/site\/#website","url":"https:\/\/www.notibras.com\/site\/","name":"Notibras","description":"Not\u00edcias de Bras\u00edlia, do Brasil e do Mundo","publisher":{"@id":"https:\/\/www.notibras.com\/site\/#organization"},"potentialAction":[{"@type":"SearchAction","target":{"@type":"EntryPoint","urlTemplate":"https:\/\/www.notibras.com\/site\/?s={search_term_string}"},"query-input":{"@type":"PropertyValueSpecification","valueRequired":true,"valueName":"search_term_string"}}],"inLanguage":"pt-BR"},{"@type":"Organization","@id":"https:\/\/www.notibras.com\/site\/#organization","name":"Grupo Notibras de Comunica\u00e7\u00e3o","url":"https:\/\/www.notibras.com\/site\/","logo":{"@type":"ImageObject","inLanguage":"pt-BR","@id":"https:\/\/www.notibras.com\/site\/#\/schema\/logo\/image\/","url":"https:\/\/www.notibras.com\/site\/wp-content\/uploads\/2023\/01\/notibras23.png","contentUrl":"https:\/\/www.notibras.com\/site\/wp-content\/uploads\/2023\/01\/notibras23.png","width":350,"height":87,"caption":"Grupo Notibras de Comunica\u00e7\u00e3o"},"image":{"@id":"https:\/\/www.notibras.com\/site\/#\/schema\/logo\/image\/"},"sameAs":["https:\/\/www.facebook.com\/notibras\/","https:\/\/x.com\/Notibras","https:\/\/www.instagram.com\/notibras\/"]},{"@type":"Person","@id":"https:\/\/www.notibras.com\/site\/#\/schema\/person\/36ab0979449956132d3e5b517ea76ac8","name":"Reda\u00e7\u00e3o","image":{"@type":"ImageObject","inLanguage":"pt-BR","@id":"https:\/\/secure.gravatar.com\/avatar\/e0a867bdedb85fd243eadf09663511f96fc81e0720a4a42581f334ad4303aa6b?s=96&d=mm&r=g","url":"https:\/\/secure.gravatar.com\/avatar\/e0a867bdedb85fd243eadf09663511f96fc81e0720a4a42581f334ad4303aa6b?s=96&d=mm&r=g","contentUrl":"https:\/\/secure.gravatar.com\/avatar\/e0a867bdedb85fd243eadf09663511f96fc81e0720a4a42581f334ad4303aa6b?s=96&d=mm&r=g","caption":"Reda\u00e7\u00e3o"}}]}},"amp_enabled":true,"_links":{"self":[{"href":"https:\/\/www.notibras.com\/site\/wp-json\/wp\/v2\/posts\/36538","targetHints":{"allow":["GET"]}}],"collection":[{"href":"https:\/\/www.notibras.com\/site\/wp-json\/wp\/v2\/posts"}],"about":[{"href":"https:\/\/www.notibras.com\/site\/wp-json\/wp\/v2\/types\/post"}],"author":[{"embeddable":true,"href":"https:\/\/www.notibras.com\/site\/wp-json\/wp\/v2\/users\/2"}],"replies":[{"embeddable":true,"href":"https:\/\/www.notibras.com\/site\/wp-json\/wp\/v2\/comments?post=36538"}],"version-history":[{"count":0,"href":"https:\/\/www.notibras.com\/site\/wp-json\/wp\/v2\/posts\/36538\/revisions"}],"wp:featuredmedia":[{"embeddable":true,"href":"https:\/\/www.notibras.com\/site\/wp-json\/wp\/v2\/media\/36539"}],"wp:attachment":[{"href":"https:\/\/www.notibras.com\/site\/wp-json\/wp\/v2\/media?parent=36538"}],"wp:term":[{"taxonomy":"category","embeddable":true,"href":"https:\/\/www.notibras.com\/site\/wp-json\/wp\/v2\/categories?post=36538"},{"taxonomy":"post_tag","embeddable":true,"href":"https:\/\/www.notibras.com\/site\/wp-json\/wp\/v2\/tags?post=36538"}],"curies":[{"name":"wp","href":"https:\/\/api.w.org\/{rel}","templated":true}]}}