{"id":365423,"date":"2025-09-26T07:18:41","date_gmt":"2025-09-26T10:18:41","guid":{"rendered":"https:\/\/www.notibras.com\/site\/?p=365423"},"modified":"2025-09-26T07:31:57","modified_gmt":"2025-09-26T10:31:57","slug":"oraculo-de-delfos-e-as-revelacoes-de-pitia","status":"publish","type":"post","link":"https:\/\/www.notibras.com\/site\/oraculo-de-delfos-e-as-revelacoes-de-pitia\/","title":{"rendered":"Or\u00e1culo de Delfos e as revela\u00e7\u00f5es de P\u00edtia"},"content":{"rendered":"<p>O Or\u00e1culo de Delfos, situado no sop\u00e9 do monte Parnaso, Gr\u00e9cia, representava um dos mais significativos centros religiosos e espirituais do mundo hel\u00eanico ancestral. Consagrado ao deus Apolo, era o espa\u00e7o onde mito e realidade se entrela\u00e7avam, formando uma teia simb\u00f3lica que marcou profundamente a religiosidade, a pol\u00edtica e a cultura grega. De acordo com a tradi\u00e7\u00e3o m\u00edtica, Delfos era o local onde Apolo derrotara a serpente P\u00edton, estabelecendo ali seu santu\u00e1rio e criando a P\u00edtia, sacerdotisa respons\u00e1vel por transmitir suas revela\u00e7\u00f5es.<\/p>\n<p>Historicamente, o apogeu do Or\u00e1culo ocorreu entre os s\u00e9culos VIII a.C. e IV a.C., per\u00edodo em que Delfos se tornou ponto de converg\u00eancia para cidad\u00e3os comuns e autoridades civis e militares que buscavam orienta\u00e7\u00e3o divina para as suas a\u00e7\u00f5es. As consultas eram feitas por reis, generais, l\u00edderes pol\u00edticos, todos desejosos de conhecer a vontade dos deuses antes de empreender batalhas, fundar col\u00f4nias, ou tomar decis\u00f5es pol\u00edticas e religiosas. O papel do or\u00e1culo, al\u00e9m de espiritual, era tamb\u00e9m pol\u00edtico, funcionando como inst\u00e2ncia legitimadora de a\u00e7\u00f5es e decis\u00f5es que moldaram a hist\u00f3ria grega.<\/p>\n<p>Do ponto de vista mitol\u00f3gico, Apolo representava a luz, a raz\u00e3o e a ordem, sendo o oposto da serpente P\u00edton, s\u00edmbolo das for\u00e7as primitivas e ca\u00f3ticas. Ao instituir seu santu\u00e1rio em Delfos, Apolo reafirmava o triunfo da racionalidade sobre o instinto e a escurid\u00e3o. Contudo, do ponto de vista hist\u00f3rico, Delfos operava como um centro pol\u00edtico-religioso pan-hel\u00eanico, regulando alian\u00e7as, consolidando pactos e influenciando o equil\u00edbrio de poder entre as cidades-estado. Dessa forma, o mito legitimava uma realidade em que religi\u00e3o e pol\u00edtica estavam intrinsecamente unidas.<\/p>\n<p>O processo oracular era complexo. P\u00edtia, a oraculista, sentava-se sobre um trono e inalava vapores que emergiam de uma fenda no solo. Ao entrar em estado de transe, proferia palavras enigm\u00e1ticas, interpretadas pelos sacerdotes e transmitidas aos consulentes. Os gases inalados, de origem geol\u00f3gica, induziam a altera\u00e7\u00e3o do estado de consci\u00eancia da P\u00edtia, possibilitando o contato direto entre o humano e o divino, culminando com o \u00eaxtase da P\u00edtia e a manifesta\u00e7\u00e3o das predi\u00e7\u00f5es.<\/p>\n<p>O or\u00e1culo de Delfos atendia, sobretudo, governantes poderosos. Tem\u00edstocles, por exemplo, consultou o Or\u00e1culo antes da batalha de Salamina, recebendo a enigm\u00e1tica resposta sobre as \u201cmuralhas de madeira\u201d, interpretada como refer\u00eancia \u00e0s embarca\u00e7\u00f5es atenienses, decisivas para a vit\u00f3ria contra os persa. Assim, o Or\u00e1culo atuava como voz coletiva do destino grego, orientando desde projetos pessoais at\u00e9 decis\u00f5es de alcance civilizat\u00f3rio.<\/p>\n<p>Com o advento do cristianismo e a transforma\u00e7\u00e3o das estruturas religiosas do Imp\u00e9rio Romano, o prest\u00edgio do Or\u00e1culo de Delfos entrou em decl\u00ednio. No s\u00e9culo IV d.C., sob o imperador Teod\u00f3sio, que suprimiu cultos pag\u00e3os, o Or\u00e1culo foi silenciado definitivamente. Ainda assim, seu legado persiste como met\u00e1fora da busca humana pelo conhecimento, pela transcend\u00eancia e pelo contato com o sagrado. A m\u00e1xima d\u00e9lfica \u201cConhece-te a ti mesmo\u201d tornou-se s\u00edmbolo de introspec\u00e7\u00e3o filos\u00f3fica e espiritual, ecoando at\u00e9 hoje como convite \u00e0 autocompreens\u00e3o e \u00e0 sabedoria universal.<\/p>\n<p>Na contemporaneidade p\u00f3s-moderna, o anseio das pessoas por respostas e previs\u00f5es n\u00e3o desapareceu, mas assumiu novas formas.<\/p>\n<p>Procedimentos oraculares como a leitura do Tarot, I ching, b\u00fazios, astrologia, quiromancia, xamanismo, e mesmo pr\u00e1ticas modernas como o coaching espiritual e terapias integrativas podem ser comparados, em sentido simb\u00f3lico, ao Or\u00e1culo de Delfos. Tais pr\u00e1ticas cumprem fun\u00e7\u00e3o an\u00e1loga de oferecer ao indiv\u00edduo ou ao coletivo interpreta\u00e7\u00f5es de seu destino e caminhos poss\u00edveis. Assim como a P\u00edtia traduzia mensagens divinas em linguagem enigm\u00e1tica, os oraculistas atuais operam na fronteira entre racionalidade e intui\u00e7\u00e3o, oferecendo respostas que ecoam a eterna busca humana pelo sentido da exist\u00eancia.<\/p>\n<p>&#8230;&#8230;&#8230;&#8230;..<\/p>\n<p><strong>Bahirah Abdalla <\/strong><br \/>\n<strong>Mestre Conselheira do Col\u00e9gio dos Magos e Sacerdotisas<\/strong><br \/>\n<strong>@colegiodosmagosesacerdotisas<\/strong><\/p>\n","protected":false},"excerpt":{"rendered":"<p>O Or\u00e1culo de Delfos, situado no sop\u00e9 do monte Parnaso, Gr\u00e9cia, representava um dos mais significativos centros religiosos e espirituais do mundo hel\u00eanico ancestral. Consagrado ao deus Apolo, era o espa\u00e7o onde mito e realidade se entrela\u00e7avam, formando uma teia simb\u00f3lica que marcou profundamente a religiosidade, a pol\u00edtica e a cultura grega. De acordo com [&hellip;]<\/p>\n","protected":false},"author":2,"featured_media":365424,"comment_status":"closed","ping_status":"closed","sticky":false,"template":"","format":"standard","meta":{"_acf_changed":false,"footnotes":""},"categories":[237],"tags":[],"class_list":["post-365423","post","type-post","status-publish","format-standard","has-post-thumbnail","hentry","category-oraculos"],"acf":[],"yoast_head":"<!-- This site is optimized with the Yoast SEO plugin v27.2 - https:\/\/yoast.com\/product\/yoast-seo-wordpress\/ -->\n<title>Or\u00e1culo de Delfos e as revela\u00e7\u00f5es de P\u00edtia - Notibras<\/title>\n<meta name=\"robots\" content=\"index, follow, max-snippet:-1, max-image-preview:large, max-video-preview:-1\" \/>\n<link rel=\"canonical\" href=\"https:\/\/www.notibras.com\/site\/oraculo-de-delfos-e-as-revelacoes-de-pitia\/\" \/>\n<meta property=\"og:locale\" content=\"pt_BR\" \/>\n<meta property=\"og:type\" content=\"article\" \/>\n<meta property=\"og:title\" content=\"Or\u00e1culo de Delfos e as revela\u00e7\u00f5es de P\u00edtia - Notibras\" \/>\n<meta property=\"og:description\" content=\"O Or\u00e1culo de Delfos, situado no sop\u00e9 do monte Parnaso, Gr\u00e9cia, representava um dos mais significativos centros religiosos e espirituais do mundo hel\u00eanico ancestral. Consagrado ao deus Apolo, era o espa\u00e7o onde mito e realidade se entrela\u00e7avam, formando uma teia simb\u00f3lica que marcou profundamente a religiosidade, a pol\u00edtica e a cultura grega. De acordo com [&hellip;]\" \/>\n<meta property=\"og:url\" content=\"https:\/\/www.notibras.com\/site\/oraculo-de-delfos-e-as-revelacoes-de-pitia\/\" \/>\n<meta property=\"og:site_name\" content=\"Notibras\" \/>\n<meta property=\"article:publisher\" content=\"https:\/\/www.facebook.com\/notibras\/\" \/>\n<meta property=\"article:published_time\" content=\"2025-09-26T10:18:41+00:00\" \/>\n<meta property=\"article:modified_time\" content=\"2025-09-26T10:31:57+00:00\" \/>\n<meta property=\"og:image\" content=\"https:\/\/www.notibras.com\/site\/wp-content\/uploads\/2025\/09\/fb7fee02-cd04-4ba8-846e-ca333f4c98d3.jpeg\" \/>\n\t<meta property=\"og:image:width\" content=\"1024\" \/>\n\t<meta property=\"og:image:height\" content=\"1536\" \/>\n\t<meta property=\"og:image:type\" content=\"image\/jpeg\" \/>\n<meta name=\"author\" content=\"Reda\u00e7\u00e3o\" \/>\n<meta name=\"twitter:card\" content=\"summary_large_image\" \/>\n<meta name=\"twitter:creator\" content=\"@Notibras\" \/>\n<meta name=\"twitter:site\" content=\"@Notibras\" \/>\n<meta name=\"twitter:label1\" content=\"Escrito por\" \/>\n\t<meta name=\"twitter:data1\" content=\"Reda\u00e7\u00e3o\" \/>\n\t<meta name=\"twitter:label2\" content=\"Est. tempo de leitura\" \/>\n\t<meta name=\"twitter:data2\" content=\"4 minutos\" \/>\n<script type=\"application\/ld+json\" class=\"yoast-schema-graph\">{\"@context\":\"https:\/\/schema.org\",\"@graph\":[{\"@type\":\"Article\",\"@id\":\"https:\/\/www.notibras.com\/site\/oraculo-de-delfos-e-as-revelacoes-de-pitia\/#article\",\"isPartOf\":{\"@id\":\"https:\/\/www.notibras.com\/site\/oraculo-de-delfos-e-as-revelacoes-de-pitia\/\"},\"author\":{\"name\":\"Reda\u00e7\u00e3o\",\"@id\":\"https:\/\/www.notibras.com\/site\/#\/schema\/person\/36ab0979449956132d3e5b517ea76ac8\"},\"headline\":\"Or\u00e1culo de Delfos e as revela\u00e7\u00f5es de P\u00edtia\",\"datePublished\":\"2025-09-26T10:18:41+00:00\",\"dateModified\":\"2025-09-26T10:31:57+00:00\",\"mainEntityOfPage\":{\"@id\":\"https:\/\/www.notibras.com\/site\/oraculo-de-delfos-e-as-revelacoes-de-pitia\/\"},\"wordCount\":705,\"publisher\":{\"@id\":\"https:\/\/www.notibras.com\/site\/#organization\"},\"image\":{\"@id\":\"https:\/\/www.notibras.com\/site\/oraculo-de-delfos-e-as-revelacoes-de-pitia\/#primaryimage\"},\"thumbnailUrl\":\"https:\/\/www.notibras.com\/site\/wp-content\/uploads\/2025\/09\/fb7fee02-cd04-4ba8-846e-ca333f4c98d3.jpeg\",\"articleSection\":[\"Or\u00e1culos\"],\"inLanguage\":\"pt-BR\"},{\"@type\":\"WebPage\",\"@id\":\"https:\/\/www.notibras.com\/site\/oraculo-de-delfos-e-as-revelacoes-de-pitia\/\",\"url\":\"https:\/\/www.notibras.com\/site\/oraculo-de-delfos-e-as-revelacoes-de-pitia\/\",\"name\":\"Or\u00e1culo de Delfos e as revela\u00e7\u00f5es de P\u00edtia - Notibras\",\"isPartOf\":{\"@id\":\"https:\/\/www.notibras.com\/site\/#website\"},\"primaryImageOfPage\":{\"@id\":\"https:\/\/www.notibras.com\/site\/oraculo-de-delfos-e-as-revelacoes-de-pitia\/#primaryimage\"},\"image\":{\"@id\":\"https:\/\/www.notibras.com\/site\/oraculo-de-delfos-e-as-revelacoes-de-pitia\/#primaryimage\"},\"thumbnailUrl\":\"https:\/\/www.notibras.com\/site\/wp-content\/uploads\/2025\/09\/fb7fee02-cd04-4ba8-846e-ca333f4c98d3.jpeg\",\"datePublished\":\"2025-09-26T10:18:41+00:00\",\"dateModified\":\"2025-09-26T10:31:57+00:00\",\"breadcrumb\":{\"@id\":\"https:\/\/www.notibras.com\/site\/oraculo-de-delfos-e-as-revelacoes-de-pitia\/#breadcrumb\"},\"inLanguage\":\"pt-BR\",\"potentialAction\":[{\"@type\":\"ReadAction\",\"target\":[\"https:\/\/www.notibras.com\/site\/oraculo-de-delfos-e-as-revelacoes-de-pitia\/\"]}]},{\"@type\":\"ImageObject\",\"inLanguage\":\"pt-BR\",\"@id\":\"https:\/\/www.notibras.com\/site\/oraculo-de-delfos-e-as-revelacoes-de-pitia\/#primaryimage\",\"url\":\"https:\/\/www.notibras.com\/site\/wp-content\/uploads\/2025\/09\/fb7fee02-cd04-4ba8-846e-ca333f4c98d3.jpeg\",\"contentUrl\":\"https:\/\/www.notibras.com\/site\/wp-content\/uploads\/2025\/09\/fb7fee02-cd04-4ba8-846e-ca333f4c98d3.jpeg\",\"width\":1024,\"height\":1536},{\"@type\":\"BreadcrumbList\",\"@id\":\"https:\/\/www.notibras.com\/site\/oraculo-de-delfos-e-as-revelacoes-de-pitia\/#breadcrumb\",\"itemListElement\":[{\"@type\":\"ListItem\",\"position\":1,\"name\":\"In\u00edcio\",\"item\":\"https:\/\/www.notibras.com\/site\/\"},{\"@type\":\"ListItem\",\"position\":2,\"name\":\"Or\u00e1culo de Delfos e as revela\u00e7\u00f5es de P\u00edtia\"}]},{\"@type\":\"WebSite\",\"@id\":\"https:\/\/www.notibras.com\/site\/#website\",\"url\":\"https:\/\/www.notibras.com\/site\/\",\"name\":\"Notibras\",\"description\":\"Not\u00edcias de Bras\u00edlia, do Brasil e do Mundo\",\"publisher\":{\"@id\":\"https:\/\/www.notibras.com\/site\/#organization\"},\"potentialAction\":[{\"@type\":\"SearchAction\",\"target\":{\"@type\":\"EntryPoint\",\"urlTemplate\":\"https:\/\/www.notibras.com\/site\/?s={search_term_string}\"},\"query-input\":{\"@type\":\"PropertyValueSpecification\",\"valueRequired\":true,\"valueName\":\"search_term_string\"}}],\"inLanguage\":\"pt-BR\"},{\"@type\":\"Organization\",\"@id\":\"https:\/\/www.notibras.com\/site\/#organization\",\"name\":\"Grupo Notibras de Comunica\u00e7\u00e3o\",\"url\":\"https:\/\/www.notibras.com\/site\/\",\"logo\":{\"@type\":\"ImageObject\",\"inLanguage\":\"pt-BR\",\"@id\":\"https:\/\/www.notibras.com\/site\/#\/schema\/logo\/image\/\",\"url\":\"https:\/\/www.notibras.com\/site\/wp-content\/uploads\/2023\/01\/notibras23.png\",\"contentUrl\":\"https:\/\/www.notibras.com\/site\/wp-content\/uploads\/2023\/01\/notibras23.png\",\"width\":350,\"height\":87,\"caption\":\"Grupo Notibras de Comunica\u00e7\u00e3o\"},\"image\":{\"@id\":\"https:\/\/www.notibras.com\/site\/#\/schema\/logo\/image\/\"},\"sameAs\":[\"https:\/\/www.facebook.com\/notibras\/\",\"https:\/\/x.com\/Notibras\",\"https:\/\/www.instagram.com\/notibras\/\"]},{\"@type\":\"Person\",\"@id\":\"https:\/\/www.notibras.com\/site\/#\/schema\/person\/36ab0979449956132d3e5b517ea76ac8\",\"name\":\"Reda\u00e7\u00e3o\",\"image\":{\"@type\":\"ImageObject\",\"inLanguage\":\"pt-BR\",\"@id\":\"https:\/\/secure.gravatar.com\/avatar\/e0a867bdedb85fd243eadf09663511f96fc81e0720a4a42581f334ad4303aa6b?s=96&d=mm&r=g\",\"url\":\"https:\/\/secure.gravatar.com\/avatar\/e0a867bdedb85fd243eadf09663511f96fc81e0720a4a42581f334ad4303aa6b?s=96&d=mm&r=g\",\"contentUrl\":\"https:\/\/secure.gravatar.com\/avatar\/e0a867bdedb85fd243eadf09663511f96fc81e0720a4a42581f334ad4303aa6b?s=96&d=mm&r=g\",\"caption\":\"Reda\u00e7\u00e3o\"}}]}<\/script>\n<!-- \/ Yoast SEO plugin. -->","yoast_head_json":{"title":"Or\u00e1culo de Delfos e as revela\u00e7\u00f5es de P\u00edtia - Notibras","robots":{"index":"index","follow":"follow","max-snippet":"max-snippet:-1","max-image-preview":"max-image-preview:large","max-video-preview":"max-video-preview:-1"},"canonical":"https:\/\/www.notibras.com\/site\/oraculo-de-delfos-e-as-revelacoes-de-pitia\/","og_locale":"pt_BR","og_type":"article","og_title":"Or\u00e1culo de Delfos e as revela\u00e7\u00f5es de P\u00edtia - Notibras","og_description":"O Or\u00e1culo de Delfos, situado no sop\u00e9 do monte Parnaso, Gr\u00e9cia, representava um dos mais significativos centros religiosos e espirituais do mundo hel\u00eanico ancestral. Consagrado ao deus Apolo, era o espa\u00e7o onde mito e realidade se entrela\u00e7avam, formando uma teia simb\u00f3lica que marcou profundamente a religiosidade, a pol\u00edtica e a cultura grega. De acordo com [&hellip;]","og_url":"https:\/\/www.notibras.com\/site\/oraculo-de-delfos-e-as-revelacoes-de-pitia\/","og_site_name":"Notibras","article_publisher":"https:\/\/www.facebook.com\/notibras\/","article_published_time":"2025-09-26T10:18:41+00:00","article_modified_time":"2025-09-26T10:31:57+00:00","og_image":[{"width":1024,"height":1536,"url":"https:\/\/www.notibras.com\/site\/wp-content\/uploads\/2025\/09\/fb7fee02-cd04-4ba8-846e-ca333f4c98d3.jpeg","type":"image\/jpeg"}],"author":"Reda\u00e7\u00e3o","twitter_card":"summary_large_image","twitter_creator":"@Notibras","twitter_site":"@Notibras","twitter_misc":{"Escrito por":"Reda\u00e7\u00e3o","Est. tempo de leitura":"4 minutos"},"schema":{"@context":"https:\/\/schema.org","@graph":[{"@type":"Article","@id":"https:\/\/www.notibras.com\/site\/oraculo-de-delfos-e-as-revelacoes-de-pitia\/#article","isPartOf":{"@id":"https:\/\/www.notibras.com\/site\/oraculo-de-delfos-e-as-revelacoes-de-pitia\/"},"author":{"name":"Reda\u00e7\u00e3o","@id":"https:\/\/www.notibras.com\/site\/#\/schema\/person\/36ab0979449956132d3e5b517ea76ac8"},"headline":"Or\u00e1culo de Delfos e as revela\u00e7\u00f5es de P\u00edtia","datePublished":"2025-09-26T10:18:41+00:00","dateModified":"2025-09-26T10:31:57+00:00","mainEntityOfPage":{"@id":"https:\/\/www.notibras.com\/site\/oraculo-de-delfos-e-as-revelacoes-de-pitia\/"},"wordCount":705,"publisher":{"@id":"https:\/\/www.notibras.com\/site\/#organization"},"image":{"@id":"https:\/\/www.notibras.com\/site\/oraculo-de-delfos-e-as-revelacoes-de-pitia\/#primaryimage"},"thumbnailUrl":"https:\/\/www.notibras.com\/site\/wp-content\/uploads\/2025\/09\/fb7fee02-cd04-4ba8-846e-ca333f4c98d3.jpeg","articleSection":["Or\u00e1culos"],"inLanguage":"pt-BR"},{"@type":"WebPage","@id":"https:\/\/www.notibras.com\/site\/oraculo-de-delfos-e-as-revelacoes-de-pitia\/","url":"https:\/\/www.notibras.com\/site\/oraculo-de-delfos-e-as-revelacoes-de-pitia\/","name":"Or\u00e1culo de Delfos e as revela\u00e7\u00f5es de P\u00edtia - Notibras","isPartOf":{"@id":"https:\/\/www.notibras.com\/site\/#website"},"primaryImageOfPage":{"@id":"https:\/\/www.notibras.com\/site\/oraculo-de-delfos-e-as-revelacoes-de-pitia\/#primaryimage"},"image":{"@id":"https:\/\/www.notibras.com\/site\/oraculo-de-delfos-e-as-revelacoes-de-pitia\/#primaryimage"},"thumbnailUrl":"https:\/\/www.notibras.com\/site\/wp-content\/uploads\/2025\/09\/fb7fee02-cd04-4ba8-846e-ca333f4c98d3.jpeg","datePublished":"2025-09-26T10:18:41+00:00","dateModified":"2025-09-26T10:31:57+00:00","breadcrumb":{"@id":"https:\/\/www.notibras.com\/site\/oraculo-de-delfos-e-as-revelacoes-de-pitia\/#breadcrumb"},"inLanguage":"pt-BR","potentialAction":[{"@type":"ReadAction","target":["https:\/\/www.notibras.com\/site\/oraculo-de-delfos-e-as-revelacoes-de-pitia\/"]}]},{"@type":"ImageObject","inLanguage":"pt-BR","@id":"https:\/\/www.notibras.com\/site\/oraculo-de-delfos-e-as-revelacoes-de-pitia\/#primaryimage","url":"https:\/\/www.notibras.com\/site\/wp-content\/uploads\/2025\/09\/fb7fee02-cd04-4ba8-846e-ca333f4c98d3.jpeg","contentUrl":"https:\/\/www.notibras.com\/site\/wp-content\/uploads\/2025\/09\/fb7fee02-cd04-4ba8-846e-ca333f4c98d3.jpeg","width":1024,"height":1536},{"@type":"BreadcrumbList","@id":"https:\/\/www.notibras.com\/site\/oraculo-de-delfos-e-as-revelacoes-de-pitia\/#breadcrumb","itemListElement":[{"@type":"ListItem","position":1,"name":"In\u00edcio","item":"https:\/\/www.notibras.com\/site\/"},{"@type":"ListItem","position":2,"name":"Or\u00e1culo de Delfos e as revela\u00e7\u00f5es de P\u00edtia"}]},{"@type":"WebSite","@id":"https:\/\/www.notibras.com\/site\/#website","url":"https:\/\/www.notibras.com\/site\/","name":"Notibras","description":"Not\u00edcias de Bras\u00edlia, do Brasil e do Mundo","publisher":{"@id":"https:\/\/www.notibras.com\/site\/#organization"},"potentialAction":[{"@type":"SearchAction","target":{"@type":"EntryPoint","urlTemplate":"https:\/\/www.notibras.com\/site\/?s={search_term_string}"},"query-input":{"@type":"PropertyValueSpecification","valueRequired":true,"valueName":"search_term_string"}}],"inLanguage":"pt-BR"},{"@type":"Organization","@id":"https:\/\/www.notibras.com\/site\/#organization","name":"Grupo Notibras de Comunica\u00e7\u00e3o","url":"https:\/\/www.notibras.com\/site\/","logo":{"@type":"ImageObject","inLanguage":"pt-BR","@id":"https:\/\/www.notibras.com\/site\/#\/schema\/logo\/image\/","url":"https:\/\/www.notibras.com\/site\/wp-content\/uploads\/2023\/01\/notibras23.png","contentUrl":"https:\/\/www.notibras.com\/site\/wp-content\/uploads\/2023\/01\/notibras23.png","width":350,"height":87,"caption":"Grupo Notibras de Comunica\u00e7\u00e3o"},"image":{"@id":"https:\/\/www.notibras.com\/site\/#\/schema\/logo\/image\/"},"sameAs":["https:\/\/www.facebook.com\/notibras\/","https:\/\/x.com\/Notibras","https:\/\/www.instagram.com\/notibras\/"]},{"@type":"Person","@id":"https:\/\/www.notibras.com\/site\/#\/schema\/person\/36ab0979449956132d3e5b517ea76ac8","name":"Reda\u00e7\u00e3o","image":{"@type":"ImageObject","inLanguage":"pt-BR","@id":"https:\/\/secure.gravatar.com\/avatar\/e0a867bdedb85fd243eadf09663511f96fc81e0720a4a42581f334ad4303aa6b?s=96&d=mm&r=g","url":"https:\/\/secure.gravatar.com\/avatar\/e0a867bdedb85fd243eadf09663511f96fc81e0720a4a42581f334ad4303aa6b?s=96&d=mm&r=g","contentUrl":"https:\/\/secure.gravatar.com\/avatar\/e0a867bdedb85fd243eadf09663511f96fc81e0720a4a42581f334ad4303aa6b?s=96&d=mm&r=g","caption":"Reda\u00e7\u00e3o"}}]}},"amp_enabled":true,"_links":{"self":[{"href":"https:\/\/www.notibras.com\/site\/wp-json\/wp\/v2\/posts\/365423","targetHints":{"allow":["GET"]}}],"collection":[{"href":"https:\/\/www.notibras.com\/site\/wp-json\/wp\/v2\/posts"}],"about":[{"href":"https:\/\/www.notibras.com\/site\/wp-json\/wp\/v2\/types\/post"}],"author":[{"embeddable":true,"href":"https:\/\/www.notibras.com\/site\/wp-json\/wp\/v2\/users\/2"}],"replies":[{"embeddable":true,"href":"https:\/\/www.notibras.com\/site\/wp-json\/wp\/v2\/comments?post=365423"}],"version-history":[{"count":1,"href":"https:\/\/www.notibras.com\/site\/wp-json\/wp\/v2\/posts\/365423\/revisions"}],"predecessor-version":[{"id":365425,"href":"https:\/\/www.notibras.com\/site\/wp-json\/wp\/v2\/posts\/365423\/revisions\/365425"}],"wp:featuredmedia":[{"embeddable":true,"href":"https:\/\/www.notibras.com\/site\/wp-json\/wp\/v2\/media\/365424"}],"wp:attachment":[{"href":"https:\/\/www.notibras.com\/site\/wp-json\/wp\/v2\/media?parent=365423"}],"wp:term":[{"taxonomy":"category","embeddable":true,"href":"https:\/\/www.notibras.com\/site\/wp-json\/wp\/v2\/categories?post=365423"},{"taxonomy":"post_tag","embeddable":true,"href":"https:\/\/www.notibras.com\/site\/wp-json\/wp\/v2\/tags?post=365423"}],"curies":[{"name":"wp","href":"https:\/\/api.w.org\/{rel}","templated":true}]}}