{"id":365664,"date":"2025-09-29T05:48:30","date_gmt":"2025-09-29T08:48:30","guid":{"rendered":"https:\/\/www.notibras.com\/site\/?p=365664"},"modified":"2025-09-29T05:48:30","modified_gmt":"2025-09-29T08:48:30","slug":"encontro-dos-magos-na-praia-do-cotovelo","status":"publish","type":"post","link":"https:\/\/www.notibras.com\/site\/encontro-dos-magos-na-praia-do-cotovelo\/","title":{"rendered":"Encontro dos Magos na Praia do Cotovelo"},"content":{"rendered":"<p>Na manh\u00e3 luminosa de s\u00e1bado, 27, data cabal\u00edstica que resulta no n\u00famero \u201d9\u201d, o amor universal, a Praia do Cotovelo, em Parnamirim (RN), foi palco de um encontro iluminado: dois irm\u00e3os iniciados que herdaram o legado herm\u00e9tico do pai, o c\u00e9lebre Mago Geraldo Seabra, fundador do Col\u00e9gio dos Magos de Bras\u00edlia. S\u00e3o eles Francisco Seabra, astr\u00f3logo renomado e coordenador do Projeto UNIASTRO, e Giovanni Seabra, quir\u00f3logo e Gr\u00e3o-Mestre do Col\u00e9gio dos Magos e Sacerdotisas. Unidos por la\u00e7os de sangue e tradi\u00e7\u00e3o, ambos t\u00eam se dedicado ao estudo das ci\u00eancias ocultas e ao di\u00e1logo entre os mist\u00e9rios do c\u00e9u e as linhas da m\u00e3o, numa s\u00edntese entre macrocosmo e microcosmo.<\/p>\n<p>Francisco Seabra construiu sua trajet\u00f3ria como pesquisador das influ\u00eancias celestes sobre a vida humana. No comando do UNIASTRO, difunde a Astrologia n\u00e3o apenas como arte divinat\u00f3ria, mas como ferramenta de autoconhecimento e de compreens\u00e3o dos ciclos da exist\u00eancia. \u201cOs astros determinam o destino, e tamb\u00e9m oferecem mapas simb\u00f3licos que iluminam os caminhos poss\u00edveis\u201d, declarou durante o encontro.<\/p>\n<p>J\u00e1 Giovanni Seabra, doutor em Geografia F\u00edsica e Professor Titular da Universidade Federal da Para\u00edba, trilhou a via da quiromancia ou leitura das m\u00e3os, por d\u00e9cadas, campo que busca revelar os potenciais individuais inscritos nas linhas, montes e formas palmares. No Col\u00e9gio dos Magos e Sacerdotisas, ele ensina que \u201ca palma da m\u00e3o \u00e9 o mapa da vida\u201d, o microcosmo do ser humano, refletindo o que se move no macrocosmo\u201d. Para Giovanni, a quiromancia \u00e9 um espelho da alma e instrumento de orienta\u00e7\u00e3o pessoal.<\/p>\n<p>A reuni\u00e3o na Praia do Cotovelo teve um car\u00e1ter simb\u00f3lico e ritual\u00edstico. \u00c0 beira-mar, os dois mestres falaram sobre a Magia dos Astros e suas correspond\u00eancias. Francisco destacou a rela\u00e7\u00e3o entre os planetas e arqu\u00e9tipos universais, conectando o Sol \u00e0 vitalidade, a Lua \u00e0s emo\u00e7\u00f5es e Saturno ao tempo e \u00e0 disciplina. Giovanni, por sua vez, explicou como cada um desses arqu\u00e9tipos encontra reflexo na m\u00e3o: o Monte de Apolo associado \u00e0 criatividade solar, o Monte da Lua \u00e0s percep\u00e7\u00f5es intuitivas, e o dedo de Saturno \u00e0s li\u00e7\u00f5es equil\u00edbtio e responsabilidade.<\/p>\n<p>Astrologia e quiromancia foram apresentadas como linguagens complementares. Enquanto o mapa astral indica tend\u00eancias c\u00f3smicas inscritas no momento do nascimento, a palma da m\u00e3o mostra como essas energias s\u00e3o interiorizadas e expressas ao longo da vida. Assim, os irm\u00e3os Seabra reafirmam a antiga m\u00e1xima herm\u00e9tica: \u201cO que est\u00e1 em cima \u00e9 como o que est\u00e1 embaixo\u201d.<\/p>\n<p>Francisco e Giovanni tamb\u00e9m ressaltaram que a magia n\u00e3o se restringe ao campo ritual, mas se manifesta como ci\u00eancia da transforma\u00e7\u00e3o interior. \u201cConhecer os astros e as linhas da m\u00e3o \u00e9, acima de tudo, conhecer a si mesmo\u201d, resumiu Francisco. Giovanni completou: \u201cA magia \u00e9 a ponte entre o vis\u00edvel e o invis\u00edvel, entre o humano e o divino\u201d.<\/p>\n<p>O encontro foi encerrado com o an\u00fancio dos C\u00edrculos M\u00e1gicos, evento virtual de palestras e viv\u00eancias que ser\u00e1 realizado nos dias \u207719, 20 e 21 de novembro de 2025, reunindo especialistas em astrologia, quiromancia, tarot, magia e outras artes esot\u00e9ricas. A proposta \u00e9 criar uma arena de di\u00e1logos para compartilhar experi\u00eancias, aprofundar conhecimentos e fortalecer a comunidade dos buscadores da sabedoria herm\u00e9tica.<\/p>\n<p>Assim, a Praia do Cotovelo, cen\u00e1rio de encantos naturais, se transformou tamb\u00e9m em palco de magia e conhecimento, reafirmando que os mist\u00e9rios do universo continuam vivos na palavra e no gesto dos herdeiros do Mago Geraldo Seabra.<\/p>\n<p>Qual o seu or\u00e1culo preferido: Astrologia ou Quiromancia?<\/p>\n<p>&#8230;&#8230;&#8230;&#8230;&#8230;&#8230;..<\/p>\n<p><strong>Hussein Sabra el-Awar<\/strong><br \/>\n<strong>Membro Conselheiro do Col\u00e9gio dos Magos e Sacerdotisas<\/strong><br \/>\n<strong>@colegiodosmagosesacerdotisas<\/strong><\/p>\n","protected":false},"excerpt":{"rendered":"<p>Na manh\u00e3 luminosa de s\u00e1bado, 27, data cabal\u00edstica que resulta no n\u00famero \u201d9\u201d, o amor universal, a Praia do Cotovelo, em Parnamirim (RN), foi palco de um encontro iluminado: dois irm\u00e3os iniciados que herdaram o legado herm\u00e9tico do pai, o c\u00e9lebre Mago Geraldo Seabra, fundador do Col\u00e9gio dos Magos de Bras\u00edlia. S\u00e3o eles Francisco Seabra, [&hellip;]<\/p>\n","protected":false},"author":2,"featured_media":365665,"comment_status":"closed","ping_status":"closed","sticky":false,"template":"","format":"standard","meta":{"_acf_changed":false,"footnotes":""},"categories":[237],"tags":[],"class_list":["post-365664","post","type-post","status-publish","format-standard","has-post-thumbnail","hentry","category-oraculos"],"acf":[],"yoast_head":"<!-- This site is optimized with the Yoast SEO plugin v27.2 - https:\/\/yoast.com\/product\/yoast-seo-wordpress\/ -->\n<title>Encontro dos Magos na Praia do Cotovelo - Notibras<\/title>\n<meta name=\"robots\" content=\"index, follow, max-snippet:-1, max-image-preview:large, max-video-preview:-1\" \/>\n<link rel=\"canonical\" href=\"https:\/\/www.notibras.com\/site\/encontro-dos-magos-na-praia-do-cotovelo\/\" \/>\n<meta property=\"og:locale\" content=\"pt_BR\" \/>\n<meta property=\"og:type\" content=\"article\" \/>\n<meta property=\"og:title\" content=\"Encontro dos Magos na Praia do Cotovelo - Notibras\" \/>\n<meta property=\"og:description\" content=\"Na manh\u00e3 luminosa de s\u00e1bado, 27, data cabal\u00edstica que resulta no n\u00famero \u201d9\u201d, o amor universal, a Praia do Cotovelo, em Parnamirim (RN), foi palco de um encontro iluminado: dois irm\u00e3os iniciados que herdaram o legado herm\u00e9tico do pai, o c\u00e9lebre Mago Geraldo Seabra, fundador do Col\u00e9gio dos Magos de Bras\u00edlia. S\u00e3o eles Francisco Seabra, [&hellip;]\" \/>\n<meta property=\"og:url\" content=\"https:\/\/www.notibras.com\/site\/encontro-dos-magos-na-praia-do-cotovelo\/\" \/>\n<meta property=\"og:site_name\" content=\"Notibras\" \/>\n<meta property=\"article:publisher\" content=\"https:\/\/www.facebook.com\/notibras\/\" \/>\n<meta property=\"article:published_time\" content=\"2025-09-29T08:48:30+00:00\" \/>\n<meta property=\"og:image\" content=\"https:\/\/www.notibras.com\/site\/wp-content\/uploads\/2025\/09\/819e318a-3ee8-4db5-80e8-d658919b4ec3.jpeg\" \/>\n\t<meta property=\"og:image:width\" content=\"1024\" \/>\n\t<meta property=\"og:image:height\" content=\"1536\" \/>\n\t<meta property=\"og:image:type\" content=\"image\/jpeg\" \/>\n<meta name=\"author\" content=\"Reda\u00e7\u00e3o\" \/>\n<meta name=\"twitter:card\" content=\"summary_large_image\" \/>\n<meta name=\"twitter:creator\" content=\"@Notibras\" \/>\n<meta name=\"twitter:site\" content=\"@Notibras\" \/>\n<meta name=\"twitter:label1\" content=\"Escrito por\" \/>\n\t<meta name=\"twitter:data1\" content=\"Reda\u00e7\u00e3o\" \/>\n\t<meta name=\"twitter:label2\" content=\"Est. tempo de leitura\" \/>\n\t<meta name=\"twitter:data2\" content=\"4 minutos\" \/>\n<script type=\"application\/ld+json\" class=\"yoast-schema-graph\">{\"@context\":\"https:\/\/schema.org\",\"@graph\":[{\"@type\":\"Article\",\"@id\":\"https:\/\/www.notibras.com\/site\/encontro-dos-magos-na-praia-do-cotovelo\/#article\",\"isPartOf\":{\"@id\":\"https:\/\/www.notibras.com\/site\/encontro-dos-magos-na-praia-do-cotovelo\/\"},\"author\":{\"name\":\"Reda\u00e7\u00e3o\",\"@id\":\"https:\/\/www.notibras.com\/site\/#\/schema\/person\/36ab0979449956132d3e5b517ea76ac8\"},\"headline\":\"Encontro dos Magos na Praia do Cotovelo\",\"datePublished\":\"2025-09-29T08:48:30+00:00\",\"mainEntityOfPage\":{\"@id\":\"https:\/\/www.notibras.com\/site\/encontro-dos-magos-na-praia-do-cotovelo\/\"},\"wordCount\":644,\"publisher\":{\"@id\":\"https:\/\/www.notibras.com\/site\/#organization\"},\"image\":{\"@id\":\"https:\/\/www.notibras.com\/site\/encontro-dos-magos-na-praia-do-cotovelo\/#primaryimage\"},\"thumbnailUrl\":\"https:\/\/www.notibras.com\/site\/wp-content\/uploads\/2025\/09\/819e318a-3ee8-4db5-80e8-d658919b4ec3.jpeg\",\"articleSection\":[\"Or\u00e1culos\"],\"inLanguage\":\"pt-BR\"},{\"@type\":\"WebPage\",\"@id\":\"https:\/\/www.notibras.com\/site\/encontro-dos-magos-na-praia-do-cotovelo\/\",\"url\":\"https:\/\/www.notibras.com\/site\/encontro-dos-magos-na-praia-do-cotovelo\/\",\"name\":\"Encontro dos Magos na Praia do Cotovelo - Notibras\",\"isPartOf\":{\"@id\":\"https:\/\/www.notibras.com\/site\/#website\"},\"primaryImageOfPage\":{\"@id\":\"https:\/\/www.notibras.com\/site\/encontro-dos-magos-na-praia-do-cotovelo\/#primaryimage\"},\"image\":{\"@id\":\"https:\/\/www.notibras.com\/site\/encontro-dos-magos-na-praia-do-cotovelo\/#primaryimage\"},\"thumbnailUrl\":\"https:\/\/www.notibras.com\/site\/wp-content\/uploads\/2025\/09\/819e318a-3ee8-4db5-80e8-d658919b4ec3.jpeg\",\"datePublished\":\"2025-09-29T08:48:30+00:00\",\"breadcrumb\":{\"@id\":\"https:\/\/www.notibras.com\/site\/encontro-dos-magos-na-praia-do-cotovelo\/#breadcrumb\"},\"inLanguage\":\"pt-BR\",\"potentialAction\":[{\"@type\":\"ReadAction\",\"target\":[\"https:\/\/www.notibras.com\/site\/encontro-dos-magos-na-praia-do-cotovelo\/\"]}]},{\"@type\":\"ImageObject\",\"inLanguage\":\"pt-BR\",\"@id\":\"https:\/\/www.notibras.com\/site\/encontro-dos-magos-na-praia-do-cotovelo\/#primaryimage\",\"url\":\"https:\/\/www.notibras.com\/site\/wp-content\/uploads\/2025\/09\/819e318a-3ee8-4db5-80e8-d658919b4ec3.jpeg\",\"contentUrl\":\"https:\/\/www.notibras.com\/site\/wp-content\/uploads\/2025\/09\/819e318a-3ee8-4db5-80e8-d658919b4ec3.jpeg\",\"width\":1024,\"height\":1536},{\"@type\":\"BreadcrumbList\",\"@id\":\"https:\/\/www.notibras.com\/site\/encontro-dos-magos-na-praia-do-cotovelo\/#breadcrumb\",\"itemListElement\":[{\"@type\":\"ListItem\",\"position\":1,\"name\":\"In\u00edcio\",\"item\":\"https:\/\/www.notibras.com\/site\/\"},{\"@type\":\"ListItem\",\"position\":2,\"name\":\"Encontro dos Magos na Praia do Cotovelo\"}]},{\"@type\":\"WebSite\",\"@id\":\"https:\/\/www.notibras.com\/site\/#website\",\"url\":\"https:\/\/www.notibras.com\/site\/\",\"name\":\"Notibras\",\"description\":\"Not\u00edcias de Bras\u00edlia, do Brasil e do Mundo\",\"publisher\":{\"@id\":\"https:\/\/www.notibras.com\/site\/#organization\"},\"potentialAction\":[{\"@type\":\"SearchAction\",\"target\":{\"@type\":\"EntryPoint\",\"urlTemplate\":\"https:\/\/www.notibras.com\/site\/?s={search_term_string}\"},\"query-input\":{\"@type\":\"PropertyValueSpecification\",\"valueRequired\":true,\"valueName\":\"search_term_string\"}}],\"inLanguage\":\"pt-BR\"},{\"@type\":\"Organization\",\"@id\":\"https:\/\/www.notibras.com\/site\/#organization\",\"name\":\"Grupo Notibras de Comunica\u00e7\u00e3o\",\"url\":\"https:\/\/www.notibras.com\/site\/\",\"logo\":{\"@type\":\"ImageObject\",\"inLanguage\":\"pt-BR\",\"@id\":\"https:\/\/www.notibras.com\/site\/#\/schema\/logo\/image\/\",\"url\":\"https:\/\/www.notibras.com\/site\/wp-content\/uploads\/2023\/01\/notibras23.png\",\"contentUrl\":\"https:\/\/www.notibras.com\/site\/wp-content\/uploads\/2023\/01\/notibras23.png\",\"width\":350,\"height\":87,\"caption\":\"Grupo Notibras de Comunica\u00e7\u00e3o\"},\"image\":{\"@id\":\"https:\/\/www.notibras.com\/site\/#\/schema\/logo\/image\/\"},\"sameAs\":[\"https:\/\/www.facebook.com\/notibras\/\",\"https:\/\/x.com\/Notibras\",\"https:\/\/www.instagram.com\/notibras\/\"]},{\"@type\":\"Person\",\"@id\":\"https:\/\/www.notibras.com\/site\/#\/schema\/person\/36ab0979449956132d3e5b517ea76ac8\",\"name\":\"Reda\u00e7\u00e3o\",\"image\":{\"@type\":\"ImageObject\",\"inLanguage\":\"pt-BR\",\"@id\":\"https:\/\/secure.gravatar.com\/avatar\/e0a867bdedb85fd243eadf09663511f96fc81e0720a4a42581f334ad4303aa6b?s=96&d=mm&r=g\",\"url\":\"https:\/\/secure.gravatar.com\/avatar\/e0a867bdedb85fd243eadf09663511f96fc81e0720a4a42581f334ad4303aa6b?s=96&d=mm&r=g\",\"contentUrl\":\"https:\/\/secure.gravatar.com\/avatar\/e0a867bdedb85fd243eadf09663511f96fc81e0720a4a42581f334ad4303aa6b?s=96&d=mm&r=g\",\"caption\":\"Reda\u00e7\u00e3o\"}}]}<\/script>\n<!-- \/ Yoast SEO plugin. -->","yoast_head_json":{"title":"Encontro dos Magos na Praia do Cotovelo - Notibras","robots":{"index":"index","follow":"follow","max-snippet":"max-snippet:-1","max-image-preview":"max-image-preview:large","max-video-preview":"max-video-preview:-1"},"canonical":"https:\/\/www.notibras.com\/site\/encontro-dos-magos-na-praia-do-cotovelo\/","og_locale":"pt_BR","og_type":"article","og_title":"Encontro dos Magos na Praia do Cotovelo - Notibras","og_description":"Na manh\u00e3 luminosa de s\u00e1bado, 27, data cabal\u00edstica que resulta no n\u00famero \u201d9\u201d, o amor universal, a Praia do Cotovelo, em Parnamirim (RN), foi palco de um encontro iluminado: dois irm\u00e3os iniciados que herdaram o legado herm\u00e9tico do pai, o c\u00e9lebre Mago Geraldo Seabra, fundador do Col\u00e9gio dos Magos de Bras\u00edlia. S\u00e3o eles Francisco Seabra, [&hellip;]","og_url":"https:\/\/www.notibras.com\/site\/encontro-dos-magos-na-praia-do-cotovelo\/","og_site_name":"Notibras","article_publisher":"https:\/\/www.facebook.com\/notibras\/","article_published_time":"2025-09-29T08:48:30+00:00","og_image":[{"width":1024,"height":1536,"url":"https:\/\/www.notibras.com\/site\/wp-content\/uploads\/2025\/09\/819e318a-3ee8-4db5-80e8-d658919b4ec3.jpeg","type":"image\/jpeg"}],"author":"Reda\u00e7\u00e3o","twitter_card":"summary_large_image","twitter_creator":"@Notibras","twitter_site":"@Notibras","twitter_misc":{"Escrito por":"Reda\u00e7\u00e3o","Est. tempo de leitura":"4 minutos"},"schema":{"@context":"https:\/\/schema.org","@graph":[{"@type":"Article","@id":"https:\/\/www.notibras.com\/site\/encontro-dos-magos-na-praia-do-cotovelo\/#article","isPartOf":{"@id":"https:\/\/www.notibras.com\/site\/encontro-dos-magos-na-praia-do-cotovelo\/"},"author":{"name":"Reda\u00e7\u00e3o","@id":"https:\/\/www.notibras.com\/site\/#\/schema\/person\/36ab0979449956132d3e5b517ea76ac8"},"headline":"Encontro dos Magos na Praia do Cotovelo","datePublished":"2025-09-29T08:48:30+00:00","mainEntityOfPage":{"@id":"https:\/\/www.notibras.com\/site\/encontro-dos-magos-na-praia-do-cotovelo\/"},"wordCount":644,"publisher":{"@id":"https:\/\/www.notibras.com\/site\/#organization"},"image":{"@id":"https:\/\/www.notibras.com\/site\/encontro-dos-magos-na-praia-do-cotovelo\/#primaryimage"},"thumbnailUrl":"https:\/\/www.notibras.com\/site\/wp-content\/uploads\/2025\/09\/819e318a-3ee8-4db5-80e8-d658919b4ec3.jpeg","articleSection":["Or\u00e1culos"],"inLanguage":"pt-BR"},{"@type":"WebPage","@id":"https:\/\/www.notibras.com\/site\/encontro-dos-magos-na-praia-do-cotovelo\/","url":"https:\/\/www.notibras.com\/site\/encontro-dos-magos-na-praia-do-cotovelo\/","name":"Encontro dos Magos na Praia do Cotovelo - Notibras","isPartOf":{"@id":"https:\/\/www.notibras.com\/site\/#website"},"primaryImageOfPage":{"@id":"https:\/\/www.notibras.com\/site\/encontro-dos-magos-na-praia-do-cotovelo\/#primaryimage"},"image":{"@id":"https:\/\/www.notibras.com\/site\/encontro-dos-magos-na-praia-do-cotovelo\/#primaryimage"},"thumbnailUrl":"https:\/\/www.notibras.com\/site\/wp-content\/uploads\/2025\/09\/819e318a-3ee8-4db5-80e8-d658919b4ec3.jpeg","datePublished":"2025-09-29T08:48:30+00:00","breadcrumb":{"@id":"https:\/\/www.notibras.com\/site\/encontro-dos-magos-na-praia-do-cotovelo\/#breadcrumb"},"inLanguage":"pt-BR","potentialAction":[{"@type":"ReadAction","target":["https:\/\/www.notibras.com\/site\/encontro-dos-magos-na-praia-do-cotovelo\/"]}]},{"@type":"ImageObject","inLanguage":"pt-BR","@id":"https:\/\/www.notibras.com\/site\/encontro-dos-magos-na-praia-do-cotovelo\/#primaryimage","url":"https:\/\/www.notibras.com\/site\/wp-content\/uploads\/2025\/09\/819e318a-3ee8-4db5-80e8-d658919b4ec3.jpeg","contentUrl":"https:\/\/www.notibras.com\/site\/wp-content\/uploads\/2025\/09\/819e318a-3ee8-4db5-80e8-d658919b4ec3.jpeg","width":1024,"height":1536},{"@type":"BreadcrumbList","@id":"https:\/\/www.notibras.com\/site\/encontro-dos-magos-na-praia-do-cotovelo\/#breadcrumb","itemListElement":[{"@type":"ListItem","position":1,"name":"In\u00edcio","item":"https:\/\/www.notibras.com\/site\/"},{"@type":"ListItem","position":2,"name":"Encontro dos Magos na Praia do Cotovelo"}]},{"@type":"WebSite","@id":"https:\/\/www.notibras.com\/site\/#website","url":"https:\/\/www.notibras.com\/site\/","name":"Notibras","description":"Not\u00edcias de Bras\u00edlia, do Brasil e do Mundo","publisher":{"@id":"https:\/\/www.notibras.com\/site\/#organization"},"potentialAction":[{"@type":"SearchAction","target":{"@type":"EntryPoint","urlTemplate":"https:\/\/www.notibras.com\/site\/?s={search_term_string}"},"query-input":{"@type":"PropertyValueSpecification","valueRequired":true,"valueName":"search_term_string"}}],"inLanguage":"pt-BR"},{"@type":"Organization","@id":"https:\/\/www.notibras.com\/site\/#organization","name":"Grupo Notibras de Comunica\u00e7\u00e3o","url":"https:\/\/www.notibras.com\/site\/","logo":{"@type":"ImageObject","inLanguage":"pt-BR","@id":"https:\/\/www.notibras.com\/site\/#\/schema\/logo\/image\/","url":"https:\/\/www.notibras.com\/site\/wp-content\/uploads\/2023\/01\/notibras23.png","contentUrl":"https:\/\/www.notibras.com\/site\/wp-content\/uploads\/2023\/01\/notibras23.png","width":350,"height":87,"caption":"Grupo Notibras de Comunica\u00e7\u00e3o"},"image":{"@id":"https:\/\/www.notibras.com\/site\/#\/schema\/logo\/image\/"},"sameAs":["https:\/\/www.facebook.com\/notibras\/","https:\/\/x.com\/Notibras","https:\/\/www.instagram.com\/notibras\/"]},{"@type":"Person","@id":"https:\/\/www.notibras.com\/site\/#\/schema\/person\/36ab0979449956132d3e5b517ea76ac8","name":"Reda\u00e7\u00e3o","image":{"@type":"ImageObject","inLanguage":"pt-BR","@id":"https:\/\/secure.gravatar.com\/avatar\/e0a867bdedb85fd243eadf09663511f96fc81e0720a4a42581f334ad4303aa6b?s=96&d=mm&r=g","url":"https:\/\/secure.gravatar.com\/avatar\/e0a867bdedb85fd243eadf09663511f96fc81e0720a4a42581f334ad4303aa6b?s=96&d=mm&r=g","contentUrl":"https:\/\/secure.gravatar.com\/avatar\/e0a867bdedb85fd243eadf09663511f96fc81e0720a4a42581f334ad4303aa6b?s=96&d=mm&r=g","caption":"Reda\u00e7\u00e3o"}}]}},"amp_enabled":true,"_links":{"self":[{"href":"https:\/\/www.notibras.com\/site\/wp-json\/wp\/v2\/posts\/365664","targetHints":{"allow":["GET"]}}],"collection":[{"href":"https:\/\/www.notibras.com\/site\/wp-json\/wp\/v2\/posts"}],"about":[{"href":"https:\/\/www.notibras.com\/site\/wp-json\/wp\/v2\/types\/post"}],"author":[{"embeddable":true,"href":"https:\/\/www.notibras.com\/site\/wp-json\/wp\/v2\/users\/2"}],"replies":[{"embeddable":true,"href":"https:\/\/www.notibras.com\/site\/wp-json\/wp\/v2\/comments?post=365664"}],"version-history":[{"count":1,"href":"https:\/\/www.notibras.com\/site\/wp-json\/wp\/v2\/posts\/365664\/revisions"}],"predecessor-version":[{"id":365666,"href":"https:\/\/www.notibras.com\/site\/wp-json\/wp\/v2\/posts\/365664\/revisions\/365666"}],"wp:featuredmedia":[{"embeddable":true,"href":"https:\/\/www.notibras.com\/site\/wp-json\/wp\/v2\/media\/365665"}],"wp:attachment":[{"href":"https:\/\/www.notibras.com\/site\/wp-json\/wp\/v2\/media?parent=365664"}],"wp:term":[{"taxonomy":"category","embeddable":true,"href":"https:\/\/www.notibras.com\/site\/wp-json\/wp\/v2\/categories?post=365664"},{"taxonomy":"post_tag","embeddable":true,"href":"https:\/\/www.notibras.com\/site\/wp-json\/wp\/v2\/tags?post=365664"}],"curies":[{"name":"wp","href":"https:\/\/api.w.org\/{rel}","templated":true}]}}