{"id":365711,"date":"2025-09-29T10:07:19","date_gmt":"2025-09-29T13:07:19","guid":{"rendered":"https:\/\/www.notibras.com\/site\/?p=365711"},"modified":"2025-09-29T10:07:36","modified_gmt":"2025-09-29T13:07:36","slug":"houthis-atacam-israel-com-missil-hipersonico-e-drones","status":"publish","type":"post","link":"https:\/\/www.notibras.com\/site\/houthis-atacam-israel-com-missil-hipersonico-e-drones\/","title":{"rendered":"Houthis atacam Israel com m\u00edssil hipers\u00f4nico e drones"},"content":{"rendered":"<p>O movimento armado Houthis, que governa o norte do I\u00eamen, lan\u00e7ou um m\u00edssil hipers\u00f4nico e drones visando a cidade de Tel Aviv e o porto de Eilat, em Israel, disse o porta-voz militar Houthi, Yahya Saria, nesta segunda-feira, 29.<\/p>\n<p>&#8220;Em resposta \u00e0 agress\u00e3o israelense contra nosso pa\u00eds, as for\u00e7as de m\u00edsseis das For\u00e7as Armadas do I\u00eamen conduziram uma opera\u00e7\u00e3o militar de alta qualidade usando um m\u00edssil bal\u00edstico hipers\u00f4nico Palestine-2 com um ve\u00edculo de reentrada com m\u00faltiplos alvos independentes, atingindo v\u00e1rios alvos importantes na \u00e1rea ocupada de Yaffa [Tel Aviv]. A opera\u00e7\u00e3o atingiu seus objetivos com sucesso&#8221;, afirma o comunicado.<\/p>\n<p>As for\u00e7as armadas do I\u00eamen realizaram uma segunda opera\u00e7\u00e3o usando dois drones visando objetivos vitais em Umm al-Rashrash, no porto de Eilat, acrescentou.<\/p>\n<p>J\u00e1 as For\u00e7as de Defesa de Israel disseram ter interceptado um m\u00edssil lan\u00e7ado do I\u00eamen, sem relatos de v\u00edtimas.<\/p>\n<p>Em 25 de setembro, a for\u00e7a a\u00e9rea israelense realizou uma s\u00e9rie de novos ataques \u00e0 capital iemenita, Sanaa, incluindo um acampamento militar nos terrenos do pal\u00e1cio presidencial, resultando em duas mortes e aproximadamente 40 feridos, de acordo com o Minist\u00e9rio da Sa\u00fade Houthi.<\/p>\n","protected":false},"excerpt":{"rendered":"<p>O movimento armado Houthis, que governa o norte do I\u00eamen, lan\u00e7ou um m\u00edssil hipers\u00f4nico e drones visando a cidade de Tel Aviv e o porto de Eilat, em Israel, disse o porta-voz militar Houthi, Yahya Saria, nesta segunda-feira, 29. &#8220;Em resposta \u00e0 agress\u00e3o israelense contra nosso pa\u00eds, as for\u00e7as de m\u00edsseis das For\u00e7as Armadas do [&hellip;]<\/p>\n","protected":false},"author":2,"featured_media":365712,"comment_status":"closed","ping_status":"closed","sticky":false,"template":"","format":"standard","meta":{"_acf_changed":false,"footnotes":""},"categories":[159],"tags":[],"class_list":["post-365711","post","type-post","status-publish","format-standard","has-post-thumbnail","hentry","category-apocalipse"],"acf":[],"yoast_head":"<!-- This site is optimized with the Yoast SEO plugin v27.2 - https:\/\/yoast.com\/product\/yoast-seo-wordpress\/ -->\n<title>Houthis atacam Israel com m\u00edssil hipers\u00f4nico e drones - Notibras<\/title>\n<meta name=\"robots\" content=\"index, follow, max-snippet:-1, max-image-preview:large, max-video-preview:-1\" \/>\n<link rel=\"canonical\" href=\"https:\/\/www.notibras.com\/site\/houthis-atacam-israel-com-missil-hipersonico-e-drones\/\" \/>\n<meta property=\"og:locale\" content=\"pt_BR\" \/>\n<meta property=\"og:type\" content=\"article\" \/>\n<meta property=\"og:title\" content=\"Houthis atacam Israel com m\u00edssil hipers\u00f4nico e drones - Notibras\" \/>\n<meta property=\"og:description\" content=\"O movimento armado Houthis, que governa o norte do I\u00eamen, lan\u00e7ou um m\u00edssil hipers\u00f4nico e drones visando a cidade de Tel Aviv e o porto de Eilat, em Israel, disse o porta-voz militar Houthi, Yahya Saria, nesta segunda-feira, 29. &#8220;Em resposta \u00e0 agress\u00e3o israelense contra nosso pa\u00eds, as for\u00e7as de m\u00edsseis das For\u00e7as Armadas do [&hellip;]\" \/>\n<meta property=\"og:url\" content=\"https:\/\/www.notibras.com\/site\/houthis-atacam-israel-com-missil-hipersonico-e-drones\/\" \/>\n<meta property=\"og:site_name\" content=\"Notibras\" \/>\n<meta property=\"article:publisher\" content=\"https:\/\/www.facebook.com\/notibras\/\" \/>\n<meta property=\"article:published_time\" content=\"2025-09-29T13:07:19+00:00\" \/>\n<meta property=\"article:modified_time\" content=\"2025-09-29T13:07:36+00:00\" \/>\n<meta property=\"og:image\" content=\"https:\/\/www.notibras.com\/site\/wp-content\/uploads\/2025\/09\/1121683699_0_160_3071_1887_1920x0_80_0_0_90d819ace1876cc1966138b79d28da55.jpg.webp\" \/>\n\t<meta property=\"og:image:width\" content=\"1920\" \/>\n\t<meta property=\"og:image:height\" content=\"1079\" \/>\n\t<meta property=\"og:image:type\" content=\"image\/webp\" \/>\n<meta name=\"author\" content=\"Reda\u00e7\u00e3o\" \/>\n<meta name=\"twitter:card\" content=\"summary_large_image\" \/>\n<meta name=\"twitter:creator\" content=\"@Notibras\" \/>\n<meta name=\"twitter:site\" content=\"@Notibras\" \/>\n<meta name=\"twitter:label1\" content=\"Escrito por\" \/>\n\t<meta name=\"twitter:data1\" content=\"Reda\u00e7\u00e3o\" \/>\n\t<meta name=\"twitter:label2\" content=\"Est. tempo de leitura\" \/>\n\t<meta name=\"twitter:data2\" content=\"2 minutos\" \/>\n<script type=\"application\/ld+json\" class=\"yoast-schema-graph\">{\"@context\":\"https:\/\/schema.org\",\"@graph\":[{\"@type\":\"Article\",\"@id\":\"https:\/\/www.notibras.com\/site\/houthis-atacam-israel-com-missil-hipersonico-e-drones\/#article\",\"isPartOf\":{\"@id\":\"https:\/\/www.notibras.com\/site\/houthis-atacam-israel-com-missil-hipersonico-e-drones\/\"},\"author\":{\"name\":\"Reda\u00e7\u00e3o\",\"@id\":\"https:\/\/www.notibras.com\/site\/#\/schema\/person\/36ab0979449956132d3e5b517ea76ac8\"},\"headline\":\"Houthis atacam Israel com m\u00edssil hipers\u00f4nico e drones\",\"datePublished\":\"2025-09-29T13:07:19+00:00\",\"dateModified\":\"2025-09-29T13:07:36+00:00\",\"mainEntityOfPage\":{\"@id\":\"https:\/\/www.notibras.com\/site\/houthis-atacam-israel-com-missil-hipersonico-e-drones\/\"},\"wordCount\":221,\"publisher\":{\"@id\":\"https:\/\/www.notibras.com\/site\/#organization\"},\"image\":{\"@id\":\"https:\/\/www.notibras.com\/site\/houthis-atacam-israel-com-missil-hipersonico-e-drones\/#primaryimage\"},\"thumbnailUrl\":\"https:\/\/www.notibras.com\/site\/wp-content\/uploads\/2025\/09\/1121683699_0_160_3071_1887_1920x0_80_0_0_90d819ace1876cc1966138b79d28da55.jpg.webp\",\"articleSection\":[\"Apocalipse\"],\"inLanguage\":\"pt-BR\"},{\"@type\":\"WebPage\",\"@id\":\"https:\/\/www.notibras.com\/site\/houthis-atacam-israel-com-missil-hipersonico-e-drones\/\",\"url\":\"https:\/\/www.notibras.com\/site\/houthis-atacam-israel-com-missil-hipersonico-e-drones\/\",\"name\":\"Houthis atacam Israel com m\u00edssil hipers\u00f4nico e drones - Notibras\",\"isPartOf\":{\"@id\":\"https:\/\/www.notibras.com\/site\/#website\"},\"primaryImageOfPage\":{\"@id\":\"https:\/\/www.notibras.com\/site\/houthis-atacam-israel-com-missil-hipersonico-e-drones\/#primaryimage\"},\"image\":{\"@id\":\"https:\/\/www.notibras.com\/site\/houthis-atacam-israel-com-missil-hipersonico-e-drones\/#primaryimage\"},\"thumbnailUrl\":\"https:\/\/www.notibras.com\/site\/wp-content\/uploads\/2025\/09\/1121683699_0_160_3071_1887_1920x0_80_0_0_90d819ace1876cc1966138b79d28da55.jpg.webp\",\"datePublished\":\"2025-09-29T13:07:19+00:00\",\"dateModified\":\"2025-09-29T13:07:36+00:00\",\"breadcrumb\":{\"@id\":\"https:\/\/www.notibras.com\/site\/houthis-atacam-israel-com-missil-hipersonico-e-drones\/#breadcrumb\"},\"inLanguage\":\"pt-BR\",\"potentialAction\":[{\"@type\":\"ReadAction\",\"target\":[\"https:\/\/www.notibras.com\/site\/houthis-atacam-israel-com-missil-hipersonico-e-drones\/\"]}]},{\"@type\":\"ImageObject\",\"inLanguage\":\"pt-BR\",\"@id\":\"https:\/\/www.notibras.com\/site\/houthis-atacam-israel-com-missil-hipersonico-e-drones\/#primaryimage\",\"url\":\"https:\/\/www.notibras.com\/site\/wp-content\/uploads\/2025\/09\/1121683699_0_160_3071_1887_1920x0_80_0_0_90d819ace1876cc1966138b79d28da55.jpg.webp\",\"contentUrl\":\"https:\/\/www.notibras.com\/site\/wp-content\/uploads\/2025\/09\/1121683699_0_160_3071_1887_1920x0_80_0_0_90d819ace1876cc1966138b79d28da55.jpg.webp\",\"width\":1920,\"height\":1079},{\"@type\":\"BreadcrumbList\",\"@id\":\"https:\/\/www.notibras.com\/site\/houthis-atacam-israel-com-missil-hipersonico-e-drones\/#breadcrumb\",\"itemListElement\":[{\"@type\":\"ListItem\",\"position\":1,\"name\":\"In\u00edcio\",\"item\":\"https:\/\/www.notibras.com\/site\/\"},{\"@type\":\"ListItem\",\"position\":2,\"name\":\"Houthis atacam Israel com m\u00edssil hipers\u00f4nico e drones\"}]},{\"@type\":\"WebSite\",\"@id\":\"https:\/\/www.notibras.com\/site\/#website\",\"url\":\"https:\/\/www.notibras.com\/site\/\",\"name\":\"Notibras\",\"description\":\"Not\u00edcias de Bras\u00edlia, do Brasil e do Mundo\",\"publisher\":{\"@id\":\"https:\/\/www.notibras.com\/site\/#organization\"},\"potentialAction\":[{\"@type\":\"SearchAction\",\"target\":{\"@type\":\"EntryPoint\",\"urlTemplate\":\"https:\/\/www.notibras.com\/site\/?s={search_term_string}\"},\"query-input\":{\"@type\":\"PropertyValueSpecification\",\"valueRequired\":true,\"valueName\":\"search_term_string\"}}],\"inLanguage\":\"pt-BR\"},{\"@type\":\"Organization\",\"@id\":\"https:\/\/www.notibras.com\/site\/#organization\",\"name\":\"Grupo Notibras de Comunica\u00e7\u00e3o\",\"url\":\"https:\/\/www.notibras.com\/site\/\",\"logo\":{\"@type\":\"ImageObject\",\"inLanguage\":\"pt-BR\",\"@id\":\"https:\/\/www.notibras.com\/site\/#\/schema\/logo\/image\/\",\"url\":\"https:\/\/www.notibras.com\/site\/wp-content\/uploads\/2023\/01\/notibras23.png\",\"contentUrl\":\"https:\/\/www.notibras.com\/site\/wp-content\/uploads\/2023\/01\/notibras23.png\",\"width\":350,\"height\":87,\"caption\":\"Grupo Notibras de Comunica\u00e7\u00e3o\"},\"image\":{\"@id\":\"https:\/\/www.notibras.com\/site\/#\/schema\/logo\/image\/\"},\"sameAs\":[\"https:\/\/www.facebook.com\/notibras\/\",\"https:\/\/x.com\/Notibras\",\"https:\/\/www.instagram.com\/notibras\/\"]},{\"@type\":\"Person\",\"@id\":\"https:\/\/www.notibras.com\/site\/#\/schema\/person\/36ab0979449956132d3e5b517ea76ac8\",\"name\":\"Reda\u00e7\u00e3o\",\"image\":{\"@type\":\"ImageObject\",\"inLanguage\":\"pt-BR\",\"@id\":\"https:\/\/secure.gravatar.com\/avatar\/e0a867bdedb85fd243eadf09663511f96fc81e0720a4a42581f334ad4303aa6b?s=96&d=mm&r=g\",\"url\":\"https:\/\/secure.gravatar.com\/avatar\/e0a867bdedb85fd243eadf09663511f96fc81e0720a4a42581f334ad4303aa6b?s=96&d=mm&r=g\",\"contentUrl\":\"https:\/\/secure.gravatar.com\/avatar\/e0a867bdedb85fd243eadf09663511f96fc81e0720a4a42581f334ad4303aa6b?s=96&d=mm&r=g\",\"caption\":\"Reda\u00e7\u00e3o\"}}]}<\/script>\n<!-- \/ Yoast SEO plugin. -->","yoast_head_json":{"title":"Houthis atacam Israel com m\u00edssil hipers\u00f4nico e drones - Notibras","robots":{"index":"index","follow":"follow","max-snippet":"max-snippet:-1","max-image-preview":"max-image-preview:large","max-video-preview":"max-video-preview:-1"},"canonical":"https:\/\/www.notibras.com\/site\/houthis-atacam-israel-com-missil-hipersonico-e-drones\/","og_locale":"pt_BR","og_type":"article","og_title":"Houthis atacam Israel com m\u00edssil hipers\u00f4nico e drones - Notibras","og_description":"O movimento armado Houthis, que governa o norte do I\u00eamen, lan\u00e7ou um m\u00edssil hipers\u00f4nico e drones visando a cidade de Tel Aviv e o porto de Eilat, em Israel, disse o porta-voz militar Houthi, Yahya Saria, nesta segunda-feira, 29. &#8220;Em resposta \u00e0 agress\u00e3o israelense contra nosso pa\u00eds, as for\u00e7as de m\u00edsseis das For\u00e7as Armadas do [&hellip;]","og_url":"https:\/\/www.notibras.com\/site\/houthis-atacam-israel-com-missil-hipersonico-e-drones\/","og_site_name":"Notibras","article_publisher":"https:\/\/www.facebook.com\/notibras\/","article_published_time":"2025-09-29T13:07:19+00:00","article_modified_time":"2025-09-29T13:07:36+00:00","og_image":[{"width":1920,"height":1079,"url":"https:\/\/www.notibras.com\/site\/wp-content\/uploads\/2025\/09\/1121683699_0_160_3071_1887_1920x0_80_0_0_90d819ace1876cc1966138b79d28da55.jpg.webp","type":"image\/webp"}],"author":"Reda\u00e7\u00e3o","twitter_card":"summary_large_image","twitter_creator":"@Notibras","twitter_site":"@Notibras","twitter_misc":{"Escrito por":"Reda\u00e7\u00e3o","Est. tempo de leitura":"2 minutos"},"schema":{"@context":"https:\/\/schema.org","@graph":[{"@type":"Article","@id":"https:\/\/www.notibras.com\/site\/houthis-atacam-israel-com-missil-hipersonico-e-drones\/#article","isPartOf":{"@id":"https:\/\/www.notibras.com\/site\/houthis-atacam-israel-com-missil-hipersonico-e-drones\/"},"author":{"name":"Reda\u00e7\u00e3o","@id":"https:\/\/www.notibras.com\/site\/#\/schema\/person\/36ab0979449956132d3e5b517ea76ac8"},"headline":"Houthis atacam Israel com m\u00edssil hipers\u00f4nico e drones","datePublished":"2025-09-29T13:07:19+00:00","dateModified":"2025-09-29T13:07:36+00:00","mainEntityOfPage":{"@id":"https:\/\/www.notibras.com\/site\/houthis-atacam-israel-com-missil-hipersonico-e-drones\/"},"wordCount":221,"publisher":{"@id":"https:\/\/www.notibras.com\/site\/#organization"},"image":{"@id":"https:\/\/www.notibras.com\/site\/houthis-atacam-israel-com-missil-hipersonico-e-drones\/#primaryimage"},"thumbnailUrl":"https:\/\/www.notibras.com\/site\/wp-content\/uploads\/2025\/09\/1121683699_0_160_3071_1887_1920x0_80_0_0_90d819ace1876cc1966138b79d28da55.jpg.webp","articleSection":["Apocalipse"],"inLanguage":"pt-BR"},{"@type":"WebPage","@id":"https:\/\/www.notibras.com\/site\/houthis-atacam-israel-com-missil-hipersonico-e-drones\/","url":"https:\/\/www.notibras.com\/site\/houthis-atacam-israel-com-missil-hipersonico-e-drones\/","name":"Houthis atacam Israel com m\u00edssil hipers\u00f4nico e drones - Notibras","isPartOf":{"@id":"https:\/\/www.notibras.com\/site\/#website"},"primaryImageOfPage":{"@id":"https:\/\/www.notibras.com\/site\/houthis-atacam-israel-com-missil-hipersonico-e-drones\/#primaryimage"},"image":{"@id":"https:\/\/www.notibras.com\/site\/houthis-atacam-israel-com-missil-hipersonico-e-drones\/#primaryimage"},"thumbnailUrl":"https:\/\/www.notibras.com\/site\/wp-content\/uploads\/2025\/09\/1121683699_0_160_3071_1887_1920x0_80_0_0_90d819ace1876cc1966138b79d28da55.jpg.webp","datePublished":"2025-09-29T13:07:19+00:00","dateModified":"2025-09-29T13:07:36+00:00","breadcrumb":{"@id":"https:\/\/www.notibras.com\/site\/houthis-atacam-israel-com-missil-hipersonico-e-drones\/#breadcrumb"},"inLanguage":"pt-BR","potentialAction":[{"@type":"ReadAction","target":["https:\/\/www.notibras.com\/site\/houthis-atacam-israel-com-missil-hipersonico-e-drones\/"]}]},{"@type":"ImageObject","inLanguage":"pt-BR","@id":"https:\/\/www.notibras.com\/site\/houthis-atacam-israel-com-missil-hipersonico-e-drones\/#primaryimage","url":"https:\/\/www.notibras.com\/site\/wp-content\/uploads\/2025\/09\/1121683699_0_160_3071_1887_1920x0_80_0_0_90d819ace1876cc1966138b79d28da55.jpg.webp","contentUrl":"https:\/\/www.notibras.com\/site\/wp-content\/uploads\/2025\/09\/1121683699_0_160_3071_1887_1920x0_80_0_0_90d819ace1876cc1966138b79d28da55.jpg.webp","width":1920,"height":1079},{"@type":"BreadcrumbList","@id":"https:\/\/www.notibras.com\/site\/houthis-atacam-israel-com-missil-hipersonico-e-drones\/#breadcrumb","itemListElement":[{"@type":"ListItem","position":1,"name":"In\u00edcio","item":"https:\/\/www.notibras.com\/site\/"},{"@type":"ListItem","position":2,"name":"Houthis atacam Israel com m\u00edssil hipers\u00f4nico e drones"}]},{"@type":"WebSite","@id":"https:\/\/www.notibras.com\/site\/#website","url":"https:\/\/www.notibras.com\/site\/","name":"Notibras","description":"Not\u00edcias de Bras\u00edlia, do Brasil e do Mundo","publisher":{"@id":"https:\/\/www.notibras.com\/site\/#organization"},"potentialAction":[{"@type":"SearchAction","target":{"@type":"EntryPoint","urlTemplate":"https:\/\/www.notibras.com\/site\/?s={search_term_string}"},"query-input":{"@type":"PropertyValueSpecification","valueRequired":true,"valueName":"search_term_string"}}],"inLanguage":"pt-BR"},{"@type":"Organization","@id":"https:\/\/www.notibras.com\/site\/#organization","name":"Grupo Notibras de Comunica\u00e7\u00e3o","url":"https:\/\/www.notibras.com\/site\/","logo":{"@type":"ImageObject","inLanguage":"pt-BR","@id":"https:\/\/www.notibras.com\/site\/#\/schema\/logo\/image\/","url":"https:\/\/www.notibras.com\/site\/wp-content\/uploads\/2023\/01\/notibras23.png","contentUrl":"https:\/\/www.notibras.com\/site\/wp-content\/uploads\/2023\/01\/notibras23.png","width":350,"height":87,"caption":"Grupo Notibras de Comunica\u00e7\u00e3o"},"image":{"@id":"https:\/\/www.notibras.com\/site\/#\/schema\/logo\/image\/"},"sameAs":["https:\/\/www.facebook.com\/notibras\/","https:\/\/x.com\/Notibras","https:\/\/www.instagram.com\/notibras\/"]},{"@type":"Person","@id":"https:\/\/www.notibras.com\/site\/#\/schema\/person\/36ab0979449956132d3e5b517ea76ac8","name":"Reda\u00e7\u00e3o","image":{"@type":"ImageObject","inLanguage":"pt-BR","@id":"https:\/\/secure.gravatar.com\/avatar\/e0a867bdedb85fd243eadf09663511f96fc81e0720a4a42581f334ad4303aa6b?s=96&d=mm&r=g","url":"https:\/\/secure.gravatar.com\/avatar\/e0a867bdedb85fd243eadf09663511f96fc81e0720a4a42581f334ad4303aa6b?s=96&d=mm&r=g","contentUrl":"https:\/\/secure.gravatar.com\/avatar\/e0a867bdedb85fd243eadf09663511f96fc81e0720a4a42581f334ad4303aa6b?s=96&d=mm&r=g","caption":"Reda\u00e7\u00e3o"}}]}},"amp_enabled":true,"_links":{"self":[{"href":"https:\/\/www.notibras.com\/site\/wp-json\/wp\/v2\/posts\/365711","targetHints":{"allow":["GET"]}}],"collection":[{"href":"https:\/\/www.notibras.com\/site\/wp-json\/wp\/v2\/posts"}],"about":[{"href":"https:\/\/www.notibras.com\/site\/wp-json\/wp\/v2\/types\/post"}],"author":[{"embeddable":true,"href":"https:\/\/www.notibras.com\/site\/wp-json\/wp\/v2\/users\/2"}],"replies":[{"embeddable":true,"href":"https:\/\/www.notibras.com\/site\/wp-json\/wp\/v2\/comments?post=365711"}],"version-history":[{"count":1,"href":"https:\/\/www.notibras.com\/site\/wp-json\/wp\/v2\/posts\/365711\/revisions"}],"predecessor-version":[{"id":365713,"href":"https:\/\/www.notibras.com\/site\/wp-json\/wp\/v2\/posts\/365711\/revisions\/365713"}],"wp:featuredmedia":[{"embeddable":true,"href":"https:\/\/www.notibras.com\/site\/wp-json\/wp\/v2\/media\/365712"}],"wp:attachment":[{"href":"https:\/\/www.notibras.com\/site\/wp-json\/wp\/v2\/media?parent=365711"}],"wp:term":[{"taxonomy":"category","embeddable":true,"href":"https:\/\/www.notibras.com\/site\/wp-json\/wp\/v2\/categories?post=365711"},{"taxonomy":"post_tag","embeddable":true,"href":"https:\/\/www.notibras.com\/site\/wp-json\/wp\/v2\/tags?post=365711"}],"curies":[{"name":"wp","href":"https:\/\/api.w.org\/{rel}","templated":true}]}}