{"id":365752,"date":"2025-09-30T00:06:11","date_gmt":"2025-09-30T03:06:11","guid":{"rendered":"https:\/\/www.notibras.com\/site\/?p=365752"},"modified":"2025-09-29T23:07:42","modified_gmt":"2025-09-30T02:07:42","slug":"como-preparar-sua-casa-contra-o-mau-olhado","status":"publish","type":"post","link":"https:\/\/www.notibras.com\/site\/como-preparar-sua-casa-contra-o-mau-olhado\/","title":{"rendered":"Como preparar sua casa contra o mau-olhado"},"content":{"rendered":"<p data-start=\"278\" data-end=\"763\">Desde os tempos antigos, os lares foram vistos como santu\u00e1rios, espa\u00e7os de acolhimento, prote\u00e7\u00e3o e energia vital. Em muitas culturas, acredita-se que o mau-olhado \u2014 a inveja ou a energia negativa vinda de terceiros \u2014 pode desequilibrar a harmonia do ambiente e at\u00e9 influenciar o bem-estar dos moradores.<\/p>\n<p data-start=\"278\" data-end=\"763\">Nesse contexto, a decora\u00e7\u00e3o m\u00edstica surge como uma forma de unir est\u00e9tica, espiritualidade e simbolismo, criando uma atmosfera que n\u00e3o apenas embeleza, mas tamb\u00e9m protege.<\/p>\n<p data-start=\"278\" data-end=\"763\">Veja os s\u00edmbolos:<\/p>\n<ol data-start=\"805\" data-end=\"2066\">\n<li data-start=\"805\" data-end=\"1094\">\n<p data-start=\"808\" data-end=\"1094\"><strong data-start=\"808\" data-end=\"822\">Olho Grego<\/strong><br data-start=\"822\" data-end=\"825\" \/>\u00cdcone cl\u00e1ssico contra o mau-olhado, o olho grego pode ser usado em quadros, espelhos, almofadas, pingentes em ma\u00e7anetas ou at\u00e9 mesmo como azulejo decorativo na entrada da casa. Al\u00e9m de sua for\u00e7a simb\u00f3lica, seu azul intenso adiciona modernidade e frescor ao espa\u00e7o.<\/p>\n<\/li>\n<li data-start=\"1096\" data-end=\"1346\">\n<p data-start=\"1099\" data-end=\"1346\"><strong data-start=\"1099\" data-end=\"1111\">Espelhos<\/strong><br data-start=\"1111\" data-end=\"1114\" \/>Al\u00e9m de ampliar ambientes, os espelhos s\u00e3o usados em tradi\u00e7\u00f5es esot\u00e9ricas para refletir e devolver energias negativas. Um espelho na entrada ou no hall pode funcionar como barreira contra m\u00e1s inten\u00e7\u00f5es trazidas do lado de fora.<\/p>\n<\/li>\n<li data-start=\"1348\" data-end=\"1612\">\n<p data-start=\"1351\" data-end=\"1612\"><strong data-start=\"1351\" data-end=\"1381\">Cristais e Pedras Naturais<\/strong><br data-start=\"1381\" data-end=\"1384\" \/>Quartzo branco para purifica\u00e7\u00e3o, turmalina negra para prote\u00e7\u00e3o, ametista para paz espiritual. Distribu\u00ed-los em pontos estrat\u00e9gicos, como salas e quartos, al\u00e9m de trazer boas vibra\u00e7\u00f5es, cria um toque de sofistica\u00e7\u00e3o natural.<\/p>\n<\/li>\n<li data-start=\"1614\" data-end=\"1838\">\n<p data-start=\"1617\" data-end=\"1838\"><strong data-start=\"1617\" data-end=\"1639\">Plantas Protetoras<\/strong><br data-start=\"1639\" data-end=\"1642\" \/>Espada-de-S\u00e3o-Jorge, arruda, comigo-ningu\u00e9m-pode e alecrim s\u00e3o exemplos de plantas que, segundo a tradi\u00e7\u00e3o popular, afastam energias densas. Al\u00e9m disso, purificam o ar e d\u00e3o vida \u00e0 decora\u00e7\u00e3o.<\/p>\n<\/li>\n<li data-start=\"1840\" data-end=\"2066\">\n<p data-start=\"1843\" data-end=\"2066\"><strong data-start=\"1843\" data-end=\"1864\">Incensos e Aromas<\/strong><br data-start=\"1864\" data-end=\"1867\" \/>Estimular os sentidos tamb\u00e9m faz parte da ambienta\u00e7\u00e3o. Incensos de mirra, s\u00e1lvia branca ou palo santo limpam a energia do espa\u00e7o, enquanto difusores com lavanda ou alecrim transmitem serenidade.<\/p>\n<\/li>\n<\/ol>\n<p data-start=\"2099\" data-end=\"2321\">Muitas casas incluem um cantinho espiritual \u2014 um altar com imagens religiosas, velas, cristais ou objetos de f\u00e9. Esse espa\u00e7o funciona como um ponto de conex\u00e3o com a espiritualidade, al\u00e9m de emanar prote\u00e7\u00e3o constante.<\/p>\n<p data-start=\"2360\" data-end=\"2657\">A decora\u00e7\u00e3o m\u00edstica n\u00e3o precisa ser carregada ou excessiva. Pelo contr\u00e1rio: o segredo est\u00e1 no equil\u00edbrio. Elementos simples, bem posicionados, carregam for\u00e7a simb\u00f3lica e trazem paz ao ambiente. O que vale \u00e9 transformar a casa em um ref\u00fagio onde corpo e esp\u00edrito se sintam protegidos e acolhidos.<\/p>\n<p data-start=\"2360\" data-end=\"2657\">&#8230;&#8230;&#8230;&#8230;&#8230;&#8230;..<\/p>\n<p data-start=\"2360\" data-end=\"2657\"><strong>Anabelle Santa&#8217;cruz \u00e9 Editora de Or\u00e1culos<\/strong><\/p>\n<p data-start=\"2360\" data-end=\"2657\">\n","protected":false},"excerpt":{"rendered":"<p>Desde os tempos antigos, os lares foram vistos como santu\u00e1rios, espa\u00e7os de acolhimento, prote\u00e7\u00e3o e energia vital. Em muitas culturas, acredita-se que o mau-olhado \u2014 a inveja ou a energia negativa vinda de terceiros \u2014 pode desequilibrar a harmonia do ambiente e at\u00e9 influenciar o bem-estar dos moradores. Nesse contexto, a decora\u00e7\u00e3o m\u00edstica surge como [&hellip;]<\/p>\n","protected":false},"author":2,"featured_media":365753,"comment_status":"closed","ping_status":"closed","sticky":false,"template":"","format":"standard","meta":{"_acf_changed":false,"footnotes":""},"categories":[237],"tags":[],"class_list":["post-365752","post","type-post","status-publish","format-standard","has-post-thumbnail","hentry","category-oraculos"],"acf":[],"yoast_head":"<!-- This site is optimized with the Yoast SEO plugin v27.2 - https:\/\/yoast.com\/product\/yoast-seo-wordpress\/ -->\n<title>Como preparar sua casa contra o mau-olhado - Notibras<\/title>\n<meta name=\"robots\" content=\"index, follow, max-snippet:-1, max-image-preview:large, max-video-preview:-1\" \/>\n<link rel=\"canonical\" href=\"https:\/\/www.notibras.com\/site\/como-preparar-sua-casa-contra-o-mau-olhado\/\" \/>\n<meta property=\"og:locale\" content=\"pt_BR\" \/>\n<meta property=\"og:type\" content=\"article\" \/>\n<meta property=\"og:title\" content=\"Como preparar sua casa contra o mau-olhado - Notibras\" \/>\n<meta property=\"og:description\" content=\"Desde os tempos antigos, os lares foram vistos como santu\u00e1rios, espa\u00e7os de acolhimento, prote\u00e7\u00e3o e energia vital. Em muitas culturas, acredita-se que o mau-olhado \u2014 a inveja ou a energia negativa vinda de terceiros \u2014 pode desequilibrar a harmonia do ambiente e at\u00e9 influenciar o bem-estar dos moradores. Nesse contexto, a decora\u00e7\u00e3o m\u00edstica surge como [&hellip;]\" \/>\n<meta property=\"og:url\" content=\"https:\/\/www.notibras.com\/site\/como-preparar-sua-casa-contra-o-mau-olhado\/\" \/>\n<meta property=\"og:site_name\" content=\"Notibras\" \/>\n<meta property=\"article:publisher\" content=\"https:\/\/www.facebook.com\/notibras\/\" \/>\n<meta property=\"article:published_time\" content=\"2025-09-30T03:06:11+00:00\" \/>\n<meta property=\"og:image\" content=\"https:\/\/www.notibras.com\/site\/wp-content\/uploads\/2025\/09\/imgonline-com-ua-resize-ZCD03DM6Ew_8e6856ec-0f8a-4705-a528-468a264bb1d2_1024x1024.webp\" \/>\n\t<meta property=\"og:image:width\" content=\"1024\" \/>\n\t<meta property=\"og:image:height\" content=\"683\" \/>\n\t<meta property=\"og:image:type\" content=\"image\/webp\" \/>\n<meta name=\"author\" content=\"Reda\u00e7\u00e3o\" \/>\n<meta name=\"twitter:card\" content=\"summary_large_image\" \/>\n<meta name=\"twitter:creator\" content=\"@Notibras\" \/>\n<meta name=\"twitter:site\" content=\"@Notibras\" \/>\n<meta name=\"twitter:label1\" content=\"Escrito por\" \/>\n\t<meta name=\"twitter:data1\" content=\"Reda\u00e7\u00e3o\" \/>\n\t<meta name=\"twitter:label2\" content=\"Est. tempo de leitura\" \/>\n\t<meta name=\"twitter:data2\" content=\"3 minutos\" \/>\n<script type=\"application\/ld+json\" class=\"yoast-schema-graph\">{\"@context\":\"https:\/\/schema.org\",\"@graph\":[{\"@type\":\"Article\",\"@id\":\"https:\/\/www.notibras.com\/site\/como-preparar-sua-casa-contra-o-mau-olhado\/#article\",\"isPartOf\":{\"@id\":\"https:\/\/www.notibras.com\/site\/como-preparar-sua-casa-contra-o-mau-olhado\/\"},\"author\":{\"name\":\"Reda\u00e7\u00e3o\",\"@id\":\"https:\/\/www.notibras.com\/site\/#\/schema\/person\/36ab0979449956132d3e5b517ea76ac8\"},\"headline\":\"Como preparar sua casa contra o mau-olhado\",\"datePublished\":\"2025-09-30T03:06:11+00:00\",\"mainEntityOfPage\":{\"@id\":\"https:\/\/www.notibras.com\/site\/como-preparar-sua-casa-contra-o-mau-olhado\/\"},\"wordCount\":394,\"publisher\":{\"@id\":\"https:\/\/www.notibras.com\/site\/#organization\"},\"image\":{\"@id\":\"https:\/\/www.notibras.com\/site\/como-preparar-sua-casa-contra-o-mau-olhado\/#primaryimage\"},\"thumbnailUrl\":\"https:\/\/www.notibras.com\/site\/wp-content\/uploads\/2025\/09\/imgonline-com-ua-resize-ZCD03DM6Ew_8e6856ec-0f8a-4705-a528-468a264bb1d2_1024x1024.webp\",\"articleSection\":[\"Or\u00e1culos\"],\"inLanguage\":\"pt-BR\"},{\"@type\":\"WebPage\",\"@id\":\"https:\/\/www.notibras.com\/site\/como-preparar-sua-casa-contra-o-mau-olhado\/\",\"url\":\"https:\/\/www.notibras.com\/site\/como-preparar-sua-casa-contra-o-mau-olhado\/\",\"name\":\"Como preparar sua casa contra o mau-olhado - Notibras\",\"isPartOf\":{\"@id\":\"https:\/\/www.notibras.com\/site\/#website\"},\"primaryImageOfPage\":{\"@id\":\"https:\/\/www.notibras.com\/site\/como-preparar-sua-casa-contra-o-mau-olhado\/#primaryimage\"},\"image\":{\"@id\":\"https:\/\/www.notibras.com\/site\/como-preparar-sua-casa-contra-o-mau-olhado\/#primaryimage\"},\"thumbnailUrl\":\"https:\/\/www.notibras.com\/site\/wp-content\/uploads\/2025\/09\/imgonline-com-ua-resize-ZCD03DM6Ew_8e6856ec-0f8a-4705-a528-468a264bb1d2_1024x1024.webp\",\"datePublished\":\"2025-09-30T03:06:11+00:00\",\"breadcrumb\":{\"@id\":\"https:\/\/www.notibras.com\/site\/como-preparar-sua-casa-contra-o-mau-olhado\/#breadcrumb\"},\"inLanguage\":\"pt-BR\",\"potentialAction\":[{\"@type\":\"ReadAction\",\"target\":[\"https:\/\/www.notibras.com\/site\/como-preparar-sua-casa-contra-o-mau-olhado\/\"]}]},{\"@type\":\"ImageObject\",\"inLanguage\":\"pt-BR\",\"@id\":\"https:\/\/www.notibras.com\/site\/como-preparar-sua-casa-contra-o-mau-olhado\/#primaryimage\",\"url\":\"https:\/\/www.notibras.com\/site\/wp-content\/uploads\/2025\/09\/imgonline-com-ua-resize-ZCD03DM6Ew_8e6856ec-0f8a-4705-a528-468a264bb1d2_1024x1024.webp\",\"contentUrl\":\"https:\/\/www.notibras.com\/site\/wp-content\/uploads\/2025\/09\/imgonline-com-ua-resize-ZCD03DM6Ew_8e6856ec-0f8a-4705-a528-468a264bb1d2_1024x1024.webp\",\"width\":1024,\"height\":683},{\"@type\":\"BreadcrumbList\",\"@id\":\"https:\/\/www.notibras.com\/site\/como-preparar-sua-casa-contra-o-mau-olhado\/#breadcrumb\",\"itemListElement\":[{\"@type\":\"ListItem\",\"position\":1,\"name\":\"In\u00edcio\",\"item\":\"https:\/\/www.notibras.com\/site\/\"},{\"@type\":\"ListItem\",\"position\":2,\"name\":\"Como preparar sua casa contra o mau-olhado\"}]},{\"@type\":\"WebSite\",\"@id\":\"https:\/\/www.notibras.com\/site\/#website\",\"url\":\"https:\/\/www.notibras.com\/site\/\",\"name\":\"Notibras\",\"description\":\"Not\u00edcias de Bras\u00edlia, do Brasil e do Mundo\",\"publisher\":{\"@id\":\"https:\/\/www.notibras.com\/site\/#organization\"},\"potentialAction\":[{\"@type\":\"SearchAction\",\"target\":{\"@type\":\"EntryPoint\",\"urlTemplate\":\"https:\/\/www.notibras.com\/site\/?s={search_term_string}\"},\"query-input\":{\"@type\":\"PropertyValueSpecification\",\"valueRequired\":true,\"valueName\":\"search_term_string\"}}],\"inLanguage\":\"pt-BR\"},{\"@type\":\"Organization\",\"@id\":\"https:\/\/www.notibras.com\/site\/#organization\",\"name\":\"Grupo Notibras de Comunica\u00e7\u00e3o\",\"url\":\"https:\/\/www.notibras.com\/site\/\",\"logo\":{\"@type\":\"ImageObject\",\"inLanguage\":\"pt-BR\",\"@id\":\"https:\/\/www.notibras.com\/site\/#\/schema\/logo\/image\/\",\"url\":\"https:\/\/www.notibras.com\/site\/wp-content\/uploads\/2023\/01\/notibras23.png\",\"contentUrl\":\"https:\/\/www.notibras.com\/site\/wp-content\/uploads\/2023\/01\/notibras23.png\",\"width\":350,\"height\":87,\"caption\":\"Grupo Notibras de Comunica\u00e7\u00e3o\"},\"image\":{\"@id\":\"https:\/\/www.notibras.com\/site\/#\/schema\/logo\/image\/\"},\"sameAs\":[\"https:\/\/www.facebook.com\/notibras\/\",\"https:\/\/x.com\/Notibras\",\"https:\/\/www.instagram.com\/notibras\/\"]},{\"@type\":\"Person\",\"@id\":\"https:\/\/www.notibras.com\/site\/#\/schema\/person\/36ab0979449956132d3e5b517ea76ac8\",\"name\":\"Reda\u00e7\u00e3o\",\"image\":{\"@type\":\"ImageObject\",\"inLanguage\":\"pt-BR\",\"@id\":\"https:\/\/secure.gravatar.com\/avatar\/e0a867bdedb85fd243eadf09663511f96fc81e0720a4a42581f334ad4303aa6b?s=96&d=mm&r=g\",\"url\":\"https:\/\/secure.gravatar.com\/avatar\/e0a867bdedb85fd243eadf09663511f96fc81e0720a4a42581f334ad4303aa6b?s=96&d=mm&r=g\",\"contentUrl\":\"https:\/\/secure.gravatar.com\/avatar\/e0a867bdedb85fd243eadf09663511f96fc81e0720a4a42581f334ad4303aa6b?s=96&d=mm&r=g\",\"caption\":\"Reda\u00e7\u00e3o\"}}]}<\/script>\n<!-- \/ Yoast SEO plugin. -->","yoast_head_json":{"title":"Como preparar sua casa contra o mau-olhado - Notibras","robots":{"index":"index","follow":"follow","max-snippet":"max-snippet:-1","max-image-preview":"max-image-preview:large","max-video-preview":"max-video-preview:-1"},"canonical":"https:\/\/www.notibras.com\/site\/como-preparar-sua-casa-contra-o-mau-olhado\/","og_locale":"pt_BR","og_type":"article","og_title":"Como preparar sua casa contra o mau-olhado - Notibras","og_description":"Desde os tempos antigos, os lares foram vistos como santu\u00e1rios, espa\u00e7os de acolhimento, prote\u00e7\u00e3o e energia vital. Em muitas culturas, acredita-se que o mau-olhado \u2014 a inveja ou a energia negativa vinda de terceiros \u2014 pode desequilibrar a harmonia do ambiente e at\u00e9 influenciar o bem-estar dos moradores. Nesse contexto, a decora\u00e7\u00e3o m\u00edstica surge como [&hellip;]","og_url":"https:\/\/www.notibras.com\/site\/como-preparar-sua-casa-contra-o-mau-olhado\/","og_site_name":"Notibras","article_publisher":"https:\/\/www.facebook.com\/notibras\/","article_published_time":"2025-09-30T03:06:11+00:00","og_image":[{"width":1024,"height":683,"url":"https:\/\/www.notibras.com\/site\/wp-content\/uploads\/2025\/09\/imgonline-com-ua-resize-ZCD03DM6Ew_8e6856ec-0f8a-4705-a528-468a264bb1d2_1024x1024.webp","type":"image\/webp"}],"author":"Reda\u00e7\u00e3o","twitter_card":"summary_large_image","twitter_creator":"@Notibras","twitter_site":"@Notibras","twitter_misc":{"Escrito por":"Reda\u00e7\u00e3o","Est. tempo de leitura":"3 minutos"},"schema":{"@context":"https:\/\/schema.org","@graph":[{"@type":"Article","@id":"https:\/\/www.notibras.com\/site\/como-preparar-sua-casa-contra-o-mau-olhado\/#article","isPartOf":{"@id":"https:\/\/www.notibras.com\/site\/como-preparar-sua-casa-contra-o-mau-olhado\/"},"author":{"name":"Reda\u00e7\u00e3o","@id":"https:\/\/www.notibras.com\/site\/#\/schema\/person\/36ab0979449956132d3e5b517ea76ac8"},"headline":"Como preparar sua casa contra o mau-olhado","datePublished":"2025-09-30T03:06:11+00:00","mainEntityOfPage":{"@id":"https:\/\/www.notibras.com\/site\/como-preparar-sua-casa-contra-o-mau-olhado\/"},"wordCount":394,"publisher":{"@id":"https:\/\/www.notibras.com\/site\/#organization"},"image":{"@id":"https:\/\/www.notibras.com\/site\/como-preparar-sua-casa-contra-o-mau-olhado\/#primaryimage"},"thumbnailUrl":"https:\/\/www.notibras.com\/site\/wp-content\/uploads\/2025\/09\/imgonline-com-ua-resize-ZCD03DM6Ew_8e6856ec-0f8a-4705-a528-468a264bb1d2_1024x1024.webp","articleSection":["Or\u00e1culos"],"inLanguage":"pt-BR"},{"@type":"WebPage","@id":"https:\/\/www.notibras.com\/site\/como-preparar-sua-casa-contra-o-mau-olhado\/","url":"https:\/\/www.notibras.com\/site\/como-preparar-sua-casa-contra-o-mau-olhado\/","name":"Como preparar sua casa contra o mau-olhado - Notibras","isPartOf":{"@id":"https:\/\/www.notibras.com\/site\/#website"},"primaryImageOfPage":{"@id":"https:\/\/www.notibras.com\/site\/como-preparar-sua-casa-contra-o-mau-olhado\/#primaryimage"},"image":{"@id":"https:\/\/www.notibras.com\/site\/como-preparar-sua-casa-contra-o-mau-olhado\/#primaryimage"},"thumbnailUrl":"https:\/\/www.notibras.com\/site\/wp-content\/uploads\/2025\/09\/imgonline-com-ua-resize-ZCD03DM6Ew_8e6856ec-0f8a-4705-a528-468a264bb1d2_1024x1024.webp","datePublished":"2025-09-30T03:06:11+00:00","breadcrumb":{"@id":"https:\/\/www.notibras.com\/site\/como-preparar-sua-casa-contra-o-mau-olhado\/#breadcrumb"},"inLanguage":"pt-BR","potentialAction":[{"@type":"ReadAction","target":["https:\/\/www.notibras.com\/site\/como-preparar-sua-casa-contra-o-mau-olhado\/"]}]},{"@type":"ImageObject","inLanguage":"pt-BR","@id":"https:\/\/www.notibras.com\/site\/como-preparar-sua-casa-contra-o-mau-olhado\/#primaryimage","url":"https:\/\/www.notibras.com\/site\/wp-content\/uploads\/2025\/09\/imgonline-com-ua-resize-ZCD03DM6Ew_8e6856ec-0f8a-4705-a528-468a264bb1d2_1024x1024.webp","contentUrl":"https:\/\/www.notibras.com\/site\/wp-content\/uploads\/2025\/09\/imgonline-com-ua-resize-ZCD03DM6Ew_8e6856ec-0f8a-4705-a528-468a264bb1d2_1024x1024.webp","width":1024,"height":683},{"@type":"BreadcrumbList","@id":"https:\/\/www.notibras.com\/site\/como-preparar-sua-casa-contra-o-mau-olhado\/#breadcrumb","itemListElement":[{"@type":"ListItem","position":1,"name":"In\u00edcio","item":"https:\/\/www.notibras.com\/site\/"},{"@type":"ListItem","position":2,"name":"Como preparar sua casa contra o mau-olhado"}]},{"@type":"WebSite","@id":"https:\/\/www.notibras.com\/site\/#website","url":"https:\/\/www.notibras.com\/site\/","name":"Notibras","description":"Not\u00edcias de Bras\u00edlia, do Brasil e do Mundo","publisher":{"@id":"https:\/\/www.notibras.com\/site\/#organization"},"potentialAction":[{"@type":"SearchAction","target":{"@type":"EntryPoint","urlTemplate":"https:\/\/www.notibras.com\/site\/?s={search_term_string}"},"query-input":{"@type":"PropertyValueSpecification","valueRequired":true,"valueName":"search_term_string"}}],"inLanguage":"pt-BR"},{"@type":"Organization","@id":"https:\/\/www.notibras.com\/site\/#organization","name":"Grupo Notibras de Comunica\u00e7\u00e3o","url":"https:\/\/www.notibras.com\/site\/","logo":{"@type":"ImageObject","inLanguage":"pt-BR","@id":"https:\/\/www.notibras.com\/site\/#\/schema\/logo\/image\/","url":"https:\/\/www.notibras.com\/site\/wp-content\/uploads\/2023\/01\/notibras23.png","contentUrl":"https:\/\/www.notibras.com\/site\/wp-content\/uploads\/2023\/01\/notibras23.png","width":350,"height":87,"caption":"Grupo Notibras de Comunica\u00e7\u00e3o"},"image":{"@id":"https:\/\/www.notibras.com\/site\/#\/schema\/logo\/image\/"},"sameAs":["https:\/\/www.facebook.com\/notibras\/","https:\/\/x.com\/Notibras","https:\/\/www.instagram.com\/notibras\/"]},{"@type":"Person","@id":"https:\/\/www.notibras.com\/site\/#\/schema\/person\/36ab0979449956132d3e5b517ea76ac8","name":"Reda\u00e7\u00e3o","image":{"@type":"ImageObject","inLanguage":"pt-BR","@id":"https:\/\/secure.gravatar.com\/avatar\/e0a867bdedb85fd243eadf09663511f96fc81e0720a4a42581f334ad4303aa6b?s=96&d=mm&r=g","url":"https:\/\/secure.gravatar.com\/avatar\/e0a867bdedb85fd243eadf09663511f96fc81e0720a4a42581f334ad4303aa6b?s=96&d=mm&r=g","contentUrl":"https:\/\/secure.gravatar.com\/avatar\/e0a867bdedb85fd243eadf09663511f96fc81e0720a4a42581f334ad4303aa6b?s=96&d=mm&r=g","caption":"Reda\u00e7\u00e3o"}}]}},"amp_enabled":true,"_links":{"self":[{"href":"https:\/\/www.notibras.com\/site\/wp-json\/wp\/v2\/posts\/365752","targetHints":{"allow":["GET"]}}],"collection":[{"href":"https:\/\/www.notibras.com\/site\/wp-json\/wp\/v2\/posts"}],"about":[{"href":"https:\/\/www.notibras.com\/site\/wp-json\/wp\/v2\/types\/post"}],"author":[{"embeddable":true,"href":"https:\/\/www.notibras.com\/site\/wp-json\/wp\/v2\/users\/2"}],"replies":[{"embeddable":true,"href":"https:\/\/www.notibras.com\/site\/wp-json\/wp\/v2\/comments?post=365752"}],"version-history":[{"count":1,"href":"https:\/\/www.notibras.com\/site\/wp-json\/wp\/v2\/posts\/365752\/revisions"}],"predecessor-version":[{"id":365754,"href":"https:\/\/www.notibras.com\/site\/wp-json\/wp\/v2\/posts\/365752\/revisions\/365754"}],"wp:featuredmedia":[{"embeddable":true,"href":"https:\/\/www.notibras.com\/site\/wp-json\/wp\/v2\/media\/365753"}],"wp:attachment":[{"href":"https:\/\/www.notibras.com\/site\/wp-json\/wp\/v2\/media?parent=365752"}],"wp:term":[{"taxonomy":"category","embeddable":true,"href":"https:\/\/www.notibras.com\/site\/wp-json\/wp\/v2\/categories?post=365752"},{"taxonomy":"post_tag","embeddable":true,"href":"https:\/\/www.notibras.com\/site\/wp-json\/wp\/v2\/tags?post=365752"}],"curies":[{"name":"wp","href":"https:\/\/api.w.org\/{rel}","templated":true}]}}