{"id":365774,"date":"2025-09-30T02:02:43","date_gmt":"2025-09-30T05:02:43","guid":{"rendered":"https:\/\/www.notibras.com\/site\/?p=365774"},"modified":"2025-09-30T02:04:01","modified_gmt":"2025-09-30T05:04:01","slug":"as-faces-do-nordeste-vao-muito-alem-do-sertao","status":"publish","type":"post","link":"https:\/\/www.notibras.com\/site\/as-faces-do-nordeste-vao-muito-alem-do-sertao\/","title":{"rendered":"As faces do Nordeste v\u00e3o muito al\u00e9m do sert\u00e3o"},"content":{"rendered":"<p>Quando se fala em Nordeste, muitos ainda pensam apenas no sert\u00e3o \u00e1rido, no vaqueiro de chap\u00e9u de couro, na seca que racha a terra e na resili\u00eancia de um povo que insiste em florescer onde a chuva tarda. Mas o Nordeste \u00e9 muito mais do que a imagem cristalizada pelo olhar de fora. Ele \u00e9 m\u00faltiplo, contradit\u00f3rio e vivo, um mosaico de cores, sons e cheiros que se revelam em cada peda\u00e7o de ch\u00e3o.<\/p>\n<p>No litoral, o mar se espraia em ondas azuis que cantam sua pr\u00f3pria poesia. \u00c9 l\u00e1 que jangadeiros enfrentam o vento, enquanto turistas se encantam com \u00e1guas mornas e coqueirais intermin\u00e1veis. Nas cidades, entre ladeiras coloniais e arranha-c\u00e9us modernos, pulsa um Nordeste urbano, feito de cultura efervescente, tecnologia e juventude criativa.<\/p>\n<p>H\u00e1 tamb\u00e9m o agreste, essa transi\u00e7\u00e3o entre o verde e o seco, onde a vida se reinventa no plantio e na f\u00e9, na feira barulhenta de s\u00e1bado e no canto de repentistas que transformam a dureza em rima.<\/p>\n<p>E no sert\u00e3o, claro, vive a mem\u00f3ria ancestral, marcada pela luta, mas tamb\u00e9m pela poesia de quem aprendeu a decifrar o sil\u00eancio da terra. O sertanejo n\u00e3o \u00e9 s\u00f3 dor; \u00e9 dan\u00e7a de forr\u00f3, \u00e9 esperan\u00e7a no c\u00e9u estrelado, \u00e9 festa de padroeiro e \u00e9 a certeza de que, mesmo na escassez, sempre cabe abund\u00e2ncia de afeto.<\/p>\n<p>O Nordeste, enfim, \u00e9 tudo isso: mar e seca, sert\u00e3o e cidade, tradi\u00e7\u00e3o e futuro. Reduzi-lo a um estere\u00f3tipo \u00e9 perder a chance de enxergar sua verdadeira grandeza. Para al\u00e9m do sert\u00e3o, h\u00e1 um Nordeste plural, que n\u00e3o cabe em uma s\u00f3 narrativa \u2014 porque ele \u00e9 feito de muitas vozes, todas elas pulsando com for\u00e7a de vida.<\/p>\n","protected":false},"excerpt":{"rendered":"<p>Quando se fala em Nordeste, muitos ainda pensam apenas no sert\u00e3o \u00e1rido, no vaqueiro de chap\u00e9u de couro, na seca que racha a terra e na resili\u00eancia de um povo que insiste em florescer onde a chuva tarda. Mas o Nordeste \u00e9 muito mais do que a imagem cristalizada pelo olhar de fora. Ele \u00e9 [&hellip;]<\/p>\n","protected":false},"author":2,"featured_media":10711,"comment_status":"closed","ping_status":"closed","sticky":false,"template":"","format":"standard","meta":{"_acf_changed":false,"footnotes":""},"categories":[165],"tags":[],"class_list":["post-365774","post","type-post","status-publish","format-standard","has-post-thumbnail","hentry","category-nordeste"],"acf":[],"_links":{"self":[{"href":"https:\/\/www.notibras.com\/site\/wp-json\/wp\/v2\/posts\/365774","targetHints":{"allow":["GET"]}}],"collection":[{"href":"https:\/\/www.notibras.com\/site\/wp-json\/wp\/v2\/posts"}],"about":[{"href":"https:\/\/www.notibras.com\/site\/wp-json\/wp\/v2\/types\/post"}],"author":[{"embeddable":true,"href":"https:\/\/www.notibras.com\/site\/wp-json\/wp\/v2\/users\/2"}],"replies":[{"embeddable":true,"href":"https:\/\/www.notibras.com\/site\/wp-json\/wp\/v2\/comments?post=365774"}],"version-history":[{"count":3,"href":"https:\/\/www.notibras.com\/site\/wp-json\/wp\/v2\/posts\/365774\/revisions"}],"predecessor-version":[{"id":365777,"href":"https:\/\/www.notibras.com\/site\/wp-json\/wp\/v2\/posts\/365774\/revisions\/365777"}],"wp:featuredmedia":[{"embeddable":true,"href":"https:\/\/www.notibras.com\/site\/wp-json\/wp\/v2\/media\/10711"}],"wp:attachment":[{"href":"https:\/\/www.notibras.com\/site\/wp-json\/wp\/v2\/media?parent=365774"}],"wp:term":[{"taxonomy":"category","embeddable":true,"href":"https:\/\/www.notibras.com\/site\/wp-json\/wp\/v2\/categories?post=365774"},{"taxonomy":"post_tag","embeddable":true,"href":"https:\/\/www.notibras.com\/site\/wp-json\/wp\/v2\/tags?post=365774"}],"curies":[{"name":"wp","href":"https:\/\/api.w.org\/{rel}","templated":true}]}}