{"id":365872,"date":"2025-10-01T01:22:11","date_gmt":"2025-10-01T04:22:11","guid":{"rendered":"https:\/\/www.notibras.com\/site\/?p=365872"},"modified":"2025-10-01T01:23:20","modified_gmt":"2025-10-01T04:23:20","slug":"milagre-misterio-e-simbolismo-de-lazaro","status":"publish","type":"post","link":"https:\/\/www.notibras.com\/site\/milagre-misterio-e-simbolismo-de-lazaro\/","title":{"rendered":"Milagre, mist\u00e9rio e simbolismo de L\u00e1zaro"},"content":{"rendered":"<p data-start=\"399\" data-end=\"674\">A narrativa da ressurrei\u00e7\u00e3o de L\u00e1zaro, registrada no Evangelho de Jo\u00e3o (cap\u00edtulo 11), \u00e9 um dos epis\u00f3dios mais marcantes do Novo Testamento. O milagre n\u00e3o apenas refor\u00e7a a autoridade divina de Jesus Cristo, mas tamb\u00e9m se tornou um s\u00edmbolo da esperan\u00e7a crist\u00e3 na vida eterna.<\/p>\n<p data-start=\"700\" data-end=\"960\">Segundo o relato, L\u00e1zaro, irm\u00e3o de Marta e Maria, amigos pr\u00f3ximos de Jesus, adoeceu gravemente em Bet\u00e2nia. As irm\u00e3s pediram a ajuda do Mestre, mas Ele demorou a chegar. Quando finalmente se aproximou, j\u00e1 haviam se passado quatro dias desde a morte de L\u00e1zaro.<\/p>\n<p data-start=\"962\" data-end=\"1135\">Jesus foi ao t\u00famulo e, diante de uma multid\u00e3o perplexa, ordenou: <em data-start=\"1027\" data-end=\"1053\">\u201cL\u00e1zaro, vem para fora!\u201d<\/em> Para espanto de todos, o morto saiu envolto em faixas f\u00fanebres, vivo novamente.<\/p>\n<p data-start=\"1168\" data-end=\"1412\">Na teologia crist\u00e3, o epis\u00f3dio \u00e9 visto como um pren\u00fancio da pr\u00f3pria ressurrei\u00e7\u00e3o de Cristo e como sinal da vit\u00f3ria da vida sobre a morte. O gesto revela a compaix\u00e3o de Jesus diante da dor humana, mas tamb\u00e9m a manifesta\u00e7\u00e3o de seu poder divino.<\/p>\n<p data-start=\"1414\" data-end=\"1584\">Alguns te\u00f3logos interpretam o milagre n\u00e3o apenas como um ato f\u00edsico, mas como um s\u00edmbolo da transforma\u00e7\u00e3o espiritual: a passagem da morte do pecado para a vida em Deus.<\/p>\n<p data-start=\"1622\" data-end=\"1951\">Para estudiosos cr\u00edticos da B\u00edblia, a ressurrei\u00e7\u00e3o de L\u00e1zaro pode ter sido uma narrativa elaborada para refor\u00e7ar a autoridade de Jesus em meio \u00e0s disputas religiosas de sua \u00e9poca. De toda forma, o epis\u00f3dio transcende a an\u00e1lise puramente hist\u00f3rica: ele permanece como um dos mais poderosos s\u00edmbolos de f\u00e9, esperan\u00e7a e renova\u00e7\u00e3o.<\/p>\n<p data-start=\"1978\" data-end=\"2213\">At\u00e9 hoje, a hist\u00f3ria de L\u00e1zaro inspira artistas, pensadores e fi\u00e9is. Nas artes pl\u00e1sticas, na literatura e at\u00e9 na filosofia, \u201cressuscitar L\u00e1zaro\u201d tornou-se met\u00e1fora para recome\u00e7os, segundas chances e a vit\u00f3ria da vida sobre as trevas.<\/p>\n<p data-start=\"2215\" data-end=\"2390\">Afinal, mais do que um evento do passado, a ressurrei\u00e7\u00e3o de L\u00e1zaro convida a humanidade a refletir sobre a fragilidade da exist\u00eancia e a promessa de que a morte n\u00e3o \u00e9 o fim.<\/p>\n<p data-start=\"2215\" data-end=\"2390\">&#8230;&#8230;&#8230;&#8230;&#8230;&#8230;.<\/p>\n<p data-start=\"2215\" data-end=\"2390\"><strong>Anabelle Santa&#8217;cruz \u00e9 Editora de Or\u00e1culos<\/strong><\/p>\n","protected":false},"excerpt":{"rendered":"<p>A narrativa da ressurrei\u00e7\u00e3o de L\u00e1zaro, registrada no Evangelho de Jo\u00e3o (cap\u00edtulo 11), \u00e9 um dos epis\u00f3dios mais marcantes do Novo Testamento. O milagre n\u00e3o apenas refor\u00e7a a autoridade divina de Jesus Cristo, mas tamb\u00e9m se tornou um s\u00edmbolo da esperan\u00e7a crist\u00e3 na vida eterna. Segundo o relato, L\u00e1zaro, irm\u00e3o de Marta e Maria, amigos [&hellip;]<\/p>\n","protected":false},"author":2,"featured_media":365873,"comment_status":"closed","ping_status":"closed","sticky":false,"template":"","format":"standard","meta":{"_acf_changed":false,"footnotes":""},"categories":[237],"tags":[],"class_list":["post-365872","post","type-post","status-publish","format-standard","has-post-thumbnail","hentry","category-oraculos"],"acf":[],"yoast_head":"<!-- This site is optimized with the Yoast SEO plugin v27.2 - https:\/\/yoast.com\/product\/yoast-seo-wordpress\/ -->\n<title>Milagre, mist\u00e9rio e simbolismo de L\u00e1zaro - Notibras<\/title>\n<meta name=\"robots\" content=\"index, follow, max-snippet:-1, max-image-preview:large, max-video-preview:-1\" \/>\n<link rel=\"canonical\" href=\"https:\/\/www.notibras.com\/site\/milagre-misterio-e-simbolismo-de-lazaro\/\" \/>\n<meta property=\"og:locale\" content=\"pt_BR\" \/>\n<meta property=\"og:type\" content=\"article\" \/>\n<meta property=\"og:title\" content=\"Milagre, mist\u00e9rio e simbolismo de L\u00e1zaro - Notibras\" \/>\n<meta property=\"og:description\" content=\"A narrativa da ressurrei\u00e7\u00e3o de L\u00e1zaro, registrada no Evangelho de Jo\u00e3o (cap\u00edtulo 11), \u00e9 um dos epis\u00f3dios mais marcantes do Novo Testamento. O milagre n\u00e3o apenas refor\u00e7a a autoridade divina de Jesus Cristo, mas tamb\u00e9m se tornou um s\u00edmbolo da esperan\u00e7a crist\u00e3 na vida eterna. Segundo o relato, L\u00e1zaro, irm\u00e3o de Marta e Maria, amigos [&hellip;]\" \/>\n<meta property=\"og:url\" content=\"https:\/\/www.notibras.com\/site\/milagre-misterio-e-simbolismo-de-lazaro\/\" \/>\n<meta property=\"og:site_name\" content=\"Notibras\" \/>\n<meta property=\"article:publisher\" content=\"https:\/\/www.facebook.com\/notibras\/\" \/>\n<meta property=\"article:published_time\" content=\"2025-10-01T04:22:11+00:00\" \/>\n<meta property=\"article:modified_time\" content=\"2025-10-01T04:23:20+00:00\" \/>\n<meta property=\"og:image\" content=\"https:\/\/www.notibras.com\/site\/wp-content\/uploads\/2025\/09\/ressurreicao_lazaro_800x600.png\" \/>\n\t<meta property=\"og:image:width\" content=\"800\" \/>\n\t<meta property=\"og:image:height\" content=\"600\" \/>\n\t<meta property=\"og:image:type\" content=\"image\/png\" \/>\n<meta name=\"author\" content=\"Reda\u00e7\u00e3o\" \/>\n<meta name=\"twitter:card\" content=\"summary_large_image\" \/>\n<meta name=\"twitter:creator\" content=\"@Notibras\" \/>\n<meta name=\"twitter:site\" content=\"@Notibras\" \/>\n<meta name=\"twitter:label1\" content=\"Escrito por\" \/>\n\t<meta name=\"twitter:data1\" content=\"Reda\u00e7\u00e3o\" \/>\n\t<meta name=\"twitter:label2\" content=\"Est. tempo de leitura\" \/>\n\t<meta name=\"twitter:data2\" content=\"2 minutos\" \/>\n<script type=\"application\/ld+json\" class=\"yoast-schema-graph\">{\"@context\":\"https:\/\/schema.org\",\"@graph\":[{\"@type\":\"Article\",\"@id\":\"https:\/\/www.notibras.com\/site\/milagre-misterio-e-simbolismo-de-lazaro\/#article\",\"isPartOf\":{\"@id\":\"https:\/\/www.notibras.com\/site\/milagre-misterio-e-simbolismo-de-lazaro\/\"},\"author\":{\"name\":\"Reda\u00e7\u00e3o\",\"@id\":\"https:\/\/www.notibras.com\/site\/#\/schema\/person\/36ab0979449956132d3e5b517ea76ac8\"},\"headline\":\"Milagre, mist\u00e9rio e simbolismo de L\u00e1zaro\",\"datePublished\":\"2025-10-01T04:22:11+00:00\",\"dateModified\":\"2025-10-01T04:23:20+00:00\",\"mainEntityOfPage\":{\"@id\":\"https:\/\/www.notibras.com\/site\/milagre-misterio-e-simbolismo-de-lazaro\/\"},\"wordCount\":377,\"publisher\":{\"@id\":\"https:\/\/www.notibras.com\/site\/#organization\"},\"image\":{\"@id\":\"https:\/\/www.notibras.com\/site\/milagre-misterio-e-simbolismo-de-lazaro\/#primaryimage\"},\"thumbnailUrl\":\"https:\/\/www.notibras.com\/site\/wp-content\/uploads\/2025\/09\/ressurreicao_lazaro_800x600.png\",\"articleSection\":[\"Or\u00e1culos\"],\"inLanguage\":\"pt-BR\"},{\"@type\":\"WebPage\",\"@id\":\"https:\/\/www.notibras.com\/site\/milagre-misterio-e-simbolismo-de-lazaro\/\",\"url\":\"https:\/\/www.notibras.com\/site\/milagre-misterio-e-simbolismo-de-lazaro\/\",\"name\":\"Milagre, mist\u00e9rio e simbolismo de L\u00e1zaro - Notibras\",\"isPartOf\":{\"@id\":\"https:\/\/www.notibras.com\/site\/#website\"},\"primaryImageOfPage\":{\"@id\":\"https:\/\/www.notibras.com\/site\/milagre-misterio-e-simbolismo-de-lazaro\/#primaryimage\"},\"image\":{\"@id\":\"https:\/\/www.notibras.com\/site\/milagre-misterio-e-simbolismo-de-lazaro\/#primaryimage\"},\"thumbnailUrl\":\"https:\/\/www.notibras.com\/site\/wp-content\/uploads\/2025\/09\/ressurreicao_lazaro_800x600.png\",\"datePublished\":\"2025-10-01T04:22:11+00:00\",\"dateModified\":\"2025-10-01T04:23:20+00:00\",\"breadcrumb\":{\"@id\":\"https:\/\/www.notibras.com\/site\/milagre-misterio-e-simbolismo-de-lazaro\/#breadcrumb\"},\"inLanguage\":\"pt-BR\",\"potentialAction\":[{\"@type\":\"ReadAction\",\"target\":[\"https:\/\/www.notibras.com\/site\/milagre-misterio-e-simbolismo-de-lazaro\/\"]}]},{\"@type\":\"ImageObject\",\"inLanguage\":\"pt-BR\",\"@id\":\"https:\/\/www.notibras.com\/site\/milagre-misterio-e-simbolismo-de-lazaro\/#primaryimage\",\"url\":\"https:\/\/www.notibras.com\/site\/wp-content\/uploads\/2025\/09\/ressurreicao_lazaro_800x600.png\",\"contentUrl\":\"https:\/\/www.notibras.com\/site\/wp-content\/uploads\/2025\/09\/ressurreicao_lazaro_800x600.png\",\"width\":800,\"height\":600},{\"@type\":\"BreadcrumbList\",\"@id\":\"https:\/\/www.notibras.com\/site\/milagre-misterio-e-simbolismo-de-lazaro\/#breadcrumb\",\"itemListElement\":[{\"@type\":\"ListItem\",\"position\":1,\"name\":\"In\u00edcio\",\"item\":\"https:\/\/www.notibras.com\/site\/\"},{\"@type\":\"ListItem\",\"position\":2,\"name\":\"Milagre, mist\u00e9rio e simbolismo de L\u00e1zaro\"}]},{\"@type\":\"WebSite\",\"@id\":\"https:\/\/www.notibras.com\/site\/#website\",\"url\":\"https:\/\/www.notibras.com\/site\/\",\"name\":\"Notibras\",\"description\":\"Not\u00edcias de Bras\u00edlia, do Brasil e do Mundo\",\"publisher\":{\"@id\":\"https:\/\/www.notibras.com\/site\/#organization\"},\"potentialAction\":[{\"@type\":\"SearchAction\",\"target\":{\"@type\":\"EntryPoint\",\"urlTemplate\":\"https:\/\/www.notibras.com\/site\/?s={search_term_string}\"},\"query-input\":{\"@type\":\"PropertyValueSpecification\",\"valueRequired\":true,\"valueName\":\"search_term_string\"}}],\"inLanguage\":\"pt-BR\"},{\"@type\":\"Organization\",\"@id\":\"https:\/\/www.notibras.com\/site\/#organization\",\"name\":\"Grupo Notibras de Comunica\u00e7\u00e3o\",\"url\":\"https:\/\/www.notibras.com\/site\/\",\"logo\":{\"@type\":\"ImageObject\",\"inLanguage\":\"pt-BR\",\"@id\":\"https:\/\/www.notibras.com\/site\/#\/schema\/logo\/image\/\",\"url\":\"https:\/\/www.notibras.com\/site\/wp-content\/uploads\/2023\/01\/notibras23.png\",\"contentUrl\":\"https:\/\/www.notibras.com\/site\/wp-content\/uploads\/2023\/01\/notibras23.png\",\"width\":350,\"height\":87,\"caption\":\"Grupo Notibras de Comunica\u00e7\u00e3o\"},\"image\":{\"@id\":\"https:\/\/www.notibras.com\/site\/#\/schema\/logo\/image\/\"},\"sameAs\":[\"https:\/\/www.facebook.com\/notibras\/\",\"https:\/\/x.com\/Notibras\",\"https:\/\/www.instagram.com\/notibras\/\"]},{\"@type\":\"Person\",\"@id\":\"https:\/\/www.notibras.com\/site\/#\/schema\/person\/36ab0979449956132d3e5b517ea76ac8\",\"name\":\"Reda\u00e7\u00e3o\",\"image\":{\"@type\":\"ImageObject\",\"inLanguage\":\"pt-BR\",\"@id\":\"https:\/\/secure.gravatar.com\/avatar\/e0a867bdedb85fd243eadf09663511f96fc81e0720a4a42581f334ad4303aa6b?s=96&d=mm&r=g\",\"url\":\"https:\/\/secure.gravatar.com\/avatar\/e0a867bdedb85fd243eadf09663511f96fc81e0720a4a42581f334ad4303aa6b?s=96&d=mm&r=g\",\"contentUrl\":\"https:\/\/secure.gravatar.com\/avatar\/e0a867bdedb85fd243eadf09663511f96fc81e0720a4a42581f334ad4303aa6b?s=96&d=mm&r=g\",\"caption\":\"Reda\u00e7\u00e3o\"}}]}<\/script>\n<!-- \/ Yoast SEO plugin. -->","yoast_head_json":{"title":"Milagre, mist\u00e9rio e simbolismo de L\u00e1zaro - Notibras","robots":{"index":"index","follow":"follow","max-snippet":"max-snippet:-1","max-image-preview":"max-image-preview:large","max-video-preview":"max-video-preview:-1"},"canonical":"https:\/\/www.notibras.com\/site\/milagre-misterio-e-simbolismo-de-lazaro\/","og_locale":"pt_BR","og_type":"article","og_title":"Milagre, mist\u00e9rio e simbolismo de L\u00e1zaro - Notibras","og_description":"A narrativa da ressurrei\u00e7\u00e3o de L\u00e1zaro, registrada no Evangelho de Jo\u00e3o (cap\u00edtulo 11), \u00e9 um dos epis\u00f3dios mais marcantes do Novo Testamento. O milagre n\u00e3o apenas refor\u00e7a a autoridade divina de Jesus Cristo, mas tamb\u00e9m se tornou um s\u00edmbolo da esperan\u00e7a crist\u00e3 na vida eterna. Segundo o relato, L\u00e1zaro, irm\u00e3o de Marta e Maria, amigos [&hellip;]","og_url":"https:\/\/www.notibras.com\/site\/milagre-misterio-e-simbolismo-de-lazaro\/","og_site_name":"Notibras","article_publisher":"https:\/\/www.facebook.com\/notibras\/","article_published_time":"2025-10-01T04:22:11+00:00","article_modified_time":"2025-10-01T04:23:20+00:00","og_image":[{"width":800,"height":600,"url":"https:\/\/www.notibras.com\/site\/wp-content\/uploads\/2025\/09\/ressurreicao_lazaro_800x600.png","type":"image\/png"}],"author":"Reda\u00e7\u00e3o","twitter_card":"summary_large_image","twitter_creator":"@Notibras","twitter_site":"@Notibras","twitter_misc":{"Escrito por":"Reda\u00e7\u00e3o","Est. tempo de leitura":"2 minutos"},"schema":{"@context":"https:\/\/schema.org","@graph":[{"@type":"Article","@id":"https:\/\/www.notibras.com\/site\/milagre-misterio-e-simbolismo-de-lazaro\/#article","isPartOf":{"@id":"https:\/\/www.notibras.com\/site\/milagre-misterio-e-simbolismo-de-lazaro\/"},"author":{"name":"Reda\u00e7\u00e3o","@id":"https:\/\/www.notibras.com\/site\/#\/schema\/person\/36ab0979449956132d3e5b517ea76ac8"},"headline":"Milagre, mist\u00e9rio e simbolismo de L\u00e1zaro","datePublished":"2025-10-01T04:22:11+00:00","dateModified":"2025-10-01T04:23:20+00:00","mainEntityOfPage":{"@id":"https:\/\/www.notibras.com\/site\/milagre-misterio-e-simbolismo-de-lazaro\/"},"wordCount":377,"publisher":{"@id":"https:\/\/www.notibras.com\/site\/#organization"},"image":{"@id":"https:\/\/www.notibras.com\/site\/milagre-misterio-e-simbolismo-de-lazaro\/#primaryimage"},"thumbnailUrl":"https:\/\/www.notibras.com\/site\/wp-content\/uploads\/2025\/09\/ressurreicao_lazaro_800x600.png","articleSection":["Or\u00e1culos"],"inLanguage":"pt-BR"},{"@type":"WebPage","@id":"https:\/\/www.notibras.com\/site\/milagre-misterio-e-simbolismo-de-lazaro\/","url":"https:\/\/www.notibras.com\/site\/milagre-misterio-e-simbolismo-de-lazaro\/","name":"Milagre, mist\u00e9rio e simbolismo de L\u00e1zaro - Notibras","isPartOf":{"@id":"https:\/\/www.notibras.com\/site\/#website"},"primaryImageOfPage":{"@id":"https:\/\/www.notibras.com\/site\/milagre-misterio-e-simbolismo-de-lazaro\/#primaryimage"},"image":{"@id":"https:\/\/www.notibras.com\/site\/milagre-misterio-e-simbolismo-de-lazaro\/#primaryimage"},"thumbnailUrl":"https:\/\/www.notibras.com\/site\/wp-content\/uploads\/2025\/09\/ressurreicao_lazaro_800x600.png","datePublished":"2025-10-01T04:22:11+00:00","dateModified":"2025-10-01T04:23:20+00:00","breadcrumb":{"@id":"https:\/\/www.notibras.com\/site\/milagre-misterio-e-simbolismo-de-lazaro\/#breadcrumb"},"inLanguage":"pt-BR","potentialAction":[{"@type":"ReadAction","target":["https:\/\/www.notibras.com\/site\/milagre-misterio-e-simbolismo-de-lazaro\/"]}]},{"@type":"ImageObject","inLanguage":"pt-BR","@id":"https:\/\/www.notibras.com\/site\/milagre-misterio-e-simbolismo-de-lazaro\/#primaryimage","url":"https:\/\/www.notibras.com\/site\/wp-content\/uploads\/2025\/09\/ressurreicao_lazaro_800x600.png","contentUrl":"https:\/\/www.notibras.com\/site\/wp-content\/uploads\/2025\/09\/ressurreicao_lazaro_800x600.png","width":800,"height":600},{"@type":"BreadcrumbList","@id":"https:\/\/www.notibras.com\/site\/milagre-misterio-e-simbolismo-de-lazaro\/#breadcrumb","itemListElement":[{"@type":"ListItem","position":1,"name":"In\u00edcio","item":"https:\/\/www.notibras.com\/site\/"},{"@type":"ListItem","position":2,"name":"Milagre, mist\u00e9rio e simbolismo de L\u00e1zaro"}]},{"@type":"WebSite","@id":"https:\/\/www.notibras.com\/site\/#website","url":"https:\/\/www.notibras.com\/site\/","name":"Notibras","description":"Not\u00edcias de Bras\u00edlia, do Brasil e do Mundo","publisher":{"@id":"https:\/\/www.notibras.com\/site\/#organization"},"potentialAction":[{"@type":"SearchAction","target":{"@type":"EntryPoint","urlTemplate":"https:\/\/www.notibras.com\/site\/?s={search_term_string}"},"query-input":{"@type":"PropertyValueSpecification","valueRequired":true,"valueName":"search_term_string"}}],"inLanguage":"pt-BR"},{"@type":"Organization","@id":"https:\/\/www.notibras.com\/site\/#organization","name":"Grupo Notibras de Comunica\u00e7\u00e3o","url":"https:\/\/www.notibras.com\/site\/","logo":{"@type":"ImageObject","inLanguage":"pt-BR","@id":"https:\/\/www.notibras.com\/site\/#\/schema\/logo\/image\/","url":"https:\/\/www.notibras.com\/site\/wp-content\/uploads\/2023\/01\/notibras23.png","contentUrl":"https:\/\/www.notibras.com\/site\/wp-content\/uploads\/2023\/01\/notibras23.png","width":350,"height":87,"caption":"Grupo Notibras de Comunica\u00e7\u00e3o"},"image":{"@id":"https:\/\/www.notibras.com\/site\/#\/schema\/logo\/image\/"},"sameAs":["https:\/\/www.facebook.com\/notibras\/","https:\/\/x.com\/Notibras","https:\/\/www.instagram.com\/notibras\/"]},{"@type":"Person","@id":"https:\/\/www.notibras.com\/site\/#\/schema\/person\/36ab0979449956132d3e5b517ea76ac8","name":"Reda\u00e7\u00e3o","image":{"@type":"ImageObject","inLanguage":"pt-BR","@id":"https:\/\/secure.gravatar.com\/avatar\/e0a867bdedb85fd243eadf09663511f96fc81e0720a4a42581f334ad4303aa6b?s=96&d=mm&r=g","url":"https:\/\/secure.gravatar.com\/avatar\/e0a867bdedb85fd243eadf09663511f96fc81e0720a4a42581f334ad4303aa6b?s=96&d=mm&r=g","contentUrl":"https:\/\/secure.gravatar.com\/avatar\/e0a867bdedb85fd243eadf09663511f96fc81e0720a4a42581f334ad4303aa6b?s=96&d=mm&r=g","caption":"Reda\u00e7\u00e3o"}}]}},"amp_enabled":true,"_links":{"self":[{"href":"https:\/\/www.notibras.com\/site\/wp-json\/wp\/v2\/posts\/365872","targetHints":{"allow":["GET"]}}],"collection":[{"href":"https:\/\/www.notibras.com\/site\/wp-json\/wp\/v2\/posts"}],"about":[{"href":"https:\/\/www.notibras.com\/site\/wp-json\/wp\/v2\/types\/post"}],"author":[{"embeddable":true,"href":"https:\/\/www.notibras.com\/site\/wp-json\/wp\/v2\/users\/2"}],"replies":[{"embeddable":true,"href":"https:\/\/www.notibras.com\/site\/wp-json\/wp\/v2\/comments?post=365872"}],"version-history":[{"count":1,"href":"https:\/\/www.notibras.com\/site\/wp-json\/wp\/v2\/posts\/365872\/revisions"}],"predecessor-version":[{"id":365874,"href":"https:\/\/www.notibras.com\/site\/wp-json\/wp\/v2\/posts\/365872\/revisions\/365874"}],"wp:featuredmedia":[{"embeddable":true,"href":"https:\/\/www.notibras.com\/site\/wp-json\/wp\/v2\/media\/365873"}],"wp:attachment":[{"href":"https:\/\/www.notibras.com\/site\/wp-json\/wp\/v2\/media?parent=365872"}],"wp:term":[{"taxonomy":"category","embeddable":true,"href":"https:\/\/www.notibras.com\/site\/wp-json\/wp\/v2\/categories?post=365872"},{"taxonomy":"post_tag","embeddable":true,"href":"https:\/\/www.notibras.com\/site\/wp-json\/wp\/v2\/tags?post=365872"}],"curies":[{"name":"wp","href":"https:\/\/api.w.org\/{rel}","templated":true}]}}