{"id":365875,"date":"2025-10-01T01:00:34","date_gmt":"2025-10-01T04:00:34","guid":{"rendered":"https:\/\/www.notibras.com\/site\/?p=365875"},"modified":"2025-10-01T01:27:09","modified_gmt":"2025-10-01T04:27:09","slug":"os-segredos-do-lado-oculto-da-lua-que-intrigam-os-cientistas","status":"publish","type":"post","link":"https:\/\/www.notibras.com\/site\/os-segredos-do-lado-oculto-da-lua-que-intrigam-os-cientistas\/","title":{"rendered":"Os segredos do lado oculto da Lua que intrigam os cientistas"},"content":{"rendered":"<p data-start=\"245\" data-end=\"494\">Desde que o homem voltou seus olhos para o c\u00e9u, a Lua se tornou um objeto de fasc\u00ednio, inspira\u00e7\u00e3o e mist\u00e9rio. No entanto, h\u00e1 uma face do nosso sat\u00e9lite natural que permaneceu oculta da vis\u00e3o humana durante mil\u00eanios: o chamado &#8220;lado oculto da Lua&#8221;.<\/p>\n<p data-start=\"496\" data-end=\"893\">Diferente do que muitos pensam, o \u201clado oculto\u201d n\u00e3o \u00e9 permanentemente escuro. Ele recebe a mesma quantidade de luz solar que a face vis\u00edvel da Terra, mas nunca pode ser observado diretamente do nosso planeta devido \u00e0 rota\u00e7\u00e3o sincronizada do sat\u00e9lite. Esse fen\u00f4meno fez com que apenas em 1959, com a sonda sovi\u00e9tica Luna 3, o mundo tivesse acesso \u00e0s primeiras imagens dessa regi\u00e3o enigm\u00e1tica.<\/p>\n<p data-start=\"934\" data-end=\"1044\">A grande surpresa dos cientistas foi notar que o lado oculto apresenta caracter\u00edsticas geol\u00f3gicas distintas:<\/p>\n<ul data-start=\"1045\" data-end=\"1353\">\n<li data-start=\"1045\" data-end=\"1146\">\n<p data-start=\"1047\" data-end=\"1146\">Menos mares lunares (plan\u00edcies escuras formadas por lava solidificada) do que a face vis\u00edvel.<\/p>\n<\/li>\n<li data-start=\"1147\" data-end=\"1250\">\n<p data-start=\"1149\" data-end=\"1250\">Mais crateras de impacto, o que indica uma hist\u00f3ria marcada por choques c\u00f3smicos mais intensos.<\/p>\n<\/li>\n<li data-start=\"1251\" data-end=\"1353\">\n<p data-start=\"1253\" data-end=\"1353\">A presen\u00e7a de uma crosta mais espessa, que at\u00e9 hoje intriga astr\u00f4nomos e ge\u00f3logos planet\u00e1rios.<\/p>\n<\/li>\n<\/ul>\n<p data-start=\"1381\" data-end=\"1720\">Com miss\u00f5es modernas, como a chinesa Chang\u2019e-4, que em 2019 pousou no lado oculto pela primeira vez, novas informa\u00e7\u00f5es t\u00eam surgido. Entre elas, dados sobre minerais in\u00e9ditos e a detec\u00e7\u00e3o de uma estranha anomalia gravitacional na regi\u00e3o da Bacia do Polo Sul-Aitken, uma das maiores crateras de impacto conhecidas no Sistema Solar.<\/p>\n<p data-start=\"1722\" data-end=\"1894\">Essas descobertas podem ajudar a explicar a forma\u00e7\u00e3o da Lua, seu papel na estabiliza\u00e7\u00e3o do eixo da Terra e at\u00e9 mesmo fornecer pistas sobre os prim\u00f3rdios do Sistema Solar.<\/p>\n<p data-start=\"1924\" data-end=\"2277\">Explorar o lado oculto da Lua deixou de ser apenas uma quest\u00e3o de curiosidade cient\u00edfica. Ele pode ser estrat\u00e9gico para a instala\u00e7\u00e3o de radiotelesc\u00f3pios protegidos das interfer\u00eancias da Terra e at\u00e9 para futuras bases lunares. Assim, o lado oculto deixa de ser um territ\u00f3rio de sombras e se transforma em uma chave para o futuro da explora\u00e7\u00e3o espacial.<\/p>\n<p data-start=\"2279\" data-end=\"2523\">Enquanto os cientistas desvendam seus segredos, o imagin\u00e1rio humano continua a projetar ali mist\u00e9rios, lendas e perguntas sem resposta. Afinal, a Lua sempre foi mais que um sat\u00e9lite: \u00e9 um espelho dos nossos pr\u00f3prios anseios pelo desconhecido.<\/p>\n","protected":false},"excerpt":{"rendered":"<p>Desde que o homem voltou seus olhos para o c\u00e9u, a Lua se tornou um objeto de fasc\u00ednio, inspira\u00e7\u00e3o e mist\u00e9rio. No entanto, h\u00e1 uma face do nosso sat\u00e9lite natural que permaneceu oculta da vis\u00e3o humana durante mil\u00eanios: o chamado &#8220;lado oculto da Lua&#8221;. Diferente do que muitos pensam, o \u201clado oculto\u201d n\u00e3o \u00e9 permanentemente [&hellip;]<\/p>\n","protected":false},"author":2,"featured_media":365876,"comment_status":"closed","ping_status":"closed","sticky":false,"template":"","format":"standard","meta":{"_acf_changed":false,"footnotes":""},"categories":[237],"tags":[],"class_list":["post-365875","post","type-post","status-publish","format-standard","has-post-thumbnail","hentry","category-oraculos"],"acf":[],"yoast_head":"<!-- This site is optimized with the Yoast SEO plugin v27.2 - https:\/\/yoast.com\/product\/yoast-seo-wordpress\/ -->\n<title>Os segredos do lado oculto da Lua que intrigam os cientistas - Notibras<\/title>\n<meta name=\"robots\" content=\"index, follow, max-snippet:-1, max-image-preview:large, max-video-preview:-1\" \/>\n<link rel=\"canonical\" href=\"https:\/\/www.notibras.com\/site\/os-segredos-do-lado-oculto-da-lua-que-intrigam-os-cientistas\/\" \/>\n<meta property=\"og:locale\" content=\"pt_BR\" \/>\n<meta property=\"og:type\" content=\"article\" \/>\n<meta property=\"og:title\" content=\"Os segredos do lado oculto da Lua que intrigam os cientistas - Notibras\" \/>\n<meta property=\"og:description\" content=\"Desde que o homem voltou seus olhos para o c\u00e9u, a Lua se tornou um objeto de fasc\u00ednio, inspira\u00e7\u00e3o e mist\u00e9rio. No entanto, h\u00e1 uma face do nosso sat\u00e9lite natural que permaneceu oculta da vis\u00e3o humana durante mil\u00eanios: o chamado &#8220;lado oculto da Lua&#8221;. Diferente do que muitos pensam, o \u201clado oculto\u201d n\u00e3o \u00e9 permanentemente [&hellip;]\" \/>\n<meta property=\"og:url\" content=\"https:\/\/www.notibras.com\/site\/os-segredos-do-lado-oculto-da-lua-que-intrigam-os-cientistas\/\" \/>\n<meta property=\"og:site_name\" content=\"Notibras\" \/>\n<meta property=\"article:publisher\" content=\"https:\/\/www.facebook.com\/notibras\/\" \/>\n<meta property=\"article:published_time\" content=\"2025-10-01T04:00:34+00:00\" \/>\n<meta property=\"article:modified_time\" content=\"2025-10-01T04:27:09+00:00\" \/>\n<meta property=\"og:image\" content=\"https:\/\/www.notibras.com\/site\/wp-content\/uploads\/2025\/10\/2076bc41-f7ed-4068-897a-fed47de549fc.png\" \/>\n\t<meta property=\"og:image:width\" content=\"1024\" \/>\n\t<meta property=\"og:image:height\" content=\"1024\" \/>\n\t<meta property=\"og:image:type\" content=\"image\/png\" \/>\n<meta name=\"author\" content=\"Reda\u00e7\u00e3o\" \/>\n<meta name=\"twitter:card\" content=\"summary_large_image\" \/>\n<meta name=\"twitter:creator\" content=\"@Notibras\" \/>\n<meta name=\"twitter:site\" content=\"@Notibras\" \/>\n<meta name=\"twitter:label1\" content=\"Escrito por\" \/>\n\t<meta name=\"twitter:data1\" content=\"Reda\u00e7\u00e3o\" \/>\n\t<meta name=\"twitter:label2\" content=\"Est. tempo de leitura\" \/>\n\t<meta name=\"twitter:data2\" content=\"3 minutos\" \/>\n<script type=\"application\/ld+json\" class=\"yoast-schema-graph\">{\"@context\":\"https:\/\/schema.org\",\"@graph\":[{\"@type\":\"Article\",\"@id\":\"https:\/\/www.notibras.com\/site\/os-segredos-do-lado-oculto-da-lua-que-intrigam-os-cientistas\/#article\",\"isPartOf\":{\"@id\":\"https:\/\/www.notibras.com\/site\/os-segredos-do-lado-oculto-da-lua-que-intrigam-os-cientistas\/\"},\"author\":{\"name\":\"Reda\u00e7\u00e3o\",\"@id\":\"https:\/\/www.notibras.com\/site\/#\/schema\/person\/36ab0979449956132d3e5b517ea76ac8\"},\"headline\":\"Os segredos do lado oculto da Lua que intrigam os cientistas\",\"datePublished\":\"2025-10-01T04:00:34+00:00\",\"dateModified\":\"2025-10-01T04:27:09+00:00\",\"mainEntityOfPage\":{\"@id\":\"https:\/\/www.notibras.com\/site\/os-segredos-do-lado-oculto-da-lua-que-intrigam-os-cientistas\/\"},\"wordCount\":396,\"publisher\":{\"@id\":\"https:\/\/www.notibras.com\/site\/#organization\"},\"image\":{\"@id\":\"https:\/\/www.notibras.com\/site\/os-segredos-do-lado-oculto-da-lua-que-intrigam-os-cientistas\/#primaryimage\"},\"thumbnailUrl\":\"https:\/\/www.notibras.com\/site\/wp-content\/uploads\/2025\/10\/2076bc41-f7ed-4068-897a-fed47de549fc.png\",\"articleSection\":[\"Or\u00e1culos\"],\"inLanguage\":\"pt-BR\"},{\"@type\":\"WebPage\",\"@id\":\"https:\/\/www.notibras.com\/site\/os-segredos-do-lado-oculto-da-lua-que-intrigam-os-cientistas\/\",\"url\":\"https:\/\/www.notibras.com\/site\/os-segredos-do-lado-oculto-da-lua-que-intrigam-os-cientistas\/\",\"name\":\"Os segredos do lado oculto da Lua que intrigam os cientistas - Notibras\",\"isPartOf\":{\"@id\":\"https:\/\/www.notibras.com\/site\/#website\"},\"primaryImageOfPage\":{\"@id\":\"https:\/\/www.notibras.com\/site\/os-segredos-do-lado-oculto-da-lua-que-intrigam-os-cientistas\/#primaryimage\"},\"image\":{\"@id\":\"https:\/\/www.notibras.com\/site\/os-segredos-do-lado-oculto-da-lua-que-intrigam-os-cientistas\/#primaryimage\"},\"thumbnailUrl\":\"https:\/\/www.notibras.com\/site\/wp-content\/uploads\/2025\/10\/2076bc41-f7ed-4068-897a-fed47de549fc.png\",\"datePublished\":\"2025-10-01T04:00:34+00:00\",\"dateModified\":\"2025-10-01T04:27:09+00:00\",\"breadcrumb\":{\"@id\":\"https:\/\/www.notibras.com\/site\/os-segredos-do-lado-oculto-da-lua-que-intrigam-os-cientistas\/#breadcrumb\"},\"inLanguage\":\"pt-BR\",\"potentialAction\":[{\"@type\":\"ReadAction\",\"target\":[\"https:\/\/www.notibras.com\/site\/os-segredos-do-lado-oculto-da-lua-que-intrigam-os-cientistas\/\"]}]},{\"@type\":\"ImageObject\",\"inLanguage\":\"pt-BR\",\"@id\":\"https:\/\/www.notibras.com\/site\/os-segredos-do-lado-oculto-da-lua-que-intrigam-os-cientistas\/#primaryimage\",\"url\":\"https:\/\/www.notibras.com\/site\/wp-content\/uploads\/2025\/10\/2076bc41-f7ed-4068-897a-fed47de549fc.png\",\"contentUrl\":\"https:\/\/www.notibras.com\/site\/wp-content\/uploads\/2025\/10\/2076bc41-f7ed-4068-897a-fed47de549fc.png\",\"width\":1024,\"height\":1024},{\"@type\":\"BreadcrumbList\",\"@id\":\"https:\/\/www.notibras.com\/site\/os-segredos-do-lado-oculto-da-lua-que-intrigam-os-cientistas\/#breadcrumb\",\"itemListElement\":[{\"@type\":\"ListItem\",\"position\":1,\"name\":\"In\u00edcio\",\"item\":\"https:\/\/www.notibras.com\/site\/\"},{\"@type\":\"ListItem\",\"position\":2,\"name\":\"Os segredos do lado oculto da Lua que intrigam os cientistas\"}]},{\"@type\":\"WebSite\",\"@id\":\"https:\/\/www.notibras.com\/site\/#website\",\"url\":\"https:\/\/www.notibras.com\/site\/\",\"name\":\"Notibras\",\"description\":\"Not\u00edcias de Bras\u00edlia, do Brasil e do Mundo\",\"publisher\":{\"@id\":\"https:\/\/www.notibras.com\/site\/#organization\"},\"potentialAction\":[{\"@type\":\"SearchAction\",\"target\":{\"@type\":\"EntryPoint\",\"urlTemplate\":\"https:\/\/www.notibras.com\/site\/?s={search_term_string}\"},\"query-input\":{\"@type\":\"PropertyValueSpecification\",\"valueRequired\":true,\"valueName\":\"search_term_string\"}}],\"inLanguage\":\"pt-BR\"},{\"@type\":\"Organization\",\"@id\":\"https:\/\/www.notibras.com\/site\/#organization\",\"name\":\"Grupo Notibras de Comunica\u00e7\u00e3o\",\"url\":\"https:\/\/www.notibras.com\/site\/\",\"logo\":{\"@type\":\"ImageObject\",\"inLanguage\":\"pt-BR\",\"@id\":\"https:\/\/www.notibras.com\/site\/#\/schema\/logo\/image\/\",\"url\":\"https:\/\/www.notibras.com\/site\/wp-content\/uploads\/2023\/01\/notibras23.png\",\"contentUrl\":\"https:\/\/www.notibras.com\/site\/wp-content\/uploads\/2023\/01\/notibras23.png\",\"width\":350,\"height\":87,\"caption\":\"Grupo Notibras de Comunica\u00e7\u00e3o\"},\"image\":{\"@id\":\"https:\/\/www.notibras.com\/site\/#\/schema\/logo\/image\/\"},\"sameAs\":[\"https:\/\/www.facebook.com\/notibras\/\",\"https:\/\/x.com\/Notibras\",\"https:\/\/www.instagram.com\/notibras\/\"]},{\"@type\":\"Person\",\"@id\":\"https:\/\/www.notibras.com\/site\/#\/schema\/person\/36ab0979449956132d3e5b517ea76ac8\",\"name\":\"Reda\u00e7\u00e3o\",\"image\":{\"@type\":\"ImageObject\",\"inLanguage\":\"pt-BR\",\"@id\":\"https:\/\/secure.gravatar.com\/avatar\/e0a867bdedb85fd243eadf09663511f96fc81e0720a4a42581f334ad4303aa6b?s=96&d=mm&r=g\",\"url\":\"https:\/\/secure.gravatar.com\/avatar\/e0a867bdedb85fd243eadf09663511f96fc81e0720a4a42581f334ad4303aa6b?s=96&d=mm&r=g\",\"contentUrl\":\"https:\/\/secure.gravatar.com\/avatar\/e0a867bdedb85fd243eadf09663511f96fc81e0720a4a42581f334ad4303aa6b?s=96&d=mm&r=g\",\"caption\":\"Reda\u00e7\u00e3o\"}}]}<\/script>\n<!-- \/ Yoast SEO plugin. -->","yoast_head_json":{"title":"Os segredos do lado oculto da Lua que intrigam os cientistas - Notibras","robots":{"index":"index","follow":"follow","max-snippet":"max-snippet:-1","max-image-preview":"max-image-preview:large","max-video-preview":"max-video-preview:-1"},"canonical":"https:\/\/www.notibras.com\/site\/os-segredos-do-lado-oculto-da-lua-que-intrigam-os-cientistas\/","og_locale":"pt_BR","og_type":"article","og_title":"Os segredos do lado oculto da Lua que intrigam os cientistas - Notibras","og_description":"Desde que o homem voltou seus olhos para o c\u00e9u, a Lua se tornou um objeto de fasc\u00ednio, inspira\u00e7\u00e3o e mist\u00e9rio. No entanto, h\u00e1 uma face do nosso sat\u00e9lite natural que permaneceu oculta da vis\u00e3o humana durante mil\u00eanios: o chamado &#8220;lado oculto da Lua&#8221;. Diferente do que muitos pensam, o \u201clado oculto\u201d n\u00e3o \u00e9 permanentemente [&hellip;]","og_url":"https:\/\/www.notibras.com\/site\/os-segredos-do-lado-oculto-da-lua-que-intrigam-os-cientistas\/","og_site_name":"Notibras","article_publisher":"https:\/\/www.facebook.com\/notibras\/","article_published_time":"2025-10-01T04:00:34+00:00","article_modified_time":"2025-10-01T04:27:09+00:00","og_image":[{"width":1024,"height":1024,"url":"https:\/\/www.notibras.com\/site\/wp-content\/uploads\/2025\/10\/2076bc41-f7ed-4068-897a-fed47de549fc.png","type":"image\/png"}],"author":"Reda\u00e7\u00e3o","twitter_card":"summary_large_image","twitter_creator":"@Notibras","twitter_site":"@Notibras","twitter_misc":{"Escrito por":"Reda\u00e7\u00e3o","Est. tempo de leitura":"3 minutos"},"schema":{"@context":"https:\/\/schema.org","@graph":[{"@type":"Article","@id":"https:\/\/www.notibras.com\/site\/os-segredos-do-lado-oculto-da-lua-que-intrigam-os-cientistas\/#article","isPartOf":{"@id":"https:\/\/www.notibras.com\/site\/os-segredos-do-lado-oculto-da-lua-que-intrigam-os-cientistas\/"},"author":{"name":"Reda\u00e7\u00e3o","@id":"https:\/\/www.notibras.com\/site\/#\/schema\/person\/36ab0979449956132d3e5b517ea76ac8"},"headline":"Os segredos do lado oculto da Lua que intrigam os cientistas","datePublished":"2025-10-01T04:00:34+00:00","dateModified":"2025-10-01T04:27:09+00:00","mainEntityOfPage":{"@id":"https:\/\/www.notibras.com\/site\/os-segredos-do-lado-oculto-da-lua-que-intrigam-os-cientistas\/"},"wordCount":396,"publisher":{"@id":"https:\/\/www.notibras.com\/site\/#organization"},"image":{"@id":"https:\/\/www.notibras.com\/site\/os-segredos-do-lado-oculto-da-lua-que-intrigam-os-cientistas\/#primaryimage"},"thumbnailUrl":"https:\/\/www.notibras.com\/site\/wp-content\/uploads\/2025\/10\/2076bc41-f7ed-4068-897a-fed47de549fc.png","articleSection":["Or\u00e1culos"],"inLanguage":"pt-BR"},{"@type":"WebPage","@id":"https:\/\/www.notibras.com\/site\/os-segredos-do-lado-oculto-da-lua-que-intrigam-os-cientistas\/","url":"https:\/\/www.notibras.com\/site\/os-segredos-do-lado-oculto-da-lua-que-intrigam-os-cientistas\/","name":"Os segredos do lado oculto da Lua que intrigam os cientistas - Notibras","isPartOf":{"@id":"https:\/\/www.notibras.com\/site\/#website"},"primaryImageOfPage":{"@id":"https:\/\/www.notibras.com\/site\/os-segredos-do-lado-oculto-da-lua-que-intrigam-os-cientistas\/#primaryimage"},"image":{"@id":"https:\/\/www.notibras.com\/site\/os-segredos-do-lado-oculto-da-lua-que-intrigam-os-cientistas\/#primaryimage"},"thumbnailUrl":"https:\/\/www.notibras.com\/site\/wp-content\/uploads\/2025\/10\/2076bc41-f7ed-4068-897a-fed47de549fc.png","datePublished":"2025-10-01T04:00:34+00:00","dateModified":"2025-10-01T04:27:09+00:00","breadcrumb":{"@id":"https:\/\/www.notibras.com\/site\/os-segredos-do-lado-oculto-da-lua-que-intrigam-os-cientistas\/#breadcrumb"},"inLanguage":"pt-BR","potentialAction":[{"@type":"ReadAction","target":["https:\/\/www.notibras.com\/site\/os-segredos-do-lado-oculto-da-lua-que-intrigam-os-cientistas\/"]}]},{"@type":"ImageObject","inLanguage":"pt-BR","@id":"https:\/\/www.notibras.com\/site\/os-segredos-do-lado-oculto-da-lua-que-intrigam-os-cientistas\/#primaryimage","url":"https:\/\/www.notibras.com\/site\/wp-content\/uploads\/2025\/10\/2076bc41-f7ed-4068-897a-fed47de549fc.png","contentUrl":"https:\/\/www.notibras.com\/site\/wp-content\/uploads\/2025\/10\/2076bc41-f7ed-4068-897a-fed47de549fc.png","width":1024,"height":1024},{"@type":"BreadcrumbList","@id":"https:\/\/www.notibras.com\/site\/os-segredos-do-lado-oculto-da-lua-que-intrigam-os-cientistas\/#breadcrumb","itemListElement":[{"@type":"ListItem","position":1,"name":"In\u00edcio","item":"https:\/\/www.notibras.com\/site\/"},{"@type":"ListItem","position":2,"name":"Os segredos do lado oculto da Lua que intrigam os cientistas"}]},{"@type":"WebSite","@id":"https:\/\/www.notibras.com\/site\/#website","url":"https:\/\/www.notibras.com\/site\/","name":"Notibras","description":"Not\u00edcias de Bras\u00edlia, do Brasil e do Mundo","publisher":{"@id":"https:\/\/www.notibras.com\/site\/#organization"},"potentialAction":[{"@type":"SearchAction","target":{"@type":"EntryPoint","urlTemplate":"https:\/\/www.notibras.com\/site\/?s={search_term_string}"},"query-input":{"@type":"PropertyValueSpecification","valueRequired":true,"valueName":"search_term_string"}}],"inLanguage":"pt-BR"},{"@type":"Organization","@id":"https:\/\/www.notibras.com\/site\/#organization","name":"Grupo Notibras de Comunica\u00e7\u00e3o","url":"https:\/\/www.notibras.com\/site\/","logo":{"@type":"ImageObject","inLanguage":"pt-BR","@id":"https:\/\/www.notibras.com\/site\/#\/schema\/logo\/image\/","url":"https:\/\/www.notibras.com\/site\/wp-content\/uploads\/2023\/01\/notibras23.png","contentUrl":"https:\/\/www.notibras.com\/site\/wp-content\/uploads\/2023\/01\/notibras23.png","width":350,"height":87,"caption":"Grupo Notibras de Comunica\u00e7\u00e3o"},"image":{"@id":"https:\/\/www.notibras.com\/site\/#\/schema\/logo\/image\/"},"sameAs":["https:\/\/www.facebook.com\/notibras\/","https:\/\/x.com\/Notibras","https:\/\/www.instagram.com\/notibras\/"]},{"@type":"Person","@id":"https:\/\/www.notibras.com\/site\/#\/schema\/person\/36ab0979449956132d3e5b517ea76ac8","name":"Reda\u00e7\u00e3o","image":{"@type":"ImageObject","inLanguage":"pt-BR","@id":"https:\/\/secure.gravatar.com\/avatar\/e0a867bdedb85fd243eadf09663511f96fc81e0720a4a42581f334ad4303aa6b?s=96&d=mm&r=g","url":"https:\/\/secure.gravatar.com\/avatar\/e0a867bdedb85fd243eadf09663511f96fc81e0720a4a42581f334ad4303aa6b?s=96&d=mm&r=g","contentUrl":"https:\/\/secure.gravatar.com\/avatar\/e0a867bdedb85fd243eadf09663511f96fc81e0720a4a42581f334ad4303aa6b?s=96&d=mm&r=g","caption":"Reda\u00e7\u00e3o"}}]}},"amp_enabled":true,"_links":{"self":[{"href":"https:\/\/www.notibras.com\/site\/wp-json\/wp\/v2\/posts\/365875","targetHints":{"allow":["GET"]}}],"collection":[{"href":"https:\/\/www.notibras.com\/site\/wp-json\/wp\/v2\/posts"}],"about":[{"href":"https:\/\/www.notibras.com\/site\/wp-json\/wp\/v2\/types\/post"}],"author":[{"embeddable":true,"href":"https:\/\/www.notibras.com\/site\/wp-json\/wp\/v2\/users\/2"}],"replies":[{"embeddable":true,"href":"https:\/\/www.notibras.com\/site\/wp-json\/wp\/v2\/comments?post=365875"}],"version-history":[{"count":1,"href":"https:\/\/www.notibras.com\/site\/wp-json\/wp\/v2\/posts\/365875\/revisions"}],"predecessor-version":[{"id":365877,"href":"https:\/\/www.notibras.com\/site\/wp-json\/wp\/v2\/posts\/365875\/revisions\/365877"}],"wp:featuredmedia":[{"embeddable":true,"href":"https:\/\/www.notibras.com\/site\/wp-json\/wp\/v2\/media\/365876"}],"wp:attachment":[{"href":"https:\/\/www.notibras.com\/site\/wp-json\/wp\/v2\/media?parent=365875"}],"wp:term":[{"taxonomy":"category","embeddable":true,"href":"https:\/\/www.notibras.com\/site\/wp-json\/wp\/v2\/categories?post=365875"},{"taxonomy":"post_tag","embeddable":true,"href":"https:\/\/www.notibras.com\/site\/wp-json\/wp\/v2\/tags?post=365875"}],"curies":[{"name":"wp","href":"https:\/\/api.w.org\/{rel}","templated":true}]}}