{"id":36596,"date":"2015-02-10T11:50:14","date_gmt":"2015-02-10T14:50:14","guid":{"rendered":"http:\/\/www.notibras.com\/site\/?p=36596"},"modified":"2015-02-10T16:30:40","modified_gmt":"2015-02-10T19:30:40","slug":"ninguem-vai-envolver-dilma-no-petrolao-ela-esta-limpa-diz-cardozo","status":"publish","type":"post","link":"https:\/\/www.notibras.com\/site\/ninguem-vai-envolver-dilma-no-petrolao-ela-esta-limpa-diz-cardozo\/","title":{"rendered":"Ningu\u00e9m envolve Dilma no Petrol\u00e3o; ela est\u00e1 limpa, diz Cardozo, ministro da Justi\u00e7a"},"content":{"rendered":"<p>O ministro da Justi\u00e7a, Jos\u00e9 Eduardo Cardozo, saiu em defesa da presidente Dilma Rousseff e afastou qualquer ind\u00edcio de envolvimento dela, ainda de que maneira n\u00e3o intencional, com as irregularidades apontadas pela Opera\u00e7\u00e3o Lava Jato na Petrobras.<\/p>\n<p>Segundo Cardozo, o governo tem \u201ccoragem pol\u00edtica para enfrentar a corrup\u00e7\u00e3o\u201d e est\u00e1 trazendo \u00e0 tona fraudes que vinham de gest\u00f5es anteriores, inclusive, de Fernando Henrique Cardoso (PSDB). O ministro minimizou a queda de popularidade da presidenta e afirmou que o momento ruim passar\u00e1 e que a popula\u00e7\u00e3o saber\u00e1 reconhecer as medidas tomadas pelo atual governo contra a corrup\u00e7\u00e3o.<\/p>\n<p>Para ele, setores da oposi\u00e7\u00e3o fazem \u201cjogo pol\u00edtico\u201d ao tentar envolver Dilma nas den\u00fancias. O objetivo, segundo ele, \u00e9 promover um \u201cterceiro turno\u201d eleitoral com o discurso em defesa do impeachment da petista.<\/p>\n<p>\u201cN\u00e3o h\u00e1 nenhum fato, absolutamente nenhum fato, que demonstre, que indique ou que gere ind\u00edcios de que a presidente da Rep\u00fablica tenha qualquer envolvimento nesses fatos seja de maneira dolosa (intencional), seja de maneira culposa. A presidente, em rela\u00e7\u00e3o a esses fatos, tem tido uma postura muito dura e rigorosa de que quer que tudo seja apurado. Envolvimento dela? Absolutamente nenhum\u201d, disse Cardozo em entrevista ao jornal O <em>Globo<\/em>.<\/p>\n<p>Segundo o ministro, o governo quer que se apure tudo, independentemente da cor partid\u00e1ria daqueles que porventura praticaram atos il\u00edcitos. \u201cPouco importa se s\u00e3o petistas, se s\u00e3o tucanos do per\u00edodo que antecede 2002, pouco importa se da base governista ou se s\u00e3o de outros partidos de oposi\u00e7\u00e3o\u201d, declarou.<\/p>\n<blockquote><p>A corrup\u00e7\u00e3o n\u00e3o aumentou nos governos Lula e Dilma, disse o ministro, mas se tornou mais evidente por causa da autonomia da Pol\u00edcia Federal e do Minist\u00e9rio P\u00fablico, que passaram a investigar e denunciar as irregularidades. \u201cQuantas coisas foram engavetadas naquele per\u00edodo? Quantos esc\u00e2ndalos aconteceram? Tivessem sido investigadas como investigamos, seguramente grande desconforto teria aparecido em grande intensidade. Acho que o tempo coloca os fatos no seu devido lugar\u201d, disse o ministro na entrevista ao jornal carioca, em alus\u00e3o ao governo tucano de FHC.<\/p><\/blockquote>\n<p>Jos\u00e9 Eduardo Cardozo evitou fazer coment\u00e1rios sobre os resultados das investiga\u00e7\u00f5es e disse n\u00e3o saber quais pol\u00edticos est\u00e3o envolvidos nas den\u00fancias da Lava Jato. O petista afirmou que s\u00f3 tem conhecimento das den\u00fancias publicadas na imprensa. \u201cA julgar que foram corretas as mat\u00e9rias que sa\u00edram na imprensa, h\u00e1 partidos da oposi\u00e7\u00e3o, l\u00edderes da oposi\u00e7\u00e3o e presidente de partidos da oposi\u00e7\u00e3o que tamb\u00e9m estariam envolvidos nessa situa\u00e7\u00e3o. Tamb\u00e9m n\u00e3o sei se \u00e9 verdade, mentira, se est\u00e1 no termo ou n\u00e3o, se os fatos correspondem \u00e0 verdade ou n\u00e3o. Acho prefer\u00edvel aguardar que venha a p\u00fablico e n\u00e3o tecer considera\u00e7\u00f5es\u201d, afirmou.<\/p>\n","protected":false},"excerpt":{"rendered":"<p>O ministro da Justi\u00e7a, Jos\u00e9 Eduardo Cardozo, saiu em defesa da presidente Dilma Rousseff e afastou qualquer ind\u00edcio de envolvimento dela, ainda de que maneira n\u00e3o intencional, com as irregularidades apontadas pela Opera\u00e7\u00e3o Lava Jato na Petrobras. Segundo Cardozo, o governo tem \u201ccoragem pol\u00edtica para enfrentar a corrup\u00e7\u00e3o\u201d e est\u00e1 trazendo \u00e0 tona fraudes que [&hellip;]<\/p>\n","protected":false},"author":2,"featured_media":36597,"comment_status":"open","ping_status":"closed","sticky":false,"template":"","format":"standard","meta":{"_acf_changed":false,"footnotes":""},"categories":[16],"tags":[],"class_list":["post-36596","post","type-post","status-publish","format-standard","has-post-thumbnail","hentry","category-brasil"],"acf":[],"yoast_head":"<!-- This site is optimized with the Yoast SEO plugin v27.2 - https:\/\/yoast.com\/product\/yoast-seo-wordpress\/ -->\n<title>Ningu\u00e9m envolve Dilma no Petrol\u00e3o; ela est\u00e1 limpa, diz Cardozo, ministro da Justi\u00e7a - Notibras<\/title>\n<meta name=\"robots\" content=\"index, follow, max-snippet:-1, max-image-preview:large, max-video-preview:-1\" \/>\n<link rel=\"canonical\" href=\"https:\/\/www.notibras.com\/site\/ninguem-vai-envolver-dilma-no-petrolao-ela-esta-limpa-diz-cardozo\/\" \/>\n<meta property=\"og:locale\" content=\"pt_BR\" \/>\n<meta property=\"og:type\" content=\"article\" \/>\n<meta property=\"og:title\" content=\"Ningu\u00e9m envolve Dilma no Petrol\u00e3o; ela est\u00e1 limpa, diz Cardozo, ministro da Justi\u00e7a - Notibras\" \/>\n<meta property=\"og:description\" content=\"O ministro da Justi\u00e7a, Jos\u00e9 Eduardo Cardozo, saiu em defesa da presidente Dilma Rousseff e afastou qualquer ind\u00edcio de envolvimento dela, ainda de que maneira n\u00e3o intencional, com as irregularidades apontadas pela Opera\u00e7\u00e3o Lava Jato na Petrobras. Segundo Cardozo, o governo tem \u201ccoragem pol\u00edtica para enfrentar a corrup\u00e7\u00e3o\u201d e est\u00e1 trazendo \u00e0 tona fraudes que [&hellip;]\" \/>\n<meta property=\"og:url\" content=\"https:\/\/www.notibras.com\/site\/ninguem-vai-envolver-dilma-no-petrolao-ela-esta-limpa-diz-cardozo\/\" \/>\n<meta property=\"og:site_name\" content=\"Notibras\" \/>\n<meta property=\"article:publisher\" content=\"https:\/\/www.facebook.com\/notibras\/\" \/>\n<meta property=\"article:published_time\" content=\"2015-02-10T14:50:14+00:00\" \/>\n<meta property=\"article:modified_time\" content=\"2015-02-10T19:30:40+00:00\" \/>\n<meta property=\"og:image\" content=\"https:\/\/www.notibras.com\/site\/wp-content\/uploads\/2015\/02\/aloysio_cardozo_aecio_josecruz_abr.jpg\" \/>\n\t<meta property=\"og:image:width\" content=\"285\" \/>\n\t<meta property=\"og:image:height\" content=\"270\" \/>\n\t<meta property=\"og:image:type\" content=\"image\/jpeg\" \/>\n<meta name=\"author\" content=\"Reda\u00e7\u00e3o\" \/>\n<meta name=\"twitter:card\" content=\"summary_large_image\" \/>\n<meta name=\"twitter:creator\" content=\"@Notibras\" \/>\n<meta name=\"twitter:site\" content=\"@Notibras\" \/>\n<meta name=\"twitter:label1\" content=\"Escrito por\" \/>\n\t<meta name=\"twitter:data1\" content=\"Reda\u00e7\u00e3o\" \/>\n\t<meta name=\"twitter:label2\" content=\"Est. tempo de leitura\" \/>\n\t<meta name=\"twitter:data2\" content=\"2 minutos\" \/>\n<script type=\"application\/ld+json\" class=\"yoast-schema-graph\">{\"@context\":\"https:\/\/schema.org\",\"@graph\":[{\"@type\":\"Article\",\"@id\":\"https:\/\/www.notibras.com\/site\/ninguem-vai-envolver-dilma-no-petrolao-ela-esta-limpa-diz-cardozo\/#article\",\"isPartOf\":{\"@id\":\"https:\/\/www.notibras.com\/site\/ninguem-vai-envolver-dilma-no-petrolao-ela-esta-limpa-diz-cardozo\/\"},\"author\":{\"name\":\"Reda\u00e7\u00e3o\",\"@id\":\"https:\/\/www.notibras.com\/site\/#\/schema\/person\/36ab0979449956132d3e5b517ea76ac8\"},\"headline\":\"Ningu\u00e9m envolve Dilma no Petrol\u00e3o; ela est\u00e1 limpa, diz Cardozo, ministro da Justi\u00e7a\",\"datePublished\":\"2015-02-10T14:50:14+00:00\",\"dateModified\":\"2015-02-10T19:30:40+00:00\",\"mainEntityOfPage\":{\"@id\":\"https:\/\/www.notibras.com\/site\/ninguem-vai-envolver-dilma-no-petrolao-ela-esta-limpa-diz-cardozo\/\"},\"wordCount\":494,\"commentCount\":0,\"publisher\":{\"@id\":\"https:\/\/www.notibras.com\/site\/#organization\"},\"image\":{\"@id\":\"https:\/\/www.notibras.com\/site\/ninguem-vai-envolver-dilma-no-petrolao-ela-esta-limpa-diz-cardozo\/#primaryimage\"},\"thumbnailUrl\":\"https:\/\/www.notibras.com\/site\/wp-content\/uploads\/2015\/02\/aloysio_cardozo_aecio_josecruz_abr.jpg\",\"articleSection\":[\"Brasil\"],\"inLanguage\":\"pt-BR\",\"potentialAction\":[{\"@type\":\"CommentAction\",\"name\":\"Comment\",\"target\":[\"https:\/\/www.notibras.com\/site\/ninguem-vai-envolver-dilma-no-petrolao-ela-esta-limpa-diz-cardozo\/#respond\"]}]},{\"@type\":\"WebPage\",\"@id\":\"https:\/\/www.notibras.com\/site\/ninguem-vai-envolver-dilma-no-petrolao-ela-esta-limpa-diz-cardozo\/\",\"url\":\"https:\/\/www.notibras.com\/site\/ninguem-vai-envolver-dilma-no-petrolao-ela-esta-limpa-diz-cardozo\/\",\"name\":\"Ningu\u00e9m envolve Dilma no Petrol\u00e3o; ela est\u00e1 limpa, diz Cardozo, ministro da Justi\u00e7a - Notibras\",\"isPartOf\":{\"@id\":\"https:\/\/www.notibras.com\/site\/#website\"},\"primaryImageOfPage\":{\"@id\":\"https:\/\/www.notibras.com\/site\/ninguem-vai-envolver-dilma-no-petrolao-ela-esta-limpa-diz-cardozo\/#primaryimage\"},\"image\":{\"@id\":\"https:\/\/www.notibras.com\/site\/ninguem-vai-envolver-dilma-no-petrolao-ela-esta-limpa-diz-cardozo\/#primaryimage\"},\"thumbnailUrl\":\"https:\/\/www.notibras.com\/site\/wp-content\/uploads\/2015\/02\/aloysio_cardozo_aecio_josecruz_abr.jpg\",\"datePublished\":\"2015-02-10T14:50:14+00:00\",\"dateModified\":\"2015-02-10T19:30:40+00:00\",\"breadcrumb\":{\"@id\":\"https:\/\/www.notibras.com\/site\/ninguem-vai-envolver-dilma-no-petrolao-ela-esta-limpa-diz-cardozo\/#breadcrumb\"},\"inLanguage\":\"pt-BR\",\"potentialAction\":[{\"@type\":\"ReadAction\",\"target\":[\"https:\/\/www.notibras.com\/site\/ninguem-vai-envolver-dilma-no-petrolao-ela-esta-limpa-diz-cardozo\/\"]}]},{\"@type\":\"ImageObject\",\"inLanguage\":\"pt-BR\",\"@id\":\"https:\/\/www.notibras.com\/site\/ninguem-vai-envolver-dilma-no-petrolao-ela-esta-limpa-diz-cardozo\/#primaryimage\",\"url\":\"https:\/\/www.notibras.com\/site\/wp-content\/uploads\/2015\/02\/aloysio_cardozo_aecio_josecruz_abr.jpg\",\"contentUrl\":\"https:\/\/www.notibras.com\/site\/wp-content\/uploads\/2015\/02\/aloysio_cardozo_aecio_josecruz_abr.jpg\",\"width\":285,\"height\":270},{\"@type\":\"BreadcrumbList\",\"@id\":\"https:\/\/www.notibras.com\/site\/ninguem-vai-envolver-dilma-no-petrolao-ela-esta-limpa-diz-cardozo\/#breadcrumb\",\"itemListElement\":[{\"@type\":\"ListItem\",\"position\":1,\"name\":\"In\u00edcio\",\"item\":\"https:\/\/www.notibras.com\/site\/\"},{\"@type\":\"ListItem\",\"position\":2,\"name\":\"Ningu\u00e9m envolve Dilma no Petrol\u00e3o; ela est\u00e1 limpa, diz Cardozo, ministro da Justi\u00e7a\"}]},{\"@type\":\"WebSite\",\"@id\":\"https:\/\/www.notibras.com\/site\/#website\",\"url\":\"https:\/\/www.notibras.com\/site\/\",\"name\":\"Notibras\",\"description\":\"Not\u00edcias de Bras\u00edlia, do Brasil e do Mundo\",\"publisher\":{\"@id\":\"https:\/\/www.notibras.com\/site\/#organization\"},\"potentialAction\":[{\"@type\":\"SearchAction\",\"target\":{\"@type\":\"EntryPoint\",\"urlTemplate\":\"https:\/\/www.notibras.com\/site\/?s={search_term_string}\"},\"query-input\":{\"@type\":\"PropertyValueSpecification\",\"valueRequired\":true,\"valueName\":\"search_term_string\"}}],\"inLanguage\":\"pt-BR\"},{\"@type\":\"Organization\",\"@id\":\"https:\/\/www.notibras.com\/site\/#organization\",\"name\":\"Grupo Notibras de Comunica\u00e7\u00e3o\",\"url\":\"https:\/\/www.notibras.com\/site\/\",\"logo\":{\"@type\":\"ImageObject\",\"inLanguage\":\"pt-BR\",\"@id\":\"https:\/\/www.notibras.com\/site\/#\/schema\/logo\/image\/\",\"url\":\"https:\/\/www.notibras.com\/site\/wp-content\/uploads\/2023\/01\/notibras23.png\",\"contentUrl\":\"https:\/\/www.notibras.com\/site\/wp-content\/uploads\/2023\/01\/notibras23.png\",\"width\":350,\"height\":87,\"caption\":\"Grupo Notibras de Comunica\u00e7\u00e3o\"},\"image\":{\"@id\":\"https:\/\/www.notibras.com\/site\/#\/schema\/logo\/image\/\"},\"sameAs\":[\"https:\/\/www.facebook.com\/notibras\/\",\"https:\/\/x.com\/Notibras\",\"https:\/\/www.instagram.com\/notibras\/\"]},{\"@type\":\"Person\",\"@id\":\"https:\/\/www.notibras.com\/site\/#\/schema\/person\/36ab0979449956132d3e5b517ea76ac8\",\"name\":\"Reda\u00e7\u00e3o\",\"image\":{\"@type\":\"ImageObject\",\"inLanguage\":\"pt-BR\",\"@id\":\"https:\/\/secure.gravatar.com\/avatar\/e0a867bdedb85fd243eadf09663511f96fc81e0720a4a42581f334ad4303aa6b?s=96&d=mm&r=g\",\"url\":\"https:\/\/secure.gravatar.com\/avatar\/e0a867bdedb85fd243eadf09663511f96fc81e0720a4a42581f334ad4303aa6b?s=96&d=mm&r=g\",\"contentUrl\":\"https:\/\/secure.gravatar.com\/avatar\/e0a867bdedb85fd243eadf09663511f96fc81e0720a4a42581f334ad4303aa6b?s=96&d=mm&r=g\",\"caption\":\"Reda\u00e7\u00e3o\"}}]}<\/script>\n<!-- \/ Yoast SEO plugin. -->","yoast_head_json":{"title":"Ningu\u00e9m envolve Dilma no Petrol\u00e3o; ela est\u00e1 limpa, diz Cardozo, ministro da Justi\u00e7a - Notibras","robots":{"index":"index","follow":"follow","max-snippet":"max-snippet:-1","max-image-preview":"max-image-preview:large","max-video-preview":"max-video-preview:-1"},"canonical":"https:\/\/www.notibras.com\/site\/ninguem-vai-envolver-dilma-no-petrolao-ela-esta-limpa-diz-cardozo\/","og_locale":"pt_BR","og_type":"article","og_title":"Ningu\u00e9m envolve Dilma no Petrol\u00e3o; ela est\u00e1 limpa, diz Cardozo, ministro da Justi\u00e7a - Notibras","og_description":"O ministro da Justi\u00e7a, Jos\u00e9 Eduardo Cardozo, saiu em defesa da presidente Dilma Rousseff e afastou qualquer ind\u00edcio de envolvimento dela, ainda de que maneira n\u00e3o intencional, com as irregularidades apontadas pela Opera\u00e7\u00e3o Lava Jato na Petrobras. Segundo Cardozo, o governo tem \u201ccoragem pol\u00edtica para enfrentar a corrup\u00e7\u00e3o\u201d e est\u00e1 trazendo \u00e0 tona fraudes que [&hellip;]","og_url":"https:\/\/www.notibras.com\/site\/ninguem-vai-envolver-dilma-no-petrolao-ela-esta-limpa-diz-cardozo\/","og_site_name":"Notibras","article_publisher":"https:\/\/www.facebook.com\/notibras\/","article_published_time":"2015-02-10T14:50:14+00:00","article_modified_time":"2015-02-10T19:30:40+00:00","og_image":[{"width":285,"height":270,"url":"https:\/\/www.notibras.com\/site\/wp-content\/uploads\/2015\/02\/aloysio_cardozo_aecio_josecruz_abr.jpg","type":"image\/jpeg"}],"author":"Reda\u00e7\u00e3o","twitter_card":"summary_large_image","twitter_creator":"@Notibras","twitter_site":"@Notibras","twitter_misc":{"Escrito por":"Reda\u00e7\u00e3o","Est. tempo de leitura":"2 minutos"},"schema":{"@context":"https:\/\/schema.org","@graph":[{"@type":"Article","@id":"https:\/\/www.notibras.com\/site\/ninguem-vai-envolver-dilma-no-petrolao-ela-esta-limpa-diz-cardozo\/#article","isPartOf":{"@id":"https:\/\/www.notibras.com\/site\/ninguem-vai-envolver-dilma-no-petrolao-ela-esta-limpa-diz-cardozo\/"},"author":{"name":"Reda\u00e7\u00e3o","@id":"https:\/\/www.notibras.com\/site\/#\/schema\/person\/36ab0979449956132d3e5b517ea76ac8"},"headline":"Ningu\u00e9m envolve Dilma no Petrol\u00e3o; ela est\u00e1 limpa, diz Cardozo, ministro da Justi\u00e7a","datePublished":"2015-02-10T14:50:14+00:00","dateModified":"2015-02-10T19:30:40+00:00","mainEntityOfPage":{"@id":"https:\/\/www.notibras.com\/site\/ninguem-vai-envolver-dilma-no-petrolao-ela-esta-limpa-diz-cardozo\/"},"wordCount":494,"commentCount":0,"publisher":{"@id":"https:\/\/www.notibras.com\/site\/#organization"},"image":{"@id":"https:\/\/www.notibras.com\/site\/ninguem-vai-envolver-dilma-no-petrolao-ela-esta-limpa-diz-cardozo\/#primaryimage"},"thumbnailUrl":"https:\/\/www.notibras.com\/site\/wp-content\/uploads\/2015\/02\/aloysio_cardozo_aecio_josecruz_abr.jpg","articleSection":["Brasil"],"inLanguage":"pt-BR","potentialAction":[{"@type":"CommentAction","name":"Comment","target":["https:\/\/www.notibras.com\/site\/ninguem-vai-envolver-dilma-no-petrolao-ela-esta-limpa-diz-cardozo\/#respond"]}]},{"@type":"WebPage","@id":"https:\/\/www.notibras.com\/site\/ninguem-vai-envolver-dilma-no-petrolao-ela-esta-limpa-diz-cardozo\/","url":"https:\/\/www.notibras.com\/site\/ninguem-vai-envolver-dilma-no-petrolao-ela-esta-limpa-diz-cardozo\/","name":"Ningu\u00e9m envolve Dilma no Petrol\u00e3o; ela est\u00e1 limpa, diz Cardozo, ministro da Justi\u00e7a - Notibras","isPartOf":{"@id":"https:\/\/www.notibras.com\/site\/#website"},"primaryImageOfPage":{"@id":"https:\/\/www.notibras.com\/site\/ninguem-vai-envolver-dilma-no-petrolao-ela-esta-limpa-diz-cardozo\/#primaryimage"},"image":{"@id":"https:\/\/www.notibras.com\/site\/ninguem-vai-envolver-dilma-no-petrolao-ela-esta-limpa-diz-cardozo\/#primaryimage"},"thumbnailUrl":"https:\/\/www.notibras.com\/site\/wp-content\/uploads\/2015\/02\/aloysio_cardozo_aecio_josecruz_abr.jpg","datePublished":"2015-02-10T14:50:14+00:00","dateModified":"2015-02-10T19:30:40+00:00","breadcrumb":{"@id":"https:\/\/www.notibras.com\/site\/ninguem-vai-envolver-dilma-no-petrolao-ela-esta-limpa-diz-cardozo\/#breadcrumb"},"inLanguage":"pt-BR","potentialAction":[{"@type":"ReadAction","target":["https:\/\/www.notibras.com\/site\/ninguem-vai-envolver-dilma-no-petrolao-ela-esta-limpa-diz-cardozo\/"]}]},{"@type":"ImageObject","inLanguage":"pt-BR","@id":"https:\/\/www.notibras.com\/site\/ninguem-vai-envolver-dilma-no-petrolao-ela-esta-limpa-diz-cardozo\/#primaryimage","url":"https:\/\/www.notibras.com\/site\/wp-content\/uploads\/2015\/02\/aloysio_cardozo_aecio_josecruz_abr.jpg","contentUrl":"https:\/\/www.notibras.com\/site\/wp-content\/uploads\/2015\/02\/aloysio_cardozo_aecio_josecruz_abr.jpg","width":285,"height":270},{"@type":"BreadcrumbList","@id":"https:\/\/www.notibras.com\/site\/ninguem-vai-envolver-dilma-no-petrolao-ela-esta-limpa-diz-cardozo\/#breadcrumb","itemListElement":[{"@type":"ListItem","position":1,"name":"In\u00edcio","item":"https:\/\/www.notibras.com\/site\/"},{"@type":"ListItem","position":2,"name":"Ningu\u00e9m envolve Dilma no Petrol\u00e3o; ela est\u00e1 limpa, diz Cardozo, ministro da Justi\u00e7a"}]},{"@type":"WebSite","@id":"https:\/\/www.notibras.com\/site\/#website","url":"https:\/\/www.notibras.com\/site\/","name":"Notibras","description":"Not\u00edcias de Bras\u00edlia, do Brasil e do Mundo","publisher":{"@id":"https:\/\/www.notibras.com\/site\/#organization"},"potentialAction":[{"@type":"SearchAction","target":{"@type":"EntryPoint","urlTemplate":"https:\/\/www.notibras.com\/site\/?s={search_term_string}"},"query-input":{"@type":"PropertyValueSpecification","valueRequired":true,"valueName":"search_term_string"}}],"inLanguage":"pt-BR"},{"@type":"Organization","@id":"https:\/\/www.notibras.com\/site\/#organization","name":"Grupo Notibras de Comunica\u00e7\u00e3o","url":"https:\/\/www.notibras.com\/site\/","logo":{"@type":"ImageObject","inLanguage":"pt-BR","@id":"https:\/\/www.notibras.com\/site\/#\/schema\/logo\/image\/","url":"https:\/\/www.notibras.com\/site\/wp-content\/uploads\/2023\/01\/notibras23.png","contentUrl":"https:\/\/www.notibras.com\/site\/wp-content\/uploads\/2023\/01\/notibras23.png","width":350,"height":87,"caption":"Grupo Notibras de Comunica\u00e7\u00e3o"},"image":{"@id":"https:\/\/www.notibras.com\/site\/#\/schema\/logo\/image\/"},"sameAs":["https:\/\/www.facebook.com\/notibras\/","https:\/\/x.com\/Notibras","https:\/\/www.instagram.com\/notibras\/"]},{"@type":"Person","@id":"https:\/\/www.notibras.com\/site\/#\/schema\/person\/36ab0979449956132d3e5b517ea76ac8","name":"Reda\u00e7\u00e3o","image":{"@type":"ImageObject","inLanguage":"pt-BR","@id":"https:\/\/secure.gravatar.com\/avatar\/e0a867bdedb85fd243eadf09663511f96fc81e0720a4a42581f334ad4303aa6b?s=96&d=mm&r=g","url":"https:\/\/secure.gravatar.com\/avatar\/e0a867bdedb85fd243eadf09663511f96fc81e0720a4a42581f334ad4303aa6b?s=96&d=mm&r=g","contentUrl":"https:\/\/secure.gravatar.com\/avatar\/e0a867bdedb85fd243eadf09663511f96fc81e0720a4a42581f334ad4303aa6b?s=96&d=mm&r=g","caption":"Reda\u00e7\u00e3o"}}]}},"amp_enabled":true,"_links":{"self":[{"href":"https:\/\/www.notibras.com\/site\/wp-json\/wp\/v2\/posts\/36596","targetHints":{"allow":["GET"]}}],"collection":[{"href":"https:\/\/www.notibras.com\/site\/wp-json\/wp\/v2\/posts"}],"about":[{"href":"https:\/\/www.notibras.com\/site\/wp-json\/wp\/v2\/types\/post"}],"author":[{"embeddable":true,"href":"https:\/\/www.notibras.com\/site\/wp-json\/wp\/v2\/users\/2"}],"replies":[{"embeddable":true,"href":"https:\/\/www.notibras.com\/site\/wp-json\/wp\/v2\/comments?post=36596"}],"version-history":[{"count":0,"href":"https:\/\/www.notibras.com\/site\/wp-json\/wp\/v2\/posts\/36596\/revisions"}],"wp:featuredmedia":[{"embeddable":true,"href":"https:\/\/www.notibras.com\/site\/wp-json\/wp\/v2\/media\/36597"}],"wp:attachment":[{"href":"https:\/\/www.notibras.com\/site\/wp-json\/wp\/v2\/media?parent=36596"}],"wp:term":[{"taxonomy":"category","embeddable":true,"href":"https:\/\/www.notibras.com\/site\/wp-json\/wp\/v2\/categories?post=36596"},{"taxonomy":"post_tag","embeddable":true,"href":"https:\/\/www.notibras.com\/site\/wp-json\/wp\/v2\/tags?post=36596"}],"curies":[{"name":"wp","href":"https:\/\/api.w.org\/{rel}","templated":true}]}}