{"id":366064,"date":"2025-10-02T06:39:58","date_gmt":"2025-10-02T09:39:58","guid":{"rendered":"https:\/\/www.notibras.com\/site\/?p=366064"},"modified":"2025-10-02T06:59:29","modified_gmt":"2025-10-02T09:59:29","slug":"nao-e-preciso-acreditar-para-saber-que-eles-estao-por-perto","status":"publish","type":"post","link":"https:\/\/www.notibras.com\/site\/nao-e-preciso-acreditar-para-saber-que-eles-estao-por-perto\/","title":{"rendered":"&#8216;N\u00e3o \u00e9 preciso acreditar para saber que eles est\u00e3o por perto&#8217;"},"content":{"rendered":"<p data-start=\"261\" data-end=\"563\">Dizem que n\u00e3o h\u00e1 registros escritos, apenas murm\u00farios que sobrevivem ao vento. Alguns juram que j\u00e1 sentiram sua presen\u00e7a nas madrugadas em que a lua se esconde atr\u00e1s de nuvens pesadas. Outros, mais c\u00e9ticos, afirmam que tudo n\u00e3o passa de inven\u00e7\u00e3o de velhas beatas para assustar crian\u00e7as desobedientes.<\/p>\n<p data-start=\"565\" data-end=\"976\">A <em>Confraria dos Bruxos<\/em> seria uma irmandade secreta, tecida em sombras e sil\u00eancios, formada por homens e mulheres que carregam consigo segredos antigos, herdados de tempos em que a palavra ainda tinha o poder de curvar a realidade. N\u00e3o vivem juntos, n\u00e3o se encontram em pra\u00e7as p\u00fablicas, mas se reconhecem pelo olhar, por um gesto discreto, pela entona\u00e7\u00e3o de uma prece que nunca aparece nos livros sagrados.<\/p>\n<p data-start=\"978\" data-end=\"1327\">Reza a lenda que, a cada mudan\u00e7a de esta\u00e7\u00e3o, eles se re\u00fanem em algum ponto esquecido do mundo \u2013 uma clareira enluarada, uma igreja em ru\u00ednas, um castelo abandonado \u2013 para partilhar saberes e reafirmar o pacto de sil\u00eancio. Nesses encontros, n\u00e3o h\u00e1 risos, apenas o sussurro de f\u00f3rmulas, o tilintar de c\u00e1lices e o cheiro adocicado de ervas queimando.<\/p>\n<p data-start=\"1329\" data-end=\"1529\">Ningu\u00e9m sabe se \u00e9 verdade, mas o certo \u00e9 que, em vilarejos distantes, quando o leite azeda sem motivo ou quando uma colheita floresce al\u00e9m do esperado, sempre se comenta: <em data-start=\"1500\" data-end=\"1526\">\u201cfoi a m\u00e3o da Confraria\u201d<\/em>.<\/p>\n<p data-start=\"1531\" data-end=\"1776\">Talvez seja apenas mito. Talvez seja s\u00f3 a imagina\u00e7\u00e3o humana, sedenta de mist\u00e9rio, inventando hist\u00f3rias para n\u00e3o admitir que o mundo \u00e9 frio e previs\u00edvel. Mas quem ousa duvidar completamente, quando a noite cai e os ventos assobiam nos telhados?<\/p>\n<p data-start=\"1778\" data-end=\"1895\">Afinal, como j\u00e1 disse um velho cronista, <em data-start=\"1819\" data-end=\"1893\">n\u00e3o \u00e9 preciso acreditar nos bruxos para sentir que eles est\u00e3o por perto.<\/em><\/p>\n<p data-start=\"1778\" data-end=\"1895\">&#8230;&#8230;&#8230;&#8230;&#8230;&#8230;.<\/p>\n<p data-start=\"1778\" data-end=\"1895\"><strong>Anabelle Santa&#8217;cruz \u00e9 Editora de Or\u00e1culos<\/strong><\/p>\n","protected":false},"excerpt":{"rendered":"<p>Dizem que n\u00e3o h\u00e1 registros escritos, apenas murm\u00farios que sobrevivem ao vento. Alguns juram que j\u00e1 sentiram sua presen\u00e7a nas madrugadas em que a lua se esconde atr\u00e1s de nuvens pesadas. Outros, mais c\u00e9ticos, afirmam que tudo n\u00e3o passa de inven\u00e7\u00e3o de velhas beatas para assustar crian\u00e7as desobedientes. A Confraria dos Bruxos seria uma irmandade [&hellip;]<\/p>\n","protected":false},"author":2,"featured_media":366066,"comment_status":"closed","ping_status":"closed","sticky":false,"template":"","format":"standard","meta":{"_acf_changed":false,"footnotes":""},"categories":[237],"tags":[],"class_list":["post-366064","post","type-post","status-publish","format-standard","has-post-thumbnail","hentry","category-oraculos"],"acf":[],"yoast_head":"<!-- This site is optimized with the Yoast SEO plugin v27.2 - https:\/\/yoast.com\/product\/yoast-seo-wordpress\/ -->\n<title>&#039;N\u00e3o \u00e9 preciso acreditar para saber que eles est\u00e3o por perto&#039; - Notibras<\/title>\n<meta name=\"robots\" content=\"index, follow, max-snippet:-1, max-image-preview:large, max-video-preview:-1\" \/>\n<link rel=\"canonical\" href=\"https:\/\/www.notibras.com\/site\/nao-e-preciso-acreditar-para-saber-que-eles-estao-por-perto\/\" \/>\n<meta property=\"og:locale\" content=\"pt_BR\" \/>\n<meta property=\"og:type\" content=\"article\" \/>\n<meta property=\"og:title\" content=\"&#039;N\u00e3o \u00e9 preciso acreditar para saber que eles est\u00e3o por perto&#039; - Notibras\" \/>\n<meta property=\"og:description\" content=\"Dizem que n\u00e3o h\u00e1 registros escritos, apenas murm\u00farios que sobrevivem ao vento. Alguns juram que j\u00e1 sentiram sua presen\u00e7a nas madrugadas em que a lua se esconde atr\u00e1s de nuvens pesadas. Outros, mais c\u00e9ticos, afirmam que tudo n\u00e3o passa de inven\u00e7\u00e3o de velhas beatas para assustar crian\u00e7as desobedientes. A Confraria dos Bruxos seria uma irmandade [&hellip;]\" \/>\n<meta property=\"og:url\" content=\"https:\/\/www.notibras.com\/site\/nao-e-preciso-acreditar-para-saber-que-eles-estao-por-perto\/\" \/>\n<meta property=\"og:site_name\" content=\"Notibras\" \/>\n<meta property=\"article:publisher\" content=\"https:\/\/www.facebook.com\/notibras\/\" \/>\n<meta property=\"article:published_time\" content=\"2025-10-02T09:39:58+00:00\" \/>\n<meta property=\"article:modified_time\" content=\"2025-10-02T09:59:29+00:00\" \/>\n<meta property=\"og:image\" content=\"https:\/\/www.notibras.com\/site\/wp-content\/uploads\/2025\/10\/fc265a0b-823d-410e-8028-fb96bf3722b3-1024x683.png\" \/>\n\t<meta property=\"og:image:width\" content=\"1024\" \/>\n\t<meta property=\"og:image:height\" content=\"683\" \/>\n\t<meta property=\"og:image:type\" content=\"image\/png\" \/>\n<meta name=\"author\" content=\"Reda\u00e7\u00e3o\" \/>\n<meta name=\"twitter:card\" content=\"summary_large_image\" \/>\n<meta name=\"twitter:creator\" content=\"@Notibras\" \/>\n<meta name=\"twitter:site\" content=\"@Notibras\" \/>\n<meta name=\"twitter:label1\" content=\"Escrito por\" \/>\n\t<meta name=\"twitter:data1\" content=\"Reda\u00e7\u00e3o\" \/>\n\t<meta name=\"twitter:label2\" content=\"Est. tempo de leitura\" \/>\n\t<meta name=\"twitter:data2\" content=\"2 minutos\" \/>\n<script type=\"application\/ld+json\" class=\"yoast-schema-graph\">{\"@context\":\"https:\/\/schema.org\",\"@graph\":[{\"@type\":\"Article\",\"@id\":\"https:\/\/www.notibras.com\/site\/nao-e-preciso-acreditar-para-saber-que-eles-estao-por-perto\/#article\",\"isPartOf\":{\"@id\":\"https:\/\/www.notibras.com\/site\/nao-e-preciso-acreditar-para-saber-que-eles-estao-por-perto\/\"},\"author\":{\"name\":\"Reda\u00e7\u00e3o\",\"@id\":\"https:\/\/www.notibras.com\/site\/#\/schema\/person\/36ab0979449956132d3e5b517ea76ac8\"},\"headline\":\"&#8216;N\u00e3o \u00e9 preciso acreditar para saber que eles est\u00e3o por perto&#8217;\",\"datePublished\":\"2025-10-02T09:39:58+00:00\",\"dateModified\":\"2025-10-02T09:59:29+00:00\",\"mainEntityOfPage\":{\"@id\":\"https:\/\/www.notibras.com\/site\/nao-e-preciso-acreditar-para-saber-que-eles-estao-por-perto\/\"},\"wordCount\":314,\"publisher\":{\"@id\":\"https:\/\/www.notibras.com\/site\/#organization\"},\"image\":{\"@id\":\"https:\/\/www.notibras.com\/site\/nao-e-preciso-acreditar-para-saber-que-eles-estao-por-perto\/#primaryimage\"},\"thumbnailUrl\":\"https:\/\/www.notibras.com\/site\/wp-content\/uploads\/2025\/10\/fc265a0b-823d-410e-8028-fb96bf3722b3.png\",\"articleSection\":[\"Or\u00e1culos\"],\"inLanguage\":\"pt-BR\"},{\"@type\":\"WebPage\",\"@id\":\"https:\/\/www.notibras.com\/site\/nao-e-preciso-acreditar-para-saber-que-eles-estao-por-perto\/\",\"url\":\"https:\/\/www.notibras.com\/site\/nao-e-preciso-acreditar-para-saber-que-eles-estao-por-perto\/\",\"name\":\"'N\u00e3o \u00e9 preciso acreditar para saber que eles est\u00e3o por perto' - Notibras\",\"isPartOf\":{\"@id\":\"https:\/\/www.notibras.com\/site\/#website\"},\"primaryImageOfPage\":{\"@id\":\"https:\/\/www.notibras.com\/site\/nao-e-preciso-acreditar-para-saber-que-eles-estao-por-perto\/#primaryimage\"},\"image\":{\"@id\":\"https:\/\/www.notibras.com\/site\/nao-e-preciso-acreditar-para-saber-que-eles-estao-por-perto\/#primaryimage\"},\"thumbnailUrl\":\"https:\/\/www.notibras.com\/site\/wp-content\/uploads\/2025\/10\/fc265a0b-823d-410e-8028-fb96bf3722b3.png\",\"datePublished\":\"2025-10-02T09:39:58+00:00\",\"dateModified\":\"2025-10-02T09:59:29+00:00\",\"breadcrumb\":{\"@id\":\"https:\/\/www.notibras.com\/site\/nao-e-preciso-acreditar-para-saber-que-eles-estao-por-perto\/#breadcrumb\"},\"inLanguage\":\"pt-BR\",\"potentialAction\":[{\"@type\":\"ReadAction\",\"target\":[\"https:\/\/www.notibras.com\/site\/nao-e-preciso-acreditar-para-saber-que-eles-estao-por-perto\/\"]}]},{\"@type\":\"ImageObject\",\"inLanguage\":\"pt-BR\",\"@id\":\"https:\/\/www.notibras.com\/site\/nao-e-preciso-acreditar-para-saber-que-eles-estao-por-perto\/#primaryimage\",\"url\":\"https:\/\/www.notibras.com\/site\/wp-content\/uploads\/2025\/10\/fc265a0b-823d-410e-8028-fb96bf3722b3.png\",\"contentUrl\":\"https:\/\/www.notibras.com\/site\/wp-content\/uploads\/2025\/10\/fc265a0b-823d-410e-8028-fb96bf3722b3.png\",\"width\":1536,\"height\":1024},{\"@type\":\"BreadcrumbList\",\"@id\":\"https:\/\/www.notibras.com\/site\/nao-e-preciso-acreditar-para-saber-que-eles-estao-por-perto\/#breadcrumb\",\"itemListElement\":[{\"@type\":\"ListItem\",\"position\":1,\"name\":\"In\u00edcio\",\"item\":\"https:\/\/www.notibras.com\/site\/\"},{\"@type\":\"ListItem\",\"position\":2,\"name\":\"&#8216;N\u00e3o \u00e9 preciso acreditar para saber que eles est\u00e3o por perto&#8217;\"}]},{\"@type\":\"WebSite\",\"@id\":\"https:\/\/www.notibras.com\/site\/#website\",\"url\":\"https:\/\/www.notibras.com\/site\/\",\"name\":\"Notibras\",\"description\":\"Not\u00edcias de Bras\u00edlia, do Brasil e do Mundo\",\"publisher\":{\"@id\":\"https:\/\/www.notibras.com\/site\/#organization\"},\"potentialAction\":[{\"@type\":\"SearchAction\",\"target\":{\"@type\":\"EntryPoint\",\"urlTemplate\":\"https:\/\/www.notibras.com\/site\/?s={search_term_string}\"},\"query-input\":{\"@type\":\"PropertyValueSpecification\",\"valueRequired\":true,\"valueName\":\"search_term_string\"}}],\"inLanguage\":\"pt-BR\"},{\"@type\":\"Organization\",\"@id\":\"https:\/\/www.notibras.com\/site\/#organization\",\"name\":\"Grupo Notibras de Comunica\u00e7\u00e3o\",\"url\":\"https:\/\/www.notibras.com\/site\/\",\"logo\":{\"@type\":\"ImageObject\",\"inLanguage\":\"pt-BR\",\"@id\":\"https:\/\/www.notibras.com\/site\/#\/schema\/logo\/image\/\",\"url\":\"https:\/\/www.notibras.com\/site\/wp-content\/uploads\/2023\/01\/notibras23.png\",\"contentUrl\":\"https:\/\/www.notibras.com\/site\/wp-content\/uploads\/2023\/01\/notibras23.png\",\"width\":350,\"height\":87,\"caption\":\"Grupo Notibras de Comunica\u00e7\u00e3o\"},\"image\":{\"@id\":\"https:\/\/www.notibras.com\/site\/#\/schema\/logo\/image\/\"},\"sameAs\":[\"https:\/\/www.facebook.com\/notibras\/\",\"https:\/\/x.com\/Notibras\",\"https:\/\/www.instagram.com\/notibras\/\"]},{\"@type\":\"Person\",\"@id\":\"https:\/\/www.notibras.com\/site\/#\/schema\/person\/36ab0979449956132d3e5b517ea76ac8\",\"name\":\"Reda\u00e7\u00e3o\",\"image\":{\"@type\":\"ImageObject\",\"inLanguage\":\"pt-BR\",\"@id\":\"https:\/\/secure.gravatar.com\/avatar\/e0a867bdedb85fd243eadf09663511f96fc81e0720a4a42581f334ad4303aa6b?s=96&d=mm&r=g\",\"url\":\"https:\/\/secure.gravatar.com\/avatar\/e0a867bdedb85fd243eadf09663511f96fc81e0720a4a42581f334ad4303aa6b?s=96&d=mm&r=g\",\"contentUrl\":\"https:\/\/secure.gravatar.com\/avatar\/e0a867bdedb85fd243eadf09663511f96fc81e0720a4a42581f334ad4303aa6b?s=96&d=mm&r=g\",\"caption\":\"Reda\u00e7\u00e3o\"}}]}<\/script>\n<!-- \/ Yoast SEO plugin. -->","yoast_head_json":{"title":"'N\u00e3o \u00e9 preciso acreditar para saber que eles est\u00e3o por perto' - Notibras","robots":{"index":"index","follow":"follow","max-snippet":"max-snippet:-1","max-image-preview":"max-image-preview:large","max-video-preview":"max-video-preview:-1"},"canonical":"https:\/\/www.notibras.com\/site\/nao-e-preciso-acreditar-para-saber-que-eles-estao-por-perto\/","og_locale":"pt_BR","og_type":"article","og_title":"'N\u00e3o \u00e9 preciso acreditar para saber que eles est\u00e3o por perto' - Notibras","og_description":"Dizem que n\u00e3o h\u00e1 registros escritos, apenas murm\u00farios que sobrevivem ao vento. Alguns juram que j\u00e1 sentiram sua presen\u00e7a nas madrugadas em que a lua se esconde atr\u00e1s de nuvens pesadas. Outros, mais c\u00e9ticos, afirmam que tudo n\u00e3o passa de inven\u00e7\u00e3o de velhas beatas para assustar crian\u00e7as desobedientes. A Confraria dos Bruxos seria uma irmandade [&hellip;]","og_url":"https:\/\/www.notibras.com\/site\/nao-e-preciso-acreditar-para-saber-que-eles-estao-por-perto\/","og_site_name":"Notibras","article_publisher":"https:\/\/www.facebook.com\/notibras\/","article_published_time":"2025-10-02T09:39:58+00:00","article_modified_time":"2025-10-02T09:59:29+00:00","og_image":[{"width":1024,"height":683,"url":"https:\/\/www.notibras.com\/site\/wp-content\/uploads\/2025\/10\/fc265a0b-823d-410e-8028-fb96bf3722b3-1024x683.png","type":"image\/png"}],"author":"Reda\u00e7\u00e3o","twitter_card":"summary_large_image","twitter_creator":"@Notibras","twitter_site":"@Notibras","twitter_misc":{"Escrito por":"Reda\u00e7\u00e3o","Est. tempo de leitura":"2 minutos"},"schema":{"@context":"https:\/\/schema.org","@graph":[{"@type":"Article","@id":"https:\/\/www.notibras.com\/site\/nao-e-preciso-acreditar-para-saber-que-eles-estao-por-perto\/#article","isPartOf":{"@id":"https:\/\/www.notibras.com\/site\/nao-e-preciso-acreditar-para-saber-que-eles-estao-por-perto\/"},"author":{"name":"Reda\u00e7\u00e3o","@id":"https:\/\/www.notibras.com\/site\/#\/schema\/person\/36ab0979449956132d3e5b517ea76ac8"},"headline":"&#8216;N\u00e3o \u00e9 preciso acreditar para saber que eles est\u00e3o por perto&#8217;","datePublished":"2025-10-02T09:39:58+00:00","dateModified":"2025-10-02T09:59:29+00:00","mainEntityOfPage":{"@id":"https:\/\/www.notibras.com\/site\/nao-e-preciso-acreditar-para-saber-que-eles-estao-por-perto\/"},"wordCount":314,"publisher":{"@id":"https:\/\/www.notibras.com\/site\/#organization"},"image":{"@id":"https:\/\/www.notibras.com\/site\/nao-e-preciso-acreditar-para-saber-que-eles-estao-por-perto\/#primaryimage"},"thumbnailUrl":"https:\/\/www.notibras.com\/site\/wp-content\/uploads\/2025\/10\/fc265a0b-823d-410e-8028-fb96bf3722b3.png","articleSection":["Or\u00e1culos"],"inLanguage":"pt-BR"},{"@type":"WebPage","@id":"https:\/\/www.notibras.com\/site\/nao-e-preciso-acreditar-para-saber-que-eles-estao-por-perto\/","url":"https:\/\/www.notibras.com\/site\/nao-e-preciso-acreditar-para-saber-que-eles-estao-por-perto\/","name":"'N\u00e3o \u00e9 preciso acreditar para saber que eles est\u00e3o por perto' - Notibras","isPartOf":{"@id":"https:\/\/www.notibras.com\/site\/#website"},"primaryImageOfPage":{"@id":"https:\/\/www.notibras.com\/site\/nao-e-preciso-acreditar-para-saber-que-eles-estao-por-perto\/#primaryimage"},"image":{"@id":"https:\/\/www.notibras.com\/site\/nao-e-preciso-acreditar-para-saber-que-eles-estao-por-perto\/#primaryimage"},"thumbnailUrl":"https:\/\/www.notibras.com\/site\/wp-content\/uploads\/2025\/10\/fc265a0b-823d-410e-8028-fb96bf3722b3.png","datePublished":"2025-10-02T09:39:58+00:00","dateModified":"2025-10-02T09:59:29+00:00","breadcrumb":{"@id":"https:\/\/www.notibras.com\/site\/nao-e-preciso-acreditar-para-saber-que-eles-estao-por-perto\/#breadcrumb"},"inLanguage":"pt-BR","potentialAction":[{"@type":"ReadAction","target":["https:\/\/www.notibras.com\/site\/nao-e-preciso-acreditar-para-saber-que-eles-estao-por-perto\/"]}]},{"@type":"ImageObject","inLanguage":"pt-BR","@id":"https:\/\/www.notibras.com\/site\/nao-e-preciso-acreditar-para-saber-que-eles-estao-por-perto\/#primaryimage","url":"https:\/\/www.notibras.com\/site\/wp-content\/uploads\/2025\/10\/fc265a0b-823d-410e-8028-fb96bf3722b3.png","contentUrl":"https:\/\/www.notibras.com\/site\/wp-content\/uploads\/2025\/10\/fc265a0b-823d-410e-8028-fb96bf3722b3.png","width":1536,"height":1024},{"@type":"BreadcrumbList","@id":"https:\/\/www.notibras.com\/site\/nao-e-preciso-acreditar-para-saber-que-eles-estao-por-perto\/#breadcrumb","itemListElement":[{"@type":"ListItem","position":1,"name":"In\u00edcio","item":"https:\/\/www.notibras.com\/site\/"},{"@type":"ListItem","position":2,"name":"&#8216;N\u00e3o \u00e9 preciso acreditar para saber que eles est\u00e3o por perto&#8217;"}]},{"@type":"WebSite","@id":"https:\/\/www.notibras.com\/site\/#website","url":"https:\/\/www.notibras.com\/site\/","name":"Notibras","description":"Not\u00edcias de Bras\u00edlia, do Brasil e do Mundo","publisher":{"@id":"https:\/\/www.notibras.com\/site\/#organization"},"potentialAction":[{"@type":"SearchAction","target":{"@type":"EntryPoint","urlTemplate":"https:\/\/www.notibras.com\/site\/?s={search_term_string}"},"query-input":{"@type":"PropertyValueSpecification","valueRequired":true,"valueName":"search_term_string"}}],"inLanguage":"pt-BR"},{"@type":"Organization","@id":"https:\/\/www.notibras.com\/site\/#organization","name":"Grupo Notibras de Comunica\u00e7\u00e3o","url":"https:\/\/www.notibras.com\/site\/","logo":{"@type":"ImageObject","inLanguage":"pt-BR","@id":"https:\/\/www.notibras.com\/site\/#\/schema\/logo\/image\/","url":"https:\/\/www.notibras.com\/site\/wp-content\/uploads\/2023\/01\/notibras23.png","contentUrl":"https:\/\/www.notibras.com\/site\/wp-content\/uploads\/2023\/01\/notibras23.png","width":350,"height":87,"caption":"Grupo Notibras de Comunica\u00e7\u00e3o"},"image":{"@id":"https:\/\/www.notibras.com\/site\/#\/schema\/logo\/image\/"},"sameAs":["https:\/\/www.facebook.com\/notibras\/","https:\/\/x.com\/Notibras","https:\/\/www.instagram.com\/notibras\/"]},{"@type":"Person","@id":"https:\/\/www.notibras.com\/site\/#\/schema\/person\/36ab0979449956132d3e5b517ea76ac8","name":"Reda\u00e7\u00e3o","image":{"@type":"ImageObject","inLanguage":"pt-BR","@id":"https:\/\/secure.gravatar.com\/avatar\/e0a867bdedb85fd243eadf09663511f96fc81e0720a4a42581f334ad4303aa6b?s=96&d=mm&r=g","url":"https:\/\/secure.gravatar.com\/avatar\/e0a867bdedb85fd243eadf09663511f96fc81e0720a4a42581f334ad4303aa6b?s=96&d=mm&r=g","contentUrl":"https:\/\/secure.gravatar.com\/avatar\/e0a867bdedb85fd243eadf09663511f96fc81e0720a4a42581f334ad4303aa6b?s=96&d=mm&r=g","caption":"Reda\u00e7\u00e3o"}}]}},"amp_enabled":true,"_links":{"self":[{"href":"https:\/\/www.notibras.com\/site\/wp-json\/wp\/v2\/posts\/366064","targetHints":{"allow":["GET"]}}],"collection":[{"href":"https:\/\/www.notibras.com\/site\/wp-json\/wp\/v2\/posts"}],"about":[{"href":"https:\/\/www.notibras.com\/site\/wp-json\/wp\/v2\/types\/post"}],"author":[{"embeddable":true,"href":"https:\/\/www.notibras.com\/site\/wp-json\/wp\/v2\/users\/2"}],"replies":[{"embeddable":true,"href":"https:\/\/www.notibras.com\/site\/wp-json\/wp\/v2\/comments?post=366064"}],"version-history":[{"count":1,"href":"https:\/\/www.notibras.com\/site\/wp-json\/wp\/v2\/posts\/366064\/revisions"}],"predecessor-version":[{"id":366067,"href":"https:\/\/www.notibras.com\/site\/wp-json\/wp\/v2\/posts\/366064\/revisions\/366067"}],"wp:featuredmedia":[{"embeddable":true,"href":"https:\/\/www.notibras.com\/site\/wp-json\/wp\/v2\/media\/366066"}],"wp:attachment":[{"href":"https:\/\/www.notibras.com\/site\/wp-json\/wp\/v2\/media?parent=366064"}],"wp:term":[{"taxonomy":"category","embeddable":true,"href":"https:\/\/www.notibras.com\/site\/wp-json\/wp\/v2\/categories?post=366064"},{"taxonomy":"post_tag","embeddable":true,"href":"https:\/\/www.notibras.com\/site\/wp-json\/wp\/v2\/tags?post=366064"}],"curies":[{"name":"wp","href":"https:\/\/api.w.org\/{rel}","templated":true}]}}