{"id":36631,"date":"2015-02-10T16:51:52","date_gmt":"2015-02-10T19:51:52","guid":{"rendered":"http:\/\/www.notibras.com\/site\/?p=36631"},"modified":"2015-02-10T21:27:14","modified_gmt":"2015-02-11T00:27:14","slug":"bc-perde-o-rumo-dolar-vai-a-283-e-mercado-preve-3-reais-em-junho","status":"publish","type":"post","link":"https:\/\/www.notibras.com\/site\/bc-perde-o-rumo-dolar-vai-a-283-e-mercado-preve-3-reais-em-junho\/","title":{"rendered":"BC perde rumo, d\u00f3lar vai a 2,83 e mercado prev\u00ea 3 reais"},"content":{"rendered":"<p>O d\u00f3lar comercial fechou em alta de 2,12% nesta ter\u00e7a-feira (10), cotado a R$ 2,836 na venda. \u00c9 o maior valor de fechamento desde 1\u00ba de novembro de 2004, quando a moeda valia R$ 2,854. Na v\u00e9spera, a moeda havia fechado praticamente est\u00e1vel. Diante desse quadro, analistas afirmam que o d\u00f3lar pode passar de R$ 3.<\/p>\n<p>No contexto nacional, as crescentes expectativas de estagna\u00e7\u00e3o econ\u00f4mica e infla\u00e7\u00e3o de mais de 7% em 2015 somavam-se \u00e0s preocupa\u00e7\u00f5es com o futuro da Petrobras (PETR4), ap\u00f3s a nomea\u00e7\u00e3o de Aldemir Bendine, ex-presidente do Banco do Brasil (BBAS3), para comandar a estatal.<\/p>\n<p>Investidores temem que a mudan\u00e7a na chefia da petroleira, envolvida em um suposto esquema de corrup\u00e7\u00e3o, n\u00e3o se traduza em melhora operacional em breve.<\/p>\n<blockquote><p>Mais cedo, a Verde Asset Management, um dos maiores fundos de investimento do Brasil, divulgou relat\u00f3rio em que defende que as dificuldades pelas quais a economia brasileira passa ainda n\u00e3o se refletiram completamente no pre\u00e7o do c\u00e2mbio, projetando mais valoriza\u00e7\u00e3o do d\u00f3lar.<\/p><\/blockquote>\n<p>O mercado estava, novamente, preocupado com a possibilidade de a Gr\u00e9cia deixar a zona do euro e com a desacelera\u00e7\u00e3o econ\u00f4mica da China.<\/p>\n<p>As preocupa\u00e7\u00f5es com a China, importante parceiro comercial do Brasil e refer\u00eancia para investidores em mercados emergentes, intensificaram-se ap\u00f3s dados que mostraram que a infla\u00e7\u00e3o ao consumidor chin\u00eas atingiu em janeiro o menor n\u00edvel em cinco anos.<\/p>\n<blockquote><p>Al\u00e9m disso, a instabilidade recente do c\u00e2mbio tende a provocar sa\u00edda de investidores estrangeiros. &#8220;Aquele estrangeiro que entrou aqui para ganhar juros quando o d\u00f3lar estava a R$ 2,65 acabou perdendo dinheiro&#8221;, disse o operador de c\u00e2mbio da corretora Correparti Jo\u00e3o Paulo de Gracia Correa \u00e0 ag\u00eancia de not\u00edcias Reuters.<\/p><\/blockquote>\n<p>O Banco Central manteve seu programa de interven\u00e7\u00f5es no mercado de c\u00e2mbio, mas agora com metade da oferta. Foram vendidos 2.000 contratos de swap cambial tradicional (equivalentes \u00e0 venda futura de d\u00f3lares): 600 com vencimento em 1\u00ba de dezembro deste ano e os outros 1.400 para 1\u00ba de fevereiro do ano que vem.<\/p>\n<p>O BC tamb\u00e9m realizou mais um leil\u00e3o para rolar os contratos de swap que vencem em 2 de mar\u00e7o. Foram vendidos 13 mil: 11.800 com vencimento em 1\u00ba de abril de 2016 e os outros 1.200 para 1\u00ba de junho do ano que vem.<\/p>\n<p>A opera\u00e7\u00e3o movimentou o equivalente US$ 630,5 milh\u00f5es. Ao todo, o BC j\u00e1 rolou o equivalente a US$ 4,419 bilh\u00f5es, ou cerca de 42% do lote total, correspondente a US$ 10,438 bilh\u00f5es.<\/p>\n","protected":false},"excerpt":{"rendered":"<p>O d\u00f3lar comercial fechou em alta de 2,12% nesta ter\u00e7a-feira (10), cotado a R$ 2,836 na venda. \u00c9 o maior valor de fechamento desde 1\u00ba de novembro de 2004, quando a moeda valia R$ 2,854. Na v\u00e9spera, a moeda havia fechado praticamente est\u00e1vel. Diante desse quadro, analistas afirmam que o d\u00f3lar pode passar de R$ [&hellip;]<\/p>\n","protected":false},"author":2,"featured_media":36632,"comment_status":"open","ping_status":"closed","sticky":false,"template":"","format":"standard","meta":{"_acf_changed":false,"footnotes":""},"categories":[16],"tags":[],"class_list":["post-36631","post","type-post","status-publish","format-standard","has-post-thumbnail","hentry","category-brasil"],"acf":[],"yoast_head":"<!-- This site is optimized with the Yoast SEO plugin v27.2 - https:\/\/yoast.com\/product\/yoast-seo-wordpress\/ -->\n<title>BC perde rumo, d\u00f3lar vai a 2,83 e mercado prev\u00ea 3 reais - Notibras<\/title>\n<meta name=\"robots\" content=\"index, follow, max-snippet:-1, max-image-preview:large, max-video-preview:-1\" \/>\n<link rel=\"canonical\" href=\"https:\/\/www.notibras.com\/site\/bc-perde-o-rumo-dolar-vai-a-283-e-mercado-preve-3-reais-em-junho\/\" \/>\n<meta property=\"og:locale\" content=\"pt_BR\" \/>\n<meta property=\"og:type\" content=\"article\" \/>\n<meta property=\"og:title\" content=\"BC perde rumo, d\u00f3lar vai a 2,83 e mercado prev\u00ea 3 reais - Notibras\" \/>\n<meta property=\"og:description\" content=\"O d\u00f3lar comercial fechou em alta de 2,12% nesta ter\u00e7a-feira (10), cotado a R$ 2,836 na venda. \u00c9 o maior valor de fechamento desde 1\u00ba de novembro de 2004, quando a moeda valia R$ 2,854. Na v\u00e9spera, a moeda havia fechado praticamente est\u00e1vel. Diante desse quadro, analistas afirmam que o d\u00f3lar pode passar de R$ [&hellip;]\" \/>\n<meta property=\"og:url\" content=\"https:\/\/www.notibras.com\/site\/bc-perde-o-rumo-dolar-vai-a-283-e-mercado-preve-3-reais-em-junho\/\" \/>\n<meta property=\"og:site_name\" content=\"Notibras\" \/>\n<meta property=\"article:publisher\" content=\"https:\/\/www.facebook.com\/notibras\/\" \/>\n<meta property=\"article:published_time\" content=\"2015-02-10T19:51:52+00:00\" \/>\n<meta property=\"article:modified_time\" content=\"2015-02-11T00:27:14+00:00\" \/>\n<meta property=\"og:image\" content=\"https:\/\/www.notibras.com\/site\/wp-content\/uploads\/2015\/02\/do.jpeg\" \/>\n\t<meta property=\"og:image:width\" content=\"259\" \/>\n\t<meta property=\"og:image:height\" content=\"194\" \/>\n\t<meta property=\"og:image:type\" content=\"image\/jpeg\" \/>\n<meta name=\"author\" content=\"Reda\u00e7\u00e3o\" \/>\n<meta name=\"twitter:card\" content=\"summary_large_image\" \/>\n<meta name=\"twitter:creator\" content=\"@Notibras\" \/>\n<meta name=\"twitter:site\" content=\"@Notibras\" \/>\n<meta name=\"twitter:label1\" content=\"Escrito por\" \/>\n\t<meta name=\"twitter:data1\" content=\"Reda\u00e7\u00e3o\" \/>\n\t<meta name=\"twitter:label2\" content=\"Est. tempo de leitura\" \/>\n\t<meta name=\"twitter:data2\" content=\"2 minutos\" \/>\n<script type=\"application\/ld+json\" class=\"yoast-schema-graph\">{\"@context\":\"https:\/\/schema.org\",\"@graph\":[{\"@type\":\"Article\",\"@id\":\"https:\/\/www.notibras.com\/site\/bc-perde-o-rumo-dolar-vai-a-283-e-mercado-preve-3-reais-em-junho\/#article\",\"isPartOf\":{\"@id\":\"https:\/\/www.notibras.com\/site\/bc-perde-o-rumo-dolar-vai-a-283-e-mercado-preve-3-reais-em-junho\/\"},\"author\":{\"name\":\"Reda\u00e7\u00e3o\",\"@id\":\"https:\/\/www.notibras.com\/site\/#\/schema\/person\/36ab0979449956132d3e5b517ea76ac8\"},\"headline\":\"BC perde rumo, d\u00f3lar vai a 2,83 e mercado prev\u00ea 3 reais\",\"datePublished\":\"2015-02-10T19:51:52+00:00\",\"dateModified\":\"2015-02-11T00:27:14+00:00\",\"mainEntityOfPage\":{\"@id\":\"https:\/\/www.notibras.com\/site\/bc-perde-o-rumo-dolar-vai-a-283-e-mercado-preve-3-reais-em-junho\/\"},\"wordCount\":432,\"commentCount\":0,\"publisher\":{\"@id\":\"https:\/\/www.notibras.com\/site\/#organization\"},\"image\":{\"@id\":\"https:\/\/www.notibras.com\/site\/bc-perde-o-rumo-dolar-vai-a-283-e-mercado-preve-3-reais-em-junho\/#primaryimage\"},\"thumbnailUrl\":\"https:\/\/www.notibras.com\/site\/wp-content\/uploads\/2015\/02\/do.jpeg\",\"articleSection\":[\"Brasil\"],\"inLanguage\":\"pt-BR\",\"potentialAction\":[{\"@type\":\"CommentAction\",\"name\":\"Comment\",\"target\":[\"https:\/\/www.notibras.com\/site\/bc-perde-o-rumo-dolar-vai-a-283-e-mercado-preve-3-reais-em-junho\/#respond\"]}]},{\"@type\":\"WebPage\",\"@id\":\"https:\/\/www.notibras.com\/site\/bc-perde-o-rumo-dolar-vai-a-283-e-mercado-preve-3-reais-em-junho\/\",\"url\":\"https:\/\/www.notibras.com\/site\/bc-perde-o-rumo-dolar-vai-a-283-e-mercado-preve-3-reais-em-junho\/\",\"name\":\"BC perde rumo, d\u00f3lar vai a 2,83 e mercado prev\u00ea 3 reais - Notibras\",\"isPartOf\":{\"@id\":\"https:\/\/www.notibras.com\/site\/#website\"},\"primaryImageOfPage\":{\"@id\":\"https:\/\/www.notibras.com\/site\/bc-perde-o-rumo-dolar-vai-a-283-e-mercado-preve-3-reais-em-junho\/#primaryimage\"},\"image\":{\"@id\":\"https:\/\/www.notibras.com\/site\/bc-perde-o-rumo-dolar-vai-a-283-e-mercado-preve-3-reais-em-junho\/#primaryimage\"},\"thumbnailUrl\":\"https:\/\/www.notibras.com\/site\/wp-content\/uploads\/2015\/02\/do.jpeg\",\"datePublished\":\"2015-02-10T19:51:52+00:00\",\"dateModified\":\"2015-02-11T00:27:14+00:00\",\"breadcrumb\":{\"@id\":\"https:\/\/www.notibras.com\/site\/bc-perde-o-rumo-dolar-vai-a-283-e-mercado-preve-3-reais-em-junho\/#breadcrumb\"},\"inLanguage\":\"pt-BR\",\"potentialAction\":[{\"@type\":\"ReadAction\",\"target\":[\"https:\/\/www.notibras.com\/site\/bc-perde-o-rumo-dolar-vai-a-283-e-mercado-preve-3-reais-em-junho\/\"]}]},{\"@type\":\"ImageObject\",\"inLanguage\":\"pt-BR\",\"@id\":\"https:\/\/www.notibras.com\/site\/bc-perde-o-rumo-dolar-vai-a-283-e-mercado-preve-3-reais-em-junho\/#primaryimage\",\"url\":\"https:\/\/www.notibras.com\/site\/wp-content\/uploads\/2015\/02\/do.jpeg\",\"contentUrl\":\"https:\/\/www.notibras.com\/site\/wp-content\/uploads\/2015\/02\/do.jpeg\",\"width\":259,\"height\":194},{\"@type\":\"BreadcrumbList\",\"@id\":\"https:\/\/www.notibras.com\/site\/bc-perde-o-rumo-dolar-vai-a-283-e-mercado-preve-3-reais-em-junho\/#breadcrumb\",\"itemListElement\":[{\"@type\":\"ListItem\",\"position\":1,\"name\":\"In\u00edcio\",\"item\":\"https:\/\/www.notibras.com\/site\/\"},{\"@type\":\"ListItem\",\"position\":2,\"name\":\"BC perde rumo, d\u00f3lar vai a 2,83 e mercado prev\u00ea 3 reais\"}]},{\"@type\":\"WebSite\",\"@id\":\"https:\/\/www.notibras.com\/site\/#website\",\"url\":\"https:\/\/www.notibras.com\/site\/\",\"name\":\"Notibras\",\"description\":\"Not\u00edcias de Bras\u00edlia, do Brasil e do Mundo\",\"publisher\":{\"@id\":\"https:\/\/www.notibras.com\/site\/#organization\"},\"potentialAction\":[{\"@type\":\"SearchAction\",\"target\":{\"@type\":\"EntryPoint\",\"urlTemplate\":\"https:\/\/www.notibras.com\/site\/?s={search_term_string}\"},\"query-input\":{\"@type\":\"PropertyValueSpecification\",\"valueRequired\":true,\"valueName\":\"search_term_string\"}}],\"inLanguage\":\"pt-BR\"},{\"@type\":\"Organization\",\"@id\":\"https:\/\/www.notibras.com\/site\/#organization\",\"name\":\"Grupo Notibras de Comunica\u00e7\u00e3o\",\"url\":\"https:\/\/www.notibras.com\/site\/\",\"logo\":{\"@type\":\"ImageObject\",\"inLanguage\":\"pt-BR\",\"@id\":\"https:\/\/www.notibras.com\/site\/#\/schema\/logo\/image\/\",\"url\":\"https:\/\/www.notibras.com\/site\/wp-content\/uploads\/2023\/01\/notibras23.png\",\"contentUrl\":\"https:\/\/www.notibras.com\/site\/wp-content\/uploads\/2023\/01\/notibras23.png\",\"width\":350,\"height\":87,\"caption\":\"Grupo Notibras de Comunica\u00e7\u00e3o\"},\"image\":{\"@id\":\"https:\/\/www.notibras.com\/site\/#\/schema\/logo\/image\/\"},\"sameAs\":[\"https:\/\/www.facebook.com\/notibras\/\",\"https:\/\/x.com\/Notibras\",\"https:\/\/www.instagram.com\/notibras\/\"]},{\"@type\":\"Person\",\"@id\":\"https:\/\/www.notibras.com\/site\/#\/schema\/person\/36ab0979449956132d3e5b517ea76ac8\",\"name\":\"Reda\u00e7\u00e3o\",\"image\":{\"@type\":\"ImageObject\",\"inLanguage\":\"pt-BR\",\"@id\":\"https:\/\/secure.gravatar.com\/avatar\/e0a867bdedb85fd243eadf09663511f96fc81e0720a4a42581f334ad4303aa6b?s=96&d=mm&r=g\",\"url\":\"https:\/\/secure.gravatar.com\/avatar\/e0a867bdedb85fd243eadf09663511f96fc81e0720a4a42581f334ad4303aa6b?s=96&d=mm&r=g\",\"contentUrl\":\"https:\/\/secure.gravatar.com\/avatar\/e0a867bdedb85fd243eadf09663511f96fc81e0720a4a42581f334ad4303aa6b?s=96&d=mm&r=g\",\"caption\":\"Reda\u00e7\u00e3o\"}}]}<\/script>\n<!-- \/ Yoast SEO plugin. -->","yoast_head_json":{"title":"BC perde rumo, d\u00f3lar vai a 2,83 e mercado prev\u00ea 3 reais - Notibras","robots":{"index":"index","follow":"follow","max-snippet":"max-snippet:-1","max-image-preview":"max-image-preview:large","max-video-preview":"max-video-preview:-1"},"canonical":"https:\/\/www.notibras.com\/site\/bc-perde-o-rumo-dolar-vai-a-283-e-mercado-preve-3-reais-em-junho\/","og_locale":"pt_BR","og_type":"article","og_title":"BC perde rumo, d\u00f3lar vai a 2,83 e mercado prev\u00ea 3 reais - Notibras","og_description":"O d\u00f3lar comercial fechou em alta de 2,12% nesta ter\u00e7a-feira (10), cotado a R$ 2,836 na venda. \u00c9 o maior valor de fechamento desde 1\u00ba de novembro de 2004, quando a moeda valia R$ 2,854. Na v\u00e9spera, a moeda havia fechado praticamente est\u00e1vel. Diante desse quadro, analistas afirmam que o d\u00f3lar pode passar de R$ [&hellip;]","og_url":"https:\/\/www.notibras.com\/site\/bc-perde-o-rumo-dolar-vai-a-283-e-mercado-preve-3-reais-em-junho\/","og_site_name":"Notibras","article_publisher":"https:\/\/www.facebook.com\/notibras\/","article_published_time":"2015-02-10T19:51:52+00:00","article_modified_time":"2015-02-11T00:27:14+00:00","og_image":[{"width":259,"height":194,"url":"https:\/\/www.notibras.com\/site\/wp-content\/uploads\/2015\/02\/do.jpeg","type":"image\/jpeg"}],"author":"Reda\u00e7\u00e3o","twitter_card":"summary_large_image","twitter_creator":"@Notibras","twitter_site":"@Notibras","twitter_misc":{"Escrito por":"Reda\u00e7\u00e3o","Est. tempo de leitura":"2 minutos"},"schema":{"@context":"https:\/\/schema.org","@graph":[{"@type":"Article","@id":"https:\/\/www.notibras.com\/site\/bc-perde-o-rumo-dolar-vai-a-283-e-mercado-preve-3-reais-em-junho\/#article","isPartOf":{"@id":"https:\/\/www.notibras.com\/site\/bc-perde-o-rumo-dolar-vai-a-283-e-mercado-preve-3-reais-em-junho\/"},"author":{"name":"Reda\u00e7\u00e3o","@id":"https:\/\/www.notibras.com\/site\/#\/schema\/person\/36ab0979449956132d3e5b517ea76ac8"},"headline":"BC perde rumo, d\u00f3lar vai a 2,83 e mercado prev\u00ea 3 reais","datePublished":"2015-02-10T19:51:52+00:00","dateModified":"2015-02-11T00:27:14+00:00","mainEntityOfPage":{"@id":"https:\/\/www.notibras.com\/site\/bc-perde-o-rumo-dolar-vai-a-283-e-mercado-preve-3-reais-em-junho\/"},"wordCount":432,"commentCount":0,"publisher":{"@id":"https:\/\/www.notibras.com\/site\/#organization"},"image":{"@id":"https:\/\/www.notibras.com\/site\/bc-perde-o-rumo-dolar-vai-a-283-e-mercado-preve-3-reais-em-junho\/#primaryimage"},"thumbnailUrl":"https:\/\/www.notibras.com\/site\/wp-content\/uploads\/2015\/02\/do.jpeg","articleSection":["Brasil"],"inLanguage":"pt-BR","potentialAction":[{"@type":"CommentAction","name":"Comment","target":["https:\/\/www.notibras.com\/site\/bc-perde-o-rumo-dolar-vai-a-283-e-mercado-preve-3-reais-em-junho\/#respond"]}]},{"@type":"WebPage","@id":"https:\/\/www.notibras.com\/site\/bc-perde-o-rumo-dolar-vai-a-283-e-mercado-preve-3-reais-em-junho\/","url":"https:\/\/www.notibras.com\/site\/bc-perde-o-rumo-dolar-vai-a-283-e-mercado-preve-3-reais-em-junho\/","name":"BC perde rumo, d\u00f3lar vai a 2,83 e mercado prev\u00ea 3 reais - Notibras","isPartOf":{"@id":"https:\/\/www.notibras.com\/site\/#website"},"primaryImageOfPage":{"@id":"https:\/\/www.notibras.com\/site\/bc-perde-o-rumo-dolar-vai-a-283-e-mercado-preve-3-reais-em-junho\/#primaryimage"},"image":{"@id":"https:\/\/www.notibras.com\/site\/bc-perde-o-rumo-dolar-vai-a-283-e-mercado-preve-3-reais-em-junho\/#primaryimage"},"thumbnailUrl":"https:\/\/www.notibras.com\/site\/wp-content\/uploads\/2015\/02\/do.jpeg","datePublished":"2015-02-10T19:51:52+00:00","dateModified":"2015-02-11T00:27:14+00:00","breadcrumb":{"@id":"https:\/\/www.notibras.com\/site\/bc-perde-o-rumo-dolar-vai-a-283-e-mercado-preve-3-reais-em-junho\/#breadcrumb"},"inLanguage":"pt-BR","potentialAction":[{"@type":"ReadAction","target":["https:\/\/www.notibras.com\/site\/bc-perde-o-rumo-dolar-vai-a-283-e-mercado-preve-3-reais-em-junho\/"]}]},{"@type":"ImageObject","inLanguage":"pt-BR","@id":"https:\/\/www.notibras.com\/site\/bc-perde-o-rumo-dolar-vai-a-283-e-mercado-preve-3-reais-em-junho\/#primaryimage","url":"https:\/\/www.notibras.com\/site\/wp-content\/uploads\/2015\/02\/do.jpeg","contentUrl":"https:\/\/www.notibras.com\/site\/wp-content\/uploads\/2015\/02\/do.jpeg","width":259,"height":194},{"@type":"BreadcrumbList","@id":"https:\/\/www.notibras.com\/site\/bc-perde-o-rumo-dolar-vai-a-283-e-mercado-preve-3-reais-em-junho\/#breadcrumb","itemListElement":[{"@type":"ListItem","position":1,"name":"In\u00edcio","item":"https:\/\/www.notibras.com\/site\/"},{"@type":"ListItem","position":2,"name":"BC perde rumo, d\u00f3lar vai a 2,83 e mercado prev\u00ea 3 reais"}]},{"@type":"WebSite","@id":"https:\/\/www.notibras.com\/site\/#website","url":"https:\/\/www.notibras.com\/site\/","name":"Notibras","description":"Not\u00edcias de Bras\u00edlia, do Brasil e do Mundo","publisher":{"@id":"https:\/\/www.notibras.com\/site\/#organization"},"potentialAction":[{"@type":"SearchAction","target":{"@type":"EntryPoint","urlTemplate":"https:\/\/www.notibras.com\/site\/?s={search_term_string}"},"query-input":{"@type":"PropertyValueSpecification","valueRequired":true,"valueName":"search_term_string"}}],"inLanguage":"pt-BR"},{"@type":"Organization","@id":"https:\/\/www.notibras.com\/site\/#organization","name":"Grupo Notibras de Comunica\u00e7\u00e3o","url":"https:\/\/www.notibras.com\/site\/","logo":{"@type":"ImageObject","inLanguage":"pt-BR","@id":"https:\/\/www.notibras.com\/site\/#\/schema\/logo\/image\/","url":"https:\/\/www.notibras.com\/site\/wp-content\/uploads\/2023\/01\/notibras23.png","contentUrl":"https:\/\/www.notibras.com\/site\/wp-content\/uploads\/2023\/01\/notibras23.png","width":350,"height":87,"caption":"Grupo Notibras de Comunica\u00e7\u00e3o"},"image":{"@id":"https:\/\/www.notibras.com\/site\/#\/schema\/logo\/image\/"},"sameAs":["https:\/\/www.facebook.com\/notibras\/","https:\/\/x.com\/Notibras","https:\/\/www.instagram.com\/notibras\/"]},{"@type":"Person","@id":"https:\/\/www.notibras.com\/site\/#\/schema\/person\/36ab0979449956132d3e5b517ea76ac8","name":"Reda\u00e7\u00e3o","image":{"@type":"ImageObject","inLanguage":"pt-BR","@id":"https:\/\/secure.gravatar.com\/avatar\/e0a867bdedb85fd243eadf09663511f96fc81e0720a4a42581f334ad4303aa6b?s=96&d=mm&r=g","url":"https:\/\/secure.gravatar.com\/avatar\/e0a867bdedb85fd243eadf09663511f96fc81e0720a4a42581f334ad4303aa6b?s=96&d=mm&r=g","contentUrl":"https:\/\/secure.gravatar.com\/avatar\/e0a867bdedb85fd243eadf09663511f96fc81e0720a4a42581f334ad4303aa6b?s=96&d=mm&r=g","caption":"Reda\u00e7\u00e3o"}}]}},"amp_enabled":true,"_links":{"self":[{"href":"https:\/\/www.notibras.com\/site\/wp-json\/wp\/v2\/posts\/36631","targetHints":{"allow":["GET"]}}],"collection":[{"href":"https:\/\/www.notibras.com\/site\/wp-json\/wp\/v2\/posts"}],"about":[{"href":"https:\/\/www.notibras.com\/site\/wp-json\/wp\/v2\/types\/post"}],"author":[{"embeddable":true,"href":"https:\/\/www.notibras.com\/site\/wp-json\/wp\/v2\/users\/2"}],"replies":[{"embeddable":true,"href":"https:\/\/www.notibras.com\/site\/wp-json\/wp\/v2\/comments?post=36631"}],"version-history":[{"count":0,"href":"https:\/\/www.notibras.com\/site\/wp-json\/wp\/v2\/posts\/36631\/revisions"}],"wp:featuredmedia":[{"embeddable":true,"href":"https:\/\/www.notibras.com\/site\/wp-json\/wp\/v2\/media\/36632"}],"wp:attachment":[{"href":"https:\/\/www.notibras.com\/site\/wp-json\/wp\/v2\/media?parent=36631"}],"wp:term":[{"taxonomy":"category","embeddable":true,"href":"https:\/\/www.notibras.com\/site\/wp-json\/wp\/v2\/categories?post=36631"},{"taxonomy":"post_tag","embeddable":true,"href":"https:\/\/www.notibras.com\/site\/wp-json\/wp\/v2\/tags?post=36631"}],"curies":[{"name":"wp","href":"https:\/\/api.w.org\/{rel}","templated":true}]}}