{"id":366348,"date":"2025-10-05T07:50:39","date_gmt":"2025-10-05T10:50:39","guid":{"rendered":"https:\/\/www.notibras.com\/site\/?p=366348"},"modified":"2025-10-05T08:06:40","modified_gmt":"2025-10-05T11:06:40","slug":"a-luz-divina-na-cor-da-aura-de-todos-nos","status":"publish","type":"post","link":"https:\/\/www.notibras.com\/site\/a-luz-divina-na-cor-da-aura-de-todos-nos\/","title":{"rendered":"A Luz Divina na cor da aura de todos n\u00f3s"},"content":{"rendered":"<p>O uso das cores constituem um dos temas mais estudados e aplicados da Magia. Em cada pr\u00e1tica, em cada ritual, voc\u00ea pode recorrer a uma ou mais cores, de acordo com o que voc\u00ea pretende alcan\u00e7ar ou realizar. Seja com o objetivo de ajudar uma pessoa, seja para estimular seus centros ps\u00edquicos, seja para atrair ou afastar determinadas energias c\u00f3smicas.<\/p>\n<p>Voc\u00ea certamente j\u00e1 ouviu falar de aura, uma luz intensa e colorida que envolve nossos corpos f\u00edsicos. \u00c9 a cor e o brilho que nos leva a determinados estados de esp\u00edrito ou est\u00e1gios de consci\u00eancia.<br \/>\nParanormais sensitivos que t\u00eam a vis\u00e3o da aura humana podem perceber com facilidade a aura de uma pessoa e interpretar suas vidas a partir do que v\u00eaem. Caso notem uma colora\u00e7\u00e3o amarela, saber\u00e3o tratar-se de uma pessoa magn\u00e9tica, cheia de vida. Quando a cor \u00e9 pr\u00f3xima do preto, a pessoa estar\u00e1 debilitada, deprimida, com pouca vitalidade.<\/p>\n<p>O m\u00e9todo de fotografia da aura humana criada por Kyrlian permite hoje que fotografemos a aura, independentemente de poderes paranormais. A partir da fotografia, existe um m\u00e9todo de interpreta\u00e7\u00e3o do colorido. O estudo e a aplica\u00e7\u00e3o da cor para corre\u00e7\u00e3o de disfun\u00e7\u00f5es \u00e1uricas j\u00e1 s\u00e3o largamente difundidas entre m\u00e9dicos e terapeutas com o r\u00f3tulo de Cromoterapia. S\u00e3o v\u00e1rias as cl\u00ednicas e hospitais que pintam suas paredes com cores que se adequam \u00e0s terapias propostas. Em cl\u00ednicas psiqui\u00e1tricas, por exemplo, \u00e9 comum encontrarmos paredes pintadas de azul, uma cor repousante. Nos templos devotados a Exu, por outro lado, h\u00e1 predom\u00ednio da cor vermelha, excitante.<\/p>\n<p>A percep\u00e7\u00e3o e a manipula\u00e7\u00e3o da energia \u00e1urica podem ser feitas de diversas maneiras. Aqui apresentarei a mais simples delas.<\/p>\n<p>Feche os olhos por alguns instantes e procure imaginar o Sol. Sejamos honestos. De que cor Voc\u00ea v\u00ea esse Sol em seus pensamentos? E em volta dele? Pode parecer absurdo, mas \u00e9 comum as pessoas verem um Sol preto! Por vezes, o v\u00eaem vermelho! O preto ser\u00e1 percebido quando a pessoa estiver cansada, esgotada! O vermelho quando est\u00e1 com raiva, irada. Quando fechamos os olhos e buscamos a imagem do Sol em nossas mentes e encontramos o amarelo, \u00e9 porque estamos harm\u00f4nicos. Isso \u00e9 dif\u00edcil de ser alcan\u00e7ado. Caso consiga divisar qualquer uma das cores do arco-\u00edris \u00e0 sua escolha, Voc\u00ea estar\u00e1 pronto para se lan\u00e7ar no estudo da Magia. Caso contr\u00e1rio, \u00e9 preciso que exercite o controle das cores na sua tela mental.<\/p>\n<p>H\u00e1 uma variedade de formas para o uso das cores. Um quarto pintado de azul ou verde convida ao repouso. Pe\u00e7as cor-de-rosa em uma sala torna as reuni\u00f5es mais alegres, mais vivas. Um escrit\u00f3rio, uma sala de estudos com paredes amarelas s\u00e3o \u00f3timos para o trabalho. Um ambiente carregado de vermelho vai conduzir, com o tempo, a brigas e intrigas. A utiliza\u00e7\u00e3o dos raios crom\u00e1ticos mais recomend\u00e1vel \u00e9 atrav\u00e9s de l\u00e2mpadas coloridas, \u00e1gua exposta a essas l\u00e2mpadas e vasilhames coloridos.<\/p>\n<p>Recorte alguns pap\u00e9is coloridos (azul, amarelo, verde, vermelho, violeta, marrom&#8230;) e os guarde com Voc\u00ea. Sempre que possa, escolha uma das cores e a fite, procurando memoriz\u00e1-la. Feche os olhos por alguns instantes e pinte uma cena qualquer com a cor que Voc\u00ea est\u00e1 exercitando a memoriza\u00e7\u00e3o. Fa\u00e7a isso com todas elas, sem pressa (pode durar uma semana, um m\u00eas) at\u00e9 conseguir imaginar de pronto todo um arco-\u00edris em sua tela mental.<\/p>\n<p>Os recortes de pap\u00e9is podem ser substitu\u00eddos por velas coloridas que ajudar\u00e3o na fixa\u00e7\u00e3o das cores. Para este caso, o uso da vela \u00e9 bastante simples: adquira um pacote de velas coloridas e acenda uma cor a cada vez, fitando-a por alguns minutos, buscando memorizar sua cor.<\/p>\n<p>A cor alaranjada \u00e9 estimulante da energia mental e quem lida com Magia precisa t\u00ea-la sempre pronta para o trabalho. Enquanto Voc\u00ea exercita a memoriza\u00e7\u00e3o das cores, utilize-se de uma ajudazinha externa. Durante uma semana, procure carregar-se de energia laranja. Para isso, Voc\u00ea precisar\u00e1 tomar banhos de luz alaranjada ou beber \u00e1gua carregada com energia dessa cor. Para o banho de luz, Voc\u00ea acende uma l\u00e2mpada de 15 ou 40 watts, de cor laranja, e deixa que os raios batam sobre o peito durante n\u00e3o mais do que 30 minutos. O ideal \u00e9 que o peito esteja descoberto, para que os raios de luz possam penetrar mais facilmente. A \u00e1gua carregada pode substituir o banho de luz. Voc\u00ea pega um copo transparente cheio de \u00e1gua e deixe-o em repouso, e exposto \u00e0 luz laranja durante o m\u00ednimo de 30 minutos e m\u00e1ximo de uma hora. Findo esse tempo, beba a \u00e1gua. N\u00e3o v\u00e1 al\u00e9m dos tempos recomendados, para evitar hiperexcita\u00e7\u00e3o dos nervos e irritabilidade.<\/p>\n<p>Assim \u00e9!<\/p>\n<p>&#8230;&#8230;&#8230;&#8230;&#8230;&#8230;..<\/p>\n<p><strong>*Texto extra\u00eddo do livro Portal da Magia. SEABRA, Geraldo. 2005.<\/strong><br \/>\n<strong>Geraldo Seabra, Jornalista, Astr\u00f3logo, Alquimista, Tar\u00f3logo, fundador do Col\u00e9gio dos Magos de Bras\u00edlia e autor do livro Portal da Magia.<\/strong><br \/>\n<strong>@colegiodosmagosesacerdotisas<\/strong><\/p>\n<p>&#8230;&#8230;&#8230;&#8230;&#8230;&#8230;..<\/p>\n<p>Os estudiosos das Ci\u00eancias Ocultas que querem aperfei\u00e7oar os seus conhecimentos herm\u00e9ticos, o Col\u00e9gio dos Magos e Sacerdotisas est\u00e1 convocando novos membros para ingresso na Irmandade. Aos interessados, no m\u00eas de novembro ser\u00e3o iniciados os cursos online de \u201cMagia: fundamentos e pr\u00e1ticas\u201d, ministrado pelo alquimista Marco Mammoli e \u201cQuiromancia\u201d, ministrado pelo tar\u00f3logo e quir\u00f3logo Giovanni Seabra. As matr\u00edculas est\u00e3o abertas. Outras informa\u00e7\u00f5es entrar em contato direto com o @colegiodosmagosesacerdortisas, atrav\u00e9s da Bio, Direct, ou pelo Whatsapp: 81 997302139.<\/p>\n","protected":false},"excerpt":{"rendered":"<p>O uso das cores constituem um dos temas mais estudados e aplicados da Magia. Em cada pr\u00e1tica, em cada ritual, voc\u00ea pode recorrer a uma ou mais cores, de acordo com o que voc\u00ea pretende alcan\u00e7ar ou realizar. Seja com o objetivo de ajudar uma pessoa, seja para estimular seus centros ps\u00edquicos, seja para atrair [&hellip;]<\/p>\n","protected":false},"author":2,"featured_media":366349,"comment_status":"closed","ping_status":"closed","sticky":false,"template":"","format":"standard","meta":{"_acf_changed":false,"footnotes":""},"categories":[237],"tags":[],"class_list":["post-366348","post","type-post","status-publish","format-standard","has-post-thumbnail","hentry","category-oraculos"],"acf":[],"yoast_head":"<!-- This site is optimized with the Yoast SEO plugin v27.2 - https:\/\/yoast.com\/product\/yoast-seo-wordpress\/ -->\n<title>A Luz Divina na cor da aura de todos n\u00f3s - Notibras<\/title>\n<meta name=\"robots\" content=\"index, follow, max-snippet:-1, max-image-preview:large, max-video-preview:-1\" \/>\n<link rel=\"canonical\" href=\"https:\/\/www.notibras.com\/site\/a-luz-divina-na-cor-da-aura-de-todos-nos\/\" \/>\n<meta property=\"og:locale\" content=\"pt_BR\" \/>\n<meta property=\"og:type\" content=\"article\" \/>\n<meta property=\"og:title\" content=\"A Luz Divina na cor da aura de todos n\u00f3s - Notibras\" \/>\n<meta property=\"og:description\" content=\"O uso das cores constituem um dos temas mais estudados e aplicados da Magia. Em cada pr\u00e1tica, em cada ritual, voc\u00ea pode recorrer a uma ou mais cores, de acordo com o que voc\u00ea pretende alcan\u00e7ar ou realizar. Seja com o objetivo de ajudar uma pessoa, seja para estimular seus centros ps\u00edquicos, seja para atrair [&hellip;]\" \/>\n<meta property=\"og:url\" content=\"https:\/\/www.notibras.com\/site\/a-luz-divina-na-cor-da-aura-de-todos-nos\/\" \/>\n<meta property=\"og:site_name\" content=\"Notibras\" \/>\n<meta property=\"article:publisher\" content=\"https:\/\/www.facebook.com\/notibras\/\" \/>\n<meta property=\"article:published_time\" content=\"2025-10-05T10:50:39+00:00\" \/>\n<meta property=\"article:modified_time\" content=\"2025-10-05T11:06:40+00:00\" \/>\n<meta property=\"og:image\" content=\"https:\/\/www.notibras.com\/site\/wp-content\/uploads\/2025\/10\/265a2dee-cab7-4f4f-b550-38c40ba98120.jpeg\" \/>\n\t<meta property=\"og:image:width\" content=\"914\" \/>\n\t<meta property=\"og:image:height\" content=\"1600\" \/>\n\t<meta property=\"og:image:type\" content=\"image\/jpeg\" \/>\n<meta name=\"author\" content=\"Reda\u00e7\u00e3o\" \/>\n<meta name=\"twitter:card\" content=\"summary_large_image\" \/>\n<meta name=\"twitter:creator\" content=\"@Notibras\" \/>\n<meta name=\"twitter:site\" content=\"@Notibras\" \/>\n<meta name=\"twitter:label1\" content=\"Escrito por\" \/>\n\t<meta name=\"twitter:data1\" content=\"Reda\u00e7\u00e3o\" \/>\n\t<meta name=\"twitter:label2\" content=\"Est. tempo de leitura\" \/>\n\t<meta name=\"twitter:data2\" content=\"6 minutos\" \/>\n<script type=\"application\/ld+json\" class=\"yoast-schema-graph\">{\"@context\":\"https:\/\/schema.org\",\"@graph\":[{\"@type\":\"Article\",\"@id\":\"https:\/\/www.notibras.com\/site\/a-luz-divina-na-cor-da-aura-de-todos-nos\/#article\",\"isPartOf\":{\"@id\":\"https:\/\/www.notibras.com\/site\/a-luz-divina-na-cor-da-aura-de-todos-nos\/\"},\"author\":{\"name\":\"Reda\u00e7\u00e3o\",\"@id\":\"https:\/\/www.notibras.com\/site\/#\/schema\/person\/36ab0979449956132d3e5b517ea76ac8\"},\"headline\":\"A Luz Divina na cor da aura de todos n\u00f3s\",\"datePublished\":\"2025-10-05T10:50:39+00:00\",\"dateModified\":\"2025-10-05T11:06:40+00:00\",\"mainEntityOfPage\":{\"@id\":\"https:\/\/www.notibras.com\/site\/a-luz-divina-na-cor-da-aura-de-todos-nos\/\"},\"wordCount\":948,\"publisher\":{\"@id\":\"https:\/\/www.notibras.com\/site\/#organization\"},\"image\":{\"@id\":\"https:\/\/www.notibras.com\/site\/a-luz-divina-na-cor-da-aura-de-todos-nos\/#primaryimage\"},\"thumbnailUrl\":\"https:\/\/www.notibras.com\/site\/wp-content\/uploads\/2025\/10\/265a2dee-cab7-4f4f-b550-38c40ba98120.jpeg\",\"articleSection\":[\"Or\u00e1culos\"],\"inLanguage\":\"pt-BR\"},{\"@type\":\"WebPage\",\"@id\":\"https:\/\/www.notibras.com\/site\/a-luz-divina-na-cor-da-aura-de-todos-nos\/\",\"url\":\"https:\/\/www.notibras.com\/site\/a-luz-divina-na-cor-da-aura-de-todos-nos\/\",\"name\":\"A Luz Divina na cor da aura de todos n\u00f3s - Notibras\",\"isPartOf\":{\"@id\":\"https:\/\/www.notibras.com\/site\/#website\"},\"primaryImageOfPage\":{\"@id\":\"https:\/\/www.notibras.com\/site\/a-luz-divina-na-cor-da-aura-de-todos-nos\/#primaryimage\"},\"image\":{\"@id\":\"https:\/\/www.notibras.com\/site\/a-luz-divina-na-cor-da-aura-de-todos-nos\/#primaryimage\"},\"thumbnailUrl\":\"https:\/\/www.notibras.com\/site\/wp-content\/uploads\/2025\/10\/265a2dee-cab7-4f4f-b550-38c40ba98120.jpeg\",\"datePublished\":\"2025-10-05T10:50:39+00:00\",\"dateModified\":\"2025-10-05T11:06:40+00:00\",\"breadcrumb\":{\"@id\":\"https:\/\/www.notibras.com\/site\/a-luz-divina-na-cor-da-aura-de-todos-nos\/#breadcrumb\"},\"inLanguage\":\"pt-BR\",\"potentialAction\":[{\"@type\":\"ReadAction\",\"target\":[\"https:\/\/www.notibras.com\/site\/a-luz-divina-na-cor-da-aura-de-todos-nos\/\"]}]},{\"@type\":\"ImageObject\",\"inLanguage\":\"pt-BR\",\"@id\":\"https:\/\/www.notibras.com\/site\/a-luz-divina-na-cor-da-aura-de-todos-nos\/#primaryimage\",\"url\":\"https:\/\/www.notibras.com\/site\/wp-content\/uploads\/2025\/10\/265a2dee-cab7-4f4f-b550-38c40ba98120.jpeg\",\"contentUrl\":\"https:\/\/www.notibras.com\/site\/wp-content\/uploads\/2025\/10\/265a2dee-cab7-4f4f-b550-38c40ba98120.jpeg\",\"width\":914,\"height\":1600},{\"@type\":\"BreadcrumbList\",\"@id\":\"https:\/\/www.notibras.com\/site\/a-luz-divina-na-cor-da-aura-de-todos-nos\/#breadcrumb\",\"itemListElement\":[{\"@type\":\"ListItem\",\"position\":1,\"name\":\"In\u00edcio\",\"item\":\"https:\/\/www.notibras.com\/site\/\"},{\"@type\":\"ListItem\",\"position\":2,\"name\":\"A Luz Divina na cor da aura de todos n\u00f3s\"}]},{\"@type\":\"WebSite\",\"@id\":\"https:\/\/www.notibras.com\/site\/#website\",\"url\":\"https:\/\/www.notibras.com\/site\/\",\"name\":\"Notibras\",\"description\":\"Not\u00edcias de Bras\u00edlia, do Brasil e do Mundo\",\"publisher\":{\"@id\":\"https:\/\/www.notibras.com\/site\/#organization\"},\"potentialAction\":[{\"@type\":\"SearchAction\",\"target\":{\"@type\":\"EntryPoint\",\"urlTemplate\":\"https:\/\/www.notibras.com\/site\/?s={search_term_string}\"},\"query-input\":{\"@type\":\"PropertyValueSpecification\",\"valueRequired\":true,\"valueName\":\"search_term_string\"}}],\"inLanguage\":\"pt-BR\"},{\"@type\":\"Organization\",\"@id\":\"https:\/\/www.notibras.com\/site\/#organization\",\"name\":\"Grupo Notibras de Comunica\u00e7\u00e3o\",\"url\":\"https:\/\/www.notibras.com\/site\/\",\"logo\":{\"@type\":\"ImageObject\",\"inLanguage\":\"pt-BR\",\"@id\":\"https:\/\/www.notibras.com\/site\/#\/schema\/logo\/image\/\",\"url\":\"https:\/\/www.notibras.com\/site\/wp-content\/uploads\/2023\/01\/notibras23.png\",\"contentUrl\":\"https:\/\/www.notibras.com\/site\/wp-content\/uploads\/2023\/01\/notibras23.png\",\"width\":350,\"height\":87,\"caption\":\"Grupo Notibras de Comunica\u00e7\u00e3o\"},\"image\":{\"@id\":\"https:\/\/www.notibras.com\/site\/#\/schema\/logo\/image\/\"},\"sameAs\":[\"https:\/\/www.facebook.com\/notibras\/\",\"https:\/\/x.com\/Notibras\",\"https:\/\/www.instagram.com\/notibras\/\"]},{\"@type\":\"Person\",\"@id\":\"https:\/\/www.notibras.com\/site\/#\/schema\/person\/36ab0979449956132d3e5b517ea76ac8\",\"name\":\"Reda\u00e7\u00e3o\",\"image\":{\"@type\":\"ImageObject\",\"inLanguage\":\"pt-BR\",\"@id\":\"https:\/\/secure.gravatar.com\/avatar\/e0a867bdedb85fd243eadf09663511f96fc81e0720a4a42581f334ad4303aa6b?s=96&d=mm&r=g\",\"url\":\"https:\/\/secure.gravatar.com\/avatar\/e0a867bdedb85fd243eadf09663511f96fc81e0720a4a42581f334ad4303aa6b?s=96&d=mm&r=g\",\"contentUrl\":\"https:\/\/secure.gravatar.com\/avatar\/e0a867bdedb85fd243eadf09663511f96fc81e0720a4a42581f334ad4303aa6b?s=96&d=mm&r=g\",\"caption\":\"Reda\u00e7\u00e3o\"}}]}<\/script>\n<!-- \/ Yoast SEO plugin. -->","yoast_head_json":{"title":"A Luz Divina na cor da aura de todos n\u00f3s - Notibras","robots":{"index":"index","follow":"follow","max-snippet":"max-snippet:-1","max-image-preview":"max-image-preview:large","max-video-preview":"max-video-preview:-1"},"canonical":"https:\/\/www.notibras.com\/site\/a-luz-divina-na-cor-da-aura-de-todos-nos\/","og_locale":"pt_BR","og_type":"article","og_title":"A Luz Divina na cor da aura de todos n\u00f3s - Notibras","og_description":"O uso das cores constituem um dos temas mais estudados e aplicados da Magia. Em cada pr\u00e1tica, em cada ritual, voc\u00ea pode recorrer a uma ou mais cores, de acordo com o que voc\u00ea pretende alcan\u00e7ar ou realizar. Seja com o objetivo de ajudar uma pessoa, seja para estimular seus centros ps\u00edquicos, seja para atrair [&hellip;]","og_url":"https:\/\/www.notibras.com\/site\/a-luz-divina-na-cor-da-aura-de-todos-nos\/","og_site_name":"Notibras","article_publisher":"https:\/\/www.facebook.com\/notibras\/","article_published_time":"2025-10-05T10:50:39+00:00","article_modified_time":"2025-10-05T11:06:40+00:00","og_image":[{"width":914,"height":1600,"url":"https:\/\/www.notibras.com\/site\/wp-content\/uploads\/2025\/10\/265a2dee-cab7-4f4f-b550-38c40ba98120.jpeg","type":"image\/jpeg"}],"author":"Reda\u00e7\u00e3o","twitter_card":"summary_large_image","twitter_creator":"@Notibras","twitter_site":"@Notibras","twitter_misc":{"Escrito por":"Reda\u00e7\u00e3o","Est. tempo de leitura":"6 minutos"},"schema":{"@context":"https:\/\/schema.org","@graph":[{"@type":"Article","@id":"https:\/\/www.notibras.com\/site\/a-luz-divina-na-cor-da-aura-de-todos-nos\/#article","isPartOf":{"@id":"https:\/\/www.notibras.com\/site\/a-luz-divina-na-cor-da-aura-de-todos-nos\/"},"author":{"name":"Reda\u00e7\u00e3o","@id":"https:\/\/www.notibras.com\/site\/#\/schema\/person\/36ab0979449956132d3e5b517ea76ac8"},"headline":"A Luz Divina na cor da aura de todos n\u00f3s","datePublished":"2025-10-05T10:50:39+00:00","dateModified":"2025-10-05T11:06:40+00:00","mainEntityOfPage":{"@id":"https:\/\/www.notibras.com\/site\/a-luz-divina-na-cor-da-aura-de-todos-nos\/"},"wordCount":948,"publisher":{"@id":"https:\/\/www.notibras.com\/site\/#organization"},"image":{"@id":"https:\/\/www.notibras.com\/site\/a-luz-divina-na-cor-da-aura-de-todos-nos\/#primaryimage"},"thumbnailUrl":"https:\/\/www.notibras.com\/site\/wp-content\/uploads\/2025\/10\/265a2dee-cab7-4f4f-b550-38c40ba98120.jpeg","articleSection":["Or\u00e1culos"],"inLanguage":"pt-BR"},{"@type":"WebPage","@id":"https:\/\/www.notibras.com\/site\/a-luz-divina-na-cor-da-aura-de-todos-nos\/","url":"https:\/\/www.notibras.com\/site\/a-luz-divina-na-cor-da-aura-de-todos-nos\/","name":"A Luz Divina na cor da aura de todos n\u00f3s - Notibras","isPartOf":{"@id":"https:\/\/www.notibras.com\/site\/#website"},"primaryImageOfPage":{"@id":"https:\/\/www.notibras.com\/site\/a-luz-divina-na-cor-da-aura-de-todos-nos\/#primaryimage"},"image":{"@id":"https:\/\/www.notibras.com\/site\/a-luz-divina-na-cor-da-aura-de-todos-nos\/#primaryimage"},"thumbnailUrl":"https:\/\/www.notibras.com\/site\/wp-content\/uploads\/2025\/10\/265a2dee-cab7-4f4f-b550-38c40ba98120.jpeg","datePublished":"2025-10-05T10:50:39+00:00","dateModified":"2025-10-05T11:06:40+00:00","breadcrumb":{"@id":"https:\/\/www.notibras.com\/site\/a-luz-divina-na-cor-da-aura-de-todos-nos\/#breadcrumb"},"inLanguage":"pt-BR","potentialAction":[{"@type":"ReadAction","target":["https:\/\/www.notibras.com\/site\/a-luz-divina-na-cor-da-aura-de-todos-nos\/"]}]},{"@type":"ImageObject","inLanguage":"pt-BR","@id":"https:\/\/www.notibras.com\/site\/a-luz-divina-na-cor-da-aura-de-todos-nos\/#primaryimage","url":"https:\/\/www.notibras.com\/site\/wp-content\/uploads\/2025\/10\/265a2dee-cab7-4f4f-b550-38c40ba98120.jpeg","contentUrl":"https:\/\/www.notibras.com\/site\/wp-content\/uploads\/2025\/10\/265a2dee-cab7-4f4f-b550-38c40ba98120.jpeg","width":914,"height":1600},{"@type":"BreadcrumbList","@id":"https:\/\/www.notibras.com\/site\/a-luz-divina-na-cor-da-aura-de-todos-nos\/#breadcrumb","itemListElement":[{"@type":"ListItem","position":1,"name":"In\u00edcio","item":"https:\/\/www.notibras.com\/site\/"},{"@type":"ListItem","position":2,"name":"A Luz Divina na cor da aura de todos n\u00f3s"}]},{"@type":"WebSite","@id":"https:\/\/www.notibras.com\/site\/#website","url":"https:\/\/www.notibras.com\/site\/","name":"Notibras","description":"Not\u00edcias de Bras\u00edlia, do Brasil e do Mundo","publisher":{"@id":"https:\/\/www.notibras.com\/site\/#organization"},"potentialAction":[{"@type":"SearchAction","target":{"@type":"EntryPoint","urlTemplate":"https:\/\/www.notibras.com\/site\/?s={search_term_string}"},"query-input":{"@type":"PropertyValueSpecification","valueRequired":true,"valueName":"search_term_string"}}],"inLanguage":"pt-BR"},{"@type":"Organization","@id":"https:\/\/www.notibras.com\/site\/#organization","name":"Grupo Notibras de Comunica\u00e7\u00e3o","url":"https:\/\/www.notibras.com\/site\/","logo":{"@type":"ImageObject","inLanguage":"pt-BR","@id":"https:\/\/www.notibras.com\/site\/#\/schema\/logo\/image\/","url":"https:\/\/www.notibras.com\/site\/wp-content\/uploads\/2023\/01\/notibras23.png","contentUrl":"https:\/\/www.notibras.com\/site\/wp-content\/uploads\/2023\/01\/notibras23.png","width":350,"height":87,"caption":"Grupo Notibras de Comunica\u00e7\u00e3o"},"image":{"@id":"https:\/\/www.notibras.com\/site\/#\/schema\/logo\/image\/"},"sameAs":["https:\/\/www.facebook.com\/notibras\/","https:\/\/x.com\/Notibras","https:\/\/www.instagram.com\/notibras\/"]},{"@type":"Person","@id":"https:\/\/www.notibras.com\/site\/#\/schema\/person\/36ab0979449956132d3e5b517ea76ac8","name":"Reda\u00e7\u00e3o","image":{"@type":"ImageObject","inLanguage":"pt-BR","@id":"https:\/\/secure.gravatar.com\/avatar\/e0a867bdedb85fd243eadf09663511f96fc81e0720a4a42581f334ad4303aa6b?s=96&d=mm&r=g","url":"https:\/\/secure.gravatar.com\/avatar\/e0a867bdedb85fd243eadf09663511f96fc81e0720a4a42581f334ad4303aa6b?s=96&d=mm&r=g","contentUrl":"https:\/\/secure.gravatar.com\/avatar\/e0a867bdedb85fd243eadf09663511f96fc81e0720a4a42581f334ad4303aa6b?s=96&d=mm&r=g","caption":"Reda\u00e7\u00e3o"}}]}},"amp_enabled":true,"_links":{"self":[{"href":"https:\/\/www.notibras.com\/site\/wp-json\/wp\/v2\/posts\/366348","targetHints":{"allow":["GET"]}}],"collection":[{"href":"https:\/\/www.notibras.com\/site\/wp-json\/wp\/v2\/posts"}],"about":[{"href":"https:\/\/www.notibras.com\/site\/wp-json\/wp\/v2\/types\/post"}],"author":[{"embeddable":true,"href":"https:\/\/www.notibras.com\/site\/wp-json\/wp\/v2\/users\/2"}],"replies":[{"embeddable":true,"href":"https:\/\/www.notibras.com\/site\/wp-json\/wp\/v2\/comments?post=366348"}],"version-history":[{"count":1,"href":"https:\/\/www.notibras.com\/site\/wp-json\/wp\/v2\/posts\/366348\/revisions"}],"predecessor-version":[{"id":366350,"href":"https:\/\/www.notibras.com\/site\/wp-json\/wp\/v2\/posts\/366348\/revisions\/366350"}],"wp:featuredmedia":[{"embeddable":true,"href":"https:\/\/www.notibras.com\/site\/wp-json\/wp\/v2\/media\/366349"}],"wp:attachment":[{"href":"https:\/\/www.notibras.com\/site\/wp-json\/wp\/v2\/media?parent=366348"}],"wp:term":[{"taxonomy":"category","embeddable":true,"href":"https:\/\/www.notibras.com\/site\/wp-json\/wp\/v2\/categories?post=366348"},{"taxonomy":"post_tag","embeddable":true,"href":"https:\/\/www.notibras.com\/site\/wp-json\/wp\/v2\/tags?post=366348"}],"curies":[{"name":"wp","href":"https:\/\/api.w.org\/{rel}","templated":true}]}}