{"id":366373,"date":"2025-10-06T01:21:38","date_gmt":"2025-10-06T04:21:38","guid":{"rendered":"https:\/\/www.notibras.com\/site\/?p=366373"},"modified":"2025-10-05T21:24:03","modified_gmt":"2025-10-06T00:24:03","slug":"carrancas-do-velho-chico-agem-como-os-guardioes-das-aguas-e-dos-espiritos","status":"publish","type":"post","link":"https:\/\/www.notibras.com\/site\/carrancas-do-velho-chico-agem-como-os-guardioes-das-aguas-e-dos-espiritos\/","title":{"rendered":"Carrancas do Velho Chico agem como os guardi\u00f5es das \u00e1guas e dos esp\u00edritos"},"content":{"rendered":"<p data-start=\"603\" data-end=\"1054\">No espelho d\u2019\u00e1gua do Rio S\u00e3o Francisco, onde o tempo parece correr mais devagar, navegam embarca\u00e7\u00f5es que carregam em suas proas rostos de madeira \u2014 ora ferozes, ora caricatos \u2014 conhecidos como carrancas. Olhos arregalados, dentes pontiagudos, bocas escancaradas em gritos mudos: figuras que misturam arte, supersti\u00e7\u00e3o e devo\u00e7\u00e3o. Para os ribeirinhos, elas n\u00e3o s\u00e3o apenas ornamentos. S\u00e3o protetoras das \u00e1guas e dos homens que nelas se aventuram.<\/p>\n<p data-start=\"1056\" data-end=\"1461\">Essas esculturas surgiram como amuletos fluviais, guardi\u00e3s contra os maus esp\u00edritos, as tempestades e as assombra\u00e7\u00f5es do rio. No imagin\u00e1rio popular, as carrancas afastavam o azar, impediam o afogamento e espantavam o \u201cencantado\u201d, o invis\u00edvel que habita o S\u00e3o Francisco. Cada barqueiro confiava \u00e0 sua carranca o papel de vigiar o percurso, como se o barco fosse um ser vivo com alma e olhos na madeira.<\/p>\n<p data-start=\"1463\" data-end=\"1894\">Curiosamente, a cren\u00e7a n\u00e3o \u00e9 exclusiva das margens do Brasil profundo. Nos fiordes e mares g\u00e9lidos da Escandin\u00e1via, os vikings tamb\u00e9m adornavam seus navios \u2014 os temidos <em data-start=\"1636\" data-end=\"1646\">dracares<\/em> \u2014 com cabe\u00e7as de drag\u00f5es, serpentes e monstros marinhos. O prop\u00f3sito era semelhante: intimidar inimigos e afastar esp\u00edritos malignos. Assim como as carrancas do sert\u00e3o, os drag\u00f5es n\u00f3rdicos rugiam silenciosamente contra o medo e o desconhecido.<\/p>\n<p data-start=\"1896\" data-end=\"2222\">O que une o barqueiro do Velho Chico e o guerreiro do Norte \u00e9 o mesmo instinto ancestral: o de proteger-se daquilo que n\u00e3o se v\u00ea. Madeira esculpida, pintura, f\u00e9 e medo misturam-se em cada figura, como se o homem, ao navegar, precisasse sempre de um guardi\u00e3o \u00e0 frente \u2014 algu\u00e9m que enfrentasse os fantasmas do rio ou do mar.<\/p>\n<p data-start=\"2224\" data-end=\"2499\">Hoje, as carrancas resistem n\u00e3o apenas nas \u00e1guas, mas nas feiras e museus, transformadas em s\u00edmbolo do S\u00e3o Francisco e da alma sertaneja. Guardam em seu olhar de madeira a mem\u00f3ria de um tempo em que <strong data-start=\"2423\" data-end=\"2459\">a <\/strong>travessia era tamb\u00e9m um ritual, e navegar, um ato de coragem e cren\u00e7a.<\/p>\n","protected":false},"excerpt":{"rendered":"<p>No espelho d\u2019\u00e1gua do Rio S\u00e3o Francisco, onde o tempo parece correr mais devagar, navegam embarca\u00e7\u00f5es que carregam em suas proas rostos de madeira \u2014 ora ferozes, ora caricatos \u2014 conhecidos como carrancas. Olhos arregalados, dentes pontiagudos, bocas escancaradas em gritos mudos: figuras que misturam arte, supersti\u00e7\u00e3o e devo\u00e7\u00e3o. Para os ribeirinhos, elas n\u00e3o s\u00e3o [&hellip;]<\/p>\n","protected":false},"author":2,"featured_media":366374,"comment_status":"closed","ping_status":"closed","sticky":false,"template":"","format":"standard","meta":{"_acf_changed":false,"footnotes":""},"categories":[237],"tags":[],"class_list":["post-366373","post","type-post","status-publish","format-standard","has-post-thumbnail","hentry","category-oraculos"],"acf":[],"yoast_head":"<!-- This site is optimized with the Yoast SEO plugin v27.2 - https:\/\/yoast.com\/product\/yoast-seo-wordpress\/ -->\n<title>Carrancas do Velho Chico agem como os guardi\u00f5es das \u00e1guas e dos esp\u00edritos - Notibras<\/title>\n<meta name=\"robots\" content=\"index, follow, max-snippet:-1, max-image-preview:large, max-video-preview:-1\" \/>\n<link rel=\"canonical\" href=\"https:\/\/www.notibras.com\/site\/carrancas-do-velho-chico-agem-como-os-guardioes-das-aguas-e-dos-espiritos\/\" \/>\n<meta property=\"og:locale\" content=\"pt_BR\" \/>\n<meta property=\"og:type\" content=\"article\" \/>\n<meta property=\"og:title\" content=\"Carrancas do Velho Chico agem como os guardi\u00f5es das \u00e1guas e dos esp\u00edritos - Notibras\" \/>\n<meta property=\"og:description\" content=\"No espelho d\u2019\u00e1gua do Rio S\u00e3o Francisco, onde o tempo parece correr mais devagar, navegam embarca\u00e7\u00f5es que carregam em suas proas rostos de madeira \u2014 ora ferozes, ora caricatos \u2014 conhecidos como carrancas. Olhos arregalados, dentes pontiagudos, bocas escancaradas em gritos mudos: figuras que misturam arte, supersti\u00e7\u00e3o e devo\u00e7\u00e3o. Para os ribeirinhos, elas n\u00e3o s\u00e3o [&hellip;]\" \/>\n<meta property=\"og:url\" content=\"https:\/\/www.notibras.com\/site\/carrancas-do-velho-chico-agem-como-os-guardioes-das-aguas-e-dos-espiritos\/\" \/>\n<meta property=\"og:site_name\" content=\"Notibras\" \/>\n<meta property=\"article:publisher\" content=\"https:\/\/www.facebook.com\/notibras\/\" \/>\n<meta property=\"article:published_time\" content=\"2025-10-06T04:21:38+00:00\" \/>\n<meta property=\"og:image\" content=\"https:\/\/www.notibras.com\/site\/wp-content\/uploads\/2025\/10\/6f2949d1-1aa2-43e4-a358-8e0b4c3ee32b-1024x683.png\" \/>\n\t<meta property=\"og:image:width\" content=\"1024\" \/>\n\t<meta property=\"og:image:height\" content=\"683\" \/>\n\t<meta property=\"og:image:type\" content=\"image\/png\" \/>\n<meta name=\"author\" content=\"Reda\u00e7\u00e3o\" \/>\n<meta name=\"twitter:card\" content=\"summary_large_image\" \/>\n<meta name=\"twitter:creator\" content=\"@Notibras\" \/>\n<meta name=\"twitter:site\" content=\"@Notibras\" \/>\n<meta name=\"twitter:label1\" content=\"Escrito por\" \/>\n\t<meta name=\"twitter:data1\" content=\"Reda\u00e7\u00e3o\" \/>\n\t<meta name=\"twitter:label2\" content=\"Est. tempo de leitura\" \/>\n\t<meta name=\"twitter:data2\" content=\"2 minutos\" \/>\n<script type=\"application\/ld+json\" class=\"yoast-schema-graph\">{\"@context\":\"https:\/\/schema.org\",\"@graph\":[{\"@type\":\"Article\",\"@id\":\"https:\/\/www.notibras.com\/site\/carrancas-do-velho-chico-agem-como-os-guardioes-das-aguas-e-dos-espiritos\/#article\",\"isPartOf\":{\"@id\":\"https:\/\/www.notibras.com\/site\/carrancas-do-velho-chico-agem-como-os-guardioes-das-aguas-e-dos-espiritos\/\"},\"author\":{\"name\":\"Reda\u00e7\u00e3o\",\"@id\":\"https:\/\/www.notibras.com\/site\/#\/schema\/person\/36ab0979449956132d3e5b517ea76ac8\"},\"headline\":\"Carrancas do Velho Chico agem como os guardi\u00f5es das \u00e1guas e dos esp\u00edritos\",\"datePublished\":\"2025-10-06T04:21:38+00:00\",\"mainEntityOfPage\":{\"@id\":\"https:\/\/www.notibras.com\/site\/carrancas-do-velho-chico-agem-como-os-guardioes-das-aguas-e-dos-espiritos\/\"},\"wordCount\":349,\"publisher\":{\"@id\":\"https:\/\/www.notibras.com\/site\/#organization\"},\"image\":{\"@id\":\"https:\/\/www.notibras.com\/site\/carrancas-do-velho-chico-agem-como-os-guardioes-das-aguas-e-dos-espiritos\/#primaryimage\"},\"thumbnailUrl\":\"https:\/\/www.notibras.com\/site\/wp-content\/uploads\/2025\/10\/6f2949d1-1aa2-43e4-a358-8e0b4c3ee32b.png\",\"articleSection\":[\"Or\u00e1culos\"],\"inLanguage\":\"pt-BR\"},{\"@type\":\"WebPage\",\"@id\":\"https:\/\/www.notibras.com\/site\/carrancas-do-velho-chico-agem-como-os-guardioes-das-aguas-e-dos-espiritos\/\",\"url\":\"https:\/\/www.notibras.com\/site\/carrancas-do-velho-chico-agem-como-os-guardioes-das-aguas-e-dos-espiritos\/\",\"name\":\"Carrancas do Velho Chico agem como os guardi\u00f5es das \u00e1guas e dos esp\u00edritos - Notibras\",\"isPartOf\":{\"@id\":\"https:\/\/www.notibras.com\/site\/#website\"},\"primaryImageOfPage\":{\"@id\":\"https:\/\/www.notibras.com\/site\/carrancas-do-velho-chico-agem-como-os-guardioes-das-aguas-e-dos-espiritos\/#primaryimage\"},\"image\":{\"@id\":\"https:\/\/www.notibras.com\/site\/carrancas-do-velho-chico-agem-como-os-guardioes-das-aguas-e-dos-espiritos\/#primaryimage\"},\"thumbnailUrl\":\"https:\/\/www.notibras.com\/site\/wp-content\/uploads\/2025\/10\/6f2949d1-1aa2-43e4-a358-8e0b4c3ee32b.png\",\"datePublished\":\"2025-10-06T04:21:38+00:00\",\"breadcrumb\":{\"@id\":\"https:\/\/www.notibras.com\/site\/carrancas-do-velho-chico-agem-como-os-guardioes-das-aguas-e-dos-espiritos\/#breadcrumb\"},\"inLanguage\":\"pt-BR\",\"potentialAction\":[{\"@type\":\"ReadAction\",\"target\":[\"https:\/\/www.notibras.com\/site\/carrancas-do-velho-chico-agem-como-os-guardioes-das-aguas-e-dos-espiritos\/\"]}]},{\"@type\":\"ImageObject\",\"inLanguage\":\"pt-BR\",\"@id\":\"https:\/\/www.notibras.com\/site\/carrancas-do-velho-chico-agem-como-os-guardioes-das-aguas-e-dos-espiritos\/#primaryimage\",\"url\":\"https:\/\/www.notibras.com\/site\/wp-content\/uploads\/2025\/10\/6f2949d1-1aa2-43e4-a358-8e0b4c3ee32b.png\",\"contentUrl\":\"https:\/\/www.notibras.com\/site\/wp-content\/uploads\/2025\/10\/6f2949d1-1aa2-43e4-a358-8e0b4c3ee32b.png\",\"width\":1536,\"height\":1024},{\"@type\":\"BreadcrumbList\",\"@id\":\"https:\/\/www.notibras.com\/site\/carrancas-do-velho-chico-agem-como-os-guardioes-das-aguas-e-dos-espiritos\/#breadcrumb\",\"itemListElement\":[{\"@type\":\"ListItem\",\"position\":1,\"name\":\"In\u00edcio\",\"item\":\"https:\/\/www.notibras.com\/site\/\"},{\"@type\":\"ListItem\",\"position\":2,\"name\":\"Carrancas do Velho Chico agem como os guardi\u00f5es das \u00e1guas e dos esp\u00edritos\"}]},{\"@type\":\"WebSite\",\"@id\":\"https:\/\/www.notibras.com\/site\/#website\",\"url\":\"https:\/\/www.notibras.com\/site\/\",\"name\":\"Notibras\",\"description\":\"Not\u00edcias de Bras\u00edlia, do Brasil e do Mundo\",\"publisher\":{\"@id\":\"https:\/\/www.notibras.com\/site\/#organization\"},\"potentialAction\":[{\"@type\":\"SearchAction\",\"target\":{\"@type\":\"EntryPoint\",\"urlTemplate\":\"https:\/\/www.notibras.com\/site\/?s={search_term_string}\"},\"query-input\":{\"@type\":\"PropertyValueSpecification\",\"valueRequired\":true,\"valueName\":\"search_term_string\"}}],\"inLanguage\":\"pt-BR\"},{\"@type\":\"Organization\",\"@id\":\"https:\/\/www.notibras.com\/site\/#organization\",\"name\":\"Grupo Notibras de Comunica\u00e7\u00e3o\",\"url\":\"https:\/\/www.notibras.com\/site\/\",\"logo\":{\"@type\":\"ImageObject\",\"inLanguage\":\"pt-BR\",\"@id\":\"https:\/\/www.notibras.com\/site\/#\/schema\/logo\/image\/\",\"url\":\"https:\/\/www.notibras.com\/site\/wp-content\/uploads\/2023\/01\/notibras23.png\",\"contentUrl\":\"https:\/\/www.notibras.com\/site\/wp-content\/uploads\/2023\/01\/notibras23.png\",\"width\":350,\"height\":87,\"caption\":\"Grupo Notibras de Comunica\u00e7\u00e3o\"},\"image\":{\"@id\":\"https:\/\/www.notibras.com\/site\/#\/schema\/logo\/image\/\"},\"sameAs\":[\"https:\/\/www.facebook.com\/notibras\/\",\"https:\/\/x.com\/Notibras\",\"https:\/\/www.instagram.com\/notibras\/\"]},{\"@type\":\"Person\",\"@id\":\"https:\/\/www.notibras.com\/site\/#\/schema\/person\/36ab0979449956132d3e5b517ea76ac8\",\"name\":\"Reda\u00e7\u00e3o\",\"image\":{\"@type\":\"ImageObject\",\"inLanguage\":\"pt-BR\",\"@id\":\"https:\/\/secure.gravatar.com\/avatar\/e0a867bdedb85fd243eadf09663511f96fc81e0720a4a42581f334ad4303aa6b?s=96&d=mm&r=g\",\"url\":\"https:\/\/secure.gravatar.com\/avatar\/e0a867bdedb85fd243eadf09663511f96fc81e0720a4a42581f334ad4303aa6b?s=96&d=mm&r=g\",\"contentUrl\":\"https:\/\/secure.gravatar.com\/avatar\/e0a867bdedb85fd243eadf09663511f96fc81e0720a4a42581f334ad4303aa6b?s=96&d=mm&r=g\",\"caption\":\"Reda\u00e7\u00e3o\"}}]}<\/script>\n<!-- \/ Yoast SEO plugin. -->","yoast_head_json":{"title":"Carrancas do Velho Chico agem como os guardi\u00f5es das \u00e1guas e dos esp\u00edritos - Notibras","robots":{"index":"index","follow":"follow","max-snippet":"max-snippet:-1","max-image-preview":"max-image-preview:large","max-video-preview":"max-video-preview:-1"},"canonical":"https:\/\/www.notibras.com\/site\/carrancas-do-velho-chico-agem-como-os-guardioes-das-aguas-e-dos-espiritos\/","og_locale":"pt_BR","og_type":"article","og_title":"Carrancas do Velho Chico agem como os guardi\u00f5es das \u00e1guas e dos esp\u00edritos - Notibras","og_description":"No espelho d\u2019\u00e1gua do Rio S\u00e3o Francisco, onde o tempo parece correr mais devagar, navegam embarca\u00e7\u00f5es que carregam em suas proas rostos de madeira \u2014 ora ferozes, ora caricatos \u2014 conhecidos como carrancas. Olhos arregalados, dentes pontiagudos, bocas escancaradas em gritos mudos: figuras que misturam arte, supersti\u00e7\u00e3o e devo\u00e7\u00e3o. Para os ribeirinhos, elas n\u00e3o s\u00e3o [&hellip;]","og_url":"https:\/\/www.notibras.com\/site\/carrancas-do-velho-chico-agem-como-os-guardioes-das-aguas-e-dos-espiritos\/","og_site_name":"Notibras","article_publisher":"https:\/\/www.facebook.com\/notibras\/","article_published_time":"2025-10-06T04:21:38+00:00","og_image":[{"width":1024,"height":683,"url":"https:\/\/www.notibras.com\/site\/wp-content\/uploads\/2025\/10\/6f2949d1-1aa2-43e4-a358-8e0b4c3ee32b-1024x683.png","type":"image\/png"}],"author":"Reda\u00e7\u00e3o","twitter_card":"summary_large_image","twitter_creator":"@Notibras","twitter_site":"@Notibras","twitter_misc":{"Escrito por":"Reda\u00e7\u00e3o","Est. tempo de leitura":"2 minutos"},"schema":{"@context":"https:\/\/schema.org","@graph":[{"@type":"Article","@id":"https:\/\/www.notibras.com\/site\/carrancas-do-velho-chico-agem-como-os-guardioes-das-aguas-e-dos-espiritos\/#article","isPartOf":{"@id":"https:\/\/www.notibras.com\/site\/carrancas-do-velho-chico-agem-como-os-guardioes-das-aguas-e-dos-espiritos\/"},"author":{"name":"Reda\u00e7\u00e3o","@id":"https:\/\/www.notibras.com\/site\/#\/schema\/person\/36ab0979449956132d3e5b517ea76ac8"},"headline":"Carrancas do Velho Chico agem como os guardi\u00f5es das \u00e1guas e dos esp\u00edritos","datePublished":"2025-10-06T04:21:38+00:00","mainEntityOfPage":{"@id":"https:\/\/www.notibras.com\/site\/carrancas-do-velho-chico-agem-como-os-guardioes-das-aguas-e-dos-espiritos\/"},"wordCount":349,"publisher":{"@id":"https:\/\/www.notibras.com\/site\/#organization"},"image":{"@id":"https:\/\/www.notibras.com\/site\/carrancas-do-velho-chico-agem-como-os-guardioes-das-aguas-e-dos-espiritos\/#primaryimage"},"thumbnailUrl":"https:\/\/www.notibras.com\/site\/wp-content\/uploads\/2025\/10\/6f2949d1-1aa2-43e4-a358-8e0b4c3ee32b.png","articleSection":["Or\u00e1culos"],"inLanguage":"pt-BR"},{"@type":"WebPage","@id":"https:\/\/www.notibras.com\/site\/carrancas-do-velho-chico-agem-como-os-guardioes-das-aguas-e-dos-espiritos\/","url":"https:\/\/www.notibras.com\/site\/carrancas-do-velho-chico-agem-como-os-guardioes-das-aguas-e-dos-espiritos\/","name":"Carrancas do Velho Chico agem como os guardi\u00f5es das \u00e1guas e dos esp\u00edritos - Notibras","isPartOf":{"@id":"https:\/\/www.notibras.com\/site\/#website"},"primaryImageOfPage":{"@id":"https:\/\/www.notibras.com\/site\/carrancas-do-velho-chico-agem-como-os-guardioes-das-aguas-e-dos-espiritos\/#primaryimage"},"image":{"@id":"https:\/\/www.notibras.com\/site\/carrancas-do-velho-chico-agem-como-os-guardioes-das-aguas-e-dos-espiritos\/#primaryimage"},"thumbnailUrl":"https:\/\/www.notibras.com\/site\/wp-content\/uploads\/2025\/10\/6f2949d1-1aa2-43e4-a358-8e0b4c3ee32b.png","datePublished":"2025-10-06T04:21:38+00:00","breadcrumb":{"@id":"https:\/\/www.notibras.com\/site\/carrancas-do-velho-chico-agem-como-os-guardioes-das-aguas-e-dos-espiritos\/#breadcrumb"},"inLanguage":"pt-BR","potentialAction":[{"@type":"ReadAction","target":["https:\/\/www.notibras.com\/site\/carrancas-do-velho-chico-agem-como-os-guardioes-das-aguas-e-dos-espiritos\/"]}]},{"@type":"ImageObject","inLanguage":"pt-BR","@id":"https:\/\/www.notibras.com\/site\/carrancas-do-velho-chico-agem-como-os-guardioes-das-aguas-e-dos-espiritos\/#primaryimage","url":"https:\/\/www.notibras.com\/site\/wp-content\/uploads\/2025\/10\/6f2949d1-1aa2-43e4-a358-8e0b4c3ee32b.png","contentUrl":"https:\/\/www.notibras.com\/site\/wp-content\/uploads\/2025\/10\/6f2949d1-1aa2-43e4-a358-8e0b4c3ee32b.png","width":1536,"height":1024},{"@type":"BreadcrumbList","@id":"https:\/\/www.notibras.com\/site\/carrancas-do-velho-chico-agem-como-os-guardioes-das-aguas-e-dos-espiritos\/#breadcrumb","itemListElement":[{"@type":"ListItem","position":1,"name":"In\u00edcio","item":"https:\/\/www.notibras.com\/site\/"},{"@type":"ListItem","position":2,"name":"Carrancas do Velho Chico agem como os guardi\u00f5es das \u00e1guas e dos esp\u00edritos"}]},{"@type":"WebSite","@id":"https:\/\/www.notibras.com\/site\/#website","url":"https:\/\/www.notibras.com\/site\/","name":"Notibras","description":"Not\u00edcias de Bras\u00edlia, do Brasil e do Mundo","publisher":{"@id":"https:\/\/www.notibras.com\/site\/#organization"},"potentialAction":[{"@type":"SearchAction","target":{"@type":"EntryPoint","urlTemplate":"https:\/\/www.notibras.com\/site\/?s={search_term_string}"},"query-input":{"@type":"PropertyValueSpecification","valueRequired":true,"valueName":"search_term_string"}}],"inLanguage":"pt-BR"},{"@type":"Organization","@id":"https:\/\/www.notibras.com\/site\/#organization","name":"Grupo Notibras de Comunica\u00e7\u00e3o","url":"https:\/\/www.notibras.com\/site\/","logo":{"@type":"ImageObject","inLanguage":"pt-BR","@id":"https:\/\/www.notibras.com\/site\/#\/schema\/logo\/image\/","url":"https:\/\/www.notibras.com\/site\/wp-content\/uploads\/2023\/01\/notibras23.png","contentUrl":"https:\/\/www.notibras.com\/site\/wp-content\/uploads\/2023\/01\/notibras23.png","width":350,"height":87,"caption":"Grupo Notibras de Comunica\u00e7\u00e3o"},"image":{"@id":"https:\/\/www.notibras.com\/site\/#\/schema\/logo\/image\/"},"sameAs":["https:\/\/www.facebook.com\/notibras\/","https:\/\/x.com\/Notibras","https:\/\/www.instagram.com\/notibras\/"]},{"@type":"Person","@id":"https:\/\/www.notibras.com\/site\/#\/schema\/person\/36ab0979449956132d3e5b517ea76ac8","name":"Reda\u00e7\u00e3o","image":{"@type":"ImageObject","inLanguage":"pt-BR","@id":"https:\/\/secure.gravatar.com\/avatar\/e0a867bdedb85fd243eadf09663511f96fc81e0720a4a42581f334ad4303aa6b?s=96&d=mm&r=g","url":"https:\/\/secure.gravatar.com\/avatar\/e0a867bdedb85fd243eadf09663511f96fc81e0720a4a42581f334ad4303aa6b?s=96&d=mm&r=g","contentUrl":"https:\/\/secure.gravatar.com\/avatar\/e0a867bdedb85fd243eadf09663511f96fc81e0720a4a42581f334ad4303aa6b?s=96&d=mm&r=g","caption":"Reda\u00e7\u00e3o"}}]}},"amp_enabled":true,"_links":{"self":[{"href":"https:\/\/www.notibras.com\/site\/wp-json\/wp\/v2\/posts\/366373","targetHints":{"allow":["GET"]}}],"collection":[{"href":"https:\/\/www.notibras.com\/site\/wp-json\/wp\/v2\/posts"}],"about":[{"href":"https:\/\/www.notibras.com\/site\/wp-json\/wp\/v2\/types\/post"}],"author":[{"embeddable":true,"href":"https:\/\/www.notibras.com\/site\/wp-json\/wp\/v2\/users\/2"}],"replies":[{"embeddable":true,"href":"https:\/\/www.notibras.com\/site\/wp-json\/wp\/v2\/comments?post=366373"}],"version-history":[{"count":2,"href":"https:\/\/www.notibras.com\/site\/wp-json\/wp\/v2\/posts\/366373\/revisions"}],"predecessor-version":[{"id":366376,"href":"https:\/\/www.notibras.com\/site\/wp-json\/wp\/v2\/posts\/366373\/revisions\/366376"}],"wp:featuredmedia":[{"embeddable":true,"href":"https:\/\/www.notibras.com\/site\/wp-json\/wp\/v2\/media\/366374"}],"wp:attachment":[{"href":"https:\/\/www.notibras.com\/site\/wp-json\/wp\/v2\/media?parent=366373"}],"wp:term":[{"taxonomy":"category","embeddable":true,"href":"https:\/\/www.notibras.com\/site\/wp-json\/wp\/v2\/categories?post=366373"},{"taxonomy":"post_tag","embeddable":true,"href":"https:\/\/www.notibras.com\/site\/wp-json\/wp\/v2\/tags?post=366373"}],"curies":[{"name":"wp","href":"https:\/\/api.w.org\/{rel}","templated":true}]}}