{"id":366467,"date":"2025-10-06T16:33:48","date_gmt":"2025-10-06T19:33:48","guid":{"rendered":"https:\/\/www.notibras.com\/site\/?p=366467"},"modified":"2025-10-06T16:34:52","modified_gmt":"2025-10-06T19:34:52","slug":"pequim-e-washington-entram-em-rota-de-colisao-pelo-canal-do-panama","status":"publish","type":"post","link":"https:\/\/www.notibras.com\/site\/pequim-e-washington-entram-em-rota-de-colisao-pelo-canal-do-panama\/","title":{"rendered":"Pequim e Washington entram em rota de colis\u00e3o pelo Canal do Panam\u00e1"},"content":{"rendered":"<p>A embaixada chinesa no Panam\u00e1 criticou na segunda-feira os coment\u00e1rios do embaixador dos Estados Unidos no Panam\u00e1, Kevin Marino Cabrera, sobre a suposta interfer\u00eancia de Pequim em quest\u00f5es relacionadas ao Canal do Panam\u00e1.<\/p>\n<p>No domingo, Cabrera disse em uma entrevista ao jornal Contrapeso que a China tinha influ\u00eancia &#8220;maligna&#8221; no Canal do Panam\u00e1, acusando Pequim de ataques cibern\u00e9ticos e corrup\u00e7\u00e3o e amea\u00e7ando cancelar vistos para aqueles que cooperassem com empresas chinesas.<\/p>\n<p>&#8220;As declara\u00e7\u00f5es do embaixador dos EUA sobre a China n\u00e3o t\u00eam base factual nem justificativa cient\u00edfica; visam provocar conflitos entre a China e outros pa\u00edses da regi\u00e3o. Privar esses pa\u00edses de sua independ\u00eancia diplom\u00e1tica atende aos interesses geopol\u00edticos dos Estados Unidos, gerando mais cr\u00edticas e oposi\u00e7\u00e3o&#8221;, afirmou a embaixada chinesa em um comunicado.<br \/>\nA China adere ao princ\u00edpio de &#8220;consulta conjunta, constru\u00e7\u00e3o conjunta e uso conjunto&#8221; em coopera\u00e7\u00e3o mutuamente ben\u00e9fica com todos os pa\u00edses, diz a declara\u00e7\u00e3o.<\/p>\n<p>&#8220;Os projetos de empresas chinesas no Panam\u00e1 e em outros pa\u00edses latino-americanos contribuem significativamente para o desenvolvimento socioecon\u00f4mico. Produtos chineses de alta qualidade a pre\u00e7os baixos s\u00e3o populares. A declara\u00e7\u00e3o do embaixador dos EUA lan\u00e7a d\u00favidas sobre a capacidade dos pa\u00edses da regi\u00e3o de pensar com sensatez e ridiculariza a popula\u00e7\u00e3o local&#8221;, afirmou a embaixada.<\/p>\n<p>Pequim pede que Washington deixe de lado a arrog\u00e2ncia e o preconceito e &#8220;se concentre nas quest\u00f5es que realmente contribuem para o desenvolvimento dos pa\u00edses da regi\u00e3o e o bem-estar de seus povos&#8221;, acrescentou a embaixada.<\/p>\n","protected":false},"excerpt":{"rendered":"<p>A embaixada chinesa no Panam\u00e1 criticou na segunda-feira os coment\u00e1rios do embaixador dos Estados Unidos no Panam\u00e1, Kevin Marino Cabrera, sobre a suposta interfer\u00eancia de Pequim em quest\u00f5es relacionadas ao Canal do Panam\u00e1. No domingo, Cabrera disse em uma entrevista ao jornal Contrapeso que a China tinha influ\u00eancia &#8220;maligna&#8221; no Canal do Panam\u00e1, acusando Pequim [&hellip;]<\/p>\n","protected":false},"author":2,"featured_media":366468,"comment_status":"closed","ping_status":"closed","sticky":false,"template":"","format":"standard","meta":{"_acf_changed":false,"footnotes":""},"categories":[159],"tags":[],"class_list":["post-366467","post","type-post","status-publish","format-standard","has-post-thumbnail","hentry","category-apocalipse"],"acf":[],"yoast_head":"<!-- This site is optimized with the Yoast SEO plugin v27.2 - https:\/\/yoast.com\/product\/yoast-seo-wordpress\/ -->\n<title>Pequim e Washington entram em rota de colis\u00e3o pelo Canal do Panam\u00e1 - Notibras<\/title>\n<meta name=\"robots\" content=\"index, follow, max-snippet:-1, max-image-preview:large, max-video-preview:-1\" \/>\n<link rel=\"canonical\" href=\"https:\/\/www.notibras.com\/site\/pequim-e-washington-entram-em-rota-de-colisao-pelo-canal-do-panama\/\" \/>\n<meta property=\"og:locale\" content=\"pt_BR\" \/>\n<meta property=\"og:type\" content=\"article\" \/>\n<meta property=\"og:title\" content=\"Pequim e Washington entram em rota de colis\u00e3o pelo Canal do Panam\u00e1 - Notibras\" \/>\n<meta property=\"og:description\" content=\"A embaixada chinesa no Panam\u00e1 criticou na segunda-feira os coment\u00e1rios do embaixador dos Estados Unidos no Panam\u00e1, Kevin Marino Cabrera, sobre a suposta interfer\u00eancia de Pequim em quest\u00f5es relacionadas ao Canal do Panam\u00e1. No domingo, Cabrera disse em uma entrevista ao jornal Contrapeso que a China tinha influ\u00eancia &#8220;maligna&#8221; no Canal do Panam\u00e1, acusando Pequim [&hellip;]\" \/>\n<meta property=\"og:url\" content=\"https:\/\/www.notibras.com\/site\/pequim-e-washington-entram-em-rota-de-colisao-pelo-canal-do-panama\/\" \/>\n<meta property=\"og:site_name\" content=\"Notibras\" \/>\n<meta property=\"article:publisher\" content=\"https:\/\/www.facebook.com\/notibras\/\" \/>\n<meta property=\"article:published_time\" content=\"2025-10-06T19:33:48+00:00\" \/>\n<meta property=\"article:modified_time\" content=\"2025-10-06T19:34:52+00:00\" \/>\n<meta property=\"og:image\" content=\"https:\/\/www.notibras.com\/site\/wp-content\/uploads\/2025\/10\/1041974343_0_239_5263_3199_1920x0_80_0_0_4661af7577118e390f64c87aecfadb8e.jpg.webp\" \/>\n\t<meta property=\"og:image:width\" content=\"1920\" \/>\n\t<meta property=\"og:image:height\" content=\"1080\" \/>\n\t<meta property=\"og:image:type\" content=\"image\/webp\" \/>\n<meta name=\"author\" content=\"Reda\u00e7\u00e3o\" \/>\n<meta name=\"twitter:card\" content=\"summary_large_image\" \/>\n<meta name=\"twitter:creator\" content=\"@Notibras\" \/>\n<meta name=\"twitter:site\" content=\"@Notibras\" \/>\n<meta name=\"twitter:label1\" content=\"Escrito por\" \/>\n\t<meta name=\"twitter:data1\" content=\"Reda\u00e7\u00e3o\" \/>\n\t<meta name=\"twitter:label2\" content=\"Est. tempo de leitura\" \/>\n\t<meta name=\"twitter:data2\" content=\"2 minutos\" \/>\n<script type=\"application\/ld+json\" class=\"yoast-schema-graph\">{\"@context\":\"https:\/\/schema.org\",\"@graph\":[{\"@type\":\"Article\",\"@id\":\"https:\/\/www.notibras.com\/site\/pequim-e-washington-entram-em-rota-de-colisao-pelo-canal-do-panama\/#article\",\"isPartOf\":{\"@id\":\"https:\/\/www.notibras.com\/site\/pequim-e-washington-entram-em-rota-de-colisao-pelo-canal-do-panama\/\"},\"author\":{\"name\":\"Reda\u00e7\u00e3o\",\"@id\":\"https:\/\/www.notibras.com\/site\/#\/schema\/person\/36ab0979449956132d3e5b517ea76ac8\"},\"headline\":\"Pequim e Washington entram em rota de colis\u00e3o pelo Canal do Panam\u00e1\",\"datePublished\":\"2025-10-06T19:33:48+00:00\",\"dateModified\":\"2025-10-06T19:34:52+00:00\",\"mainEntityOfPage\":{\"@id\":\"https:\/\/www.notibras.com\/site\/pequim-e-washington-entram-em-rota-de-colisao-pelo-canal-do-panama\/\"},\"wordCount\":291,\"publisher\":{\"@id\":\"https:\/\/www.notibras.com\/site\/#organization\"},\"image\":{\"@id\":\"https:\/\/www.notibras.com\/site\/pequim-e-washington-entram-em-rota-de-colisao-pelo-canal-do-panama\/#primaryimage\"},\"thumbnailUrl\":\"https:\/\/www.notibras.com\/site\/wp-content\/uploads\/2025\/10\/1041974343_0_239_5263_3199_1920x0_80_0_0_4661af7577118e390f64c87aecfadb8e.jpg.webp\",\"articleSection\":[\"Apocalipse\"],\"inLanguage\":\"pt-BR\"},{\"@type\":\"WebPage\",\"@id\":\"https:\/\/www.notibras.com\/site\/pequim-e-washington-entram-em-rota-de-colisao-pelo-canal-do-panama\/\",\"url\":\"https:\/\/www.notibras.com\/site\/pequim-e-washington-entram-em-rota-de-colisao-pelo-canal-do-panama\/\",\"name\":\"Pequim e Washington entram em rota de colis\u00e3o pelo Canal do Panam\u00e1 - Notibras\",\"isPartOf\":{\"@id\":\"https:\/\/www.notibras.com\/site\/#website\"},\"primaryImageOfPage\":{\"@id\":\"https:\/\/www.notibras.com\/site\/pequim-e-washington-entram-em-rota-de-colisao-pelo-canal-do-panama\/#primaryimage\"},\"image\":{\"@id\":\"https:\/\/www.notibras.com\/site\/pequim-e-washington-entram-em-rota-de-colisao-pelo-canal-do-panama\/#primaryimage\"},\"thumbnailUrl\":\"https:\/\/www.notibras.com\/site\/wp-content\/uploads\/2025\/10\/1041974343_0_239_5263_3199_1920x0_80_0_0_4661af7577118e390f64c87aecfadb8e.jpg.webp\",\"datePublished\":\"2025-10-06T19:33:48+00:00\",\"dateModified\":\"2025-10-06T19:34:52+00:00\",\"breadcrumb\":{\"@id\":\"https:\/\/www.notibras.com\/site\/pequim-e-washington-entram-em-rota-de-colisao-pelo-canal-do-panama\/#breadcrumb\"},\"inLanguage\":\"pt-BR\",\"potentialAction\":[{\"@type\":\"ReadAction\",\"target\":[\"https:\/\/www.notibras.com\/site\/pequim-e-washington-entram-em-rota-de-colisao-pelo-canal-do-panama\/\"]}]},{\"@type\":\"ImageObject\",\"inLanguage\":\"pt-BR\",\"@id\":\"https:\/\/www.notibras.com\/site\/pequim-e-washington-entram-em-rota-de-colisao-pelo-canal-do-panama\/#primaryimage\",\"url\":\"https:\/\/www.notibras.com\/site\/wp-content\/uploads\/2025\/10\/1041974343_0_239_5263_3199_1920x0_80_0_0_4661af7577118e390f64c87aecfadb8e.jpg.webp\",\"contentUrl\":\"https:\/\/www.notibras.com\/site\/wp-content\/uploads\/2025\/10\/1041974343_0_239_5263_3199_1920x0_80_0_0_4661af7577118e390f64c87aecfadb8e.jpg.webp\",\"width\":1920,\"height\":1080},{\"@type\":\"BreadcrumbList\",\"@id\":\"https:\/\/www.notibras.com\/site\/pequim-e-washington-entram-em-rota-de-colisao-pelo-canal-do-panama\/#breadcrumb\",\"itemListElement\":[{\"@type\":\"ListItem\",\"position\":1,\"name\":\"In\u00edcio\",\"item\":\"https:\/\/www.notibras.com\/site\/\"},{\"@type\":\"ListItem\",\"position\":2,\"name\":\"Pequim e Washington entram em rota de colis\u00e3o pelo Canal do Panam\u00e1\"}]},{\"@type\":\"WebSite\",\"@id\":\"https:\/\/www.notibras.com\/site\/#website\",\"url\":\"https:\/\/www.notibras.com\/site\/\",\"name\":\"Notibras\",\"description\":\"Not\u00edcias de Bras\u00edlia, do Brasil e do Mundo\",\"publisher\":{\"@id\":\"https:\/\/www.notibras.com\/site\/#organization\"},\"potentialAction\":[{\"@type\":\"SearchAction\",\"target\":{\"@type\":\"EntryPoint\",\"urlTemplate\":\"https:\/\/www.notibras.com\/site\/?s={search_term_string}\"},\"query-input\":{\"@type\":\"PropertyValueSpecification\",\"valueRequired\":true,\"valueName\":\"search_term_string\"}}],\"inLanguage\":\"pt-BR\"},{\"@type\":\"Organization\",\"@id\":\"https:\/\/www.notibras.com\/site\/#organization\",\"name\":\"Grupo Notibras de Comunica\u00e7\u00e3o\",\"url\":\"https:\/\/www.notibras.com\/site\/\",\"logo\":{\"@type\":\"ImageObject\",\"inLanguage\":\"pt-BR\",\"@id\":\"https:\/\/www.notibras.com\/site\/#\/schema\/logo\/image\/\",\"url\":\"https:\/\/www.notibras.com\/site\/wp-content\/uploads\/2023\/01\/notibras23.png\",\"contentUrl\":\"https:\/\/www.notibras.com\/site\/wp-content\/uploads\/2023\/01\/notibras23.png\",\"width\":350,\"height\":87,\"caption\":\"Grupo Notibras de Comunica\u00e7\u00e3o\"},\"image\":{\"@id\":\"https:\/\/www.notibras.com\/site\/#\/schema\/logo\/image\/\"},\"sameAs\":[\"https:\/\/www.facebook.com\/notibras\/\",\"https:\/\/x.com\/Notibras\",\"https:\/\/www.instagram.com\/notibras\/\"]},{\"@type\":\"Person\",\"@id\":\"https:\/\/www.notibras.com\/site\/#\/schema\/person\/36ab0979449956132d3e5b517ea76ac8\",\"name\":\"Reda\u00e7\u00e3o\",\"image\":{\"@type\":\"ImageObject\",\"inLanguage\":\"pt-BR\",\"@id\":\"https:\/\/secure.gravatar.com\/avatar\/e0a867bdedb85fd243eadf09663511f96fc81e0720a4a42581f334ad4303aa6b?s=96&d=mm&r=g\",\"url\":\"https:\/\/secure.gravatar.com\/avatar\/e0a867bdedb85fd243eadf09663511f96fc81e0720a4a42581f334ad4303aa6b?s=96&d=mm&r=g\",\"contentUrl\":\"https:\/\/secure.gravatar.com\/avatar\/e0a867bdedb85fd243eadf09663511f96fc81e0720a4a42581f334ad4303aa6b?s=96&d=mm&r=g\",\"caption\":\"Reda\u00e7\u00e3o\"}}]}<\/script>\n<!-- \/ Yoast SEO plugin. -->","yoast_head_json":{"title":"Pequim e Washington entram em rota de colis\u00e3o pelo Canal do Panam\u00e1 - Notibras","robots":{"index":"index","follow":"follow","max-snippet":"max-snippet:-1","max-image-preview":"max-image-preview:large","max-video-preview":"max-video-preview:-1"},"canonical":"https:\/\/www.notibras.com\/site\/pequim-e-washington-entram-em-rota-de-colisao-pelo-canal-do-panama\/","og_locale":"pt_BR","og_type":"article","og_title":"Pequim e Washington entram em rota de colis\u00e3o pelo Canal do Panam\u00e1 - Notibras","og_description":"A embaixada chinesa no Panam\u00e1 criticou na segunda-feira os coment\u00e1rios do embaixador dos Estados Unidos no Panam\u00e1, Kevin Marino Cabrera, sobre a suposta interfer\u00eancia de Pequim em quest\u00f5es relacionadas ao Canal do Panam\u00e1. No domingo, Cabrera disse em uma entrevista ao jornal Contrapeso que a China tinha influ\u00eancia &#8220;maligna&#8221; no Canal do Panam\u00e1, acusando Pequim [&hellip;]","og_url":"https:\/\/www.notibras.com\/site\/pequim-e-washington-entram-em-rota-de-colisao-pelo-canal-do-panama\/","og_site_name":"Notibras","article_publisher":"https:\/\/www.facebook.com\/notibras\/","article_published_time":"2025-10-06T19:33:48+00:00","article_modified_time":"2025-10-06T19:34:52+00:00","og_image":[{"width":1920,"height":1080,"url":"https:\/\/www.notibras.com\/site\/wp-content\/uploads\/2025\/10\/1041974343_0_239_5263_3199_1920x0_80_0_0_4661af7577118e390f64c87aecfadb8e.jpg.webp","type":"image\/webp"}],"author":"Reda\u00e7\u00e3o","twitter_card":"summary_large_image","twitter_creator":"@Notibras","twitter_site":"@Notibras","twitter_misc":{"Escrito por":"Reda\u00e7\u00e3o","Est. tempo de leitura":"2 minutos"},"schema":{"@context":"https:\/\/schema.org","@graph":[{"@type":"Article","@id":"https:\/\/www.notibras.com\/site\/pequim-e-washington-entram-em-rota-de-colisao-pelo-canal-do-panama\/#article","isPartOf":{"@id":"https:\/\/www.notibras.com\/site\/pequim-e-washington-entram-em-rota-de-colisao-pelo-canal-do-panama\/"},"author":{"name":"Reda\u00e7\u00e3o","@id":"https:\/\/www.notibras.com\/site\/#\/schema\/person\/36ab0979449956132d3e5b517ea76ac8"},"headline":"Pequim e Washington entram em rota de colis\u00e3o pelo Canal do Panam\u00e1","datePublished":"2025-10-06T19:33:48+00:00","dateModified":"2025-10-06T19:34:52+00:00","mainEntityOfPage":{"@id":"https:\/\/www.notibras.com\/site\/pequim-e-washington-entram-em-rota-de-colisao-pelo-canal-do-panama\/"},"wordCount":291,"publisher":{"@id":"https:\/\/www.notibras.com\/site\/#organization"},"image":{"@id":"https:\/\/www.notibras.com\/site\/pequim-e-washington-entram-em-rota-de-colisao-pelo-canal-do-panama\/#primaryimage"},"thumbnailUrl":"https:\/\/www.notibras.com\/site\/wp-content\/uploads\/2025\/10\/1041974343_0_239_5263_3199_1920x0_80_0_0_4661af7577118e390f64c87aecfadb8e.jpg.webp","articleSection":["Apocalipse"],"inLanguage":"pt-BR"},{"@type":"WebPage","@id":"https:\/\/www.notibras.com\/site\/pequim-e-washington-entram-em-rota-de-colisao-pelo-canal-do-panama\/","url":"https:\/\/www.notibras.com\/site\/pequim-e-washington-entram-em-rota-de-colisao-pelo-canal-do-panama\/","name":"Pequim e Washington entram em rota de colis\u00e3o pelo Canal do Panam\u00e1 - Notibras","isPartOf":{"@id":"https:\/\/www.notibras.com\/site\/#website"},"primaryImageOfPage":{"@id":"https:\/\/www.notibras.com\/site\/pequim-e-washington-entram-em-rota-de-colisao-pelo-canal-do-panama\/#primaryimage"},"image":{"@id":"https:\/\/www.notibras.com\/site\/pequim-e-washington-entram-em-rota-de-colisao-pelo-canal-do-panama\/#primaryimage"},"thumbnailUrl":"https:\/\/www.notibras.com\/site\/wp-content\/uploads\/2025\/10\/1041974343_0_239_5263_3199_1920x0_80_0_0_4661af7577118e390f64c87aecfadb8e.jpg.webp","datePublished":"2025-10-06T19:33:48+00:00","dateModified":"2025-10-06T19:34:52+00:00","breadcrumb":{"@id":"https:\/\/www.notibras.com\/site\/pequim-e-washington-entram-em-rota-de-colisao-pelo-canal-do-panama\/#breadcrumb"},"inLanguage":"pt-BR","potentialAction":[{"@type":"ReadAction","target":["https:\/\/www.notibras.com\/site\/pequim-e-washington-entram-em-rota-de-colisao-pelo-canal-do-panama\/"]}]},{"@type":"ImageObject","inLanguage":"pt-BR","@id":"https:\/\/www.notibras.com\/site\/pequim-e-washington-entram-em-rota-de-colisao-pelo-canal-do-panama\/#primaryimage","url":"https:\/\/www.notibras.com\/site\/wp-content\/uploads\/2025\/10\/1041974343_0_239_5263_3199_1920x0_80_0_0_4661af7577118e390f64c87aecfadb8e.jpg.webp","contentUrl":"https:\/\/www.notibras.com\/site\/wp-content\/uploads\/2025\/10\/1041974343_0_239_5263_3199_1920x0_80_0_0_4661af7577118e390f64c87aecfadb8e.jpg.webp","width":1920,"height":1080},{"@type":"BreadcrumbList","@id":"https:\/\/www.notibras.com\/site\/pequim-e-washington-entram-em-rota-de-colisao-pelo-canal-do-panama\/#breadcrumb","itemListElement":[{"@type":"ListItem","position":1,"name":"In\u00edcio","item":"https:\/\/www.notibras.com\/site\/"},{"@type":"ListItem","position":2,"name":"Pequim e Washington entram em rota de colis\u00e3o pelo Canal do Panam\u00e1"}]},{"@type":"WebSite","@id":"https:\/\/www.notibras.com\/site\/#website","url":"https:\/\/www.notibras.com\/site\/","name":"Notibras","description":"Not\u00edcias de Bras\u00edlia, do Brasil e do Mundo","publisher":{"@id":"https:\/\/www.notibras.com\/site\/#organization"},"potentialAction":[{"@type":"SearchAction","target":{"@type":"EntryPoint","urlTemplate":"https:\/\/www.notibras.com\/site\/?s={search_term_string}"},"query-input":{"@type":"PropertyValueSpecification","valueRequired":true,"valueName":"search_term_string"}}],"inLanguage":"pt-BR"},{"@type":"Organization","@id":"https:\/\/www.notibras.com\/site\/#organization","name":"Grupo Notibras de Comunica\u00e7\u00e3o","url":"https:\/\/www.notibras.com\/site\/","logo":{"@type":"ImageObject","inLanguage":"pt-BR","@id":"https:\/\/www.notibras.com\/site\/#\/schema\/logo\/image\/","url":"https:\/\/www.notibras.com\/site\/wp-content\/uploads\/2023\/01\/notibras23.png","contentUrl":"https:\/\/www.notibras.com\/site\/wp-content\/uploads\/2023\/01\/notibras23.png","width":350,"height":87,"caption":"Grupo Notibras de Comunica\u00e7\u00e3o"},"image":{"@id":"https:\/\/www.notibras.com\/site\/#\/schema\/logo\/image\/"},"sameAs":["https:\/\/www.facebook.com\/notibras\/","https:\/\/x.com\/Notibras","https:\/\/www.instagram.com\/notibras\/"]},{"@type":"Person","@id":"https:\/\/www.notibras.com\/site\/#\/schema\/person\/36ab0979449956132d3e5b517ea76ac8","name":"Reda\u00e7\u00e3o","image":{"@type":"ImageObject","inLanguage":"pt-BR","@id":"https:\/\/secure.gravatar.com\/avatar\/e0a867bdedb85fd243eadf09663511f96fc81e0720a4a42581f334ad4303aa6b?s=96&d=mm&r=g","url":"https:\/\/secure.gravatar.com\/avatar\/e0a867bdedb85fd243eadf09663511f96fc81e0720a4a42581f334ad4303aa6b?s=96&d=mm&r=g","contentUrl":"https:\/\/secure.gravatar.com\/avatar\/e0a867bdedb85fd243eadf09663511f96fc81e0720a4a42581f334ad4303aa6b?s=96&d=mm&r=g","caption":"Reda\u00e7\u00e3o"}}]}},"amp_enabled":true,"_links":{"self":[{"href":"https:\/\/www.notibras.com\/site\/wp-json\/wp\/v2\/posts\/366467","targetHints":{"allow":["GET"]}}],"collection":[{"href":"https:\/\/www.notibras.com\/site\/wp-json\/wp\/v2\/posts"}],"about":[{"href":"https:\/\/www.notibras.com\/site\/wp-json\/wp\/v2\/types\/post"}],"author":[{"embeddable":true,"href":"https:\/\/www.notibras.com\/site\/wp-json\/wp\/v2\/users\/2"}],"replies":[{"embeddable":true,"href":"https:\/\/www.notibras.com\/site\/wp-json\/wp\/v2\/comments?post=366467"}],"version-history":[{"count":2,"href":"https:\/\/www.notibras.com\/site\/wp-json\/wp\/v2\/posts\/366467\/revisions"}],"predecessor-version":[{"id":366470,"href":"https:\/\/www.notibras.com\/site\/wp-json\/wp\/v2\/posts\/366467\/revisions\/366470"}],"wp:featuredmedia":[{"embeddable":true,"href":"https:\/\/www.notibras.com\/site\/wp-json\/wp\/v2\/media\/366468"}],"wp:attachment":[{"href":"https:\/\/www.notibras.com\/site\/wp-json\/wp\/v2\/media?parent=366467"}],"wp:term":[{"taxonomy":"category","embeddable":true,"href":"https:\/\/www.notibras.com\/site\/wp-json\/wp\/v2\/categories?post=366467"},{"taxonomy":"post_tag","embeddable":true,"href":"https:\/\/www.notibras.com\/site\/wp-json\/wp\/v2\/tags?post=366467"}],"curies":[{"name":"wp","href":"https:\/\/api.w.org\/{rel}","templated":true}]}}