{"id":366544,"date":"2025-10-07T07:55:03","date_gmt":"2025-10-07T10:55:03","guid":{"rendered":"https:\/\/www.notibras.com\/site\/?p=366544"},"modified":"2025-10-07T07:56:40","modified_gmt":"2025-10-07T10:56:40","slug":"quando-o-deus-da-guerra-voltava-se-contra-os-seus-proprios-guerreiros","status":"publish","type":"post","link":"https:\/\/www.notibras.com\/site\/quando-o-deus-da-guerra-voltava-se-contra-os-seus-proprios-guerreiros\/","title":{"rendered":"\u00a0Quando o Deus da Guerra voltava-se contra os seus pr\u00f3prios guerreiros"},"content":{"rendered":"<p data-start=\"299\" data-end=\"565\">Na Roma Antiga, Marte n\u00e3o era apenas o deus da guerra \u2014 era o guardi\u00e3o da honra, o patrono da coragem e o s\u00edmbolo da obedi\u00eancia incondicional. Mas quando seus guerreiros falhavam, o mesmo deus que os inspirava nas batalhas tornava-se tamb\u00e9m o seu carrasco invis\u00edvel.<\/p>\n<p data-start=\"608\" data-end=\"1116\">Os castigos de Marte n\u00e3o se davam por capricho divino, mas por transgress\u00e3o moral e disciplina quebrada. O ex\u00e9rcito romano, moldado sob r\u00edgido c\u00f3digo de conduta, via na derrota injustific\u00e1vel, na covardia e na trai\u00e7\u00e3o sinais de que Marte havia retirado sua prote\u00e7\u00e3o.<\/p>\n<p data-start=\"608\" data-end=\"1116\">Quando um legion\u00e1rio fugia do campo de batalha, dormia em servi\u00e7o ou desrespeitava seu centuri\u00e3o, acreditava-se que o deus o marcava com o <em data-start=\"1016\" data-end=\"1028\">ira Martis<\/em> \u2014 a ira de Marte \u2014 uma maldi\u00e7\u00e3o que poderia trazer doen\u00e7a, desonra ou morte em combate.<\/p>\n<p data-start=\"1163\" data-end=\"1741\">A ira divina era reproduzida na terra pelos generais, que viam em seus castigos uma forma de restaurar o equil\u00edbrio entre o homem e o deus. Assim nasciam puni\u00e7\u00f5es temidas como a <em>decima\u00e7\u00e3o<\/em>, praticada principalmente durante a Rep\u00fablica e o in\u00edcio do Imp\u00e9rio: quando uma legi\u00e3o se revoltava ou fugia em massa, um em cada dez soldados era sorteado para morrer pelas m\u00e3os dos pr\u00f3prios companheiros.<\/p>\n<p data-start=\"1163\" data-end=\"1741\">Outros castigos inclu\u00edam a flagela\u00e7\u00e3o p\u00fablica, a priva\u00e7\u00e3o de alimento, o rebaixamento de patente e o sacrif\u00edcio simb\u00f3lico de armas \u2014 queimadas como oferenda para apaziguar Marte.<\/p>\n<p data-start=\"1787\" data-end=\"2322\">Esses rituais punitivos eram mais comuns entre os s\u00e9culos III e I a.C., quando Roma se expandia pela pen\u00ednsula It\u00e1lica e pelo Mediterr\u00e2neo. As legi\u00f5es de Cipi\u00e3o, M\u00e1rio e Sula carregavam n\u00e3o apenas gl\u00f3rias, mas tamb\u00e9m o medo do deus guerreiro que exigia lealdade absoluta.<\/p>\n<p data-start=\"1787\" data-end=\"2322\">Com o passar do tempo, \u00e0 medida que Roma se tornava um imp\u00e9rio e os generais viravam semideuses, a figura de Marte foi se tornando mais simb\u00f3lica \u2014 o medo deu lugar \u00e0 venera\u00e7\u00e3o, e os castigos divinos cederam espa\u00e7o \u00e0 disciplina burocr\u00e1tica do ex\u00e9rcito imperial.<\/p>\n<p data-start=\"2361\" data-end=\"2693\">Hoje, Marte sobrevive como met\u00e1fora da for\u00e7a e da viol\u00eancia humana. Mas nos tempos antigos, cada gota de sangue derramada era uma oferenda \u2014 e cada covarde morto, um lembrete de que o deus da guerra n\u00e3o perdoava a fraqueza.<\/p>\n<p data-start=\"2361\" data-end=\"2693\">Os guerreiros sabiam que lutar era servir a Marte. E que cair em desgra\u00e7a era sentir o peso de sua lan\u00e7a invis\u00edvel.<\/p>\n<p data-start=\"2361\" data-end=\"2693\">&#8230;&#8230;&#8230;&#8230;&#8230;&#8230;&#8230;<\/p>\n<p data-start=\"2361\" data-end=\"2693\"><strong>Anabelle Santa&#8217;cruz\u00a0 \u00e9 Editora de Or\u00e1culos<\/strong><\/p>\n","protected":false},"excerpt":{"rendered":"<p>Na Roma Antiga, Marte n\u00e3o era apenas o deus da guerra \u2014 era o guardi\u00e3o da honra, o patrono da coragem e o s\u00edmbolo da obedi\u00eancia incondicional. Mas quando seus guerreiros falhavam, o mesmo deus que os inspirava nas batalhas tornava-se tamb\u00e9m o seu carrasco invis\u00edvel. Os castigos de Marte n\u00e3o se davam por capricho [&hellip;]<\/p>\n","protected":false},"author":2,"featured_media":366545,"comment_status":"closed","ping_status":"closed","sticky":false,"template":"","format":"standard","meta":{"_acf_changed":false,"footnotes":""},"categories":[237],"tags":[],"class_list":["post-366544","post","type-post","status-publish","format-standard","has-post-thumbnail","hentry","category-oraculos"],"acf":[],"yoast_head":"<!-- This site is optimized with the Yoast SEO plugin v27.2 - https:\/\/yoast.com\/product\/yoast-seo-wordpress\/ -->\n<title>\u00a0Quando o Deus da Guerra voltava-se contra os seus pr\u00f3prios guerreiros - Notibras<\/title>\n<meta name=\"robots\" content=\"index, follow, max-snippet:-1, max-image-preview:large, max-video-preview:-1\" \/>\n<link rel=\"canonical\" href=\"https:\/\/www.notibras.com\/site\/quando-o-deus-da-guerra-voltava-se-contra-os-seus-proprios-guerreiros\/\" \/>\n<meta property=\"og:locale\" content=\"pt_BR\" \/>\n<meta property=\"og:type\" content=\"article\" \/>\n<meta property=\"og:title\" content=\"\u00a0Quando o Deus da Guerra voltava-se contra os seus pr\u00f3prios guerreiros - Notibras\" \/>\n<meta property=\"og:description\" content=\"Na Roma Antiga, Marte n\u00e3o era apenas o deus da guerra \u2014 era o guardi\u00e3o da honra, o patrono da coragem e o s\u00edmbolo da obedi\u00eancia incondicional. Mas quando seus guerreiros falhavam, o mesmo deus que os inspirava nas batalhas tornava-se tamb\u00e9m o seu carrasco invis\u00edvel. Os castigos de Marte n\u00e3o se davam por capricho [&hellip;]\" \/>\n<meta property=\"og:url\" content=\"https:\/\/www.notibras.com\/site\/quando-o-deus-da-guerra-voltava-se-contra-os-seus-proprios-guerreiros\/\" \/>\n<meta property=\"og:site_name\" content=\"Notibras\" \/>\n<meta property=\"article:publisher\" content=\"https:\/\/www.facebook.com\/notibras\/\" \/>\n<meta property=\"article:published_time\" content=\"2025-10-07T10:55:03+00:00\" \/>\n<meta property=\"article:modified_time\" content=\"2025-10-07T10:56:40+00:00\" \/>\n<meta property=\"og:image\" content=\"https:\/\/www.notibras.com\/site\/wp-content\/uploads\/2025\/10\/fd9f3360-c615-4af0-b739-8c7384130067-683x1024.png\" \/>\n\t<meta property=\"og:image:width\" content=\"683\" \/>\n\t<meta property=\"og:image:height\" content=\"1024\" \/>\n\t<meta property=\"og:image:type\" content=\"image\/png\" \/>\n<meta name=\"author\" content=\"Reda\u00e7\u00e3o\" \/>\n<meta name=\"twitter:card\" content=\"summary_large_image\" \/>\n<meta name=\"twitter:creator\" content=\"@Notibras\" \/>\n<meta name=\"twitter:site\" content=\"@Notibras\" \/>\n<meta name=\"twitter:label1\" content=\"Escrito por\" \/>\n\t<meta name=\"twitter:data1\" content=\"Reda\u00e7\u00e3o\" \/>\n\t<meta name=\"twitter:label2\" content=\"Est. tempo de leitura\" \/>\n\t<meta name=\"twitter:data2\" content=\"3 minutos\" \/>\n<script type=\"application\/ld+json\" class=\"yoast-schema-graph\">{\"@context\":\"https:\/\/schema.org\",\"@graph\":[{\"@type\":\"Article\",\"@id\":\"https:\/\/www.notibras.com\/site\/quando-o-deus-da-guerra-voltava-se-contra-os-seus-proprios-guerreiros\/#article\",\"isPartOf\":{\"@id\":\"https:\/\/www.notibras.com\/site\/quando-o-deus-da-guerra-voltava-se-contra-os-seus-proprios-guerreiros\/\"},\"author\":{\"name\":\"Reda\u00e7\u00e3o\",\"@id\":\"https:\/\/www.notibras.com\/site\/#\/schema\/person\/36ab0979449956132d3e5b517ea76ac8\"},\"headline\":\"\u00a0Quando o Deus da Guerra voltava-se contra os seus pr\u00f3prios guerreiros\",\"datePublished\":\"2025-10-07T10:55:03+00:00\",\"dateModified\":\"2025-10-07T10:56:40+00:00\",\"mainEntityOfPage\":{\"@id\":\"https:\/\/www.notibras.com\/site\/quando-o-deus-da-guerra-voltava-se-contra-os-seus-proprios-guerreiros\/\"},\"wordCount\":444,\"publisher\":{\"@id\":\"https:\/\/www.notibras.com\/site\/#organization\"},\"image\":{\"@id\":\"https:\/\/www.notibras.com\/site\/quando-o-deus-da-guerra-voltava-se-contra-os-seus-proprios-guerreiros\/#primaryimage\"},\"thumbnailUrl\":\"https:\/\/www.notibras.com\/site\/wp-content\/uploads\/2025\/10\/fd9f3360-c615-4af0-b739-8c7384130067.png\",\"articleSection\":[\"Or\u00e1culos\"],\"inLanguage\":\"pt-BR\"},{\"@type\":\"WebPage\",\"@id\":\"https:\/\/www.notibras.com\/site\/quando-o-deus-da-guerra-voltava-se-contra-os-seus-proprios-guerreiros\/\",\"url\":\"https:\/\/www.notibras.com\/site\/quando-o-deus-da-guerra-voltava-se-contra-os-seus-proprios-guerreiros\/\",\"name\":\"\u00a0Quando o Deus da Guerra voltava-se contra os seus pr\u00f3prios guerreiros - Notibras\",\"isPartOf\":{\"@id\":\"https:\/\/www.notibras.com\/site\/#website\"},\"primaryImageOfPage\":{\"@id\":\"https:\/\/www.notibras.com\/site\/quando-o-deus-da-guerra-voltava-se-contra-os-seus-proprios-guerreiros\/#primaryimage\"},\"image\":{\"@id\":\"https:\/\/www.notibras.com\/site\/quando-o-deus-da-guerra-voltava-se-contra-os-seus-proprios-guerreiros\/#primaryimage\"},\"thumbnailUrl\":\"https:\/\/www.notibras.com\/site\/wp-content\/uploads\/2025\/10\/fd9f3360-c615-4af0-b739-8c7384130067.png\",\"datePublished\":\"2025-10-07T10:55:03+00:00\",\"dateModified\":\"2025-10-07T10:56:40+00:00\",\"breadcrumb\":{\"@id\":\"https:\/\/www.notibras.com\/site\/quando-o-deus-da-guerra-voltava-se-contra-os-seus-proprios-guerreiros\/#breadcrumb\"},\"inLanguage\":\"pt-BR\",\"potentialAction\":[{\"@type\":\"ReadAction\",\"target\":[\"https:\/\/www.notibras.com\/site\/quando-o-deus-da-guerra-voltava-se-contra-os-seus-proprios-guerreiros\/\"]}]},{\"@type\":\"ImageObject\",\"inLanguage\":\"pt-BR\",\"@id\":\"https:\/\/www.notibras.com\/site\/quando-o-deus-da-guerra-voltava-se-contra-os-seus-proprios-guerreiros\/#primaryimage\",\"url\":\"https:\/\/www.notibras.com\/site\/wp-content\/uploads\/2025\/10\/fd9f3360-c615-4af0-b739-8c7384130067.png\",\"contentUrl\":\"https:\/\/www.notibras.com\/site\/wp-content\/uploads\/2025\/10\/fd9f3360-c615-4af0-b739-8c7384130067.png\",\"width\":1024,\"height\":1536},{\"@type\":\"BreadcrumbList\",\"@id\":\"https:\/\/www.notibras.com\/site\/quando-o-deus-da-guerra-voltava-se-contra-os-seus-proprios-guerreiros\/#breadcrumb\",\"itemListElement\":[{\"@type\":\"ListItem\",\"position\":1,\"name\":\"In\u00edcio\",\"item\":\"https:\/\/www.notibras.com\/site\/\"},{\"@type\":\"ListItem\",\"position\":2,\"name\":\"\u00a0Quando o Deus da Guerra voltava-se contra os seus pr\u00f3prios guerreiros\"}]},{\"@type\":\"WebSite\",\"@id\":\"https:\/\/www.notibras.com\/site\/#website\",\"url\":\"https:\/\/www.notibras.com\/site\/\",\"name\":\"Notibras\",\"description\":\"Not\u00edcias de Bras\u00edlia, do Brasil e do Mundo\",\"publisher\":{\"@id\":\"https:\/\/www.notibras.com\/site\/#organization\"},\"potentialAction\":[{\"@type\":\"SearchAction\",\"target\":{\"@type\":\"EntryPoint\",\"urlTemplate\":\"https:\/\/www.notibras.com\/site\/?s={search_term_string}\"},\"query-input\":{\"@type\":\"PropertyValueSpecification\",\"valueRequired\":true,\"valueName\":\"search_term_string\"}}],\"inLanguage\":\"pt-BR\"},{\"@type\":\"Organization\",\"@id\":\"https:\/\/www.notibras.com\/site\/#organization\",\"name\":\"Grupo Notibras de Comunica\u00e7\u00e3o\",\"url\":\"https:\/\/www.notibras.com\/site\/\",\"logo\":{\"@type\":\"ImageObject\",\"inLanguage\":\"pt-BR\",\"@id\":\"https:\/\/www.notibras.com\/site\/#\/schema\/logo\/image\/\",\"url\":\"https:\/\/www.notibras.com\/site\/wp-content\/uploads\/2023\/01\/notibras23.png\",\"contentUrl\":\"https:\/\/www.notibras.com\/site\/wp-content\/uploads\/2023\/01\/notibras23.png\",\"width\":350,\"height\":87,\"caption\":\"Grupo Notibras de Comunica\u00e7\u00e3o\"},\"image\":{\"@id\":\"https:\/\/www.notibras.com\/site\/#\/schema\/logo\/image\/\"},\"sameAs\":[\"https:\/\/www.facebook.com\/notibras\/\",\"https:\/\/x.com\/Notibras\",\"https:\/\/www.instagram.com\/notibras\/\"]},{\"@type\":\"Person\",\"@id\":\"https:\/\/www.notibras.com\/site\/#\/schema\/person\/36ab0979449956132d3e5b517ea76ac8\",\"name\":\"Reda\u00e7\u00e3o\",\"image\":{\"@type\":\"ImageObject\",\"inLanguage\":\"pt-BR\",\"@id\":\"https:\/\/secure.gravatar.com\/avatar\/e0a867bdedb85fd243eadf09663511f96fc81e0720a4a42581f334ad4303aa6b?s=96&d=mm&r=g\",\"url\":\"https:\/\/secure.gravatar.com\/avatar\/e0a867bdedb85fd243eadf09663511f96fc81e0720a4a42581f334ad4303aa6b?s=96&d=mm&r=g\",\"contentUrl\":\"https:\/\/secure.gravatar.com\/avatar\/e0a867bdedb85fd243eadf09663511f96fc81e0720a4a42581f334ad4303aa6b?s=96&d=mm&r=g\",\"caption\":\"Reda\u00e7\u00e3o\"}}]}<\/script>\n<!-- \/ Yoast SEO plugin. -->","yoast_head_json":{"title":"\u00a0Quando o Deus da Guerra voltava-se contra os seus pr\u00f3prios guerreiros - Notibras","robots":{"index":"index","follow":"follow","max-snippet":"max-snippet:-1","max-image-preview":"max-image-preview:large","max-video-preview":"max-video-preview:-1"},"canonical":"https:\/\/www.notibras.com\/site\/quando-o-deus-da-guerra-voltava-se-contra-os-seus-proprios-guerreiros\/","og_locale":"pt_BR","og_type":"article","og_title":"\u00a0Quando o Deus da Guerra voltava-se contra os seus pr\u00f3prios guerreiros - Notibras","og_description":"Na Roma Antiga, Marte n\u00e3o era apenas o deus da guerra \u2014 era o guardi\u00e3o da honra, o patrono da coragem e o s\u00edmbolo da obedi\u00eancia incondicional. Mas quando seus guerreiros falhavam, o mesmo deus que os inspirava nas batalhas tornava-se tamb\u00e9m o seu carrasco invis\u00edvel. Os castigos de Marte n\u00e3o se davam por capricho [&hellip;]","og_url":"https:\/\/www.notibras.com\/site\/quando-o-deus-da-guerra-voltava-se-contra-os-seus-proprios-guerreiros\/","og_site_name":"Notibras","article_publisher":"https:\/\/www.facebook.com\/notibras\/","article_published_time":"2025-10-07T10:55:03+00:00","article_modified_time":"2025-10-07T10:56:40+00:00","og_image":[{"width":683,"height":1024,"url":"https:\/\/www.notibras.com\/site\/wp-content\/uploads\/2025\/10\/fd9f3360-c615-4af0-b739-8c7384130067-683x1024.png","type":"image\/png"}],"author":"Reda\u00e7\u00e3o","twitter_card":"summary_large_image","twitter_creator":"@Notibras","twitter_site":"@Notibras","twitter_misc":{"Escrito por":"Reda\u00e7\u00e3o","Est. tempo de leitura":"3 minutos"},"schema":{"@context":"https:\/\/schema.org","@graph":[{"@type":"Article","@id":"https:\/\/www.notibras.com\/site\/quando-o-deus-da-guerra-voltava-se-contra-os-seus-proprios-guerreiros\/#article","isPartOf":{"@id":"https:\/\/www.notibras.com\/site\/quando-o-deus-da-guerra-voltava-se-contra-os-seus-proprios-guerreiros\/"},"author":{"name":"Reda\u00e7\u00e3o","@id":"https:\/\/www.notibras.com\/site\/#\/schema\/person\/36ab0979449956132d3e5b517ea76ac8"},"headline":"\u00a0Quando o Deus da Guerra voltava-se contra os seus pr\u00f3prios guerreiros","datePublished":"2025-10-07T10:55:03+00:00","dateModified":"2025-10-07T10:56:40+00:00","mainEntityOfPage":{"@id":"https:\/\/www.notibras.com\/site\/quando-o-deus-da-guerra-voltava-se-contra-os-seus-proprios-guerreiros\/"},"wordCount":444,"publisher":{"@id":"https:\/\/www.notibras.com\/site\/#organization"},"image":{"@id":"https:\/\/www.notibras.com\/site\/quando-o-deus-da-guerra-voltava-se-contra-os-seus-proprios-guerreiros\/#primaryimage"},"thumbnailUrl":"https:\/\/www.notibras.com\/site\/wp-content\/uploads\/2025\/10\/fd9f3360-c615-4af0-b739-8c7384130067.png","articleSection":["Or\u00e1culos"],"inLanguage":"pt-BR"},{"@type":"WebPage","@id":"https:\/\/www.notibras.com\/site\/quando-o-deus-da-guerra-voltava-se-contra-os-seus-proprios-guerreiros\/","url":"https:\/\/www.notibras.com\/site\/quando-o-deus-da-guerra-voltava-se-contra-os-seus-proprios-guerreiros\/","name":"\u00a0Quando o Deus da Guerra voltava-se contra os seus pr\u00f3prios guerreiros - Notibras","isPartOf":{"@id":"https:\/\/www.notibras.com\/site\/#website"},"primaryImageOfPage":{"@id":"https:\/\/www.notibras.com\/site\/quando-o-deus-da-guerra-voltava-se-contra-os-seus-proprios-guerreiros\/#primaryimage"},"image":{"@id":"https:\/\/www.notibras.com\/site\/quando-o-deus-da-guerra-voltava-se-contra-os-seus-proprios-guerreiros\/#primaryimage"},"thumbnailUrl":"https:\/\/www.notibras.com\/site\/wp-content\/uploads\/2025\/10\/fd9f3360-c615-4af0-b739-8c7384130067.png","datePublished":"2025-10-07T10:55:03+00:00","dateModified":"2025-10-07T10:56:40+00:00","breadcrumb":{"@id":"https:\/\/www.notibras.com\/site\/quando-o-deus-da-guerra-voltava-se-contra-os-seus-proprios-guerreiros\/#breadcrumb"},"inLanguage":"pt-BR","potentialAction":[{"@type":"ReadAction","target":["https:\/\/www.notibras.com\/site\/quando-o-deus-da-guerra-voltava-se-contra-os-seus-proprios-guerreiros\/"]}]},{"@type":"ImageObject","inLanguage":"pt-BR","@id":"https:\/\/www.notibras.com\/site\/quando-o-deus-da-guerra-voltava-se-contra-os-seus-proprios-guerreiros\/#primaryimage","url":"https:\/\/www.notibras.com\/site\/wp-content\/uploads\/2025\/10\/fd9f3360-c615-4af0-b739-8c7384130067.png","contentUrl":"https:\/\/www.notibras.com\/site\/wp-content\/uploads\/2025\/10\/fd9f3360-c615-4af0-b739-8c7384130067.png","width":1024,"height":1536},{"@type":"BreadcrumbList","@id":"https:\/\/www.notibras.com\/site\/quando-o-deus-da-guerra-voltava-se-contra-os-seus-proprios-guerreiros\/#breadcrumb","itemListElement":[{"@type":"ListItem","position":1,"name":"In\u00edcio","item":"https:\/\/www.notibras.com\/site\/"},{"@type":"ListItem","position":2,"name":"\u00a0Quando o Deus da Guerra voltava-se contra os seus pr\u00f3prios guerreiros"}]},{"@type":"WebSite","@id":"https:\/\/www.notibras.com\/site\/#website","url":"https:\/\/www.notibras.com\/site\/","name":"Notibras","description":"Not\u00edcias de Bras\u00edlia, do Brasil e do Mundo","publisher":{"@id":"https:\/\/www.notibras.com\/site\/#organization"},"potentialAction":[{"@type":"SearchAction","target":{"@type":"EntryPoint","urlTemplate":"https:\/\/www.notibras.com\/site\/?s={search_term_string}"},"query-input":{"@type":"PropertyValueSpecification","valueRequired":true,"valueName":"search_term_string"}}],"inLanguage":"pt-BR"},{"@type":"Organization","@id":"https:\/\/www.notibras.com\/site\/#organization","name":"Grupo Notibras de Comunica\u00e7\u00e3o","url":"https:\/\/www.notibras.com\/site\/","logo":{"@type":"ImageObject","inLanguage":"pt-BR","@id":"https:\/\/www.notibras.com\/site\/#\/schema\/logo\/image\/","url":"https:\/\/www.notibras.com\/site\/wp-content\/uploads\/2023\/01\/notibras23.png","contentUrl":"https:\/\/www.notibras.com\/site\/wp-content\/uploads\/2023\/01\/notibras23.png","width":350,"height":87,"caption":"Grupo Notibras de Comunica\u00e7\u00e3o"},"image":{"@id":"https:\/\/www.notibras.com\/site\/#\/schema\/logo\/image\/"},"sameAs":["https:\/\/www.facebook.com\/notibras\/","https:\/\/x.com\/Notibras","https:\/\/www.instagram.com\/notibras\/"]},{"@type":"Person","@id":"https:\/\/www.notibras.com\/site\/#\/schema\/person\/36ab0979449956132d3e5b517ea76ac8","name":"Reda\u00e7\u00e3o","image":{"@type":"ImageObject","inLanguage":"pt-BR","@id":"https:\/\/secure.gravatar.com\/avatar\/e0a867bdedb85fd243eadf09663511f96fc81e0720a4a42581f334ad4303aa6b?s=96&d=mm&r=g","url":"https:\/\/secure.gravatar.com\/avatar\/e0a867bdedb85fd243eadf09663511f96fc81e0720a4a42581f334ad4303aa6b?s=96&d=mm&r=g","contentUrl":"https:\/\/secure.gravatar.com\/avatar\/e0a867bdedb85fd243eadf09663511f96fc81e0720a4a42581f334ad4303aa6b?s=96&d=mm&r=g","caption":"Reda\u00e7\u00e3o"}}]}},"amp_enabled":true,"_links":{"self":[{"href":"https:\/\/www.notibras.com\/site\/wp-json\/wp\/v2\/posts\/366544","targetHints":{"allow":["GET"]}}],"collection":[{"href":"https:\/\/www.notibras.com\/site\/wp-json\/wp\/v2\/posts"}],"about":[{"href":"https:\/\/www.notibras.com\/site\/wp-json\/wp\/v2\/types\/post"}],"author":[{"embeddable":true,"href":"https:\/\/www.notibras.com\/site\/wp-json\/wp\/v2\/users\/2"}],"replies":[{"embeddable":true,"href":"https:\/\/www.notibras.com\/site\/wp-json\/wp\/v2\/comments?post=366544"}],"version-history":[{"count":4,"href":"https:\/\/www.notibras.com\/site\/wp-json\/wp\/v2\/posts\/366544\/revisions"}],"predecessor-version":[{"id":366549,"href":"https:\/\/www.notibras.com\/site\/wp-json\/wp\/v2\/posts\/366544\/revisions\/366549"}],"wp:featuredmedia":[{"embeddable":true,"href":"https:\/\/www.notibras.com\/site\/wp-json\/wp\/v2\/media\/366545"}],"wp:attachment":[{"href":"https:\/\/www.notibras.com\/site\/wp-json\/wp\/v2\/media?parent=366544"}],"wp:term":[{"taxonomy":"category","embeddable":true,"href":"https:\/\/www.notibras.com\/site\/wp-json\/wp\/v2\/categories?post=366544"},{"taxonomy":"post_tag","embeddable":true,"href":"https:\/\/www.notibras.com\/site\/wp-json\/wp\/v2\/tags?post=366544"}],"curies":[{"name":"wp","href":"https:\/\/api.w.org\/{rel}","templated":true}]}}