{"id":366583,"date":"2025-10-08T00:45:14","date_gmt":"2025-10-08T03:45:14","guid":{"rendered":"https:\/\/www.notibras.com\/site\/?p=366583"},"modified":"2025-10-07T15:07:14","modified_gmt":"2025-10-07T18:07:14","slug":"objetivos-e-desafios-na-escrita-literaria-escolher-um-projeto-e-ir-ate-o-fim","status":"publish","type":"post","link":"https:\/\/www.notibras.com\/site\/objetivos-e-desafios-na-escrita-literaria-escolher-um-projeto-e-ir-ate-o-fim\/","title":{"rendered":"Objetivos (e desafios) na Escrita Liter\u00e1ria: Escolher um projeto e ir at\u00e9 o fim"},"content":{"rendered":"<p>Escrever \u00e9 um ato de amor, mas tamb\u00e9m de disciplina. Nos \u00faltimos anos aprendi, \u00e0s vezes \u00e0 for\u00e7a, que criar literatura exige mais do que inspira\u00e7\u00e3o: demanda foco, estrat\u00e9gia e uma boa dose de autoconhecimento. Hoje, compartilho com voc\u00eas meus objetivos, dificuldades e a decis\u00e3o que finalmente me tirou do ciclo de projetos engavetados.<\/p>\n<p><strong>Do caos \u00e0 clareza<\/strong><\/p>\n<p>1. Focar em um projeto por vez<\/p>\n<p>N\u00e3o adianta: escrever cinco livros simultaneamente s\u00f3 leva a cinco rascunhos intermin\u00e1veis. Decidi concentrar energia em uma \u00fanica obra, desde a primeira linha at\u00e9 a revis\u00e3o final, para garantir qualidade (e sanidade!).<\/p>\n<p>2- Abra\u00e7ar a divulga\u00e7\u00e3o como parte do processo<\/p>\n<p>Ter disposi\u00e7\u00e3o e paci\u00eancia para a etapa de divulga\u00e7\u00e3o: construir audi\u00eancia e promover o livro exige tempo e persist\u00eancia. Publicar \u00e9 s\u00f3 o come\u00e7o.<\/p>\n<p><strong>O canto das sereias das novas ideias<\/strong><\/p>\n<p>Confesso: sou uma viciada em ideias reluzentes. Enquanto trabalhava em um romance, surgia um conto irresist\u00edvel. No meio do conto, pipocava uma cr\u00f4nica. Resultado? Pilhas de projetos quase prontos, mas nenhum finalizado.<\/p>\n<p>Minha maior dificuldade sempre foi justamente terminar e publicar um dos muitos projetos que come\u00e7o. As ideias chegam como est\u00edmulos irresist\u00edveis. Por isso, inauguro um novo manuscrito antes de concluir o anterior. N\u00e3o abandono completamente os projetos antigos; guardo-os, revisito-os, retomo trechos. Ainda assim, sei que n\u00e3o \u00e9 poss\u00edvel levar adiante todos ao mesmo tempo. Priorizar significa tamb\u00e9m renunciar temporariamente ao v\u00edcio criador de come\u00e7ar sempre algo novo.<\/p>\n<p><strong>A virada veio quando:<\/strong><\/p>\n<p>&#8211; Listei todos os trabalhos inacabados (e surtei com o n\u00famero);<\/p>\n<p>&#8211; Analisei quais tinham maior potencial de impacto emocional;<\/p>\n<p>&#8211; Aceitei que priorizar n\u00e3o \u00e9 abandonar, mas garantir que pelo menos uma hist\u00f3ria chegue ao mundo.<\/p>\n<p>Pensar e colocar essa dificuldade no papel foi o primeiro passo para agir.<\/p>\n<p><strong>Li\u00e7\u00f5es do passado e o plano para seguir sem surtar<\/strong><\/p>\n<p>Lembram quando comecei a publicar a partir do blog? Em 2018 lancei Acalanto: Sou p\u00e1ssaro e poesia \/ Sou canto e acalanto; em 2019 publiquei Letras Falam: Poemas (edi\u00e7\u00e3o caseira) e, em 2020, a edi\u00e7\u00e3o profissional de Letras Falam. Na ocasi\u00e3o prometi tamb\u00e9m um livro de cr\u00f4nicas e outro de contos, ambos originados do blog. Hoje, mesmo com projetos infantis e de poesia guardados, decidi priorizar exatamente esses dois: o livro de cr\u00f4nicas e o de contos.<\/p>\n<p>A Lu\u00edsa aqui finalmente escolheu e est\u00e1 a todo vapor: escrevendo, revisando e organizando o cronograma editorial. Que nenhuma outra ideia me tire do foco! E se voc\u00ea tamb\u00e9m tem muitos projetos pela casa, pense nisto: pare, liste, avalie e escolha. Terminar um livro \u00e9 um aprendizado que s\u00f3 quem escreve conhece. E a sensa\u00e7\u00e3o de ver um projeto publicado \u00e9 um combust\u00edvel que vale cada ren\u00fancia.<\/p>\n<p>E voc\u00ea? Como lida com o excesso de ideias? Conte aqui pra gente.<\/p>\n<p><strong>&#8230;&#8230;&#8230;&#8230;&#8230;.<\/strong><\/p>\n<p><strong>Blog da autora Lu\u00edsa Nogueira: https:\/\/www.luisanogueiraautora.com.br\/?m=0<\/strong><br \/>\n<strong>Instagram da autora: @luisanogueiraautora<\/strong><\/p>\n","protected":false},"excerpt":{"rendered":"<p>Escrever \u00e9 um ato de amor, mas tamb\u00e9m de disciplina. Nos \u00faltimos anos aprendi, \u00e0s vezes \u00e0 for\u00e7a, que criar literatura exige mais do que inspira\u00e7\u00e3o: demanda foco, estrat\u00e9gia e uma boa dose de autoconhecimento. Hoje, compartilho com voc\u00eas meus objetivos, dificuldades e a decis\u00e3o que finalmente me tirou do ciclo de projetos engavetados. Do [&hellip;]<\/p>\n","protected":false},"author":21,"featured_media":366584,"comment_status":"closed","ping_status":"closed","sticky":false,"template":"","format":"standard","meta":{"_acf_changed":false,"footnotes":""},"categories":[234],"tags":[],"class_list":["post-366583","post","type-post","status-publish","format-standard","has-post-thumbnail","hentry","category-cafe-literario"],"acf":[],"yoast_head":"<!-- This site is optimized with the Yoast SEO plugin v27.2 - https:\/\/yoast.com\/product\/yoast-seo-wordpress\/ -->\n<title>Objetivos (e desafios) na Escrita Liter\u00e1ria: Escolher um projeto e ir at\u00e9 o fim - Notibras<\/title>\n<meta name=\"robots\" content=\"index, follow, max-snippet:-1, max-image-preview:large, max-video-preview:-1\" \/>\n<link rel=\"canonical\" href=\"https:\/\/www.notibras.com\/site\/objetivos-e-desafios-na-escrita-literaria-escolher-um-projeto-e-ir-ate-o-fim\/\" \/>\n<meta property=\"og:locale\" content=\"pt_BR\" \/>\n<meta property=\"og:type\" content=\"article\" \/>\n<meta property=\"og:title\" content=\"Objetivos (e desafios) na Escrita Liter\u00e1ria: Escolher um projeto e ir at\u00e9 o fim - Notibras\" \/>\n<meta property=\"og:description\" content=\"Escrever \u00e9 um ato de amor, mas tamb\u00e9m de disciplina. Nos \u00faltimos anos aprendi, \u00e0s vezes \u00e0 for\u00e7a, que criar literatura exige mais do que inspira\u00e7\u00e3o: demanda foco, estrat\u00e9gia e uma boa dose de autoconhecimento. Hoje, compartilho com voc\u00eas meus objetivos, dificuldades e a decis\u00e3o que finalmente me tirou do ciclo de projetos engavetados. Do [&hellip;]\" \/>\n<meta property=\"og:url\" content=\"https:\/\/www.notibras.com\/site\/objetivos-e-desafios-na-escrita-literaria-escolher-um-projeto-e-ir-ate-o-fim\/\" \/>\n<meta property=\"og:site_name\" content=\"Notibras\" \/>\n<meta property=\"article:publisher\" content=\"https:\/\/www.facebook.com\/notibras\/\" \/>\n<meta property=\"article:published_time\" content=\"2025-10-08T03:45:14+00:00\" \/>\n<meta property=\"og:image\" content=\"https:\/\/www.notibras.com\/site\/wp-content\/uploads\/2025\/10\/4d76ff84-ba14-4c6e-9651-c3a213ff40d8.jpg\" \/>\n\t<meta property=\"og:image:width\" content=\"1279\" \/>\n\t<meta property=\"og:image:height\" content=\"1156\" \/>\n\t<meta property=\"og:image:type\" content=\"image\/jpeg\" \/>\n<meta name=\"author\" content=\"Eduardo Mart\u00ednez\" \/>\n<meta name=\"twitter:card\" content=\"summary_large_image\" \/>\n<meta name=\"twitter:creator\" content=\"@Notibras\" \/>\n<meta name=\"twitter:site\" content=\"@Notibras\" \/>\n<meta name=\"twitter:label1\" content=\"Escrito por\" \/>\n\t<meta name=\"twitter:data1\" content=\"Eduardo Mart\u00ednez\" \/>\n\t<meta name=\"twitter:label2\" content=\"Est. tempo de leitura\" \/>\n\t<meta name=\"twitter:data2\" content=\"3 minutos\" \/>\n<script type=\"application\/ld+json\" class=\"yoast-schema-graph\">{\"@context\":\"https:\/\/schema.org\",\"@graph\":[{\"@type\":\"Article\",\"@id\":\"https:\/\/www.notibras.com\/site\/objetivos-e-desafios-na-escrita-literaria-escolher-um-projeto-e-ir-ate-o-fim\/#article\",\"isPartOf\":{\"@id\":\"https:\/\/www.notibras.com\/site\/objetivos-e-desafios-na-escrita-literaria-escolher-um-projeto-e-ir-ate-o-fim\/\"},\"author\":{\"name\":\"Eduardo Mart\u00ednez\",\"@id\":\"https:\/\/www.notibras.com\/site\/#\/schema\/person\/5b7fabf2aedc3ada2105f03b22b4d3dd\"},\"headline\":\"Objetivos (e desafios) na Escrita Liter\u00e1ria: Escolher um projeto e ir at\u00e9 o fim\",\"datePublished\":\"2025-10-08T03:45:14+00:00\",\"mainEntityOfPage\":{\"@id\":\"https:\/\/www.notibras.com\/site\/objetivos-e-desafios-na-escrita-literaria-escolher-um-projeto-e-ir-ate-o-fim\/\"},\"wordCount\":519,\"publisher\":{\"@id\":\"https:\/\/www.notibras.com\/site\/#organization\"},\"image\":{\"@id\":\"https:\/\/www.notibras.com\/site\/objetivos-e-desafios-na-escrita-literaria-escolher-um-projeto-e-ir-ate-o-fim\/#primaryimage\"},\"thumbnailUrl\":\"https:\/\/www.notibras.com\/site\/wp-content\/uploads\/2025\/10\/4d76ff84-ba14-4c6e-9651-c3a213ff40d8.jpg\",\"articleSection\":[\"Caf\u00e9 Liter\u00e1rio\"],\"inLanguage\":\"pt-BR\"},{\"@type\":\"WebPage\",\"@id\":\"https:\/\/www.notibras.com\/site\/objetivos-e-desafios-na-escrita-literaria-escolher-um-projeto-e-ir-ate-o-fim\/\",\"url\":\"https:\/\/www.notibras.com\/site\/objetivos-e-desafios-na-escrita-literaria-escolher-um-projeto-e-ir-ate-o-fim\/\",\"name\":\"Objetivos (e desafios) na Escrita Liter\u00e1ria: Escolher um projeto e ir at\u00e9 o fim - Notibras\",\"isPartOf\":{\"@id\":\"https:\/\/www.notibras.com\/site\/#website\"},\"primaryImageOfPage\":{\"@id\":\"https:\/\/www.notibras.com\/site\/objetivos-e-desafios-na-escrita-literaria-escolher-um-projeto-e-ir-ate-o-fim\/#primaryimage\"},\"image\":{\"@id\":\"https:\/\/www.notibras.com\/site\/objetivos-e-desafios-na-escrita-literaria-escolher-um-projeto-e-ir-ate-o-fim\/#primaryimage\"},\"thumbnailUrl\":\"https:\/\/www.notibras.com\/site\/wp-content\/uploads\/2025\/10\/4d76ff84-ba14-4c6e-9651-c3a213ff40d8.jpg\",\"datePublished\":\"2025-10-08T03:45:14+00:00\",\"breadcrumb\":{\"@id\":\"https:\/\/www.notibras.com\/site\/objetivos-e-desafios-na-escrita-literaria-escolher-um-projeto-e-ir-ate-o-fim\/#breadcrumb\"},\"inLanguage\":\"pt-BR\",\"potentialAction\":[{\"@type\":\"ReadAction\",\"target\":[\"https:\/\/www.notibras.com\/site\/objetivos-e-desafios-na-escrita-literaria-escolher-um-projeto-e-ir-ate-o-fim\/\"]}]},{\"@type\":\"ImageObject\",\"inLanguage\":\"pt-BR\",\"@id\":\"https:\/\/www.notibras.com\/site\/objetivos-e-desafios-na-escrita-literaria-escolher-um-projeto-e-ir-ate-o-fim\/#primaryimage\",\"url\":\"https:\/\/www.notibras.com\/site\/wp-content\/uploads\/2025\/10\/4d76ff84-ba14-4c6e-9651-c3a213ff40d8.jpg\",\"contentUrl\":\"https:\/\/www.notibras.com\/site\/wp-content\/uploads\/2025\/10\/4d76ff84-ba14-4c6e-9651-c3a213ff40d8.jpg\",\"width\":1279,\"height\":1156},{\"@type\":\"BreadcrumbList\",\"@id\":\"https:\/\/www.notibras.com\/site\/objetivos-e-desafios-na-escrita-literaria-escolher-um-projeto-e-ir-ate-o-fim\/#breadcrumb\",\"itemListElement\":[{\"@type\":\"ListItem\",\"position\":1,\"name\":\"In\u00edcio\",\"item\":\"https:\/\/www.notibras.com\/site\/\"},{\"@type\":\"ListItem\",\"position\":2,\"name\":\"Objetivos (e desafios) na Escrita Liter\u00e1ria: Escolher um projeto e ir at\u00e9 o fim\"}]},{\"@type\":\"WebSite\",\"@id\":\"https:\/\/www.notibras.com\/site\/#website\",\"url\":\"https:\/\/www.notibras.com\/site\/\",\"name\":\"Notibras\",\"description\":\"Not\u00edcias de Bras\u00edlia, do Brasil e do Mundo\",\"publisher\":{\"@id\":\"https:\/\/www.notibras.com\/site\/#organization\"},\"potentialAction\":[{\"@type\":\"SearchAction\",\"target\":{\"@type\":\"EntryPoint\",\"urlTemplate\":\"https:\/\/www.notibras.com\/site\/?s={search_term_string}\"},\"query-input\":{\"@type\":\"PropertyValueSpecification\",\"valueRequired\":true,\"valueName\":\"search_term_string\"}}],\"inLanguage\":\"pt-BR\"},{\"@type\":\"Organization\",\"@id\":\"https:\/\/www.notibras.com\/site\/#organization\",\"name\":\"Grupo Notibras de Comunica\u00e7\u00e3o\",\"url\":\"https:\/\/www.notibras.com\/site\/\",\"logo\":{\"@type\":\"ImageObject\",\"inLanguage\":\"pt-BR\",\"@id\":\"https:\/\/www.notibras.com\/site\/#\/schema\/logo\/image\/\",\"url\":\"https:\/\/www.notibras.com\/site\/wp-content\/uploads\/2023\/01\/notibras23.png\",\"contentUrl\":\"https:\/\/www.notibras.com\/site\/wp-content\/uploads\/2023\/01\/notibras23.png\",\"width\":350,\"height\":87,\"caption\":\"Grupo Notibras de Comunica\u00e7\u00e3o\"},\"image\":{\"@id\":\"https:\/\/www.notibras.com\/site\/#\/schema\/logo\/image\/\"},\"sameAs\":[\"https:\/\/www.facebook.com\/notibras\/\",\"https:\/\/x.com\/Notibras\",\"https:\/\/www.instagram.com\/notibras\/\"]},{\"@type\":\"Person\",\"@id\":\"https:\/\/www.notibras.com\/site\/#\/schema\/person\/5b7fabf2aedc3ada2105f03b22b4d3dd\",\"name\":\"Eduardo Mart\u00ednez\",\"image\":{\"@type\":\"ImageObject\",\"inLanguage\":\"pt-BR\",\"@id\":\"https:\/\/secure.gravatar.com\/avatar\/7902f906289926289cbcda644b5197c796b893c6ffd7b9a536a42d290f7704a0?s=96&d=mm&r=g\",\"url\":\"https:\/\/secure.gravatar.com\/avatar\/7902f906289926289cbcda644b5197c796b893c6ffd7b9a536a42d290f7704a0?s=96&d=mm&r=g\",\"contentUrl\":\"https:\/\/secure.gravatar.com\/avatar\/7902f906289926289cbcda644b5197c796b893c6ffd7b9a536a42d290f7704a0?s=96&d=mm&r=g\",\"caption\":\"Eduardo Mart\u00ednez\"}}]}<\/script>\n<!-- \/ Yoast SEO plugin. -->","yoast_head_json":{"title":"Objetivos (e desafios) na Escrita Liter\u00e1ria: Escolher um projeto e ir at\u00e9 o fim - Notibras","robots":{"index":"index","follow":"follow","max-snippet":"max-snippet:-1","max-image-preview":"max-image-preview:large","max-video-preview":"max-video-preview:-1"},"canonical":"https:\/\/www.notibras.com\/site\/objetivos-e-desafios-na-escrita-literaria-escolher-um-projeto-e-ir-ate-o-fim\/","og_locale":"pt_BR","og_type":"article","og_title":"Objetivos (e desafios) na Escrita Liter\u00e1ria: Escolher um projeto e ir at\u00e9 o fim - Notibras","og_description":"Escrever \u00e9 um ato de amor, mas tamb\u00e9m de disciplina. Nos \u00faltimos anos aprendi, \u00e0s vezes \u00e0 for\u00e7a, que criar literatura exige mais do que inspira\u00e7\u00e3o: demanda foco, estrat\u00e9gia e uma boa dose de autoconhecimento. Hoje, compartilho com voc\u00eas meus objetivos, dificuldades e a decis\u00e3o que finalmente me tirou do ciclo de projetos engavetados. Do [&hellip;]","og_url":"https:\/\/www.notibras.com\/site\/objetivos-e-desafios-na-escrita-literaria-escolher-um-projeto-e-ir-ate-o-fim\/","og_site_name":"Notibras","article_publisher":"https:\/\/www.facebook.com\/notibras\/","article_published_time":"2025-10-08T03:45:14+00:00","og_image":[{"width":1279,"height":1156,"url":"https:\/\/www.notibras.com\/site\/wp-content\/uploads\/2025\/10\/4d76ff84-ba14-4c6e-9651-c3a213ff40d8.jpg","type":"image\/jpeg"}],"author":"Eduardo Mart\u00ednez","twitter_card":"summary_large_image","twitter_creator":"@Notibras","twitter_site":"@Notibras","twitter_misc":{"Escrito por":"Eduardo Mart\u00ednez","Est. tempo de leitura":"3 minutos"},"schema":{"@context":"https:\/\/schema.org","@graph":[{"@type":"Article","@id":"https:\/\/www.notibras.com\/site\/objetivos-e-desafios-na-escrita-literaria-escolher-um-projeto-e-ir-ate-o-fim\/#article","isPartOf":{"@id":"https:\/\/www.notibras.com\/site\/objetivos-e-desafios-na-escrita-literaria-escolher-um-projeto-e-ir-ate-o-fim\/"},"author":{"name":"Eduardo Mart\u00ednez","@id":"https:\/\/www.notibras.com\/site\/#\/schema\/person\/5b7fabf2aedc3ada2105f03b22b4d3dd"},"headline":"Objetivos (e desafios) na Escrita Liter\u00e1ria: Escolher um projeto e ir at\u00e9 o fim","datePublished":"2025-10-08T03:45:14+00:00","mainEntityOfPage":{"@id":"https:\/\/www.notibras.com\/site\/objetivos-e-desafios-na-escrita-literaria-escolher-um-projeto-e-ir-ate-o-fim\/"},"wordCount":519,"publisher":{"@id":"https:\/\/www.notibras.com\/site\/#organization"},"image":{"@id":"https:\/\/www.notibras.com\/site\/objetivos-e-desafios-na-escrita-literaria-escolher-um-projeto-e-ir-ate-o-fim\/#primaryimage"},"thumbnailUrl":"https:\/\/www.notibras.com\/site\/wp-content\/uploads\/2025\/10\/4d76ff84-ba14-4c6e-9651-c3a213ff40d8.jpg","articleSection":["Caf\u00e9 Liter\u00e1rio"],"inLanguage":"pt-BR"},{"@type":"WebPage","@id":"https:\/\/www.notibras.com\/site\/objetivos-e-desafios-na-escrita-literaria-escolher-um-projeto-e-ir-ate-o-fim\/","url":"https:\/\/www.notibras.com\/site\/objetivos-e-desafios-na-escrita-literaria-escolher-um-projeto-e-ir-ate-o-fim\/","name":"Objetivos (e desafios) na Escrita Liter\u00e1ria: Escolher um projeto e ir at\u00e9 o fim - Notibras","isPartOf":{"@id":"https:\/\/www.notibras.com\/site\/#website"},"primaryImageOfPage":{"@id":"https:\/\/www.notibras.com\/site\/objetivos-e-desafios-na-escrita-literaria-escolher-um-projeto-e-ir-ate-o-fim\/#primaryimage"},"image":{"@id":"https:\/\/www.notibras.com\/site\/objetivos-e-desafios-na-escrita-literaria-escolher-um-projeto-e-ir-ate-o-fim\/#primaryimage"},"thumbnailUrl":"https:\/\/www.notibras.com\/site\/wp-content\/uploads\/2025\/10\/4d76ff84-ba14-4c6e-9651-c3a213ff40d8.jpg","datePublished":"2025-10-08T03:45:14+00:00","breadcrumb":{"@id":"https:\/\/www.notibras.com\/site\/objetivos-e-desafios-na-escrita-literaria-escolher-um-projeto-e-ir-ate-o-fim\/#breadcrumb"},"inLanguage":"pt-BR","potentialAction":[{"@type":"ReadAction","target":["https:\/\/www.notibras.com\/site\/objetivos-e-desafios-na-escrita-literaria-escolher-um-projeto-e-ir-ate-o-fim\/"]}]},{"@type":"ImageObject","inLanguage":"pt-BR","@id":"https:\/\/www.notibras.com\/site\/objetivos-e-desafios-na-escrita-literaria-escolher-um-projeto-e-ir-ate-o-fim\/#primaryimage","url":"https:\/\/www.notibras.com\/site\/wp-content\/uploads\/2025\/10\/4d76ff84-ba14-4c6e-9651-c3a213ff40d8.jpg","contentUrl":"https:\/\/www.notibras.com\/site\/wp-content\/uploads\/2025\/10\/4d76ff84-ba14-4c6e-9651-c3a213ff40d8.jpg","width":1279,"height":1156},{"@type":"BreadcrumbList","@id":"https:\/\/www.notibras.com\/site\/objetivos-e-desafios-na-escrita-literaria-escolher-um-projeto-e-ir-ate-o-fim\/#breadcrumb","itemListElement":[{"@type":"ListItem","position":1,"name":"In\u00edcio","item":"https:\/\/www.notibras.com\/site\/"},{"@type":"ListItem","position":2,"name":"Objetivos (e desafios) na Escrita Liter\u00e1ria: Escolher um projeto e ir at\u00e9 o fim"}]},{"@type":"WebSite","@id":"https:\/\/www.notibras.com\/site\/#website","url":"https:\/\/www.notibras.com\/site\/","name":"Notibras","description":"Not\u00edcias de Bras\u00edlia, do Brasil e do Mundo","publisher":{"@id":"https:\/\/www.notibras.com\/site\/#organization"},"potentialAction":[{"@type":"SearchAction","target":{"@type":"EntryPoint","urlTemplate":"https:\/\/www.notibras.com\/site\/?s={search_term_string}"},"query-input":{"@type":"PropertyValueSpecification","valueRequired":true,"valueName":"search_term_string"}}],"inLanguage":"pt-BR"},{"@type":"Organization","@id":"https:\/\/www.notibras.com\/site\/#organization","name":"Grupo Notibras de Comunica\u00e7\u00e3o","url":"https:\/\/www.notibras.com\/site\/","logo":{"@type":"ImageObject","inLanguage":"pt-BR","@id":"https:\/\/www.notibras.com\/site\/#\/schema\/logo\/image\/","url":"https:\/\/www.notibras.com\/site\/wp-content\/uploads\/2023\/01\/notibras23.png","contentUrl":"https:\/\/www.notibras.com\/site\/wp-content\/uploads\/2023\/01\/notibras23.png","width":350,"height":87,"caption":"Grupo Notibras de Comunica\u00e7\u00e3o"},"image":{"@id":"https:\/\/www.notibras.com\/site\/#\/schema\/logo\/image\/"},"sameAs":["https:\/\/www.facebook.com\/notibras\/","https:\/\/x.com\/Notibras","https:\/\/www.instagram.com\/notibras\/"]},{"@type":"Person","@id":"https:\/\/www.notibras.com\/site\/#\/schema\/person\/5b7fabf2aedc3ada2105f03b22b4d3dd","name":"Eduardo Mart\u00ednez","image":{"@type":"ImageObject","inLanguage":"pt-BR","@id":"https:\/\/secure.gravatar.com\/avatar\/7902f906289926289cbcda644b5197c796b893c6ffd7b9a536a42d290f7704a0?s=96&d=mm&r=g","url":"https:\/\/secure.gravatar.com\/avatar\/7902f906289926289cbcda644b5197c796b893c6ffd7b9a536a42d290f7704a0?s=96&d=mm&r=g","contentUrl":"https:\/\/secure.gravatar.com\/avatar\/7902f906289926289cbcda644b5197c796b893c6ffd7b9a536a42d290f7704a0?s=96&d=mm&r=g","caption":"Eduardo Mart\u00ednez"}}]}},"amp_enabled":true,"_links":{"self":[{"href":"https:\/\/www.notibras.com\/site\/wp-json\/wp\/v2\/posts\/366583","targetHints":{"allow":["GET"]}}],"collection":[{"href":"https:\/\/www.notibras.com\/site\/wp-json\/wp\/v2\/posts"}],"about":[{"href":"https:\/\/www.notibras.com\/site\/wp-json\/wp\/v2\/types\/post"}],"author":[{"embeddable":true,"href":"https:\/\/www.notibras.com\/site\/wp-json\/wp\/v2\/users\/21"}],"replies":[{"embeddable":true,"href":"https:\/\/www.notibras.com\/site\/wp-json\/wp\/v2\/comments?post=366583"}],"version-history":[{"count":2,"href":"https:\/\/www.notibras.com\/site\/wp-json\/wp\/v2\/posts\/366583\/revisions"}],"predecessor-version":[{"id":366586,"href":"https:\/\/www.notibras.com\/site\/wp-json\/wp\/v2\/posts\/366583\/revisions\/366586"}],"wp:featuredmedia":[{"embeddable":true,"href":"https:\/\/www.notibras.com\/site\/wp-json\/wp\/v2\/media\/366584"}],"wp:attachment":[{"href":"https:\/\/www.notibras.com\/site\/wp-json\/wp\/v2\/media?parent=366583"}],"wp:term":[{"taxonomy":"category","embeddable":true,"href":"https:\/\/www.notibras.com\/site\/wp-json\/wp\/v2\/categories?post=366583"},{"taxonomy":"post_tag","embeddable":true,"href":"https:\/\/www.notibras.com\/site\/wp-json\/wp\/v2\/tags?post=366583"}],"curies":[{"name":"wp","href":"https:\/\/api.w.org\/{rel}","templated":true}]}}