{"id":366746,"date":"2025-10-09T09:19:52","date_gmt":"2025-10-09T12:19:52","guid":{"rendered":"https:\/\/www.notibras.com\/site\/?p=366746"},"modified":"2025-10-09T09:20:42","modified_gmt":"2025-10-09T12:20:42","slug":"giordano-mago-das-trevas-a-ciencia-a-magia-e-o-martirio-na-inquisicao","status":"publish","type":"post","link":"https:\/\/www.notibras.com\/site\/giordano-mago-das-trevas-a-ciencia-a-magia-e-o-martirio-na-inquisicao\/","title":{"rendered":"Giordano, Mago das Trevas, a ci\u00eancia, a magia e o mart\u00edrio na Inquisi\u00e7\u00e3o"},"content":{"rendered":"<p>Giordano Bruno (1548\u20131600) \u00e9 uma das figuras mais complexas e enigm\u00e1ticas do Renascimento. Nascido em Nola, no Reino de N\u00e1poles, sob o nome de Filippo Bruno, ingressou ainda jovem na Ordem Dominicana, onde estudou teologia, filosofia e as obras de Arist\u00f3teles. Contudo, sua mente inquieta logo ultrapassou os limites da ortodoxia religiosa, levando-o a romper com o dogmatismo da Igreja. Tornou-se fil\u00f3sofo, astr\u00f4nomo, m\u00edstico e mago, sendo considerado por muitos estudiosos como um dos principais representantes da magia renascentista \u2014 uma s\u00edntese entre o hermetismo, o neoplatonismo e a tradi\u00e7\u00e3o cabal\u00edstica.<\/p>\n<p>Influenciado pelas ideias de Nicolau de Cusa, Marsilio Ficino e Hermes Trismegisto, Bruno defendia a concep\u00e7\u00e3o de um universo infinito, habitado por in\u00fameros mundos e regido por uma intelig\u00eancia divina imanente. Essa vis\u00e3o c\u00f3smica, oposta \u00e0 cosmologia aristot\u00e9lica e \u00e0 teologia crist\u00e3, introduzia o princ\u00edpio da infinitude e da unidade universal: \u201cN\u00e3o h\u00e1 centro no universo, porque tudo \u00e9 centro e circunfer\u00eancia\u201d, afirmava em De l\u2019Infinito, Universo e Mondi (1584). Tal pensamento n\u00e3o apenas revolucionava a filosofia natural, mas tamb\u00e9m introduzia uma nova leitura da Magia Natural, entendida como o conhecimento das for\u00e7as ocultas da Natureza e de suas correspond\u00eancias microc\u00f3smicas e macroc\u00f3smicas.<\/p>\n<p>Para Bruno, o mago verdadeiro era aquele capaz de compreender e manipular os v\u00ednculos sutis que unem todas as coisas no cosmos. Essa concep\u00e7\u00e3o est\u00e1 presente em obras como De Magia e Theses De Magia, nas quais o fil\u00f3sofo retoma o princ\u00edpio herm\u00e9tico \u201comnia sunt in omnibus\u201d (tudo est\u00e1 em tudo). Diferentemente da bruxaria popular, sua magia tinha car\u00e1ter filos\u00f3fico e metaf\u00edsico, baseada na contempla\u00e7\u00e3o e na a\u00e7\u00e3o do intelecto sobre o mundo espiritual. Bruno via na imagina\u00e7\u00e3o ativa um poder criador, um instrumento capaz de transformar o real atrav\u00e9s da mente, antecipando conceitos que s\u00e9culos depois inspirariam correntes esot\u00e9ricas modernas e at\u00e9 interpreta\u00e7\u00f5es psicol\u00f3gicas junguianas.<\/p>\n<p>Durante suas viagens pela Europa \u2014 Genebra, Paris, Londres, Wittenberg, Praga e Frankfurt \u2014, Giordano Bruno difundiu suas ideias e escreveu intensamente. Entre suas principais obras destacam-se La Cena de le Ceneri (1584), onde defende o sistema copernicano, De la Causa, Principio et Uno (1584), que exp\u00f5e sua filosofia da unidade c\u00f3smica, e De Gli Heroici Furori (1585), tratado m\u00edstico sobre o amor intelectual e o caminho do conhecimento divino. Nesses textos, o fil\u00f3sofo constr\u00f3i uma ponte entre a raz\u00e3o e a magia, entre a ci\u00eancia e o esp\u00edrito, propondo um modelo de sabedoria total, onde o homem \u00e9 imagem viva do universo.<\/p>\n<p>Por tais ideias, Bruno foi considerado her\u00e9tico pela Igreja Cat\u00f3lica. Sua nega\u00e7\u00e3o da transubstancia\u00e7\u00e3o, sua cren\u00e7a na pluralidade dos mundos e sua defesa da alma universal feriram profundamente os dogmas da f\u00e9. Em 1592, foi denunciado \u00e0 Inquisi\u00e7\u00e3o em Veneza, preso e posteriormente transferido para Roma. Durante sete anos de julgamento (1593\u20131600), Bruno manteve-se fiel \u00e0s suas convic\u00e7\u00f5es, recusando-se a abjurar. Em 8 de fevereiro de 1600, o Santo Of\u00edcio o declarou culpado de heresia; em 17 de fevereiro, foi queimado vivo na Piazza Campo de\u2019 Fiori, em Roma, tendo os l\u00e1bios amorda\u00e7ados para que n\u00e3o pronunciasse suas \u00faltimas palavras.<\/p>\n<p>Seu mart\u00edrio transformou-se em s\u00edmbolo da liberdade de pensamento e da resist\u00eancia \u00e0 tirania dogm\u00e1tica. Giordano Bruno, muitas vezes chamado de \u201cMago das Trevas\u201d por seus contempor\u00e2neos, foi, na verdade, um iluminador das consci\u00eancias, um precursor da ci\u00eancia moderna e um m\u00e1rtir da filosofia herm\u00e9tica. Sua \u201ctreva\u201d era a da ignor\u00e2ncia que ele ousou desafiar com a luz do conhecimento oculto e da raz\u00e3o livre.<\/p>\n<p>Hoje, sua est\u00e1tua no Campo de\u2019 Fiori \u2014 erguida em 1889 \u2014 recorda que a chama que o consumiu n\u00e3o foi a do inferno inquisitorial, mas a do fogo da sabedoria, que continua a arder no cora\u00e7\u00e3o daqueles que buscam compreender o mist\u00e9rio da exist\u00eancia em sua unidade c\u00f3smica e divina.<\/p>\n<p>&#8230;&#8230;&#8230;&#8230;&#8230;&#8230;.<\/p>\n<p><strong>Hussein Sabra el-Awar<\/strong><br \/>\n<strong>Membro Conselheiro do Col\u00e9gio dos Magos e Sacerdotisas<\/strong><br \/>\n<strong>@colegiodosmagosesacerdotisas<\/strong><\/p>\n","protected":false},"excerpt":{"rendered":"<p>Giordano Bruno (1548\u20131600) \u00e9 uma das figuras mais complexas e enigm\u00e1ticas do Renascimento. Nascido em Nola, no Reino de N\u00e1poles, sob o nome de Filippo Bruno, ingressou ainda jovem na Ordem Dominicana, onde estudou teologia, filosofia e as obras de Arist\u00f3teles. Contudo, sua mente inquieta logo ultrapassou os limites da ortodoxia religiosa, levando-o a romper [&hellip;]<\/p>\n","protected":false},"author":2,"featured_media":366747,"comment_status":"closed","ping_status":"closed","sticky":false,"template":"","format":"standard","meta":{"_acf_changed":false,"footnotes":""},"categories":[237],"tags":[],"class_list":["post-366746","post","type-post","status-publish","format-standard","has-post-thumbnail","hentry","category-oraculos"],"acf":[],"yoast_head":"<!-- This site is optimized with the Yoast SEO plugin v27.2 - https:\/\/yoast.com\/product\/yoast-seo-wordpress\/ -->\n<title>Giordano, Mago das Trevas, a ci\u00eancia, a magia e o mart\u00edrio na Inquisi\u00e7\u00e3o - Notibras<\/title>\n<meta name=\"robots\" content=\"index, follow, max-snippet:-1, max-image-preview:large, max-video-preview:-1\" \/>\n<link rel=\"canonical\" href=\"https:\/\/www.notibras.com\/site\/giordano-mago-das-trevas-a-ciencia-a-magia-e-o-martirio-na-inquisicao\/\" \/>\n<meta property=\"og:locale\" content=\"pt_BR\" \/>\n<meta property=\"og:type\" content=\"article\" \/>\n<meta property=\"og:title\" content=\"Giordano, Mago das Trevas, a ci\u00eancia, a magia e o mart\u00edrio na Inquisi\u00e7\u00e3o - Notibras\" \/>\n<meta property=\"og:description\" content=\"Giordano Bruno (1548\u20131600) \u00e9 uma das figuras mais complexas e enigm\u00e1ticas do Renascimento. Nascido em Nola, no Reino de N\u00e1poles, sob o nome de Filippo Bruno, ingressou ainda jovem na Ordem Dominicana, onde estudou teologia, filosofia e as obras de Arist\u00f3teles. Contudo, sua mente inquieta logo ultrapassou os limites da ortodoxia religiosa, levando-o a romper [&hellip;]\" \/>\n<meta property=\"og:url\" content=\"https:\/\/www.notibras.com\/site\/giordano-mago-das-trevas-a-ciencia-a-magia-e-o-martirio-na-inquisicao\/\" \/>\n<meta property=\"og:site_name\" content=\"Notibras\" \/>\n<meta property=\"article:publisher\" content=\"https:\/\/www.facebook.com\/notibras\/\" \/>\n<meta property=\"article:published_time\" content=\"2025-10-09T12:19:52+00:00\" \/>\n<meta property=\"article:modified_time\" content=\"2025-10-09T12:20:42+00:00\" \/>\n<meta property=\"og:image\" content=\"https:\/\/www.notibras.com\/site\/wp-content\/uploads\/2025\/10\/8b066e39-6550-4338-a47c-ab7a4e31f305.jpeg\" \/>\n\t<meta property=\"og:image:width\" content=\"1024\" \/>\n\t<meta property=\"og:image:height\" content=\"1536\" \/>\n\t<meta property=\"og:image:type\" content=\"image\/jpeg\" \/>\n<meta name=\"author\" content=\"Reda\u00e7\u00e3o\" \/>\n<meta name=\"twitter:card\" content=\"summary_large_image\" \/>\n<meta name=\"twitter:creator\" content=\"@Notibras\" \/>\n<meta name=\"twitter:site\" content=\"@Notibras\" \/>\n<meta name=\"twitter:label1\" content=\"Escrito por\" \/>\n\t<meta name=\"twitter:data1\" content=\"Reda\u00e7\u00e3o\" \/>\n\t<meta name=\"twitter:label2\" content=\"Est. tempo de leitura\" \/>\n\t<meta name=\"twitter:data2\" content=\"4 minutos\" \/>\n<script type=\"application\/ld+json\" class=\"yoast-schema-graph\">{\"@context\":\"https:\/\/schema.org\",\"@graph\":[{\"@type\":\"Article\",\"@id\":\"https:\/\/www.notibras.com\/site\/giordano-mago-das-trevas-a-ciencia-a-magia-e-o-martirio-na-inquisicao\/#article\",\"isPartOf\":{\"@id\":\"https:\/\/www.notibras.com\/site\/giordano-mago-das-trevas-a-ciencia-a-magia-e-o-martirio-na-inquisicao\/\"},\"author\":{\"name\":\"Reda\u00e7\u00e3o\",\"@id\":\"https:\/\/www.notibras.com\/site\/#\/schema\/person\/36ab0979449956132d3e5b517ea76ac8\"},\"headline\":\"Giordano, Mago das Trevas, a ci\u00eancia, a magia e o mart\u00edrio na Inquisi\u00e7\u00e3o\",\"datePublished\":\"2025-10-09T12:19:52+00:00\",\"dateModified\":\"2025-10-09T12:20:42+00:00\",\"mainEntityOfPage\":{\"@id\":\"https:\/\/www.notibras.com\/site\/giordano-mago-das-trevas-a-ciencia-a-magia-e-o-martirio-na-inquisicao\/\"},\"wordCount\":702,\"publisher\":{\"@id\":\"https:\/\/www.notibras.com\/site\/#organization\"},\"image\":{\"@id\":\"https:\/\/www.notibras.com\/site\/giordano-mago-das-trevas-a-ciencia-a-magia-e-o-martirio-na-inquisicao\/#primaryimage\"},\"thumbnailUrl\":\"https:\/\/www.notibras.com\/site\/wp-content\/uploads\/2025\/10\/8b066e39-6550-4338-a47c-ab7a4e31f305.jpeg\",\"articleSection\":[\"Or\u00e1culos\"],\"inLanguage\":\"pt-BR\"},{\"@type\":\"WebPage\",\"@id\":\"https:\/\/www.notibras.com\/site\/giordano-mago-das-trevas-a-ciencia-a-magia-e-o-martirio-na-inquisicao\/\",\"url\":\"https:\/\/www.notibras.com\/site\/giordano-mago-das-trevas-a-ciencia-a-magia-e-o-martirio-na-inquisicao\/\",\"name\":\"Giordano, Mago das Trevas, a ci\u00eancia, a magia e o mart\u00edrio na Inquisi\u00e7\u00e3o - Notibras\",\"isPartOf\":{\"@id\":\"https:\/\/www.notibras.com\/site\/#website\"},\"primaryImageOfPage\":{\"@id\":\"https:\/\/www.notibras.com\/site\/giordano-mago-das-trevas-a-ciencia-a-magia-e-o-martirio-na-inquisicao\/#primaryimage\"},\"image\":{\"@id\":\"https:\/\/www.notibras.com\/site\/giordano-mago-das-trevas-a-ciencia-a-magia-e-o-martirio-na-inquisicao\/#primaryimage\"},\"thumbnailUrl\":\"https:\/\/www.notibras.com\/site\/wp-content\/uploads\/2025\/10\/8b066e39-6550-4338-a47c-ab7a4e31f305.jpeg\",\"datePublished\":\"2025-10-09T12:19:52+00:00\",\"dateModified\":\"2025-10-09T12:20:42+00:00\",\"breadcrumb\":{\"@id\":\"https:\/\/www.notibras.com\/site\/giordano-mago-das-trevas-a-ciencia-a-magia-e-o-martirio-na-inquisicao\/#breadcrumb\"},\"inLanguage\":\"pt-BR\",\"potentialAction\":[{\"@type\":\"ReadAction\",\"target\":[\"https:\/\/www.notibras.com\/site\/giordano-mago-das-trevas-a-ciencia-a-magia-e-o-martirio-na-inquisicao\/\"]}]},{\"@type\":\"ImageObject\",\"inLanguage\":\"pt-BR\",\"@id\":\"https:\/\/www.notibras.com\/site\/giordano-mago-das-trevas-a-ciencia-a-magia-e-o-martirio-na-inquisicao\/#primaryimage\",\"url\":\"https:\/\/www.notibras.com\/site\/wp-content\/uploads\/2025\/10\/8b066e39-6550-4338-a47c-ab7a4e31f305.jpeg\",\"contentUrl\":\"https:\/\/www.notibras.com\/site\/wp-content\/uploads\/2025\/10\/8b066e39-6550-4338-a47c-ab7a4e31f305.jpeg\",\"width\":1024,\"height\":1536},{\"@type\":\"BreadcrumbList\",\"@id\":\"https:\/\/www.notibras.com\/site\/giordano-mago-das-trevas-a-ciencia-a-magia-e-o-martirio-na-inquisicao\/#breadcrumb\",\"itemListElement\":[{\"@type\":\"ListItem\",\"position\":1,\"name\":\"In\u00edcio\",\"item\":\"https:\/\/www.notibras.com\/site\/\"},{\"@type\":\"ListItem\",\"position\":2,\"name\":\"Giordano, Mago das Trevas, a ci\u00eancia, a magia e o mart\u00edrio na Inquisi\u00e7\u00e3o\"}]},{\"@type\":\"WebSite\",\"@id\":\"https:\/\/www.notibras.com\/site\/#website\",\"url\":\"https:\/\/www.notibras.com\/site\/\",\"name\":\"Notibras\",\"description\":\"Not\u00edcias de Bras\u00edlia, do Brasil e do Mundo\",\"publisher\":{\"@id\":\"https:\/\/www.notibras.com\/site\/#organization\"},\"potentialAction\":[{\"@type\":\"SearchAction\",\"target\":{\"@type\":\"EntryPoint\",\"urlTemplate\":\"https:\/\/www.notibras.com\/site\/?s={search_term_string}\"},\"query-input\":{\"@type\":\"PropertyValueSpecification\",\"valueRequired\":true,\"valueName\":\"search_term_string\"}}],\"inLanguage\":\"pt-BR\"},{\"@type\":\"Organization\",\"@id\":\"https:\/\/www.notibras.com\/site\/#organization\",\"name\":\"Grupo Notibras de Comunica\u00e7\u00e3o\",\"url\":\"https:\/\/www.notibras.com\/site\/\",\"logo\":{\"@type\":\"ImageObject\",\"inLanguage\":\"pt-BR\",\"@id\":\"https:\/\/www.notibras.com\/site\/#\/schema\/logo\/image\/\",\"url\":\"https:\/\/www.notibras.com\/site\/wp-content\/uploads\/2023\/01\/notibras23.png\",\"contentUrl\":\"https:\/\/www.notibras.com\/site\/wp-content\/uploads\/2023\/01\/notibras23.png\",\"width\":350,\"height\":87,\"caption\":\"Grupo Notibras de Comunica\u00e7\u00e3o\"},\"image\":{\"@id\":\"https:\/\/www.notibras.com\/site\/#\/schema\/logo\/image\/\"},\"sameAs\":[\"https:\/\/www.facebook.com\/notibras\/\",\"https:\/\/x.com\/Notibras\",\"https:\/\/www.instagram.com\/notibras\/\"]},{\"@type\":\"Person\",\"@id\":\"https:\/\/www.notibras.com\/site\/#\/schema\/person\/36ab0979449956132d3e5b517ea76ac8\",\"name\":\"Reda\u00e7\u00e3o\",\"image\":{\"@type\":\"ImageObject\",\"inLanguage\":\"pt-BR\",\"@id\":\"https:\/\/secure.gravatar.com\/avatar\/e0a867bdedb85fd243eadf09663511f96fc81e0720a4a42581f334ad4303aa6b?s=96&d=mm&r=g\",\"url\":\"https:\/\/secure.gravatar.com\/avatar\/e0a867bdedb85fd243eadf09663511f96fc81e0720a4a42581f334ad4303aa6b?s=96&d=mm&r=g\",\"contentUrl\":\"https:\/\/secure.gravatar.com\/avatar\/e0a867bdedb85fd243eadf09663511f96fc81e0720a4a42581f334ad4303aa6b?s=96&d=mm&r=g\",\"caption\":\"Reda\u00e7\u00e3o\"}}]}<\/script>\n<!-- \/ Yoast SEO plugin. -->","yoast_head_json":{"title":"Giordano, Mago das Trevas, a ci\u00eancia, a magia e o mart\u00edrio na Inquisi\u00e7\u00e3o - Notibras","robots":{"index":"index","follow":"follow","max-snippet":"max-snippet:-1","max-image-preview":"max-image-preview:large","max-video-preview":"max-video-preview:-1"},"canonical":"https:\/\/www.notibras.com\/site\/giordano-mago-das-trevas-a-ciencia-a-magia-e-o-martirio-na-inquisicao\/","og_locale":"pt_BR","og_type":"article","og_title":"Giordano, Mago das Trevas, a ci\u00eancia, a magia e o mart\u00edrio na Inquisi\u00e7\u00e3o - Notibras","og_description":"Giordano Bruno (1548\u20131600) \u00e9 uma das figuras mais complexas e enigm\u00e1ticas do Renascimento. Nascido em Nola, no Reino de N\u00e1poles, sob o nome de Filippo Bruno, ingressou ainda jovem na Ordem Dominicana, onde estudou teologia, filosofia e as obras de Arist\u00f3teles. Contudo, sua mente inquieta logo ultrapassou os limites da ortodoxia religiosa, levando-o a romper [&hellip;]","og_url":"https:\/\/www.notibras.com\/site\/giordano-mago-das-trevas-a-ciencia-a-magia-e-o-martirio-na-inquisicao\/","og_site_name":"Notibras","article_publisher":"https:\/\/www.facebook.com\/notibras\/","article_published_time":"2025-10-09T12:19:52+00:00","article_modified_time":"2025-10-09T12:20:42+00:00","og_image":[{"width":1024,"height":1536,"url":"https:\/\/www.notibras.com\/site\/wp-content\/uploads\/2025\/10\/8b066e39-6550-4338-a47c-ab7a4e31f305.jpeg","type":"image\/jpeg"}],"author":"Reda\u00e7\u00e3o","twitter_card":"summary_large_image","twitter_creator":"@Notibras","twitter_site":"@Notibras","twitter_misc":{"Escrito por":"Reda\u00e7\u00e3o","Est. tempo de leitura":"4 minutos"},"schema":{"@context":"https:\/\/schema.org","@graph":[{"@type":"Article","@id":"https:\/\/www.notibras.com\/site\/giordano-mago-das-trevas-a-ciencia-a-magia-e-o-martirio-na-inquisicao\/#article","isPartOf":{"@id":"https:\/\/www.notibras.com\/site\/giordano-mago-das-trevas-a-ciencia-a-magia-e-o-martirio-na-inquisicao\/"},"author":{"name":"Reda\u00e7\u00e3o","@id":"https:\/\/www.notibras.com\/site\/#\/schema\/person\/36ab0979449956132d3e5b517ea76ac8"},"headline":"Giordano, Mago das Trevas, a ci\u00eancia, a magia e o mart\u00edrio na Inquisi\u00e7\u00e3o","datePublished":"2025-10-09T12:19:52+00:00","dateModified":"2025-10-09T12:20:42+00:00","mainEntityOfPage":{"@id":"https:\/\/www.notibras.com\/site\/giordano-mago-das-trevas-a-ciencia-a-magia-e-o-martirio-na-inquisicao\/"},"wordCount":702,"publisher":{"@id":"https:\/\/www.notibras.com\/site\/#organization"},"image":{"@id":"https:\/\/www.notibras.com\/site\/giordano-mago-das-trevas-a-ciencia-a-magia-e-o-martirio-na-inquisicao\/#primaryimage"},"thumbnailUrl":"https:\/\/www.notibras.com\/site\/wp-content\/uploads\/2025\/10\/8b066e39-6550-4338-a47c-ab7a4e31f305.jpeg","articleSection":["Or\u00e1culos"],"inLanguage":"pt-BR"},{"@type":"WebPage","@id":"https:\/\/www.notibras.com\/site\/giordano-mago-das-trevas-a-ciencia-a-magia-e-o-martirio-na-inquisicao\/","url":"https:\/\/www.notibras.com\/site\/giordano-mago-das-trevas-a-ciencia-a-magia-e-o-martirio-na-inquisicao\/","name":"Giordano, Mago das Trevas, a ci\u00eancia, a magia e o mart\u00edrio na Inquisi\u00e7\u00e3o - Notibras","isPartOf":{"@id":"https:\/\/www.notibras.com\/site\/#website"},"primaryImageOfPage":{"@id":"https:\/\/www.notibras.com\/site\/giordano-mago-das-trevas-a-ciencia-a-magia-e-o-martirio-na-inquisicao\/#primaryimage"},"image":{"@id":"https:\/\/www.notibras.com\/site\/giordano-mago-das-trevas-a-ciencia-a-magia-e-o-martirio-na-inquisicao\/#primaryimage"},"thumbnailUrl":"https:\/\/www.notibras.com\/site\/wp-content\/uploads\/2025\/10\/8b066e39-6550-4338-a47c-ab7a4e31f305.jpeg","datePublished":"2025-10-09T12:19:52+00:00","dateModified":"2025-10-09T12:20:42+00:00","breadcrumb":{"@id":"https:\/\/www.notibras.com\/site\/giordano-mago-das-trevas-a-ciencia-a-magia-e-o-martirio-na-inquisicao\/#breadcrumb"},"inLanguage":"pt-BR","potentialAction":[{"@type":"ReadAction","target":["https:\/\/www.notibras.com\/site\/giordano-mago-das-trevas-a-ciencia-a-magia-e-o-martirio-na-inquisicao\/"]}]},{"@type":"ImageObject","inLanguage":"pt-BR","@id":"https:\/\/www.notibras.com\/site\/giordano-mago-das-trevas-a-ciencia-a-magia-e-o-martirio-na-inquisicao\/#primaryimage","url":"https:\/\/www.notibras.com\/site\/wp-content\/uploads\/2025\/10\/8b066e39-6550-4338-a47c-ab7a4e31f305.jpeg","contentUrl":"https:\/\/www.notibras.com\/site\/wp-content\/uploads\/2025\/10\/8b066e39-6550-4338-a47c-ab7a4e31f305.jpeg","width":1024,"height":1536},{"@type":"BreadcrumbList","@id":"https:\/\/www.notibras.com\/site\/giordano-mago-das-trevas-a-ciencia-a-magia-e-o-martirio-na-inquisicao\/#breadcrumb","itemListElement":[{"@type":"ListItem","position":1,"name":"In\u00edcio","item":"https:\/\/www.notibras.com\/site\/"},{"@type":"ListItem","position":2,"name":"Giordano, Mago das Trevas, a ci\u00eancia, a magia e o mart\u00edrio na Inquisi\u00e7\u00e3o"}]},{"@type":"WebSite","@id":"https:\/\/www.notibras.com\/site\/#website","url":"https:\/\/www.notibras.com\/site\/","name":"Notibras","description":"Not\u00edcias de Bras\u00edlia, do Brasil e do Mundo","publisher":{"@id":"https:\/\/www.notibras.com\/site\/#organization"},"potentialAction":[{"@type":"SearchAction","target":{"@type":"EntryPoint","urlTemplate":"https:\/\/www.notibras.com\/site\/?s={search_term_string}"},"query-input":{"@type":"PropertyValueSpecification","valueRequired":true,"valueName":"search_term_string"}}],"inLanguage":"pt-BR"},{"@type":"Organization","@id":"https:\/\/www.notibras.com\/site\/#organization","name":"Grupo Notibras de Comunica\u00e7\u00e3o","url":"https:\/\/www.notibras.com\/site\/","logo":{"@type":"ImageObject","inLanguage":"pt-BR","@id":"https:\/\/www.notibras.com\/site\/#\/schema\/logo\/image\/","url":"https:\/\/www.notibras.com\/site\/wp-content\/uploads\/2023\/01\/notibras23.png","contentUrl":"https:\/\/www.notibras.com\/site\/wp-content\/uploads\/2023\/01\/notibras23.png","width":350,"height":87,"caption":"Grupo Notibras de Comunica\u00e7\u00e3o"},"image":{"@id":"https:\/\/www.notibras.com\/site\/#\/schema\/logo\/image\/"},"sameAs":["https:\/\/www.facebook.com\/notibras\/","https:\/\/x.com\/Notibras","https:\/\/www.instagram.com\/notibras\/"]},{"@type":"Person","@id":"https:\/\/www.notibras.com\/site\/#\/schema\/person\/36ab0979449956132d3e5b517ea76ac8","name":"Reda\u00e7\u00e3o","image":{"@type":"ImageObject","inLanguage":"pt-BR","@id":"https:\/\/secure.gravatar.com\/avatar\/e0a867bdedb85fd243eadf09663511f96fc81e0720a4a42581f334ad4303aa6b?s=96&d=mm&r=g","url":"https:\/\/secure.gravatar.com\/avatar\/e0a867bdedb85fd243eadf09663511f96fc81e0720a4a42581f334ad4303aa6b?s=96&d=mm&r=g","contentUrl":"https:\/\/secure.gravatar.com\/avatar\/e0a867bdedb85fd243eadf09663511f96fc81e0720a4a42581f334ad4303aa6b?s=96&d=mm&r=g","caption":"Reda\u00e7\u00e3o"}}]}},"amp_enabled":true,"_links":{"self":[{"href":"https:\/\/www.notibras.com\/site\/wp-json\/wp\/v2\/posts\/366746","targetHints":{"allow":["GET"]}}],"collection":[{"href":"https:\/\/www.notibras.com\/site\/wp-json\/wp\/v2\/posts"}],"about":[{"href":"https:\/\/www.notibras.com\/site\/wp-json\/wp\/v2\/types\/post"}],"author":[{"embeddable":true,"href":"https:\/\/www.notibras.com\/site\/wp-json\/wp\/v2\/users\/2"}],"replies":[{"embeddable":true,"href":"https:\/\/www.notibras.com\/site\/wp-json\/wp\/v2\/comments?post=366746"}],"version-history":[{"count":1,"href":"https:\/\/www.notibras.com\/site\/wp-json\/wp\/v2\/posts\/366746\/revisions"}],"predecessor-version":[{"id":366748,"href":"https:\/\/www.notibras.com\/site\/wp-json\/wp\/v2\/posts\/366746\/revisions\/366748"}],"wp:featuredmedia":[{"embeddable":true,"href":"https:\/\/www.notibras.com\/site\/wp-json\/wp\/v2\/media\/366747"}],"wp:attachment":[{"href":"https:\/\/www.notibras.com\/site\/wp-json\/wp\/v2\/media?parent=366746"}],"wp:term":[{"taxonomy":"category","embeddable":true,"href":"https:\/\/www.notibras.com\/site\/wp-json\/wp\/v2\/categories?post=366746"},{"taxonomy":"post_tag","embeddable":true,"href":"https:\/\/www.notibras.com\/site\/wp-json\/wp\/v2\/tags?post=366746"}],"curies":[{"name":"wp","href":"https:\/\/api.w.org\/{rel}","templated":true}]}}