{"id":36686,"date":"2015-02-11T07:09:29","date_gmt":"2015-02-11T10:09:29","guid":{"rendered":"http:\/\/www.notibras.com\/site\/?p=36686"},"modified":"2015-02-11T15:19:34","modified_gmt":"2015-02-11T18:19:34","slug":"nega-maluca-fantasia-que-discrimina-pode-estar-com-os-dias-contados","status":"publish","type":"post","link":"https:\/\/www.notibras.com\/site\/nega-maluca-fantasia-que-discrimina-pode-estar-com-os-dias-contados\/","title":{"rendered":"Nega Maluca discrimina e pode estar com dias contados para foli\u00f5es do Rei Momo"},"content":{"rendered":"<p class=\"text\">S\u00f3 homens podem vestir a fantasia oficial do bloco Dom\u00e9stica de Luxo, que no \u00faltimo fim de semana reuniu mais de 6 mil pessoas em Juiz de Fora, Minas Gerais. A caracteriza\u00e7\u00e3o se repete desde 1958, quando o grupo foi criado por seis amigos: avental, cabelo &#8220;black power&#8221;, batom vermelho para engrossar os l\u00e1bios e tinta preta cobrindo o rosto. Exatamente o oposto do que gostariam de ver mulheres negras como Stephanie, Jarid e Dandara, que conversaram com a BBC Brasil sobre racismo no Carnaval.<\/p>\n<p class=\"text\">Al\u00e9m do exemplo mineiro, elas citam como motivos de desconforto marchinhas como <em>O Teu Cabelo N\u00e3o Nega <\/em> (&#8220;Mas como a cor n\u00e3o pega, mulata \/ Mulata, eu quero o teu amor&#8221;), fantasias como a de &#8220;nega maluca&#8221; e clich\u00eas como a &#8220;mulata tipo exporta\u00e7\u00e3o&#8221;.<\/p>\n<p class=\"text\">Para as entrevistadas, sob confetes e serpentinas circulam piadas machistas (com homens se vestindo de &#8216;mulher f\u00e1cil&#8217;), racistas (por meio da representa\u00e7\u00e3o debochada da mulher negra) e com preconceito social (caso das piadas com o cotidiano das empregadas).<\/p>\n<p class=\"text\">&#8220;Tenho certeza de que a maioria desses homens n\u00e3o tem a menor no\u00e7\u00e3o sobre a quest\u00e3o racial e, pior, n\u00e3o faz nenhum esfor\u00e7o para entender&#8221;, diz a estudante de arquitetura Stephanie Ribeiro, de 21 anos, eleita uma das 25 mulheres negras mais influentes da internet brasileira.\u00a0&#8220;A origem que percebo na maioria dos &#8216;bullies&#8217; \u00e9 essa: uma dificuldade de se colocar no lugar do outro&#8221;, afirma a jovem.<\/p>\n<p>A reportagem conversou com um dos diretores do bloco Dom\u00e9stica de Luxo, o administrador de empresas Od\u00e9rio Filho, que se disse surpreso com as cr\u00edticas. &#8220;A gente n\u00e3o tem preconceito&#8221;, afirma. &#8220;O bloco foi criado em 1958 por seis amigos que decidiram pintar o rosto de preto e vestir uma roupa simples para homenagear de forma singela as empregadas.&#8221;<\/p>\n<blockquote><p>Questionado sobre a associa\u00e7\u00e3o da mulher negra ao trabalho dom\u00e9stico, Od\u00e9rio diz defender a liberdade de express\u00e3o. &#8220;Tratamos de forma carinhosa e caricata. A liberdade de express\u00e3o est\u00e1 a\u00ed. Queremos agregar qualquer tipo de pessoa &#8211; a \u00fanica restri\u00e7\u00e3o \u00e9 que s\u00f3 podem homens, como est\u00e1 no estatuto.&#8221;<\/p><\/blockquote>\n<p>Stephanie contra-argumenta. &#8220;Hoje tenho um pouco de medo de ir para a rua num bloco porque me encaixo exatamente no padr\u00e3o de mulher que eles constroem. O constrangimento n\u00e3o fica s\u00f3 no campo da palavra, da express\u00e3o, da fantasia. A agress\u00e3o tamb\u00e9m \u00e9 f\u00edsica: nos passam a m\u00e3o e tratam como objeto de divers\u00e3o.&#8221;<\/p>\n<p>A escritora e militante Jarid Arraes, de 24 anos, se &#8220;ofendida&#8221; com a &#8220;hipersexualiza\u00e7\u00e3o&#8221; das mulheres negras durante a festa. &#8220;Somos retratadas como mulheres &#8216;da cor do pecado&#8217;, &#8216;mulatas tipo exporta\u00e7\u00e3o&#8217;. \u00c9 o velho estere\u00f3tipo de que as mulheres negras seriam mais sexuais do que as brancas &#8211; que por sua vez seriam para casar&#8221;, diz. &#8220;Aquela n\u00e3o \u00e9 a imagem criada pela pr\u00f3pria mulher negra. \u00c9 criada pela elite branca, com exageros nas formas e curvas. N\u00e3o d\u00e1 para dizer que \u00e9 inofensivo, que \u00e9 divers\u00e3o. \u00c9 deboche&#8221;, afirma.<\/p>\n<p>A atriz Dandara de Morais, de 24 anos, conta ter vivido na pr\u00f3pria pele o clich\u00ea da nega maluca.<br \/>\n&#8220;Fa\u00e7o bal\u00e9 desde crian\u00e7a. Aos 16, tivemos uma apresenta\u00e7\u00e3o sobre bonecas &#8211; claro, para mim reservaram a &#8216;nega maluca'&#8221;, diz. &#8220;Hoje eu vejo como este tipo de representa\u00e7\u00e3o da mulher negra a limita e ridiculariza.&#8221;<\/p>\n<p>S\u00e3o representa\u00e7\u00f5es que Jarid promete combater at\u00e9 que os &#8220;estere\u00f3tipos sejam derrotados&#8221;.<br \/>\n&#8220;O carnaval \u00e9 s\u00f3 sintoma de um problema muito maior: a repress\u00e3o sexual, o moralismo, a desigualdade de oportunidades&#8221;, diz. &#8220;A internet nos coloca numa posi\u00e7\u00e3o mais vis\u00edvel que antigamente. As pessoas nos escutam, nos veem questionar e com isso conseguimos causar incom\u00f4do.&#8221;<\/p>\n<p>Por outro lado, as entrevistadas reconhecem que nem s\u00f3 de estere\u00f3tipos \u00e9 feito o Carnaval. A cada ano, ganham for\u00e7a pelo pa\u00eds blocos carnavalescos que pulam a festa levantando bandeiras sociais como o empoderamento feminino e a defesa de oportunidades iguais entre os sexos.<\/p>\n<p>\u00c9 o caso do bloco Rolezinho da Crioula, que desfilou no \u00faltimo domingo, na Vila Madalena, em S\u00e3o Paulo, com a miss\u00e3o de promover a cultura negra e o respeito \u00e0s tradi\u00e7\u00f5es afro-brasileiras. Stephanie fez um chamado nas redes sociais em busca de indica\u00e7\u00f5es de blocos que n\u00e3o aceitam representa\u00e7\u00f5es estereotipadas entre seus integrantes.<\/p>\n","protected":false},"excerpt":{"rendered":"<p>S\u00f3 homens podem vestir a fantasia oficial do bloco Dom\u00e9stica de Luxo, que no \u00faltimo fim de semana reuniu mais de 6 mil pessoas em Juiz de Fora, Minas Gerais. A caracteriza\u00e7\u00e3o se repete desde 1958, quando o grupo foi criado por seis amigos: avental, cabelo &#8220;black power&#8221;, batom vermelho para engrossar os l\u00e1bios e [&hellip;]<\/p>\n","protected":false},"author":2,"featured_media":36687,"comment_status":"open","ping_status":"closed","sticky":false,"template":"","format":"standard","meta":{"_acf_changed":false,"footnotes":""},"categories":[16],"tags":[],"class_list":["post-36686","post","type-post","status-publish","format-standard","has-post-thumbnail","hentry","category-brasil"],"acf":[],"yoast_head":"<!-- This site is optimized with the Yoast SEO plugin v27.2 - https:\/\/yoast.com\/product\/yoast-seo-wordpress\/ -->\n<title>Nega Maluca discrimina e pode estar com dias contados para foli\u00f5es do Rei Momo - Notibras<\/title>\n<meta name=\"robots\" content=\"index, follow, max-snippet:-1, max-image-preview:large, max-video-preview:-1\" \/>\n<link rel=\"canonical\" href=\"https:\/\/www.notibras.com\/site\/nega-maluca-fantasia-que-discrimina-pode-estar-com-os-dias-contados\/\" \/>\n<meta property=\"og:locale\" content=\"pt_BR\" \/>\n<meta property=\"og:type\" content=\"article\" \/>\n<meta property=\"og:title\" content=\"Nega Maluca discrimina e pode estar com dias contados para foli\u00f5es do Rei Momo - Notibras\" \/>\n<meta property=\"og:description\" content=\"S\u00f3 homens podem vestir a fantasia oficial do bloco Dom\u00e9stica de Luxo, que no \u00faltimo fim de semana reuniu mais de 6 mil pessoas em Juiz de Fora, Minas Gerais. A caracteriza\u00e7\u00e3o se repete desde 1958, quando o grupo foi criado por seis amigos: avental, cabelo &#8220;black power&#8221;, batom vermelho para engrossar os l\u00e1bios e [&hellip;]\" \/>\n<meta property=\"og:url\" content=\"https:\/\/www.notibras.com\/site\/nega-maluca-fantasia-que-discrimina-pode-estar-com-os-dias-contados\/\" \/>\n<meta property=\"og:site_name\" content=\"Notibras\" \/>\n<meta property=\"article:publisher\" content=\"https:\/\/www.facebook.com\/notibras\/\" \/>\n<meta property=\"article:published_time\" content=\"2015-02-11T10:09:29+00:00\" \/>\n<meta property=\"article:modified_time\" content=\"2015-02-11T18:19:34+00:00\" \/>\n<meta property=\"og:image\" content=\"https:\/\/www.notibras.com\/site\/wp-content\/uploads\/2015\/02\/nega-maluca.jpg\" \/>\n\t<meta property=\"og:image:width\" content=\"600\" \/>\n\t<meta property=\"og:image:height\" content=\"450\" \/>\n\t<meta property=\"og:image:type\" content=\"image\/jpeg\" \/>\n<meta name=\"author\" content=\"Reda\u00e7\u00e3o\" \/>\n<meta name=\"twitter:card\" content=\"summary_large_image\" \/>\n<meta name=\"twitter:creator\" content=\"@Notibras\" \/>\n<meta name=\"twitter:site\" content=\"@Notibras\" \/>\n<meta name=\"twitter:label1\" content=\"Escrito por\" \/>\n\t<meta name=\"twitter:data1\" content=\"Reda\u00e7\u00e3o\" \/>\n\t<meta name=\"twitter:label2\" content=\"Est. tempo de leitura\" \/>\n\t<meta name=\"twitter:data2\" content=\"4 minutos\" \/>\n<script type=\"application\/ld+json\" class=\"yoast-schema-graph\">{\"@context\":\"https:\/\/schema.org\",\"@graph\":[{\"@type\":\"Article\",\"@id\":\"https:\/\/www.notibras.com\/site\/nega-maluca-fantasia-que-discrimina-pode-estar-com-os-dias-contados\/#article\",\"isPartOf\":{\"@id\":\"https:\/\/www.notibras.com\/site\/nega-maluca-fantasia-que-discrimina-pode-estar-com-os-dias-contados\/\"},\"author\":{\"name\":\"Reda\u00e7\u00e3o\",\"@id\":\"https:\/\/www.notibras.com\/site\/#\/schema\/person\/36ab0979449956132d3e5b517ea76ac8\"},\"headline\":\"Nega Maluca discrimina e pode estar com dias contados para foli\u00f5es do Rei Momo\",\"datePublished\":\"2015-02-11T10:09:29+00:00\",\"dateModified\":\"2015-02-11T18:19:34+00:00\",\"mainEntityOfPage\":{\"@id\":\"https:\/\/www.notibras.com\/site\/nega-maluca-fantasia-que-discrimina-pode-estar-com-os-dias-contados\/\"},\"wordCount\":748,\"commentCount\":0,\"publisher\":{\"@id\":\"https:\/\/www.notibras.com\/site\/#organization\"},\"image\":{\"@id\":\"https:\/\/www.notibras.com\/site\/nega-maluca-fantasia-que-discrimina-pode-estar-com-os-dias-contados\/#primaryimage\"},\"thumbnailUrl\":\"https:\/\/www.notibras.com\/site\/wp-content\/uploads\/2015\/02\/nega-maluca.jpg\",\"articleSection\":[\"Brasil\"],\"inLanguage\":\"pt-BR\",\"potentialAction\":[{\"@type\":\"CommentAction\",\"name\":\"Comment\",\"target\":[\"https:\/\/www.notibras.com\/site\/nega-maluca-fantasia-que-discrimina-pode-estar-com-os-dias-contados\/#respond\"]}]},{\"@type\":\"WebPage\",\"@id\":\"https:\/\/www.notibras.com\/site\/nega-maluca-fantasia-que-discrimina-pode-estar-com-os-dias-contados\/\",\"url\":\"https:\/\/www.notibras.com\/site\/nega-maluca-fantasia-que-discrimina-pode-estar-com-os-dias-contados\/\",\"name\":\"Nega Maluca discrimina e pode estar com dias contados para foli\u00f5es do Rei Momo - Notibras\",\"isPartOf\":{\"@id\":\"https:\/\/www.notibras.com\/site\/#website\"},\"primaryImageOfPage\":{\"@id\":\"https:\/\/www.notibras.com\/site\/nega-maluca-fantasia-que-discrimina-pode-estar-com-os-dias-contados\/#primaryimage\"},\"image\":{\"@id\":\"https:\/\/www.notibras.com\/site\/nega-maluca-fantasia-que-discrimina-pode-estar-com-os-dias-contados\/#primaryimage\"},\"thumbnailUrl\":\"https:\/\/www.notibras.com\/site\/wp-content\/uploads\/2015\/02\/nega-maluca.jpg\",\"datePublished\":\"2015-02-11T10:09:29+00:00\",\"dateModified\":\"2015-02-11T18:19:34+00:00\",\"breadcrumb\":{\"@id\":\"https:\/\/www.notibras.com\/site\/nega-maluca-fantasia-que-discrimina-pode-estar-com-os-dias-contados\/#breadcrumb\"},\"inLanguage\":\"pt-BR\",\"potentialAction\":[{\"@type\":\"ReadAction\",\"target\":[\"https:\/\/www.notibras.com\/site\/nega-maluca-fantasia-que-discrimina-pode-estar-com-os-dias-contados\/\"]}]},{\"@type\":\"ImageObject\",\"inLanguage\":\"pt-BR\",\"@id\":\"https:\/\/www.notibras.com\/site\/nega-maluca-fantasia-que-discrimina-pode-estar-com-os-dias-contados\/#primaryimage\",\"url\":\"https:\/\/www.notibras.com\/site\/wp-content\/uploads\/2015\/02\/nega-maluca.jpg\",\"contentUrl\":\"https:\/\/www.notibras.com\/site\/wp-content\/uploads\/2015\/02\/nega-maluca.jpg\",\"width\":600,\"height\":450},{\"@type\":\"BreadcrumbList\",\"@id\":\"https:\/\/www.notibras.com\/site\/nega-maluca-fantasia-que-discrimina-pode-estar-com-os-dias-contados\/#breadcrumb\",\"itemListElement\":[{\"@type\":\"ListItem\",\"position\":1,\"name\":\"In\u00edcio\",\"item\":\"https:\/\/www.notibras.com\/site\/\"},{\"@type\":\"ListItem\",\"position\":2,\"name\":\"Nega Maluca discrimina e pode estar com dias contados para foli\u00f5es do Rei Momo\"}]},{\"@type\":\"WebSite\",\"@id\":\"https:\/\/www.notibras.com\/site\/#website\",\"url\":\"https:\/\/www.notibras.com\/site\/\",\"name\":\"Notibras\",\"description\":\"Not\u00edcias de Bras\u00edlia, do Brasil e do Mundo\",\"publisher\":{\"@id\":\"https:\/\/www.notibras.com\/site\/#organization\"},\"potentialAction\":[{\"@type\":\"SearchAction\",\"target\":{\"@type\":\"EntryPoint\",\"urlTemplate\":\"https:\/\/www.notibras.com\/site\/?s={search_term_string}\"},\"query-input\":{\"@type\":\"PropertyValueSpecification\",\"valueRequired\":true,\"valueName\":\"search_term_string\"}}],\"inLanguage\":\"pt-BR\"},{\"@type\":\"Organization\",\"@id\":\"https:\/\/www.notibras.com\/site\/#organization\",\"name\":\"Grupo Notibras de Comunica\u00e7\u00e3o\",\"url\":\"https:\/\/www.notibras.com\/site\/\",\"logo\":{\"@type\":\"ImageObject\",\"inLanguage\":\"pt-BR\",\"@id\":\"https:\/\/www.notibras.com\/site\/#\/schema\/logo\/image\/\",\"url\":\"https:\/\/www.notibras.com\/site\/wp-content\/uploads\/2023\/01\/notibras23.png\",\"contentUrl\":\"https:\/\/www.notibras.com\/site\/wp-content\/uploads\/2023\/01\/notibras23.png\",\"width\":350,\"height\":87,\"caption\":\"Grupo Notibras de Comunica\u00e7\u00e3o\"},\"image\":{\"@id\":\"https:\/\/www.notibras.com\/site\/#\/schema\/logo\/image\/\"},\"sameAs\":[\"https:\/\/www.facebook.com\/notibras\/\",\"https:\/\/x.com\/Notibras\",\"https:\/\/www.instagram.com\/notibras\/\"]},{\"@type\":\"Person\",\"@id\":\"https:\/\/www.notibras.com\/site\/#\/schema\/person\/36ab0979449956132d3e5b517ea76ac8\",\"name\":\"Reda\u00e7\u00e3o\",\"image\":{\"@type\":\"ImageObject\",\"inLanguage\":\"pt-BR\",\"@id\":\"https:\/\/secure.gravatar.com\/avatar\/e0a867bdedb85fd243eadf09663511f96fc81e0720a4a42581f334ad4303aa6b?s=96&d=mm&r=g\",\"url\":\"https:\/\/secure.gravatar.com\/avatar\/e0a867bdedb85fd243eadf09663511f96fc81e0720a4a42581f334ad4303aa6b?s=96&d=mm&r=g\",\"contentUrl\":\"https:\/\/secure.gravatar.com\/avatar\/e0a867bdedb85fd243eadf09663511f96fc81e0720a4a42581f334ad4303aa6b?s=96&d=mm&r=g\",\"caption\":\"Reda\u00e7\u00e3o\"}}]}<\/script>\n<!-- \/ Yoast SEO plugin. -->","yoast_head_json":{"title":"Nega Maluca discrimina e pode estar com dias contados para foli\u00f5es do Rei Momo - Notibras","robots":{"index":"index","follow":"follow","max-snippet":"max-snippet:-1","max-image-preview":"max-image-preview:large","max-video-preview":"max-video-preview:-1"},"canonical":"https:\/\/www.notibras.com\/site\/nega-maluca-fantasia-que-discrimina-pode-estar-com-os-dias-contados\/","og_locale":"pt_BR","og_type":"article","og_title":"Nega Maluca discrimina e pode estar com dias contados para foli\u00f5es do Rei Momo - Notibras","og_description":"S\u00f3 homens podem vestir a fantasia oficial do bloco Dom\u00e9stica de Luxo, que no \u00faltimo fim de semana reuniu mais de 6 mil pessoas em Juiz de Fora, Minas Gerais. A caracteriza\u00e7\u00e3o se repete desde 1958, quando o grupo foi criado por seis amigos: avental, cabelo &#8220;black power&#8221;, batom vermelho para engrossar os l\u00e1bios e [&hellip;]","og_url":"https:\/\/www.notibras.com\/site\/nega-maluca-fantasia-que-discrimina-pode-estar-com-os-dias-contados\/","og_site_name":"Notibras","article_publisher":"https:\/\/www.facebook.com\/notibras\/","article_published_time":"2015-02-11T10:09:29+00:00","article_modified_time":"2015-02-11T18:19:34+00:00","og_image":[{"width":600,"height":450,"url":"https:\/\/www.notibras.com\/site\/wp-content\/uploads\/2015\/02\/nega-maluca.jpg","type":"image\/jpeg"}],"author":"Reda\u00e7\u00e3o","twitter_card":"summary_large_image","twitter_creator":"@Notibras","twitter_site":"@Notibras","twitter_misc":{"Escrito por":"Reda\u00e7\u00e3o","Est. tempo de leitura":"4 minutos"},"schema":{"@context":"https:\/\/schema.org","@graph":[{"@type":"Article","@id":"https:\/\/www.notibras.com\/site\/nega-maluca-fantasia-que-discrimina-pode-estar-com-os-dias-contados\/#article","isPartOf":{"@id":"https:\/\/www.notibras.com\/site\/nega-maluca-fantasia-que-discrimina-pode-estar-com-os-dias-contados\/"},"author":{"name":"Reda\u00e7\u00e3o","@id":"https:\/\/www.notibras.com\/site\/#\/schema\/person\/36ab0979449956132d3e5b517ea76ac8"},"headline":"Nega Maluca discrimina e pode estar com dias contados para foli\u00f5es do Rei Momo","datePublished":"2015-02-11T10:09:29+00:00","dateModified":"2015-02-11T18:19:34+00:00","mainEntityOfPage":{"@id":"https:\/\/www.notibras.com\/site\/nega-maluca-fantasia-que-discrimina-pode-estar-com-os-dias-contados\/"},"wordCount":748,"commentCount":0,"publisher":{"@id":"https:\/\/www.notibras.com\/site\/#organization"},"image":{"@id":"https:\/\/www.notibras.com\/site\/nega-maluca-fantasia-que-discrimina-pode-estar-com-os-dias-contados\/#primaryimage"},"thumbnailUrl":"https:\/\/www.notibras.com\/site\/wp-content\/uploads\/2015\/02\/nega-maluca.jpg","articleSection":["Brasil"],"inLanguage":"pt-BR","potentialAction":[{"@type":"CommentAction","name":"Comment","target":["https:\/\/www.notibras.com\/site\/nega-maluca-fantasia-que-discrimina-pode-estar-com-os-dias-contados\/#respond"]}]},{"@type":"WebPage","@id":"https:\/\/www.notibras.com\/site\/nega-maluca-fantasia-que-discrimina-pode-estar-com-os-dias-contados\/","url":"https:\/\/www.notibras.com\/site\/nega-maluca-fantasia-que-discrimina-pode-estar-com-os-dias-contados\/","name":"Nega Maluca discrimina e pode estar com dias contados para foli\u00f5es do Rei Momo - Notibras","isPartOf":{"@id":"https:\/\/www.notibras.com\/site\/#website"},"primaryImageOfPage":{"@id":"https:\/\/www.notibras.com\/site\/nega-maluca-fantasia-que-discrimina-pode-estar-com-os-dias-contados\/#primaryimage"},"image":{"@id":"https:\/\/www.notibras.com\/site\/nega-maluca-fantasia-que-discrimina-pode-estar-com-os-dias-contados\/#primaryimage"},"thumbnailUrl":"https:\/\/www.notibras.com\/site\/wp-content\/uploads\/2015\/02\/nega-maluca.jpg","datePublished":"2015-02-11T10:09:29+00:00","dateModified":"2015-02-11T18:19:34+00:00","breadcrumb":{"@id":"https:\/\/www.notibras.com\/site\/nega-maluca-fantasia-que-discrimina-pode-estar-com-os-dias-contados\/#breadcrumb"},"inLanguage":"pt-BR","potentialAction":[{"@type":"ReadAction","target":["https:\/\/www.notibras.com\/site\/nega-maluca-fantasia-que-discrimina-pode-estar-com-os-dias-contados\/"]}]},{"@type":"ImageObject","inLanguage":"pt-BR","@id":"https:\/\/www.notibras.com\/site\/nega-maluca-fantasia-que-discrimina-pode-estar-com-os-dias-contados\/#primaryimage","url":"https:\/\/www.notibras.com\/site\/wp-content\/uploads\/2015\/02\/nega-maluca.jpg","contentUrl":"https:\/\/www.notibras.com\/site\/wp-content\/uploads\/2015\/02\/nega-maluca.jpg","width":600,"height":450},{"@type":"BreadcrumbList","@id":"https:\/\/www.notibras.com\/site\/nega-maluca-fantasia-que-discrimina-pode-estar-com-os-dias-contados\/#breadcrumb","itemListElement":[{"@type":"ListItem","position":1,"name":"In\u00edcio","item":"https:\/\/www.notibras.com\/site\/"},{"@type":"ListItem","position":2,"name":"Nega Maluca discrimina e pode estar com dias contados para foli\u00f5es do Rei Momo"}]},{"@type":"WebSite","@id":"https:\/\/www.notibras.com\/site\/#website","url":"https:\/\/www.notibras.com\/site\/","name":"Notibras","description":"Not\u00edcias de Bras\u00edlia, do Brasil e do Mundo","publisher":{"@id":"https:\/\/www.notibras.com\/site\/#organization"},"potentialAction":[{"@type":"SearchAction","target":{"@type":"EntryPoint","urlTemplate":"https:\/\/www.notibras.com\/site\/?s={search_term_string}"},"query-input":{"@type":"PropertyValueSpecification","valueRequired":true,"valueName":"search_term_string"}}],"inLanguage":"pt-BR"},{"@type":"Organization","@id":"https:\/\/www.notibras.com\/site\/#organization","name":"Grupo Notibras de Comunica\u00e7\u00e3o","url":"https:\/\/www.notibras.com\/site\/","logo":{"@type":"ImageObject","inLanguage":"pt-BR","@id":"https:\/\/www.notibras.com\/site\/#\/schema\/logo\/image\/","url":"https:\/\/www.notibras.com\/site\/wp-content\/uploads\/2023\/01\/notibras23.png","contentUrl":"https:\/\/www.notibras.com\/site\/wp-content\/uploads\/2023\/01\/notibras23.png","width":350,"height":87,"caption":"Grupo Notibras de Comunica\u00e7\u00e3o"},"image":{"@id":"https:\/\/www.notibras.com\/site\/#\/schema\/logo\/image\/"},"sameAs":["https:\/\/www.facebook.com\/notibras\/","https:\/\/x.com\/Notibras","https:\/\/www.instagram.com\/notibras\/"]},{"@type":"Person","@id":"https:\/\/www.notibras.com\/site\/#\/schema\/person\/36ab0979449956132d3e5b517ea76ac8","name":"Reda\u00e7\u00e3o","image":{"@type":"ImageObject","inLanguage":"pt-BR","@id":"https:\/\/secure.gravatar.com\/avatar\/e0a867bdedb85fd243eadf09663511f96fc81e0720a4a42581f334ad4303aa6b?s=96&d=mm&r=g","url":"https:\/\/secure.gravatar.com\/avatar\/e0a867bdedb85fd243eadf09663511f96fc81e0720a4a42581f334ad4303aa6b?s=96&d=mm&r=g","contentUrl":"https:\/\/secure.gravatar.com\/avatar\/e0a867bdedb85fd243eadf09663511f96fc81e0720a4a42581f334ad4303aa6b?s=96&d=mm&r=g","caption":"Reda\u00e7\u00e3o"}}]}},"amp_enabled":true,"_links":{"self":[{"href":"https:\/\/www.notibras.com\/site\/wp-json\/wp\/v2\/posts\/36686","targetHints":{"allow":["GET"]}}],"collection":[{"href":"https:\/\/www.notibras.com\/site\/wp-json\/wp\/v2\/posts"}],"about":[{"href":"https:\/\/www.notibras.com\/site\/wp-json\/wp\/v2\/types\/post"}],"author":[{"embeddable":true,"href":"https:\/\/www.notibras.com\/site\/wp-json\/wp\/v2\/users\/2"}],"replies":[{"embeddable":true,"href":"https:\/\/www.notibras.com\/site\/wp-json\/wp\/v2\/comments?post=36686"}],"version-history":[{"count":0,"href":"https:\/\/www.notibras.com\/site\/wp-json\/wp\/v2\/posts\/36686\/revisions"}],"wp:featuredmedia":[{"embeddable":true,"href":"https:\/\/www.notibras.com\/site\/wp-json\/wp\/v2\/media\/36687"}],"wp:attachment":[{"href":"https:\/\/www.notibras.com\/site\/wp-json\/wp\/v2\/media?parent=36686"}],"wp:term":[{"taxonomy":"category","embeddable":true,"href":"https:\/\/www.notibras.com\/site\/wp-json\/wp\/v2\/categories?post=36686"},{"taxonomy":"post_tag","embeddable":true,"href":"https:\/\/www.notibras.com\/site\/wp-json\/wp\/v2\/tags?post=36686"}],"curies":[{"name":"wp","href":"https:\/\/api.w.org\/{rel}","templated":true}]}}