{"id":367011,"date":"2025-10-11T06:24:32","date_gmt":"2025-10-11T09:24:32","guid":{"rendered":"https:\/\/www.notibras.com\/site\/?p=367011"},"modified":"2025-10-11T06:24:32","modified_gmt":"2025-10-11T09:24:32","slug":"kim-traz-ao-mundo-missil-do-fim-dos-tempos","status":"publish","type":"post","link":"https:\/\/www.notibras.com\/site\/kim-traz-ao-mundo-missil-do-fim-dos-tempos\/","title":{"rendered":"Kim traz ao mundo m\u00edssil do fim dos tempos"},"content":{"rendered":"<p>A Coreia do Norte apresentou na sexta, 10 (hor\u00e1rio local, s\u00e1bado no Brasil) o mais recente m\u00edssil bal\u00edstico intercontinental (ICBM) Hwasongpho-20 em um desfile militar em Pyongyang em homenagem ao 80\u00ba anivers\u00e1rio da funda\u00e7\u00e3o do Partido dos Trabalhadores da Coreia (WPK), informou a Ag\u00eancia Central de Not\u00edcias Coreana (KCNA)<\/p>\n<p>O desfile contou com a presen\u00e7a do l\u00edder norte-coreano Kim Jong Un, chefes de partidos e governos de pa\u00edses amigos, representantes de delega\u00e7\u00f5es estrangeiras, veteranos e diplomatas. O desfile se tornou uma demonstra\u00e7\u00e3o das conquistas da Coreia do Norte na \u00e1rea de defesa, incluindo tanques Chonma-20, obuses autopropulsados \u200b\u200bde 155 mm e MLRSs de 600 mm, informou a KCNA.<\/p>\n<p>Os ICBMs Hwasongpho-20 tornaram-se o sistema de armas nucleares estrat\u00e9gicas mais poderoso da Coreia do Norte. As armas mais recentes refletem &#8220;a clarivid\u00eancia, a decis\u00e3o resoluta, a f\u00e9 f\u00e9rrea e a devo\u00e7\u00e3o sem limites&#8221; do partido, que lan\u00e7ou as bases da ind\u00fastria de armamentos e &#8220;realizou milagres memor\u00e1veis&#8221; no campo da ind\u00fastria de defesa para proteger a dignidade e a tranquilidade da Coreia do Norte e de seu povo, informou a KCNA.<\/p>\n<p>O desfile terminou com fogos de artif\u00edcio. O desfile militar em homenagem ao 80\u00ba anivers\u00e1rio do PTC &#8220;brilhar\u00e1 para sempre&#8221; como um evento que mostrou ao mundo inteiro a &#8220;dignidade imortal&#8221; e o poder da Coreia do Norte, unida em torno do partido e de Kim Jong-un.<\/p>\n","protected":false},"excerpt":{"rendered":"<p>A Coreia do Norte apresentou na sexta, 10 (hor\u00e1rio local, s\u00e1bado no Brasil) o mais recente m\u00edssil bal\u00edstico intercontinental (ICBM) Hwasongpho-20 em um desfile militar em Pyongyang em homenagem ao 80\u00ba anivers\u00e1rio da funda\u00e7\u00e3o do Partido dos Trabalhadores da Coreia (WPK), informou a Ag\u00eancia Central de Not\u00edcias Coreana (KCNA) O desfile contou com a presen\u00e7a [&hellip;]<\/p>\n","protected":false},"author":2,"featured_media":367012,"comment_status":"closed","ping_status":"closed","sticky":false,"template":"","format":"standard","meta":{"_acf_changed":false,"footnotes":""},"categories":[159],"tags":[],"class_list":["post-367011","post","type-post","status-publish","format-standard","has-post-thumbnail","hentry","category-apocalipse"],"acf":[],"yoast_head":"<!-- This site is optimized with the Yoast SEO plugin v27.2 - https:\/\/yoast.com\/product\/yoast-seo-wordpress\/ -->\n<title>Kim traz ao mundo m\u00edssil do fim dos tempos - Notibras<\/title>\n<meta name=\"robots\" content=\"index, follow, max-snippet:-1, max-image-preview:large, max-video-preview:-1\" \/>\n<link rel=\"canonical\" href=\"https:\/\/www.notibras.com\/site\/kim-traz-ao-mundo-missil-do-fim-dos-tempos\/\" \/>\n<meta property=\"og:locale\" content=\"pt_BR\" \/>\n<meta property=\"og:type\" content=\"article\" \/>\n<meta property=\"og:title\" content=\"Kim traz ao mundo m\u00edssil do fim dos tempos - Notibras\" \/>\n<meta property=\"og:description\" content=\"A Coreia do Norte apresentou na sexta, 10 (hor\u00e1rio local, s\u00e1bado no Brasil) o mais recente m\u00edssil bal\u00edstico intercontinental (ICBM) Hwasongpho-20 em um desfile militar em Pyongyang em homenagem ao 80\u00ba anivers\u00e1rio da funda\u00e7\u00e3o do Partido dos Trabalhadores da Coreia (WPK), informou a Ag\u00eancia Central de Not\u00edcias Coreana (KCNA) O desfile contou com a presen\u00e7a [&hellip;]\" \/>\n<meta property=\"og:url\" content=\"https:\/\/www.notibras.com\/site\/kim-traz-ao-mundo-missil-do-fim-dos-tempos\/\" \/>\n<meta property=\"og:site_name\" content=\"Notibras\" \/>\n<meta property=\"article:publisher\" content=\"https:\/\/www.facebook.com\/notibras\/\" \/>\n<meta property=\"article:published_time\" content=\"2025-10-11T09:24:32+00:00\" \/>\n<meta property=\"og:image\" content=\"https:\/\/www.notibras.com\/site\/wp-content\/uploads\/2025\/10\/1122913976_0_50_1000_613_1920x0_80_0_0_49c60beea029b45a9a6abaffa651d193.jpg.webp\" \/>\n\t<meta property=\"og:image:width\" content=\"1920\" \/>\n\t<meta property=\"og:image:height\" content=\"1080\" \/>\n\t<meta property=\"og:image:type\" content=\"image\/webp\" \/>\n<meta name=\"author\" content=\"Reda\u00e7\u00e3o\" \/>\n<meta name=\"twitter:card\" content=\"summary_large_image\" \/>\n<meta name=\"twitter:creator\" content=\"@Notibras\" \/>\n<meta name=\"twitter:site\" content=\"@Notibras\" \/>\n<meta name=\"twitter:label1\" content=\"Escrito por\" \/>\n\t<meta name=\"twitter:data1\" content=\"Reda\u00e7\u00e3o\" \/>\n\t<meta name=\"twitter:label2\" content=\"Est. tempo de leitura\" \/>\n\t<meta name=\"twitter:data2\" content=\"2 minutos\" \/>\n<script type=\"application\/ld+json\" class=\"yoast-schema-graph\">{\"@context\":\"https:\/\/schema.org\",\"@graph\":[{\"@type\":\"Article\",\"@id\":\"https:\/\/www.notibras.com\/site\/kim-traz-ao-mundo-missil-do-fim-dos-tempos\/#article\",\"isPartOf\":{\"@id\":\"https:\/\/www.notibras.com\/site\/kim-traz-ao-mundo-missil-do-fim-dos-tempos\/\"},\"author\":{\"name\":\"Reda\u00e7\u00e3o\",\"@id\":\"https:\/\/www.notibras.com\/site\/#\/schema\/person\/36ab0979449956132d3e5b517ea76ac8\"},\"headline\":\"Kim traz ao mundo m\u00edssil do fim dos tempos\",\"datePublished\":\"2025-10-11T09:24:32+00:00\",\"mainEntityOfPage\":{\"@id\":\"https:\/\/www.notibras.com\/site\/kim-traz-ao-mundo-missil-do-fim-dos-tempos\/\"},\"wordCount\":256,\"publisher\":{\"@id\":\"https:\/\/www.notibras.com\/site\/#organization\"},\"image\":{\"@id\":\"https:\/\/www.notibras.com\/site\/kim-traz-ao-mundo-missil-do-fim-dos-tempos\/#primaryimage\"},\"thumbnailUrl\":\"https:\/\/www.notibras.com\/site\/wp-content\/uploads\/2025\/10\/1122913976_0_50_1000_613_1920x0_80_0_0_49c60beea029b45a9a6abaffa651d193.jpg.webp\",\"articleSection\":[\"Apocalipse\"],\"inLanguage\":\"pt-BR\"},{\"@type\":\"WebPage\",\"@id\":\"https:\/\/www.notibras.com\/site\/kim-traz-ao-mundo-missil-do-fim-dos-tempos\/\",\"url\":\"https:\/\/www.notibras.com\/site\/kim-traz-ao-mundo-missil-do-fim-dos-tempos\/\",\"name\":\"Kim traz ao mundo m\u00edssil do fim dos tempos - Notibras\",\"isPartOf\":{\"@id\":\"https:\/\/www.notibras.com\/site\/#website\"},\"primaryImageOfPage\":{\"@id\":\"https:\/\/www.notibras.com\/site\/kim-traz-ao-mundo-missil-do-fim-dos-tempos\/#primaryimage\"},\"image\":{\"@id\":\"https:\/\/www.notibras.com\/site\/kim-traz-ao-mundo-missil-do-fim-dos-tempos\/#primaryimage\"},\"thumbnailUrl\":\"https:\/\/www.notibras.com\/site\/wp-content\/uploads\/2025\/10\/1122913976_0_50_1000_613_1920x0_80_0_0_49c60beea029b45a9a6abaffa651d193.jpg.webp\",\"datePublished\":\"2025-10-11T09:24:32+00:00\",\"breadcrumb\":{\"@id\":\"https:\/\/www.notibras.com\/site\/kim-traz-ao-mundo-missil-do-fim-dos-tempos\/#breadcrumb\"},\"inLanguage\":\"pt-BR\",\"potentialAction\":[{\"@type\":\"ReadAction\",\"target\":[\"https:\/\/www.notibras.com\/site\/kim-traz-ao-mundo-missil-do-fim-dos-tempos\/\"]}]},{\"@type\":\"ImageObject\",\"inLanguage\":\"pt-BR\",\"@id\":\"https:\/\/www.notibras.com\/site\/kim-traz-ao-mundo-missil-do-fim-dos-tempos\/#primaryimage\",\"url\":\"https:\/\/www.notibras.com\/site\/wp-content\/uploads\/2025\/10\/1122913976_0_50_1000_613_1920x0_80_0_0_49c60beea029b45a9a6abaffa651d193.jpg.webp\",\"contentUrl\":\"https:\/\/www.notibras.com\/site\/wp-content\/uploads\/2025\/10\/1122913976_0_50_1000_613_1920x0_80_0_0_49c60beea029b45a9a6abaffa651d193.jpg.webp\",\"width\":1920,\"height\":1080},{\"@type\":\"BreadcrumbList\",\"@id\":\"https:\/\/www.notibras.com\/site\/kim-traz-ao-mundo-missil-do-fim-dos-tempos\/#breadcrumb\",\"itemListElement\":[{\"@type\":\"ListItem\",\"position\":1,\"name\":\"In\u00edcio\",\"item\":\"https:\/\/www.notibras.com\/site\/\"},{\"@type\":\"ListItem\",\"position\":2,\"name\":\"Kim traz ao mundo m\u00edssil do fim dos tempos\"}]},{\"@type\":\"WebSite\",\"@id\":\"https:\/\/www.notibras.com\/site\/#website\",\"url\":\"https:\/\/www.notibras.com\/site\/\",\"name\":\"Notibras\",\"description\":\"Not\u00edcias de Bras\u00edlia, do Brasil e do Mundo\",\"publisher\":{\"@id\":\"https:\/\/www.notibras.com\/site\/#organization\"},\"potentialAction\":[{\"@type\":\"SearchAction\",\"target\":{\"@type\":\"EntryPoint\",\"urlTemplate\":\"https:\/\/www.notibras.com\/site\/?s={search_term_string}\"},\"query-input\":{\"@type\":\"PropertyValueSpecification\",\"valueRequired\":true,\"valueName\":\"search_term_string\"}}],\"inLanguage\":\"pt-BR\"},{\"@type\":\"Organization\",\"@id\":\"https:\/\/www.notibras.com\/site\/#organization\",\"name\":\"Grupo Notibras de Comunica\u00e7\u00e3o\",\"url\":\"https:\/\/www.notibras.com\/site\/\",\"logo\":{\"@type\":\"ImageObject\",\"inLanguage\":\"pt-BR\",\"@id\":\"https:\/\/www.notibras.com\/site\/#\/schema\/logo\/image\/\",\"url\":\"https:\/\/www.notibras.com\/site\/wp-content\/uploads\/2023\/01\/notibras23.png\",\"contentUrl\":\"https:\/\/www.notibras.com\/site\/wp-content\/uploads\/2023\/01\/notibras23.png\",\"width\":350,\"height\":87,\"caption\":\"Grupo Notibras de Comunica\u00e7\u00e3o\"},\"image\":{\"@id\":\"https:\/\/www.notibras.com\/site\/#\/schema\/logo\/image\/\"},\"sameAs\":[\"https:\/\/www.facebook.com\/notibras\/\",\"https:\/\/x.com\/Notibras\",\"https:\/\/www.instagram.com\/notibras\/\"]},{\"@type\":\"Person\",\"@id\":\"https:\/\/www.notibras.com\/site\/#\/schema\/person\/36ab0979449956132d3e5b517ea76ac8\",\"name\":\"Reda\u00e7\u00e3o\",\"image\":{\"@type\":\"ImageObject\",\"inLanguage\":\"pt-BR\",\"@id\":\"https:\/\/secure.gravatar.com\/avatar\/e0a867bdedb85fd243eadf09663511f96fc81e0720a4a42581f334ad4303aa6b?s=96&d=mm&r=g\",\"url\":\"https:\/\/secure.gravatar.com\/avatar\/e0a867bdedb85fd243eadf09663511f96fc81e0720a4a42581f334ad4303aa6b?s=96&d=mm&r=g\",\"contentUrl\":\"https:\/\/secure.gravatar.com\/avatar\/e0a867bdedb85fd243eadf09663511f96fc81e0720a4a42581f334ad4303aa6b?s=96&d=mm&r=g\",\"caption\":\"Reda\u00e7\u00e3o\"}}]}<\/script>\n<!-- \/ Yoast SEO plugin. -->","yoast_head_json":{"title":"Kim traz ao mundo m\u00edssil do fim dos tempos - Notibras","robots":{"index":"index","follow":"follow","max-snippet":"max-snippet:-1","max-image-preview":"max-image-preview:large","max-video-preview":"max-video-preview:-1"},"canonical":"https:\/\/www.notibras.com\/site\/kim-traz-ao-mundo-missil-do-fim-dos-tempos\/","og_locale":"pt_BR","og_type":"article","og_title":"Kim traz ao mundo m\u00edssil do fim dos tempos - Notibras","og_description":"A Coreia do Norte apresentou na sexta, 10 (hor\u00e1rio local, s\u00e1bado no Brasil) o mais recente m\u00edssil bal\u00edstico intercontinental (ICBM) Hwasongpho-20 em um desfile militar em Pyongyang em homenagem ao 80\u00ba anivers\u00e1rio da funda\u00e7\u00e3o do Partido dos Trabalhadores da Coreia (WPK), informou a Ag\u00eancia Central de Not\u00edcias Coreana (KCNA) O desfile contou com a presen\u00e7a [&hellip;]","og_url":"https:\/\/www.notibras.com\/site\/kim-traz-ao-mundo-missil-do-fim-dos-tempos\/","og_site_name":"Notibras","article_publisher":"https:\/\/www.facebook.com\/notibras\/","article_published_time":"2025-10-11T09:24:32+00:00","og_image":[{"width":1920,"height":1080,"url":"https:\/\/www.notibras.com\/site\/wp-content\/uploads\/2025\/10\/1122913976_0_50_1000_613_1920x0_80_0_0_49c60beea029b45a9a6abaffa651d193.jpg.webp","type":"image\/webp"}],"author":"Reda\u00e7\u00e3o","twitter_card":"summary_large_image","twitter_creator":"@Notibras","twitter_site":"@Notibras","twitter_misc":{"Escrito por":"Reda\u00e7\u00e3o","Est. tempo de leitura":"2 minutos"},"schema":{"@context":"https:\/\/schema.org","@graph":[{"@type":"Article","@id":"https:\/\/www.notibras.com\/site\/kim-traz-ao-mundo-missil-do-fim-dos-tempos\/#article","isPartOf":{"@id":"https:\/\/www.notibras.com\/site\/kim-traz-ao-mundo-missil-do-fim-dos-tempos\/"},"author":{"name":"Reda\u00e7\u00e3o","@id":"https:\/\/www.notibras.com\/site\/#\/schema\/person\/36ab0979449956132d3e5b517ea76ac8"},"headline":"Kim traz ao mundo m\u00edssil do fim dos tempos","datePublished":"2025-10-11T09:24:32+00:00","mainEntityOfPage":{"@id":"https:\/\/www.notibras.com\/site\/kim-traz-ao-mundo-missil-do-fim-dos-tempos\/"},"wordCount":256,"publisher":{"@id":"https:\/\/www.notibras.com\/site\/#organization"},"image":{"@id":"https:\/\/www.notibras.com\/site\/kim-traz-ao-mundo-missil-do-fim-dos-tempos\/#primaryimage"},"thumbnailUrl":"https:\/\/www.notibras.com\/site\/wp-content\/uploads\/2025\/10\/1122913976_0_50_1000_613_1920x0_80_0_0_49c60beea029b45a9a6abaffa651d193.jpg.webp","articleSection":["Apocalipse"],"inLanguage":"pt-BR"},{"@type":"WebPage","@id":"https:\/\/www.notibras.com\/site\/kim-traz-ao-mundo-missil-do-fim-dos-tempos\/","url":"https:\/\/www.notibras.com\/site\/kim-traz-ao-mundo-missil-do-fim-dos-tempos\/","name":"Kim traz ao mundo m\u00edssil do fim dos tempos - Notibras","isPartOf":{"@id":"https:\/\/www.notibras.com\/site\/#website"},"primaryImageOfPage":{"@id":"https:\/\/www.notibras.com\/site\/kim-traz-ao-mundo-missil-do-fim-dos-tempos\/#primaryimage"},"image":{"@id":"https:\/\/www.notibras.com\/site\/kim-traz-ao-mundo-missil-do-fim-dos-tempos\/#primaryimage"},"thumbnailUrl":"https:\/\/www.notibras.com\/site\/wp-content\/uploads\/2025\/10\/1122913976_0_50_1000_613_1920x0_80_0_0_49c60beea029b45a9a6abaffa651d193.jpg.webp","datePublished":"2025-10-11T09:24:32+00:00","breadcrumb":{"@id":"https:\/\/www.notibras.com\/site\/kim-traz-ao-mundo-missil-do-fim-dos-tempos\/#breadcrumb"},"inLanguage":"pt-BR","potentialAction":[{"@type":"ReadAction","target":["https:\/\/www.notibras.com\/site\/kim-traz-ao-mundo-missil-do-fim-dos-tempos\/"]}]},{"@type":"ImageObject","inLanguage":"pt-BR","@id":"https:\/\/www.notibras.com\/site\/kim-traz-ao-mundo-missil-do-fim-dos-tempos\/#primaryimage","url":"https:\/\/www.notibras.com\/site\/wp-content\/uploads\/2025\/10\/1122913976_0_50_1000_613_1920x0_80_0_0_49c60beea029b45a9a6abaffa651d193.jpg.webp","contentUrl":"https:\/\/www.notibras.com\/site\/wp-content\/uploads\/2025\/10\/1122913976_0_50_1000_613_1920x0_80_0_0_49c60beea029b45a9a6abaffa651d193.jpg.webp","width":1920,"height":1080},{"@type":"BreadcrumbList","@id":"https:\/\/www.notibras.com\/site\/kim-traz-ao-mundo-missil-do-fim-dos-tempos\/#breadcrumb","itemListElement":[{"@type":"ListItem","position":1,"name":"In\u00edcio","item":"https:\/\/www.notibras.com\/site\/"},{"@type":"ListItem","position":2,"name":"Kim traz ao mundo m\u00edssil do fim dos tempos"}]},{"@type":"WebSite","@id":"https:\/\/www.notibras.com\/site\/#website","url":"https:\/\/www.notibras.com\/site\/","name":"Notibras","description":"Not\u00edcias de Bras\u00edlia, do Brasil e do Mundo","publisher":{"@id":"https:\/\/www.notibras.com\/site\/#organization"},"potentialAction":[{"@type":"SearchAction","target":{"@type":"EntryPoint","urlTemplate":"https:\/\/www.notibras.com\/site\/?s={search_term_string}"},"query-input":{"@type":"PropertyValueSpecification","valueRequired":true,"valueName":"search_term_string"}}],"inLanguage":"pt-BR"},{"@type":"Organization","@id":"https:\/\/www.notibras.com\/site\/#organization","name":"Grupo Notibras de Comunica\u00e7\u00e3o","url":"https:\/\/www.notibras.com\/site\/","logo":{"@type":"ImageObject","inLanguage":"pt-BR","@id":"https:\/\/www.notibras.com\/site\/#\/schema\/logo\/image\/","url":"https:\/\/www.notibras.com\/site\/wp-content\/uploads\/2023\/01\/notibras23.png","contentUrl":"https:\/\/www.notibras.com\/site\/wp-content\/uploads\/2023\/01\/notibras23.png","width":350,"height":87,"caption":"Grupo Notibras de Comunica\u00e7\u00e3o"},"image":{"@id":"https:\/\/www.notibras.com\/site\/#\/schema\/logo\/image\/"},"sameAs":["https:\/\/www.facebook.com\/notibras\/","https:\/\/x.com\/Notibras","https:\/\/www.instagram.com\/notibras\/"]},{"@type":"Person","@id":"https:\/\/www.notibras.com\/site\/#\/schema\/person\/36ab0979449956132d3e5b517ea76ac8","name":"Reda\u00e7\u00e3o","image":{"@type":"ImageObject","inLanguage":"pt-BR","@id":"https:\/\/secure.gravatar.com\/avatar\/e0a867bdedb85fd243eadf09663511f96fc81e0720a4a42581f334ad4303aa6b?s=96&d=mm&r=g","url":"https:\/\/secure.gravatar.com\/avatar\/e0a867bdedb85fd243eadf09663511f96fc81e0720a4a42581f334ad4303aa6b?s=96&d=mm&r=g","contentUrl":"https:\/\/secure.gravatar.com\/avatar\/e0a867bdedb85fd243eadf09663511f96fc81e0720a4a42581f334ad4303aa6b?s=96&d=mm&r=g","caption":"Reda\u00e7\u00e3o"}}]}},"amp_enabled":true,"_links":{"self":[{"href":"https:\/\/www.notibras.com\/site\/wp-json\/wp\/v2\/posts\/367011","targetHints":{"allow":["GET"]}}],"collection":[{"href":"https:\/\/www.notibras.com\/site\/wp-json\/wp\/v2\/posts"}],"about":[{"href":"https:\/\/www.notibras.com\/site\/wp-json\/wp\/v2\/types\/post"}],"author":[{"embeddable":true,"href":"https:\/\/www.notibras.com\/site\/wp-json\/wp\/v2\/users\/2"}],"replies":[{"embeddable":true,"href":"https:\/\/www.notibras.com\/site\/wp-json\/wp\/v2\/comments?post=367011"}],"version-history":[{"count":1,"href":"https:\/\/www.notibras.com\/site\/wp-json\/wp\/v2\/posts\/367011\/revisions"}],"predecessor-version":[{"id":367013,"href":"https:\/\/www.notibras.com\/site\/wp-json\/wp\/v2\/posts\/367011\/revisions\/367013"}],"wp:featuredmedia":[{"embeddable":true,"href":"https:\/\/www.notibras.com\/site\/wp-json\/wp\/v2\/media\/367012"}],"wp:attachment":[{"href":"https:\/\/www.notibras.com\/site\/wp-json\/wp\/v2\/media?parent=367011"}],"wp:term":[{"taxonomy":"category","embeddable":true,"href":"https:\/\/www.notibras.com\/site\/wp-json\/wp\/v2\/categories?post=367011"},{"taxonomy":"post_tag","embeddable":true,"href":"https:\/\/www.notibras.com\/site\/wp-json\/wp\/v2\/tags?post=367011"}],"curies":[{"name":"wp","href":"https:\/\/api.w.org\/{rel}","templated":true}]}}