{"id":367026,"date":"2025-10-12T02:49:51","date_gmt":"2025-10-12T05:49:51","guid":{"rendered":"https:\/\/www.notibras.com\/site\/?p=367026"},"modified":"2025-10-12T03:16:54","modified_gmt":"2025-10-12T06:16:54","slug":"colapso-de-roma-serve-de-alerta-para-quem-se-ve-imperador-do-mundo","status":"publish","type":"post","link":"https:\/\/www.notibras.com\/site\/colapso-de-roma-serve-de-alerta-para-quem-se-ve-imperador-do-mundo\/","title":{"rendered":"Colapso de Roma serve de alerta para quem se v\u00ea imperador do mundo"},"content":{"rendered":"<p>Nenhum trov\u00e3o anunciou o fim. Roma, que um dia falara em nome dos deuses e dominara o mundo sob sua b\u00ean\u00e7\u00e3o, caiu em sil\u00eancio. As colunas dos templos racharam, as est\u00e1tuas foram mutiladas e os sacerdotes desapareceram. Era como se as divindades que ergueram o Imp\u00e9rio tivessem voltado o rosto \u2014 ou simplesmente se calado para sempre.<\/p>\n<p>Durante s\u00e9culos, Roma viveu na cren\u00e7a de que sua gl\u00f3ria era reflexo da vontade divina. Marte guiava seus ex\u00e9rcitos, J\u00fapiter protegia seus imperadores e V\u00eanus inspirava a beleza e a sedu\u00e7\u00e3o que moviam o povo romano. Mas, quando as legi\u00f5es come\u00e7aram a sucumbir e os b\u00e1rbaros cruzaram as fronteiras, os altares ficaram frios. Nenhum sacrif\u00edcio parecia suficiente. Nenhum or\u00e1culo respondia.<\/p>\n<p>\u201cOs deuses n\u00e3o nos abandonaram \u2014 fomos n\u00f3s que esquecemos o idioma com que se fala ao c\u00e9u\u201d, teria escrito um fil\u00f3sofo an\u00f4nimo pouco antes da queda de Roma.<\/p>\n<p>O sil\u00eancio dos deuses n\u00e3o foi apenas o fim de uma religi\u00e3o, mas o fim de uma liga\u00e7\u00e3o espiritual entre homem e cosmos. As divindades que um dia gritavam nas tempestades e se manifestavam nas vit\u00f3rias militares tornaram-se est\u00e1tuas quebradas, soterradas pela poeira das eras. Roma, sem seus deuses, tornou-se apenas pedra e hist\u00f3ria.<\/p>\n<p>As ru\u00ednas que hoje encantam viajantes foram, um dia, templos vivos de f\u00e9 e temor. As colunas que restam sustentam o peso da aus\u00eancia \u2014 e o p\u00f4r do sol sobre o F\u00f3rum Romano parece um lamento de m\u00e1rmore. O sil\u00eancio que paira entre aquelas ru\u00ednas \u00e9 o mesmo que habita as almas que j\u00e1 n\u00e3o creem em nada al\u00e9m do pr\u00f3prio poder.<\/p>\n<p>Os deuses se calaram, talvez n\u00e3o por desprezo, mas por cansa\u00e7o. Assistiram \u00e0 arrog\u00e2ncia humana transformar templos em pal\u00e1cios, e preces em decretos. Quando o imp\u00e9rio ruiu, nada mais restava a dizer.<\/p>\n<p><strong>Para refletir<\/strong><br \/>\nToda civiliza\u00e7\u00e3o que se julga eterna acaba ouvindo o mesmo sil\u00eancio. O colapso de Roma foi o eco de uma soberba espiritual \u2014 a cren\u00e7a de que os deuses estariam sempre a servi\u00e7o dos homens. Hoje, em meio a imp\u00e9rios modernos, tecnologias e novos altares, talvez o sil\u00eancio continue o mesmo. S\u00f3 muda o nome dos deuses e o material dos templos.<\/p>\n","protected":false},"excerpt":{"rendered":"<p>Nenhum trov\u00e3o anunciou o fim. Roma, que um dia falara em nome dos deuses e dominara o mundo sob sua b\u00ean\u00e7\u00e3o, caiu em sil\u00eancio. As colunas dos templos racharam, as est\u00e1tuas foram mutiladas e os sacerdotes desapareceram. Era como se as divindades que ergueram o Imp\u00e9rio tivessem voltado o rosto \u2014 ou simplesmente se calado [&hellip;]<\/p>\n","protected":false},"author":2,"featured_media":367027,"comment_status":"closed","ping_status":"closed","sticky":false,"template":"","format":"standard","meta":{"_acf_changed":false,"footnotes":""},"categories":[237],"tags":[95],"class_list":["post-367026","post","type-post","status-publish","format-standard","has-post-thumbnail","hentry","category-oraculos","tag-capa"],"acf":[],"yoast_head":"<!-- This site is optimized with the Yoast SEO plugin v27.2 - https:\/\/yoast.com\/product\/yoast-seo-wordpress\/ -->\n<title>Colapso de Roma serve de alerta para quem se v\u00ea imperador do mundo - Notibras<\/title>\n<meta name=\"robots\" content=\"index, follow, max-snippet:-1, max-image-preview:large, max-video-preview:-1\" \/>\n<link rel=\"canonical\" href=\"https:\/\/www.notibras.com\/site\/colapso-de-roma-serve-de-alerta-para-quem-se-ve-imperador-do-mundo\/\" \/>\n<meta property=\"og:locale\" content=\"pt_BR\" \/>\n<meta property=\"og:type\" content=\"article\" \/>\n<meta property=\"og:title\" content=\"Colapso de Roma serve de alerta para quem se v\u00ea imperador do mundo - Notibras\" \/>\n<meta property=\"og:description\" content=\"Nenhum trov\u00e3o anunciou o fim. Roma, que um dia falara em nome dos deuses e dominara o mundo sob sua b\u00ean\u00e7\u00e3o, caiu em sil\u00eancio. As colunas dos templos racharam, as est\u00e1tuas foram mutiladas e os sacerdotes desapareceram. Era como se as divindades que ergueram o Imp\u00e9rio tivessem voltado o rosto \u2014 ou simplesmente se calado [&hellip;]\" \/>\n<meta property=\"og:url\" content=\"https:\/\/www.notibras.com\/site\/colapso-de-roma-serve-de-alerta-para-quem-se-ve-imperador-do-mundo\/\" \/>\n<meta property=\"og:site_name\" content=\"Notibras\" \/>\n<meta property=\"article:publisher\" content=\"https:\/\/www.facebook.com\/notibras\/\" \/>\n<meta property=\"article:published_time\" content=\"2025-10-12T05:49:51+00:00\" \/>\n<meta property=\"article:modified_time\" content=\"2025-10-12T06:16:54+00:00\" \/>\n<meta property=\"og:image\" content=\"https:\/\/www.notibras.com\/site\/wp-content\/uploads\/2025\/10\/queda-de-roma-1024x683.png\" \/>\n\t<meta property=\"og:image:width\" content=\"1024\" \/>\n\t<meta property=\"og:image:height\" content=\"683\" \/>\n\t<meta property=\"og:image:type\" content=\"image\/png\" \/>\n<meta name=\"author\" content=\"Reda\u00e7\u00e3o\" \/>\n<meta name=\"twitter:card\" content=\"summary_large_image\" \/>\n<meta name=\"twitter:creator\" content=\"@Notibras\" \/>\n<meta name=\"twitter:site\" content=\"@Notibras\" \/>\n<meta name=\"twitter:label1\" content=\"Escrito por\" \/>\n\t<meta name=\"twitter:data1\" content=\"Reda\u00e7\u00e3o\" \/>\n\t<meta name=\"twitter:label2\" content=\"Est. tempo de leitura\" \/>\n\t<meta name=\"twitter:data2\" content=\"3 minutos\" \/>\n<script type=\"application\/ld+json\" class=\"yoast-schema-graph\">{\"@context\":\"https:\/\/schema.org\",\"@graph\":[{\"@type\":\"Article\",\"@id\":\"https:\/\/www.notibras.com\/site\/colapso-de-roma-serve-de-alerta-para-quem-se-ve-imperador-do-mundo\/#article\",\"isPartOf\":{\"@id\":\"https:\/\/www.notibras.com\/site\/colapso-de-roma-serve-de-alerta-para-quem-se-ve-imperador-do-mundo\/\"},\"author\":{\"name\":\"Reda\u00e7\u00e3o\",\"@id\":\"https:\/\/www.notibras.com\/site\/#\/schema\/person\/36ab0979449956132d3e5b517ea76ac8\"},\"headline\":\"Colapso de Roma serve de alerta para quem se v\u00ea imperador do mundo\",\"datePublished\":\"2025-10-12T05:49:51+00:00\",\"dateModified\":\"2025-10-12T06:16:54+00:00\",\"mainEntityOfPage\":{\"@id\":\"https:\/\/www.notibras.com\/site\/colapso-de-roma-serve-de-alerta-para-quem-se-ve-imperador-do-mundo\/\"},\"wordCount\":417,\"publisher\":{\"@id\":\"https:\/\/www.notibras.com\/site\/#organization\"},\"image\":{\"@id\":\"https:\/\/www.notibras.com\/site\/colapso-de-roma-serve-de-alerta-para-quem-se-ve-imperador-do-mundo\/#primaryimage\"},\"thumbnailUrl\":\"https:\/\/www.notibras.com\/site\/wp-content\/uploads\/2025\/10\/queda-de-roma.png\",\"keywords\":[\"capa\"],\"articleSection\":[\"Or\u00e1culos\"],\"inLanguage\":\"pt-BR\"},{\"@type\":\"WebPage\",\"@id\":\"https:\/\/www.notibras.com\/site\/colapso-de-roma-serve-de-alerta-para-quem-se-ve-imperador-do-mundo\/\",\"url\":\"https:\/\/www.notibras.com\/site\/colapso-de-roma-serve-de-alerta-para-quem-se-ve-imperador-do-mundo\/\",\"name\":\"Colapso de Roma serve de alerta para quem se v\u00ea imperador do mundo - Notibras\",\"isPartOf\":{\"@id\":\"https:\/\/www.notibras.com\/site\/#website\"},\"primaryImageOfPage\":{\"@id\":\"https:\/\/www.notibras.com\/site\/colapso-de-roma-serve-de-alerta-para-quem-se-ve-imperador-do-mundo\/#primaryimage\"},\"image\":{\"@id\":\"https:\/\/www.notibras.com\/site\/colapso-de-roma-serve-de-alerta-para-quem-se-ve-imperador-do-mundo\/#primaryimage\"},\"thumbnailUrl\":\"https:\/\/www.notibras.com\/site\/wp-content\/uploads\/2025\/10\/queda-de-roma.png\",\"datePublished\":\"2025-10-12T05:49:51+00:00\",\"dateModified\":\"2025-10-12T06:16:54+00:00\",\"breadcrumb\":{\"@id\":\"https:\/\/www.notibras.com\/site\/colapso-de-roma-serve-de-alerta-para-quem-se-ve-imperador-do-mundo\/#breadcrumb\"},\"inLanguage\":\"pt-BR\",\"potentialAction\":[{\"@type\":\"ReadAction\",\"target\":[\"https:\/\/www.notibras.com\/site\/colapso-de-roma-serve-de-alerta-para-quem-se-ve-imperador-do-mundo\/\"]}]},{\"@type\":\"ImageObject\",\"inLanguage\":\"pt-BR\",\"@id\":\"https:\/\/www.notibras.com\/site\/colapso-de-roma-serve-de-alerta-para-quem-se-ve-imperador-do-mundo\/#primaryimage\",\"url\":\"https:\/\/www.notibras.com\/site\/wp-content\/uploads\/2025\/10\/queda-de-roma.png\",\"contentUrl\":\"https:\/\/www.notibras.com\/site\/wp-content\/uploads\/2025\/10\/queda-de-roma.png\",\"width\":1536,\"height\":1024},{\"@type\":\"BreadcrumbList\",\"@id\":\"https:\/\/www.notibras.com\/site\/colapso-de-roma-serve-de-alerta-para-quem-se-ve-imperador-do-mundo\/#breadcrumb\",\"itemListElement\":[{\"@type\":\"ListItem\",\"position\":1,\"name\":\"In\u00edcio\",\"item\":\"https:\/\/www.notibras.com\/site\/\"},{\"@type\":\"ListItem\",\"position\":2,\"name\":\"Colapso de Roma serve de alerta para quem se v\u00ea imperador do mundo\"}]},{\"@type\":\"WebSite\",\"@id\":\"https:\/\/www.notibras.com\/site\/#website\",\"url\":\"https:\/\/www.notibras.com\/site\/\",\"name\":\"Notibras\",\"description\":\"Not\u00edcias de Bras\u00edlia, do Brasil e do Mundo\",\"publisher\":{\"@id\":\"https:\/\/www.notibras.com\/site\/#organization\"},\"potentialAction\":[{\"@type\":\"SearchAction\",\"target\":{\"@type\":\"EntryPoint\",\"urlTemplate\":\"https:\/\/www.notibras.com\/site\/?s={search_term_string}\"},\"query-input\":{\"@type\":\"PropertyValueSpecification\",\"valueRequired\":true,\"valueName\":\"search_term_string\"}}],\"inLanguage\":\"pt-BR\"},{\"@type\":\"Organization\",\"@id\":\"https:\/\/www.notibras.com\/site\/#organization\",\"name\":\"Grupo Notibras de Comunica\u00e7\u00e3o\",\"url\":\"https:\/\/www.notibras.com\/site\/\",\"logo\":{\"@type\":\"ImageObject\",\"inLanguage\":\"pt-BR\",\"@id\":\"https:\/\/www.notibras.com\/site\/#\/schema\/logo\/image\/\",\"url\":\"https:\/\/www.notibras.com\/site\/wp-content\/uploads\/2023\/01\/notibras23.png\",\"contentUrl\":\"https:\/\/www.notibras.com\/site\/wp-content\/uploads\/2023\/01\/notibras23.png\",\"width\":350,\"height\":87,\"caption\":\"Grupo Notibras de Comunica\u00e7\u00e3o\"},\"image\":{\"@id\":\"https:\/\/www.notibras.com\/site\/#\/schema\/logo\/image\/\"},\"sameAs\":[\"https:\/\/www.facebook.com\/notibras\/\",\"https:\/\/x.com\/Notibras\",\"https:\/\/www.instagram.com\/notibras\/\"]},{\"@type\":\"Person\",\"@id\":\"https:\/\/www.notibras.com\/site\/#\/schema\/person\/36ab0979449956132d3e5b517ea76ac8\",\"name\":\"Reda\u00e7\u00e3o\",\"image\":{\"@type\":\"ImageObject\",\"inLanguage\":\"pt-BR\",\"@id\":\"https:\/\/secure.gravatar.com\/avatar\/e0a867bdedb85fd243eadf09663511f96fc81e0720a4a42581f334ad4303aa6b?s=96&d=mm&r=g\",\"url\":\"https:\/\/secure.gravatar.com\/avatar\/e0a867bdedb85fd243eadf09663511f96fc81e0720a4a42581f334ad4303aa6b?s=96&d=mm&r=g\",\"contentUrl\":\"https:\/\/secure.gravatar.com\/avatar\/e0a867bdedb85fd243eadf09663511f96fc81e0720a4a42581f334ad4303aa6b?s=96&d=mm&r=g\",\"caption\":\"Reda\u00e7\u00e3o\"}}]}<\/script>\n<!-- \/ Yoast SEO plugin. -->","yoast_head_json":{"title":"Colapso de Roma serve de alerta para quem se v\u00ea imperador do mundo - Notibras","robots":{"index":"index","follow":"follow","max-snippet":"max-snippet:-1","max-image-preview":"max-image-preview:large","max-video-preview":"max-video-preview:-1"},"canonical":"https:\/\/www.notibras.com\/site\/colapso-de-roma-serve-de-alerta-para-quem-se-ve-imperador-do-mundo\/","og_locale":"pt_BR","og_type":"article","og_title":"Colapso de Roma serve de alerta para quem se v\u00ea imperador do mundo - Notibras","og_description":"Nenhum trov\u00e3o anunciou o fim. Roma, que um dia falara em nome dos deuses e dominara o mundo sob sua b\u00ean\u00e7\u00e3o, caiu em sil\u00eancio. As colunas dos templos racharam, as est\u00e1tuas foram mutiladas e os sacerdotes desapareceram. Era como se as divindades que ergueram o Imp\u00e9rio tivessem voltado o rosto \u2014 ou simplesmente se calado [&hellip;]","og_url":"https:\/\/www.notibras.com\/site\/colapso-de-roma-serve-de-alerta-para-quem-se-ve-imperador-do-mundo\/","og_site_name":"Notibras","article_publisher":"https:\/\/www.facebook.com\/notibras\/","article_published_time":"2025-10-12T05:49:51+00:00","article_modified_time":"2025-10-12T06:16:54+00:00","og_image":[{"width":1024,"height":683,"url":"https:\/\/www.notibras.com\/site\/wp-content\/uploads\/2025\/10\/queda-de-roma-1024x683.png","type":"image\/png"}],"author":"Reda\u00e7\u00e3o","twitter_card":"summary_large_image","twitter_creator":"@Notibras","twitter_site":"@Notibras","twitter_misc":{"Escrito por":"Reda\u00e7\u00e3o","Est. tempo de leitura":"3 minutos"},"schema":{"@context":"https:\/\/schema.org","@graph":[{"@type":"Article","@id":"https:\/\/www.notibras.com\/site\/colapso-de-roma-serve-de-alerta-para-quem-se-ve-imperador-do-mundo\/#article","isPartOf":{"@id":"https:\/\/www.notibras.com\/site\/colapso-de-roma-serve-de-alerta-para-quem-se-ve-imperador-do-mundo\/"},"author":{"name":"Reda\u00e7\u00e3o","@id":"https:\/\/www.notibras.com\/site\/#\/schema\/person\/36ab0979449956132d3e5b517ea76ac8"},"headline":"Colapso de Roma serve de alerta para quem se v\u00ea imperador do mundo","datePublished":"2025-10-12T05:49:51+00:00","dateModified":"2025-10-12T06:16:54+00:00","mainEntityOfPage":{"@id":"https:\/\/www.notibras.com\/site\/colapso-de-roma-serve-de-alerta-para-quem-se-ve-imperador-do-mundo\/"},"wordCount":417,"publisher":{"@id":"https:\/\/www.notibras.com\/site\/#organization"},"image":{"@id":"https:\/\/www.notibras.com\/site\/colapso-de-roma-serve-de-alerta-para-quem-se-ve-imperador-do-mundo\/#primaryimage"},"thumbnailUrl":"https:\/\/www.notibras.com\/site\/wp-content\/uploads\/2025\/10\/queda-de-roma.png","keywords":["capa"],"articleSection":["Or\u00e1culos"],"inLanguage":"pt-BR"},{"@type":"WebPage","@id":"https:\/\/www.notibras.com\/site\/colapso-de-roma-serve-de-alerta-para-quem-se-ve-imperador-do-mundo\/","url":"https:\/\/www.notibras.com\/site\/colapso-de-roma-serve-de-alerta-para-quem-se-ve-imperador-do-mundo\/","name":"Colapso de Roma serve de alerta para quem se v\u00ea imperador do mundo - Notibras","isPartOf":{"@id":"https:\/\/www.notibras.com\/site\/#website"},"primaryImageOfPage":{"@id":"https:\/\/www.notibras.com\/site\/colapso-de-roma-serve-de-alerta-para-quem-se-ve-imperador-do-mundo\/#primaryimage"},"image":{"@id":"https:\/\/www.notibras.com\/site\/colapso-de-roma-serve-de-alerta-para-quem-se-ve-imperador-do-mundo\/#primaryimage"},"thumbnailUrl":"https:\/\/www.notibras.com\/site\/wp-content\/uploads\/2025\/10\/queda-de-roma.png","datePublished":"2025-10-12T05:49:51+00:00","dateModified":"2025-10-12T06:16:54+00:00","breadcrumb":{"@id":"https:\/\/www.notibras.com\/site\/colapso-de-roma-serve-de-alerta-para-quem-se-ve-imperador-do-mundo\/#breadcrumb"},"inLanguage":"pt-BR","potentialAction":[{"@type":"ReadAction","target":["https:\/\/www.notibras.com\/site\/colapso-de-roma-serve-de-alerta-para-quem-se-ve-imperador-do-mundo\/"]}]},{"@type":"ImageObject","inLanguage":"pt-BR","@id":"https:\/\/www.notibras.com\/site\/colapso-de-roma-serve-de-alerta-para-quem-se-ve-imperador-do-mundo\/#primaryimage","url":"https:\/\/www.notibras.com\/site\/wp-content\/uploads\/2025\/10\/queda-de-roma.png","contentUrl":"https:\/\/www.notibras.com\/site\/wp-content\/uploads\/2025\/10\/queda-de-roma.png","width":1536,"height":1024},{"@type":"BreadcrumbList","@id":"https:\/\/www.notibras.com\/site\/colapso-de-roma-serve-de-alerta-para-quem-se-ve-imperador-do-mundo\/#breadcrumb","itemListElement":[{"@type":"ListItem","position":1,"name":"In\u00edcio","item":"https:\/\/www.notibras.com\/site\/"},{"@type":"ListItem","position":2,"name":"Colapso de Roma serve de alerta para quem se v\u00ea imperador do mundo"}]},{"@type":"WebSite","@id":"https:\/\/www.notibras.com\/site\/#website","url":"https:\/\/www.notibras.com\/site\/","name":"Notibras","description":"Not\u00edcias de Bras\u00edlia, do Brasil e do Mundo","publisher":{"@id":"https:\/\/www.notibras.com\/site\/#organization"},"potentialAction":[{"@type":"SearchAction","target":{"@type":"EntryPoint","urlTemplate":"https:\/\/www.notibras.com\/site\/?s={search_term_string}"},"query-input":{"@type":"PropertyValueSpecification","valueRequired":true,"valueName":"search_term_string"}}],"inLanguage":"pt-BR"},{"@type":"Organization","@id":"https:\/\/www.notibras.com\/site\/#organization","name":"Grupo Notibras de Comunica\u00e7\u00e3o","url":"https:\/\/www.notibras.com\/site\/","logo":{"@type":"ImageObject","inLanguage":"pt-BR","@id":"https:\/\/www.notibras.com\/site\/#\/schema\/logo\/image\/","url":"https:\/\/www.notibras.com\/site\/wp-content\/uploads\/2023\/01\/notibras23.png","contentUrl":"https:\/\/www.notibras.com\/site\/wp-content\/uploads\/2023\/01\/notibras23.png","width":350,"height":87,"caption":"Grupo Notibras de Comunica\u00e7\u00e3o"},"image":{"@id":"https:\/\/www.notibras.com\/site\/#\/schema\/logo\/image\/"},"sameAs":["https:\/\/www.facebook.com\/notibras\/","https:\/\/x.com\/Notibras","https:\/\/www.instagram.com\/notibras\/"]},{"@type":"Person","@id":"https:\/\/www.notibras.com\/site\/#\/schema\/person\/36ab0979449956132d3e5b517ea76ac8","name":"Reda\u00e7\u00e3o","image":{"@type":"ImageObject","inLanguage":"pt-BR","@id":"https:\/\/secure.gravatar.com\/avatar\/e0a867bdedb85fd243eadf09663511f96fc81e0720a4a42581f334ad4303aa6b?s=96&d=mm&r=g","url":"https:\/\/secure.gravatar.com\/avatar\/e0a867bdedb85fd243eadf09663511f96fc81e0720a4a42581f334ad4303aa6b?s=96&d=mm&r=g","contentUrl":"https:\/\/secure.gravatar.com\/avatar\/e0a867bdedb85fd243eadf09663511f96fc81e0720a4a42581f334ad4303aa6b?s=96&d=mm&r=g","caption":"Reda\u00e7\u00e3o"}}]}},"amp_enabled":true,"_links":{"self":[{"href":"https:\/\/www.notibras.com\/site\/wp-json\/wp\/v2\/posts\/367026","targetHints":{"allow":["GET"]}}],"collection":[{"href":"https:\/\/www.notibras.com\/site\/wp-json\/wp\/v2\/posts"}],"about":[{"href":"https:\/\/www.notibras.com\/site\/wp-json\/wp\/v2\/types\/post"}],"author":[{"embeddable":true,"href":"https:\/\/www.notibras.com\/site\/wp-json\/wp\/v2\/users\/2"}],"replies":[{"embeddable":true,"href":"https:\/\/www.notibras.com\/site\/wp-json\/wp\/v2\/comments?post=367026"}],"version-history":[{"count":2,"href":"https:\/\/www.notibras.com\/site\/wp-json\/wp\/v2\/posts\/367026\/revisions"}],"predecessor-version":[{"id":367029,"href":"https:\/\/www.notibras.com\/site\/wp-json\/wp\/v2\/posts\/367026\/revisions\/367029"}],"wp:featuredmedia":[{"embeddable":true,"href":"https:\/\/www.notibras.com\/site\/wp-json\/wp\/v2\/media\/367027"}],"wp:attachment":[{"href":"https:\/\/www.notibras.com\/site\/wp-json\/wp\/v2\/media?parent=367026"}],"wp:term":[{"taxonomy":"category","embeddable":true,"href":"https:\/\/www.notibras.com\/site\/wp-json\/wp\/v2\/categories?post=367026"},{"taxonomy":"post_tag","embeddable":true,"href":"https:\/\/www.notibras.com\/site\/wp-json\/wp\/v2\/tags?post=367026"}],"curies":[{"name":"wp","href":"https:\/\/api.w.org\/{rel}","templated":true}]}}