{"id":367036,"date":"2025-10-12T03:53:02","date_gmt":"2025-10-12T06:53:02","guid":{"rendered":"https:\/\/www.notibras.com\/site\/?p=367036"},"modified":"2025-10-12T03:53:02","modified_gmt":"2025-10-12T06:53:02","slug":"semana-comeca-com-as-energias-da-reconciliacao","status":"publish","type":"post","link":"https:\/\/www.notibras.com\/site\/semana-comeca-com-as-energias-da-reconciliacao\/","title":{"rendered":"Semana come\u00e7a com as energias da reconcilia\u00e7\u00e3o"},"content":{"rendered":"<p data-start=\"215\" data-end=\"639\">A semana traz uma energia de recome\u00e7o. Merc\u00fario e V\u00eanus se alinham em signos de ar, favorecendo di\u00e1logos, reconcilia\u00e7\u00f5es e ideias criativas. \u00c9 tempo de aparar arestas, abrir o cora\u00e7\u00e3o e repensar estrat\u00e9gias.<\/p>\n<p data-start=\"215\" data-end=\"639\">Saturno, em posi\u00e7\u00e3o firme, lembra que a disciplina ainda \u00e9 a chave do sucesso. O Sol em Libra pede equil\u00edbrio entre o dever e o prazer \u2014 e convida todos a encontrarem harmonia no caos cotidiano.<\/p>\n<p data-start=\"646\" data-end=\"846\">\u2648 <strong data-start=\"648\" data-end=\"671\">\u00c1ries (21\/3 a 19\/4)<\/strong><br data-start=\"671\" data-end=\"674\" \/>O \u00edmpeto natural do ariano ganha foco. Evite agir por impulso: uma decis\u00e3o tomada com calma trar\u00e1 mais resultados. No amor, surpresas e reencontros podem aquecer o cora\u00e7\u00e3o.<\/p>\n<p data-start=\"848\" data-end=\"1050\">\u2649 <strong data-start=\"850\" data-end=\"873\">Touro (20\/4 a 20\/5)<\/strong><br data-start=\"873\" data-end=\"876\" \/>Hora de cuidar das finan\u00e7as e do corpo. Marte traz energia, mas tamb\u00e9m ansiedade. Evite teimosias \u2014 a flexibilidade ser\u00e1 sua melhor arma. Afetos sinceros fortalecem v\u00ednculos.<\/p>\n<p data-start=\"1052\" data-end=\"1251\">\u264a <strong data-start=\"1054\" data-end=\"1078\">G\u00eameos (21\/5 a 20\/6)<\/strong><br data-start=\"1078\" data-end=\"1081\" \/>Comunica\u00e7\u00e3o em alta! Projetos e parcerias fluem com naturalidade. No amor, a conversa \u00e9 o tempero da rela\u00e7\u00e3o. Cuidado apenas com promessas feitas sem inten\u00e7\u00e3o de cumprir.<\/p>\n<p data-start=\"1253\" data-end=\"1457\">\u264b <strong data-start=\"1255\" data-end=\"1279\">C\u00e2ncer (21\/6 a 22\/7)<\/strong><br data-start=\"1279\" data-end=\"1282\" \/>O lar pede aten\u00e7\u00e3o, e antigas emo\u00e7\u00f5es podem ressurgir. Evite remoer o passado. Uma conversa franca com algu\u00e9m pr\u00f3ximo trar\u00e1 leveza e reconex\u00e3o. Cuide do sono e da alimenta\u00e7\u00e3o.<\/p>\n<p data-start=\"1459\" data-end=\"1667\">\u264c <strong data-start=\"1461\" data-end=\"1483\">Le\u00e3o (23\/7 a 22\/8)<\/strong><br data-start=\"1483\" data-end=\"1486\" \/>O brilho leonino volta com tudo. \u00c9 semana de destaque e reconhecimento. Apenas evite exageros de ego \u2014 o universo recompensa quem age com generosidade. No amor, charme irresist\u00edvel.<\/p>\n<p data-start=\"1669\" data-end=\"1869\">\u264d <strong data-start=\"1671\" data-end=\"1695\">Virgem (23\/8 a 22\/9)<\/strong><br data-start=\"1695\" data-end=\"1698\" \/>Detalhes fazem a diferen\u00e7a. Ajuste planos, revise prazos e confie no seu senso pr\u00e1tico. A Lua em Capric\u00f3rnio fortalece sua produtividade. Romance pede mais espontaneidade.<\/p>\n<p data-start=\"1871\" data-end=\"2069\">\u264e <strong data-start=\"1873\" data-end=\"1897\">Libra (23\/9 a 22\/10)<\/strong><br data-start=\"1897\" data-end=\"1900\" \/>Sol no seu signo! Fase de autocuidado e renova\u00e7\u00e3o. Bons ventos sopram no amor e nas parcerias profissionais. Evite indecis\u00e3o \u2014 escolha o que traz paz, n\u00e3o apenas beleza.<\/p>\n<p data-start=\"2071\" data-end=\"2286\">\u264f <strong data-start=\"2073\" data-end=\"2102\">Escorpi\u00e3o (23\/10 a 21\/11)<\/strong><br data-start=\"2102\" data-end=\"2105\" \/>A intui\u00e7\u00e3o estar\u00e1 afiad\u00edssima. Use-a para tomar decis\u00f5es importantes. No amor, intensidade e mist\u00e9rio \u2014 s\u00f3 cuidado para n\u00e3o sufocar quem voc\u00ea ama. Boa semana para mudan\u00e7as internas.<\/p>\n<p data-start=\"2288\" data-end=\"2483\">\u2650 <strong data-start=\"2290\" data-end=\"2319\">Sagit\u00e1rio (22\/11 a 21\/12)<\/strong><br data-start=\"2319\" data-end=\"2322\" \/>Esp\u00edrito aventureiro em alta. Viagens e novos aprendizados movimentam a rotina. Finan\u00e7as exigem prud\u00eancia. Um reencontro pode acender algo inesperado no cora\u00e7\u00e3o.<\/p>\n<p data-start=\"2485\" data-end=\"2688\">\u2651 <strong data-start=\"2487\" data-end=\"2517\">Capric\u00f3rnio (22\/12 a 19\/1)<\/strong><br data-start=\"2517\" data-end=\"2520\" \/>Trabalho e ambi\u00e7\u00e3o se unem de forma produtiva. Resultados concretos chegam. No entanto, n\u00e3o negligencie a vida pessoal. Um gesto de afeto pode equilibrar suas energias.<\/p>\n<p data-start=\"2690\" data-end=\"2889\">\u2652 <strong data-start=\"2692\" data-end=\"2717\">Aqu\u00e1rio (20\/1 a 18\/2)<\/strong><br data-start=\"2717\" data-end=\"2720\" \/>Ideias brilhantes e projetos sociais ganham for\u00e7a. Cuidado com discuss\u00f5es nas redes \u2014 nem toda opini\u00e3o precisa de palco. Um convite inesperado pode abrir novos caminhos.<\/p>\n<p data-start=\"2891\" data-end=\"3098\">\u2653 <strong data-start=\"2893\" data-end=\"2917\">Peixes (19\/2 a 20\/3)<\/strong><br data-start=\"2917\" data-end=\"2920\" \/>Emo\u00e7\u00f5es \u00e0 flor da pele, mas tamb\u00e9m grande sensibilidade criativa. Inspire-se na arte, na m\u00fasica e nas boas companhias. No amor, ternura e compreens\u00e3o ser\u00e3o seus maiores encantos.<\/p>\n<p data-start=\"2891\" data-end=\"3098\">&#8230;&#8230;&#8230;&#8230;&#8230;&#8230;&#8230;&#8230;.<\/p>\n<p><strong>Anabelle Santa\u2019cruz \u00e9 Editora de Or\u00e1culos<\/strong><\/p>\n","protected":false},"excerpt":{"rendered":"<p>A semana traz uma energia de recome\u00e7o. Merc\u00fario e V\u00eanus se alinham em signos de ar, favorecendo di\u00e1logos, reconcilia\u00e7\u00f5es e ideias criativas. \u00c9 tempo de aparar arestas, abrir o cora\u00e7\u00e3o e repensar estrat\u00e9gias. Saturno, em posi\u00e7\u00e3o firme, lembra que a disciplina ainda \u00e9 a chave do sucesso. O Sol em Libra pede equil\u00edbrio entre o [&hellip;]<\/p>\n","protected":false},"author":2,"featured_media":367037,"comment_status":"closed","ping_status":"closed","sticky":false,"template":"","format":"standard","meta":{"_acf_changed":false,"footnotes":""},"categories":[237],"tags":[],"class_list":["post-367036","post","type-post","status-publish","format-standard","has-post-thumbnail","hentry","category-oraculos"],"acf":[],"yoast_head":"<!-- This site is optimized with the Yoast SEO plugin v27.2 - https:\/\/yoast.com\/product\/yoast-seo-wordpress\/ -->\n<title>Semana come\u00e7a com as energias da reconcilia\u00e7\u00e3o - Notibras<\/title>\n<meta name=\"robots\" content=\"index, follow, max-snippet:-1, max-image-preview:large, max-video-preview:-1\" \/>\n<link rel=\"canonical\" href=\"https:\/\/www.notibras.com\/site\/semana-comeca-com-as-energias-da-reconciliacao\/\" \/>\n<meta property=\"og:locale\" content=\"pt_BR\" \/>\n<meta property=\"og:type\" content=\"article\" \/>\n<meta property=\"og:title\" content=\"Semana come\u00e7a com as energias da reconcilia\u00e7\u00e3o - Notibras\" \/>\n<meta property=\"og:description\" content=\"A semana traz uma energia de recome\u00e7o. Merc\u00fario e V\u00eanus se alinham em signos de ar, favorecendo di\u00e1logos, reconcilia\u00e7\u00f5es e ideias criativas. \u00c9 tempo de aparar arestas, abrir o cora\u00e7\u00e3o e repensar estrat\u00e9gias. Saturno, em posi\u00e7\u00e3o firme, lembra que a disciplina ainda \u00e9 a chave do sucesso. O Sol em Libra pede equil\u00edbrio entre o [&hellip;]\" \/>\n<meta property=\"og:url\" content=\"https:\/\/www.notibras.com\/site\/semana-comeca-com-as-energias-da-reconciliacao\/\" \/>\n<meta property=\"og:site_name\" content=\"Notibras\" \/>\n<meta property=\"article:publisher\" content=\"https:\/\/www.facebook.com\/notibras\/\" \/>\n<meta property=\"article:published_time\" content=\"2025-10-12T06:53:02+00:00\" \/>\n<meta property=\"og:image\" content=\"https:\/\/www.notibras.com\/site\/wp-content\/uploads\/2025\/10\/horoscopo12.18-683x1024.png\" \/>\n\t<meta property=\"og:image:width\" content=\"683\" \/>\n\t<meta property=\"og:image:height\" content=\"1024\" \/>\n\t<meta property=\"og:image:type\" content=\"image\/png\" \/>\n<meta name=\"author\" content=\"Reda\u00e7\u00e3o\" \/>\n<meta name=\"twitter:card\" content=\"summary_large_image\" \/>\n<meta name=\"twitter:creator\" content=\"@Notibras\" \/>\n<meta name=\"twitter:site\" content=\"@Notibras\" \/>\n<meta name=\"twitter:label1\" content=\"Escrito por\" \/>\n\t<meta name=\"twitter:data1\" content=\"Reda\u00e7\u00e3o\" \/>\n\t<meta name=\"twitter:label2\" content=\"Est. tempo de leitura\" \/>\n\t<meta name=\"twitter:data2\" content=\"3 minutos\" \/>\n<script type=\"application\/ld+json\" class=\"yoast-schema-graph\">{\"@context\":\"https:\/\/schema.org\",\"@graph\":[{\"@type\":\"Article\",\"@id\":\"https:\/\/www.notibras.com\/site\/semana-comeca-com-as-energias-da-reconciliacao\/#article\",\"isPartOf\":{\"@id\":\"https:\/\/www.notibras.com\/site\/semana-comeca-com-as-energias-da-reconciliacao\/\"},\"author\":{\"name\":\"Reda\u00e7\u00e3o\",\"@id\":\"https:\/\/www.notibras.com\/site\/#\/schema\/person\/36ab0979449956132d3e5b517ea76ac8\"},\"headline\":\"Semana come\u00e7a com as energias da reconcilia\u00e7\u00e3o\",\"datePublished\":\"2025-10-12T06:53:02+00:00\",\"mainEntityOfPage\":{\"@id\":\"https:\/\/www.notibras.com\/site\/semana-comeca-com-as-energias-da-reconciliacao\/\"},\"wordCount\":479,\"publisher\":{\"@id\":\"https:\/\/www.notibras.com\/site\/#organization\"},\"image\":{\"@id\":\"https:\/\/www.notibras.com\/site\/semana-comeca-com-as-energias-da-reconciliacao\/#primaryimage\"},\"thumbnailUrl\":\"https:\/\/www.notibras.com\/site\/wp-content\/uploads\/2025\/10\/horoscopo12.18.png\",\"articleSection\":[\"Or\u00e1culos\"],\"inLanguage\":\"pt-BR\"},{\"@type\":\"WebPage\",\"@id\":\"https:\/\/www.notibras.com\/site\/semana-comeca-com-as-energias-da-reconciliacao\/\",\"url\":\"https:\/\/www.notibras.com\/site\/semana-comeca-com-as-energias-da-reconciliacao\/\",\"name\":\"Semana come\u00e7a com as energias da reconcilia\u00e7\u00e3o - Notibras\",\"isPartOf\":{\"@id\":\"https:\/\/www.notibras.com\/site\/#website\"},\"primaryImageOfPage\":{\"@id\":\"https:\/\/www.notibras.com\/site\/semana-comeca-com-as-energias-da-reconciliacao\/#primaryimage\"},\"image\":{\"@id\":\"https:\/\/www.notibras.com\/site\/semana-comeca-com-as-energias-da-reconciliacao\/#primaryimage\"},\"thumbnailUrl\":\"https:\/\/www.notibras.com\/site\/wp-content\/uploads\/2025\/10\/horoscopo12.18.png\",\"datePublished\":\"2025-10-12T06:53:02+00:00\",\"breadcrumb\":{\"@id\":\"https:\/\/www.notibras.com\/site\/semana-comeca-com-as-energias-da-reconciliacao\/#breadcrumb\"},\"inLanguage\":\"pt-BR\",\"potentialAction\":[{\"@type\":\"ReadAction\",\"target\":[\"https:\/\/www.notibras.com\/site\/semana-comeca-com-as-energias-da-reconciliacao\/\"]}]},{\"@type\":\"ImageObject\",\"inLanguage\":\"pt-BR\",\"@id\":\"https:\/\/www.notibras.com\/site\/semana-comeca-com-as-energias-da-reconciliacao\/#primaryimage\",\"url\":\"https:\/\/www.notibras.com\/site\/wp-content\/uploads\/2025\/10\/horoscopo12.18.png\",\"contentUrl\":\"https:\/\/www.notibras.com\/site\/wp-content\/uploads\/2025\/10\/horoscopo12.18.png\",\"width\":1024,\"height\":1536},{\"@type\":\"BreadcrumbList\",\"@id\":\"https:\/\/www.notibras.com\/site\/semana-comeca-com-as-energias-da-reconciliacao\/#breadcrumb\",\"itemListElement\":[{\"@type\":\"ListItem\",\"position\":1,\"name\":\"In\u00edcio\",\"item\":\"https:\/\/www.notibras.com\/site\/\"},{\"@type\":\"ListItem\",\"position\":2,\"name\":\"Semana come\u00e7a com as energias da reconcilia\u00e7\u00e3o\"}]},{\"@type\":\"WebSite\",\"@id\":\"https:\/\/www.notibras.com\/site\/#website\",\"url\":\"https:\/\/www.notibras.com\/site\/\",\"name\":\"Notibras\",\"description\":\"Not\u00edcias de Bras\u00edlia, do Brasil e do Mundo\",\"publisher\":{\"@id\":\"https:\/\/www.notibras.com\/site\/#organization\"},\"potentialAction\":[{\"@type\":\"SearchAction\",\"target\":{\"@type\":\"EntryPoint\",\"urlTemplate\":\"https:\/\/www.notibras.com\/site\/?s={search_term_string}\"},\"query-input\":{\"@type\":\"PropertyValueSpecification\",\"valueRequired\":true,\"valueName\":\"search_term_string\"}}],\"inLanguage\":\"pt-BR\"},{\"@type\":\"Organization\",\"@id\":\"https:\/\/www.notibras.com\/site\/#organization\",\"name\":\"Grupo Notibras de Comunica\u00e7\u00e3o\",\"url\":\"https:\/\/www.notibras.com\/site\/\",\"logo\":{\"@type\":\"ImageObject\",\"inLanguage\":\"pt-BR\",\"@id\":\"https:\/\/www.notibras.com\/site\/#\/schema\/logo\/image\/\",\"url\":\"https:\/\/www.notibras.com\/site\/wp-content\/uploads\/2023\/01\/notibras23.png\",\"contentUrl\":\"https:\/\/www.notibras.com\/site\/wp-content\/uploads\/2023\/01\/notibras23.png\",\"width\":350,\"height\":87,\"caption\":\"Grupo Notibras de Comunica\u00e7\u00e3o\"},\"image\":{\"@id\":\"https:\/\/www.notibras.com\/site\/#\/schema\/logo\/image\/\"},\"sameAs\":[\"https:\/\/www.facebook.com\/notibras\/\",\"https:\/\/x.com\/Notibras\",\"https:\/\/www.instagram.com\/notibras\/\"]},{\"@type\":\"Person\",\"@id\":\"https:\/\/www.notibras.com\/site\/#\/schema\/person\/36ab0979449956132d3e5b517ea76ac8\",\"name\":\"Reda\u00e7\u00e3o\",\"image\":{\"@type\":\"ImageObject\",\"inLanguage\":\"pt-BR\",\"@id\":\"https:\/\/secure.gravatar.com\/avatar\/e0a867bdedb85fd243eadf09663511f96fc81e0720a4a42581f334ad4303aa6b?s=96&d=mm&r=g\",\"url\":\"https:\/\/secure.gravatar.com\/avatar\/e0a867bdedb85fd243eadf09663511f96fc81e0720a4a42581f334ad4303aa6b?s=96&d=mm&r=g\",\"contentUrl\":\"https:\/\/secure.gravatar.com\/avatar\/e0a867bdedb85fd243eadf09663511f96fc81e0720a4a42581f334ad4303aa6b?s=96&d=mm&r=g\",\"caption\":\"Reda\u00e7\u00e3o\"}}]}<\/script>\n<!-- \/ Yoast SEO plugin. -->","yoast_head_json":{"title":"Semana come\u00e7a com as energias da reconcilia\u00e7\u00e3o - Notibras","robots":{"index":"index","follow":"follow","max-snippet":"max-snippet:-1","max-image-preview":"max-image-preview:large","max-video-preview":"max-video-preview:-1"},"canonical":"https:\/\/www.notibras.com\/site\/semana-comeca-com-as-energias-da-reconciliacao\/","og_locale":"pt_BR","og_type":"article","og_title":"Semana come\u00e7a com as energias da reconcilia\u00e7\u00e3o - Notibras","og_description":"A semana traz uma energia de recome\u00e7o. Merc\u00fario e V\u00eanus se alinham em signos de ar, favorecendo di\u00e1logos, reconcilia\u00e7\u00f5es e ideias criativas. \u00c9 tempo de aparar arestas, abrir o cora\u00e7\u00e3o e repensar estrat\u00e9gias. Saturno, em posi\u00e7\u00e3o firme, lembra que a disciplina ainda \u00e9 a chave do sucesso. O Sol em Libra pede equil\u00edbrio entre o [&hellip;]","og_url":"https:\/\/www.notibras.com\/site\/semana-comeca-com-as-energias-da-reconciliacao\/","og_site_name":"Notibras","article_publisher":"https:\/\/www.facebook.com\/notibras\/","article_published_time":"2025-10-12T06:53:02+00:00","og_image":[{"width":683,"height":1024,"url":"https:\/\/www.notibras.com\/site\/wp-content\/uploads\/2025\/10\/horoscopo12.18-683x1024.png","type":"image\/png"}],"author":"Reda\u00e7\u00e3o","twitter_card":"summary_large_image","twitter_creator":"@Notibras","twitter_site":"@Notibras","twitter_misc":{"Escrito por":"Reda\u00e7\u00e3o","Est. tempo de leitura":"3 minutos"},"schema":{"@context":"https:\/\/schema.org","@graph":[{"@type":"Article","@id":"https:\/\/www.notibras.com\/site\/semana-comeca-com-as-energias-da-reconciliacao\/#article","isPartOf":{"@id":"https:\/\/www.notibras.com\/site\/semana-comeca-com-as-energias-da-reconciliacao\/"},"author":{"name":"Reda\u00e7\u00e3o","@id":"https:\/\/www.notibras.com\/site\/#\/schema\/person\/36ab0979449956132d3e5b517ea76ac8"},"headline":"Semana come\u00e7a com as energias da reconcilia\u00e7\u00e3o","datePublished":"2025-10-12T06:53:02+00:00","mainEntityOfPage":{"@id":"https:\/\/www.notibras.com\/site\/semana-comeca-com-as-energias-da-reconciliacao\/"},"wordCount":479,"publisher":{"@id":"https:\/\/www.notibras.com\/site\/#organization"},"image":{"@id":"https:\/\/www.notibras.com\/site\/semana-comeca-com-as-energias-da-reconciliacao\/#primaryimage"},"thumbnailUrl":"https:\/\/www.notibras.com\/site\/wp-content\/uploads\/2025\/10\/horoscopo12.18.png","articleSection":["Or\u00e1culos"],"inLanguage":"pt-BR"},{"@type":"WebPage","@id":"https:\/\/www.notibras.com\/site\/semana-comeca-com-as-energias-da-reconciliacao\/","url":"https:\/\/www.notibras.com\/site\/semana-comeca-com-as-energias-da-reconciliacao\/","name":"Semana come\u00e7a com as energias da reconcilia\u00e7\u00e3o - Notibras","isPartOf":{"@id":"https:\/\/www.notibras.com\/site\/#website"},"primaryImageOfPage":{"@id":"https:\/\/www.notibras.com\/site\/semana-comeca-com-as-energias-da-reconciliacao\/#primaryimage"},"image":{"@id":"https:\/\/www.notibras.com\/site\/semana-comeca-com-as-energias-da-reconciliacao\/#primaryimage"},"thumbnailUrl":"https:\/\/www.notibras.com\/site\/wp-content\/uploads\/2025\/10\/horoscopo12.18.png","datePublished":"2025-10-12T06:53:02+00:00","breadcrumb":{"@id":"https:\/\/www.notibras.com\/site\/semana-comeca-com-as-energias-da-reconciliacao\/#breadcrumb"},"inLanguage":"pt-BR","potentialAction":[{"@type":"ReadAction","target":["https:\/\/www.notibras.com\/site\/semana-comeca-com-as-energias-da-reconciliacao\/"]}]},{"@type":"ImageObject","inLanguage":"pt-BR","@id":"https:\/\/www.notibras.com\/site\/semana-comeca-com-as-energias-da-reconciliacao\/#primaryimage","url":"https:\/\/www.notibras.com\/site\/wp-content\/uploads\/2025\/10\/horoscopo12.18.png","contentUrl":"https:\/\/www.notibras.com\/site\/wp-content\/uploads\/2025\/10\/horoscopo12.18.png","width":1024,"height":1536},{"@type":"BreadcrumbList","@id":"https:\/\/www.notibras.com\/site\/semana-comeca-com-as-energias-da-reconciliacao\/#breadcrumb","itemListElement":[{"@type":"ListItem","position":1,"name":"In\u00edcio","item":"https:\/\/www.notibras.com\/site\/"},{"@type":"ListItem","position":2,"name":"Semana come\u00e7a com as energias da reconcilia\u00e7\u00e3o"}]},{"@type":"WebSite","@id":"https:\/\/www.notibras.com\/site\/#website","url":"https:\/\/www.notibras.com\/site\/","name":"Notibras","description":"Not\u00edcias de Bras\u00edlia, do Brasil e do Mundo","publisher":{"@id":"https:\/\/www.notibras.com\/site\/#organization"},"potentialAction":[{"@type":"SearchAction","target":{"@type":"EntryPoint","urlTemplate":"https:\/\/www.notibras.com\/site\/?s={search_term_string}"},"query-input":{"@type":"PropertyValueSpecification","valueRequired":true,"valueName":"search_term_string"}}],"inLanguage":"pt-BR"},{"@type":"Organization","@id":"https:\/\/www.notibras.com\/site\/#organization","name":"Grupo Notibras de Comunica\u00e7\u00e3o","url":"https:\/\/www.notibras.com\/site\/","logo":{"@type":"ImageObject","inLanguage":"pt-BR","@id":"https:\/\/www.notibras.com\/site\/#\/schema\/logo\/image\/","url":"https:\/\/www.notibras.com\/site\/wp-content\/uploads\/2023\/01\/notibras23.png","contentUrl":"https:\/\/www.notibras.com\/site\/wp-content\/uploads\/2023\/01\/notibras23.png","width":350,"height":87,"caption":"Grupo Notibras de Comunica\u00e7\u00e3o"},"image":{"@id":"https:\/\/www.notibras.com\/site\/#\/schema\/logo\/image\/"},"sameAs":["https:\/\/www.facebook.com\/notibras\/","https:\/\/x.com\/Notibras","https:\/\/www.instagram.com\/notibras\/"]},{"@type":"Person","@id":"https:\/\/www.notibras.com\/site\/#\/schema\/person\/36ab0979449956132d3e5b517ea76ac8","name":"Reda\u00e7\u00e3o","image":{"@type":"ImageObject","inLanguage":"pt-BR","@id":"https:\/\/secure.gravatar.com\/avatar\/e0a867bdedb85fd243eadf09663511f96fc81e0720a4a42581f334ad4303aa6b?s=96&d=mm&r=g","url":"https:\/\/secure.gravatar.com\/avatar\/e0a867bdedb85fd243eadf09663511f96fc81e0720a4a42581f334ad4303aa6b?s=96&d=mm&r=g","contentUrl":"https:\/\/secure.gravatar.com\/avatar\/e0a867bdedb85fd243eadf09663511f96fc81e0720a4a42581f334ad4303aa6b?s=96&d=mm&r=g","caption":"Reda\u00e7\u00e3o"}}]}},"amp_enabled":true,"_links":{"self":[{"href":"https:\/\/www.notibras.com\/site\/wp-json\/wp\/v2\/posts\/367036","targetHints":{"allow":["GET"]}}],"collection":[{"href":"https:\/\/www.notibras.com\/site\/wp-json\/wp\/v2\/posts"}],"about":[{"href":"https:\/\/www.notibras.com\/site\/wp-json\/wp\/v2\/types\/post"}],"author":[{"embeddable":true,"href":"https:\/\/www.notibras.com\/site\/wp-json\/wp\/v2\/users\/2"}],"replies":[{"embeddable":true,"href":"https:\/\/www.notibras.com\/site\/wp-json\/wp\/v2\/comments?post=367036"}],"version-history":[{"count":1,"href":"https:\/\/www.notibras.com\/site\/wp-json\/wp\/v2\/posts\/367036\/revisions"}],"predecessor-version":[{"id":367038,"href":"https:\/\/www.notibras.com\/site\/wp-json\/wp\/v2\/posts\/367036\/revisions\/367038"}],"wp:featuredmedia":[{"embeddable":true,"href":"https:\/\/www.notibras.com\/site\/wp-json\/wp\/v2\/media\/367037"}],"wp:attachment":[{"href":"https:\/\/www.notibras.com\/site\/wp-json\/wp\/v2\/media?parent=367036"}],"wp:term":[{"taxonomy":"category","embeddable":true,"href":"https:\/\/www.notibras.com\/site\/wp-json\/wp\/v2\/categories?post=367036"},{"taxonomy":"post_tag","embeddable":true,"href":"https:\/\/www.notibras.com\/site\/wp-json\/wp\/v2\/tags?post=367036"}],"curies":[{"name":"wp","href":"https:\/\/api.w.org\/{rel}","templated":true}]}}