{"id":36707,"date":"2015-02-11T11:44:09","date_gmt":"2015-02-11T14:44:09","guid":{"rendered":"http:\/\/www.notibras.com\/site\/?p=36707"},"modified":"2015-02-11T15:18:27","modified_gmt":"2015-02-11T18:18:27","slug":"belgica-condena-jihadista-com-sangue-brasileiro-a-5-anos-de-prisao","status":"publish","type":"post","link":"https:\/\/www.notibras.com\/site\/belgica-condena-jihadista-com-sangue-brasileiro-a-5-anos-de-prisao\/","title":{"rendered":"Justi\u00e7a belga condena jihadista com sangue de brasileira a cinco anos"},"content":{"rendered":"<p class=\"text\">A Justi\u00e7a da B\u00e9lgica condenou \u00e0 revelia o jovem Brian de Mulder, belga de m\u00e3e brasileira, a cinco anos de pris\u00e3o por liga\u00e7\u00e3o com terrorismo, segundo a imprensa local.<\/p>\n<p class=\"text\">De Mulder, de 21 anos, est\u00e1 na S\u00edria desde janeiro de 2013, onde acredita-se viver com a mulher e filho. Ele \u00e9 acusado de integrar o grupo autodenominado &#8216;Estado Isl\u00e2mico&#8217;.<\/p>\n<p class=\"text\">O jovem, filho da brasileira Rosana Rodrigues, integrava a lista de 46 pessoas acusadas pela Justi\u00e7a belga de pertencer ao antigo grupo Sharia4Belgium que, segundo procuradores, enviou combatentes \u00e0 S\u00edria.<\/p>\n<p class=\"text\">As senten\u00e7as foram anunciadas nesta quarta-feira. Apenas oito dos acusados estiveram presentes no julgamento, realizado na Antu\u00e9rpia. Os demais estariam lutando na S\u00edria ou j\u00e1 teriam morrido.<\/p>\n<p class=\"text\">O juiz do caso considerou o grupo Sharia4Belgium uma &#8220;organiza\u00e7\u00e3o terrorista&#8221;. O l\u00edder da organiza\u00e7\u00e3o, Fouad Belkacem, negou a acusa\u00e7\u00e3o de recrutar combatentes e foi condenado a 12 anos de pris\u00e3o.<\/p>\n<blockquote>\n<p class=\"text\">Procuradores disseram que Belkacem fez uma &#8220;lavagem cerebral&#8221; em jovens europeus para convenc\u00ea-los a lutar no Oriente M\u00e9dio. Cerca de 350 belgas teriam viajado \u00e0 S\u00edria e ao Iraque para lutar, disseram autoridades. Segundo elas, 10% dos belgas teriam liga\u00e7\u00f5es com o Sharia4Belgium, que pregava a instaura\u00e7\u00e3o da lei isl\u00e2mica no pa\u00eds europeu.<\/p>\n<\/blockquote>\n<p class=\"text\">Ag\u00eancias de seguran\u00e7a europeias temem que jihadistas que retornam destes pa\u00edses realizem ataques contra alvos dom\u00e9sticos.<\/p>\n<p class=\"text\">De Mulder foi descrito como um jovem de educa\u00e7\u00e3o cat\u00f3lica, jogador de futebol, bom aluno e filho obediente, que nunca teve problemas com drogas ou com a pol\u00edcia.<\/p>\n<p class=\"text\">Ele se converteu ao islamismo em 2010 ap\u00f3s ter sido dispensado pelo time de futebol no qual jogava. Morava com a m\u00e3e, o padrasto e a irm\u00e3 mais nova numa ampla casa antes de ir \u00e0 S\u00edria.<\/p>\n<p class=\"text\">O pai do jovem, Stephen De Mulder, disse que o filho saiu sem dizer adeus. &#8220;Para mim, ele continua no meu cora\u00e7\u00e3o. A mesma pessoa&#8221;, disse o pai belga \u00e0 BBC antes do an\u00fancio da senten\u00e7a. &#8220;Eu n\u00e3o conseguia acreditar (que era ele)&#8221;.<\/p>\n<blockquote>\n<p class=\"text\">Perguntado se acreditava que o filho deveria ser condenado \u00e0 pris\u00e3o, ele disse: &#8220;N\u00e3o. Voc\u00ea consegue provar que ele fez alguma coisa errada? Tem fotos disso? Primeiro, voc\u00ea tem que provar isso&#8221;.<\/p>\n<\/blockquote>\n","protected":false},"excerpt":{"rendered":"<p>A Justi\u00e7a da B\u00e9lgica condenou \u00e0 revelia o jovem Brian de Mulder, belga de m\u00e3e brasileira, a cinco anos de pris\u00e3o por liga\u00e7\u00e3o com terrorismo, segundo a imprensa local. De Mulder, de 21 anos, est\u00e1 na S\u00edria desde janeiro de 2013, onde acredita-se viver com a mulher e filho. Ele \u00e9 acusado de integrar o [&hellip;]<\/p>\n","protected":false},"author":2,"featured_media":36708,"comment_status":"open","ping_status":"closed","sticky":false,"template":"","format":"standard","meta":{"_acf_changed":false,"footnotes":""},"categories":[16],"tags":[],"class_list":["post-36707","post","type-post","status-publish","format-standard","has-post-thumbnail","hentry","category-brasil"],"acf":[],"yoast_head":"<!-- This site is optimized with the Yoast SEO plugin v27.2 - https:\/\/yoast.com\/product\/yoast-seo-wordpress\/ -->\n<title>Justi\u00e7a belga condena jihadista com sangue de brasileira a cinco anos - Notibras<\/title>\n<meta name=\"robots\" content=\"index, follow, max-snippet:-1, max-image-preview:large, max-video-preview:-1\" \/>\n<link rel=\"canonical\" href=\"https:\/\/www.notibras.com\/site\/belgica-condena-jihadista-com-sangue-brasileiro-a-5-anos-de-prisao\/\" \/>\n<meta property=\"og:locale\" content=\"pt_BR\" \/>\n<meta property=\"og:type\" content=\"article\" \/>\n<meta property=\"og:title\" content=\"Justi\u00e7a belga condena jihadista com sangue de brasileira a cinco anos - Notibras\" \/>\n<meta property=\"og:description\" content=\"A Justi\u00e7a da B\u00e9lgica condenou \u00e0 revelia o jovem Brian de Mulder, belga de m\u00e3e brasileira, a cinco anos de pris\u00e3o por liga\u00e7\u00e3o com terrorismo, segundo a imprensa local. De Mulder, de 21 anos, est\u00e1 na S\u00edria desde janeiro de 2013, onde acredita-se viver com a mulher e filho. Ele \u00e9 acusado de integrar o [&hellip;]\" \/>\n<meta property=\"og:url\" content=\"https:\/\/www.notibras.com\/site\/belgica-condena-jihadista-com-sangue-brasileiro-a-5-anos-de-prisao\/\" \/>\n<meta property=\"og:site_name\" content=\"Notibras\" \/>\n<meta property=\"article:publisher\" content=\"https:\/\/www.facebook.com\/notibras\/\" \/>\n<meta property=\"article:published_time\" content=\"2015-02-11T14:44:09+00:00\" \/>\n<meta property=\"article:modified_time\" content=\"2015-02-11T18:18:27+00:00\" \/>\n<meta property=\"og:image\" content=\"https:\/\/www.notibras.com\/site\/wp-content\/uploads\/2015\/02\/\u00cdndicebr.jpeg\" \/>\n\t<meta property=\"og:image:width\" content=\"307\" \/>\n\t<meta property=\"og:image:height\" content=\"164\" \/>\n\t<meta property=\"og:image:type\" content=\"image\/jpeg\" \/>\n<meta name=\"author\" content=\"Reda\u00e7\u00e3o\" \/>\n<meta name=\"twitter:card\" content=\"summary_large_image\" \/>\n<meta name=\"twitter:creator\" content=\"@Notibras\" \/>\n<meta name=\"twitter:site\" content=\"@Notibras\" \/>\n<meta name=\"twitter:label1\" content=\"Escrito por\" \/>\n\t<meta name=\"twitter:data1\" content=\"Reda\u00e7\u00e3o\" \/>\n\t<meta name=\"twitter:label2\" content=\"Est. tempo de leitura\" \/>\n\t<meta name=\"twitter:data2\" content=\"2 minutos\" \/>\n<script type=\"application\/ld+json\" class=\"yoast-schema-graph\">{\"@context\":\"https:\/\/schema.org\",\"@graph\":[{\"@type\":\"Article\",\"@id\":\"https:\/\/www.notibras.com\/site\/belgica-condena-jihadista-com-sangue-brasileiro-a-5-anos-de-prisao\/#article\",\"isPartOf\":{\"@id\":\"https:\/\/www.notibras.com\/site\/belgica-condena-jihadista-com-sangue-brasileiro-a-5-anos-de-prisao\/\"},\"author\":{\"name\":\"Reda\u00e7\u00e3o\",\"@id\":\"https:\/\/www.notibras.com\/site\/#\/schema\/person\/36ab0979449956132d3e5b517ea76ac8\"},\"headline\":\"Justi\u00e7a belga condena jihadista com sangue de brasileira a cinco anos\",\"datePublished\":\"2015-02-11T14:44:09+00:00\",\"dateModified\":\"2015-02-11T18:18:27+00:00\",\"mainEntityOfPage\":{\"@id\":\"https:\/\/www.notibras.com\/site\/belgica-condena-jihadista-com-sangue-brasileiro-a-5-anos-de-prisao\/\"},\"wordCount\":397,\"commentCount\":0,\"publisher\":{\"@id\":\"https:\/\/www.notibras.com\/site\/#organization\"},\"image\":{\"@id\":\"https:\/\/www.notibras.com\/site\/belgica-condena-jihadista-com-sangue-brasileiro-a-5-anos-de-prisao\/#primaryimage\"},\"thumbnailUrl\":\"https:\/\/www.notibras.com\/site\/wp-content\/uploads\/2015\/02\/\u00cdndicebr.jpeg\",\"articleSection\":[\"Brasil\"],\"inLanguage\":\"pt-BR\",\"potentialAction\":[{\"@type\":\"CommentAction\",\"name\":\"Comment\",\"target\":[\"https:\/\/www.notibras.com\/site\/belgica-condena-jihadista-com-sangue-brasileiro-a-5-anos-de-prisao\/#respond\"]}]},{\"@type\":\"WebPage\",\"@id\":\"https:\/\/www.notibras.com\/site\/belgica-condena-jihadista-com-sangue-brasileiro-a-5-anos-de-prisao\/\",\"url\":\"https:\/\/www.notibras.com\/site\/belgica-condena-jihadista-com-sangue-brasileiro-a-5-anos-de-prisao\/\",\"name\":\"Justi\u00e7a belga condena jihadista com sangue de brasileira a cinco anos - Notibras\",\"isPartOf\":{\"@id\":\"https:\/\/www.notibras.com\/site\/#website\"},\"primaryImageOfPage\":{\"@id\":\"https:\/\/www.notibras.com\/site\/belgica-condena-jihadista-com-sangue-brasileiro-a-5-anos-de-prisao\/#primaryimage\"},\"image\":{\"@id\":\"https:\/\/www.notibras.com\/site\/belgica-condena-jihadista-com-sangue-brasileiro-a-5-anos-de-prisao\/#primaryimage\"},\"thumbnailUrl\":\"https:\/\/www.notibras.com\/site\/wp-content\/uploads\/2015\/02\/\u00cdndicebr.jpeg\",\"datePublished\":\"2015-02-11T14:44:09+00:00\",\"dateModified\":\"2015-02-11T18:18:27+00:00\",\"breadcrumb\":{\"@id\":\"https:\/\/www.notibras.com\/site\/belgica-condena-jihadista-com-sangue-brasileiro-a-5-anos-de-prisao\/#breadcrumb\"},\"inLanguage\":\"pt-BR\",\"potentialAction\":[{\"@type\":\"ReadAction\",\"target\":[\"https:\/\/www.notibras.com\/site\/belgica-condena-jihadista-com-sangue-brasileiro-a-5-anos-de-prisao\/\"]}]},{\"@type\":\"ImageObject\",\"inLanguage\":\"pt-BR\",\"@id\":\"https:\/\/www.notibras.com\/site\/belgica-condena-jihadista-com-sangue-brasileiro-a-5-anos-de-prisao\/#primaryimage\",\"url\":\"https:\/\/www.notibras.com\/site\/wp-content\/uploads\/2015\/02\/\u00cdndicebr.jpeg\",\"contentUrl\":\"https:\/\/www.notibras.com\/site\/wp-content\/uploads\/2015\/02\/\u00cdndicebr.jpeg\",\"width\":307,\"height\":164},{\"@type\":\"BreadcrumbList\",\"@id\":\"https:\/\/www.notibras.com\/site\/belgica-condena-jihadista-com-sangue-brasileiro-a-5-anos-de-prisao\/#breadcrumb\",\"itemListElement\":[{\"@type\":\"ListItem\",\"position\":1,\"name\":\"In\u00edcio\",\"item\":\"https:\/\/www.notibras.com\/site\/\"},{\"@type\":\"ListItem\",\"position\":2,\"name\":\"Justi\u00e7a belga condena jihadista com sangue de brasileira a cinco anos\"}]},{\"@type\":\"WebSite\",\"@id\":\"https:\/\/www.notibras.com\/site\/#website\",\"url\":\"https:\/\/www.notibras.com\/site\/\",\"name\":\"Notibras\",\"description\":\"Not\u00edcias de Bras\u00edlia, do Brasil e do Mundo\",\"publisher\":{\"@id\":\"https:\/\/www.notibras.com\/site\/#organization\"},\"potentialAction\":[{\"@type\":\"SearchAction\",\"target\":{\"@type\":\"EntryPoint\",\"urlTemplate\":\"https:\/\/www.notibras.com\/site\/?s={search_term_string}\"},\"query-input\":{\"@type\":\"PropertyValueSpecification\",\"valueRequired\":true,\"valueName\":\"search_term_string\"}}],\"inLanguage\":\"pt-BR\"},{\"@type\":\"Organization\",\"@id\":\"https:\/\/www.notibras.com\/site\/#organization\",\"name\":\"Grupo Notibras de Comunica\u00e7\u00e3o\",\"url\":\"https:\/\/www.notibras.com\/site\/\",\"logo\":{\"@type\":\"ImageObject\",\"inLanguage\":\"pt-BR\",\"@id\":\"https:\/\/www.notibras.com\/site\/#\/schema\/logo\/image\/\",\"url\":\"https:\/\/www.notibras.com\/site\/wp-content\/uploads\/2023\/01\/notibras23.png\",\"contentUrl\":\"https:\/\/www.notibras.com\/site\/wp-content\/uploads\/2023\/01\/notibras23.png\",\"width\":350,\"height\":87,\"caption\":\"Grupo Notibras de Comunica\u00e7\u00e3o\"},\"image\":{\"@id\":\"https:\/\/www.notibras.com\/site\/#\/schema\/logo\/image\/\"},\"sameAs\":[\"https:\/\/www.facebook.com\/notibras\/\",\"https:\/\/x.com\/Notibras\",\"https:\/\/www.instagram.com\/notibras\/\"]},{\"@type\":\"Person\",\"@id\":\"https:\/\/www.notibras.com\/site\/#\/schema\/person\/36ab0979449956132d3e5b517ea76ac8\",\"name\":\"Reda\u00e7\u00e3o\",\"image\":{\"@type\":\"ImageObject\",\"inLanguage\":\"pt-BR\",\"@id\":\"https:\/\/secure.gravatar.com\/avatar\/e0a867bdedb85fd243eadf09663511f96fc81e0720a4a42581f334ad4303aa6b?s=96&d=mm&r=g\",\"url\":\"https:\/\/secure.gravatar.com\/avatar\/e0a867bdedb85fd243eadf09663511f96fc81e0720a4a42581f334ad4303aa6b?s=96&d=mm&r=g\",\"contentUrl\":\"https:\/\/secure.gravatar.com\/avatar\/e0a867bdedb85fd243eadf09663511f96fc81e0720a4a42581f334ad4303aa6b?s=96&d=mm&r=g\",\"caption\":\"Reda\u00e7\u00e3o\"}}]}<\/script>\n<!-- \/ Yoast SEO plugin. -->","yoast_head_json":{"title":"Justi\u00e7a belga condena jihadista com sangue de brasileira a cinco anos - Notibras","robots":{"index":"index","follow":"follow","max-snippet":"max-snippet:-1","max-image-preview":"max-image-preview:large","max-video-preview":"max-video-preview:-1"},"canonical":"https:\/\/www.notibras.com\/site\/belgica-condena-jihadista-com-sangue-brasileiro-a-5-anos-de-prisao\/","og_locale":"pt_BR","og_type":"article","og_title":"Justi\u00e7a belga condena jihadista com sangue de brasileira a cinco anos - Notibras","og_description":"A Justi\u00e7a da B\u00e9lgica condenou \u00e0 revelia o jovem Brian de Mulder, belga de m\u00e3e brasileira, a cinco anos de pris\u00e3o por liga\u00e7\u00e3o com terrorismo, segundo a imprensa local. De Mulder, de 21 anos, est\u00e1 na S\u00edria desde janeiro de 2013, onde acredita-se viver com a mulher e filho. Ele \u00e9 acusado de integrar o [&hellip;]","og_url":"https:\/\/www.notibras.com\/site\/belgica-condena-jihadista-com-sangue-brasileiro-a-5-anos-de-prisao\/","og_site_name":"Notibras","article_publisher":"https:\/\/www.facebook.com\/notibras\/","article_published_time":"2015-02-11T14:44:09+00:00","article_modified_time":"2015-02-11T18:18:27+00:00","og_image":[{"width":307,"height":164,"url":"https:\/\/www.notibras.com\/site\/wp-content\/uploads\/2015\/02\/\u00cdndicebr.jpeg","type":"image\/jpeg"}],"author":"Reda\u00e7\u00e3o","twitter_card":"summary_large_image","twitter_creator":"@Notibras","twitter_site":"@Notibras","twitter_misc":{"Escrito por":"Reda\u00e7\u00e3o","Est. tempo de leitura":"2 minutos"},"schema":{"@context":"https:\/\/schema.org","@graph":[{"@type":"Article","@id":"https:\/\/www.notibras.com\/site\/belgica-condena-jihadista-com-sangue-brasileiro-a-5-anos-de-prisao\/#article","isPartOf":{"@id":"https:\/\/www.notibras.com\/site\/belgica-condena-jihadista-com-sangue-brasileiro-a-5-anos-de-prisao\/"},"author":{"name":"Reda\u00e7\u00e3o","@id":"https:\/\/www.notibras.com\/site\/#\/schema\/person\/36ab0979449956132d3e5b517ea76ac8"},"headline":"Justi\u00e7a belga condena jihadista com sangue de brasileira a cinco anos","datePublished":"2015-02-11T14:44:09+00:00","dateModified":"2015-02-11T18:18:27+00:00","mainEntityOfPage":{"@id":"https:\/\/www.notibras.com\/site\/belgica-condena-jihadista-com-sangue-brasileiro-a-5-anos-de-prisao\/"},"wordCount":397,"commentCount":0,"publisher":{"@id":"https:\/\/www.notibras.com\/site\/#organization"},"image":{"@id":"https:\/\/www.notibras.com\/site\/belgica-condena-jihadista-com-sangue-brasileiro-a-5-anos-de-prisao\/#primaryimage"},"thumbnailUrl":"https:\/\/www.notibras.com\/site\/wp-content\/uploads\/2015\/02\/\u00cdndicebr.jpeg","articleSection":["Brasil"],"inLanguage":"pt-BR","potentialAction":[{"@type":"CommentAction","name":"Comment","target":["https:\/\/www.notibras.com\/site\/belgica-condena-jihadista-com-sangue-brasileiro-a-5-anos-de-prisao\/#respond"]}]},{"@type":"WebPage","@id":"https:\/\/www.notibras.com\/site\/belgica-condena-jihadista-com-sangue-brasileiro-a-5-anos-de-prisao\/","url":"https:\/\/www.notibras.com\/site\/belgica-condena-jihadista-com-sangue-brasileiro-a-5-anos-de-prisao\/","name":"Justi\u00e7a belga condena jihadista com sangue de brasileira a cinco anos - Notibras","isPartOf":{"@id":"https:\/\/www.notibras.com\/site\/#website"},"primaryImageOfPage":{"@id":"https:\/\/www.notibras.com\/site\/belgica-condena-jihadista-com-sangue-brasileiro-a-5-anos-de-prisao\/#primaryimage"},"image":{"@id":"https:\/\/www.notibras.com\/site\/belgica-condena-jihadista-com-sangue-brasileiro-a-5-anos-de-prisao\/#primaryimage"},"thumbnailUrl":"https:\/\/www.notibras.com\/site\/wp-content\/uploads\/2015\/02\/\u00cdndicebr.jpeg","datePublished":"2015-02-11T14:44:09+00:00","dateModified":"2015-02-11T18:18:27+00:00","breadcrumb":{"@id":"https:\/\/www.notibras.com\/site\/belgica-condena-jihadista-com-sangue-brasileiro-a-5-anos-de-prisao\/#breadcrumb"},"inLanguage":"pt-BR","potentialAction":[{"@type":"ReadAction","target":["https:\/\/www.notibras.com\/site\/belgica-condena-jihadista-com-sangue-brasileiro-a-5-anos-de-prisao\/"]}]},{"@type":"ImageObject","inLanguage":"pt-BR","@id":"https:\/\/www.notibras.com\/site\/belgica-condena-jihadista-com-sangue-brasileiro-a-5-anos-de-prisao\/#primaryimage","url":"https:\/\/www.notibras.com\/site\/wp-content\/uploads\/2015\/02\/\u00cdndicebr.jpeg","contentUrl":"https:\/\/www.notibras.com\/site\/wp-content\/uploads\/2015\/02\/\u00cdndicebr.jpeg","width":307,"height":164},{"@type":"BreadcrumbList","@id":"https:\/\/www.notibras.com\/site\/belgica-condena-jihadista-com-sangue-brasileiro-a-5-anos-de-prisao\/#breadcrumb","itemListElement":[{"@type":"ListItem","position":1,"name":"In\u00edcio","item":"https:\/\/www.notibras.com\/site\/"},{"@type":"ListItem","position":2,"name":"Justi\u00e7a belga condena jihadista com sangue de brasileira a cinco anos"}]},{"@type":"WebSite","@id":"https:\/\/www.notibras.com\/site\/#website","url":"https:\/\/www.notibras.com\/site\/","name":"Notibras","description":"Not\u00edcias de Bras\u00edlia, do Brasil e do Mundo","publisher":{"@id":"https:\/\/www.notibras.com\/site\/#organization"},"potentialAction":[{"@type":"SearchAction","target":{"@type":"EntryPoint","urlTemplate":"https:\/\/www.notibras.com\/site\/?s={search_term_string}"},"query-input":{"@type":"PropertyValueSpecification","valueRequired":true,"valueName":"search_term_string"}}],"inLanguage":"pt-BR"},{"@type":"Organization","@id":"https:\/\/www.notibras.com\/site\/#organization","name":"Grupo Notibras de Comunica\u00e7\u00e3o","url":"https:\/\/www.notibras.com\/site\/","logo":{"@type":"ImageObject","inLanguage":"pt-BR","@id":"https:\/\/www.notibras.com\/site\/#\/schema\/logo\/image\/","url":"https:\/\/www.notibras.com\/site\/wp-content\/uploads\/2023\/01\/notibras23.png","contentUrl":"https:\/\/www.notibras.com\/site\/wp-content\/uploads\/2023\/01\/notibras23.png","width":350,"height":87,"caption":"Grupo Notibras de Comunica\u00e7\u00e3o"},"image":{"@id":"https:\/\/www.notibras.com\/site\/#\/schema\/logo\/image\/"},"sameAs":["https:\/\/www.facebook.com\/notibras\/","https:\/\/x.com\/Notibras","https:\/\/www.instagram.com\/notibras\/"]},{"@type":"Person","@id":"https:\/\/www.notibras.com\/site\/#\/schema\/person\/36ab0979449956132d3e5b517ea76ac8","name":"Reda\u00e7\u00e3o","image":{"@type":"ImageObject","inLanguage":"pt-BR","@id":"https:\/\/secure.gravatar.com\/avatar\/e0a867bdedb85fd243eadf09663511f96fc81e0720a4a42581f334ad4303aa6b?s=96&d=mm&r=g","url":"https:\/\/secure.gravatar.com\/avatar\/e0a867bdedb85fd243eadf09663511f96fc81e0720a4a42581f334ad4303aa6b?s=96&d=mm&r=g","contentUrl":"https:\/\/secure.gravatar.com\/avatar\/e0a867bdedb85fd243eadf09663511f96fc81e0720a4a42581f334ad4303aa6b?s=96&d=mm&r=g","caption":"Reda\u00e7\u00e3o"}}]}},"amp_enabled":true,"_links":{"self":[{"href":"https:\/\/www.notibras.com\/site\/wp-json\/wp\/v2\/posts\/36707","targetHints":{"allow":["GET"]}}],"collection":[{"href":"https:\/\/www.notibras.com\/site\/wp-json\/wp\/v2\/posts"}],"about":[{"href":"https:\/\/www.notibras.com\/site\/wp-json\/wp\/v2\/types\/post"}],"author":[{"embeddable":true,"href":"https:\/\/www.notibras.com\/site\/wp-json\/wp\/v2\/users\/2"}],"replies":[{"embeddable":true,"href":"https:\/\/www.notibras.com\/site\/wp-json\/wp\/v2\/comments?post=36707"}],"version-history":[{"count":0,"href":"https:\/\/www.notibras.com\/site\/wp-json\/wp\/v2\/posts\/36707\/revisions"}],"wp:featuredmedia":[{"embeddable":true,"href":"https:\/\/www.notibras.com\/site\/wp-json\/wp\/v2\/media\/36708"}],"wp:attachment":[{"href":"https:\/\/www.notibras.com\/site\/wp-json\/wp\/v2\/media?parent=36707"}],"wp:term":[{"taxonomy":"category","embeddable":true,"href":"https:\/\/www.notibras.com\/site\/wp-json\/wp\/v2\/categories?post=36707"},{"taxonomy":"post_tag","embeddable":true,"href":"https:\/\/www.notibras.com\/site\/wp-json\/wp\/v2\/tags?post=36707"}],"curies":[{"name":"wp","href":"https:\/\/api.w.org\/{rel}","templated":true}]}}