{"id":367179,"date":"2025-10-13T03:48:37","date_gmt":"2025-10-13T06:48:37","guid":{"rendered":"https:\/\/www.notibras.com\/site\/?p=367179"},"modified":"2025-10-13T03:48:37","modified_gmt":"2025-10-13T06:48:37","slug":"a-saudacao-sagrada-ao-guardiao-dos-caminhos","status":"publish","type":"post","link":"https:\/\/www.notibras.com\/site\/a-saudacao-sagrada-ao-guardiao-dos-caminhos\/","title":{"rendered":"A Sauda\u00e7\u00e3o Sagrada ao Guardi\u00e3o dos Caminhos"},"content":{"rendered":"<p>A sauda\u00e7\u00e3o \u201cLaroy\u00ea Ex\u00fa!\u201d ecoa um som que desperta respeito, alegria, rever\u00eancia e aciona a conex\u00e3o com a entidade superior. Nas encruzilhadas, nos terreiros e nas festas populares, essa toada abre o caminho para o sagrado. A express\u00e3o, n\u00e3o \u00e9 apenas um cumprimento ritual ancestral africano, \u00e9 uma invoca\u00e7\u00e3o de poder, um chamado que liga o mundo dos homens ao dos orix\u00e1s.<\/p>\n<p>O termo \u201cLaroy\u00ea\u201d tem origem no iorub\u00e1 l\u00e1 ro y\u00e9, que pode ser traduzido como \u201cSalve o mensageiro!\u201d. Trata-se de uma forma de reverenciar Ex\u00fa, o orix\u00e1 respons\u00e1vel por reger a comunica\u00e7\u00e3o, o movimento, a transforma\u00e7\u00e3o e a ilumina\u00e7\u00e3o dos caminhos, apontando a dire\u00e7\u00e3o certa a seguir, quando nos sentimos numa \u201cencruzilhada\u201d. O som da palavra vibra a energia vital (ax\u00e9) de um princ\u00edpio din\u00e2mico: o da passagem, da mudan\u00e7a e da troca. A retribui\u00e7\u00e3o a Exu \u00e9 feita por meio de oferendas, c\u00e2nticos, dan\u00e7as, salmos e ora\u00e7\u00f5es.<\/p>\n<p>Aparentado com Merc\u00fario, o mensageiro dos deuses, no Candombl\u00e9 e na Umbanda, Ex\u00fa cumpre a mesma fun\u00e7\u00e3o de facilitar a comunica\u00e7\u00e3o entre os homens e os orix\u00e1s. \u00c9 ele quem leva os pedidos, abre as estradas e assegura que toda oferenda ou ora\u00e7\u00e3o chegue ao seu destino. Nenhum ritual come\u00e7a sem sua permiss\u00e3o, pois sem Ex\u00fa nada se move.<\/p>\n<p>O culto a Ex\u00fa \u00e9 milenar e remonta \u00e0s tradi\u00e7\u00f5es religiosas dos povos iorub\u00e1s da \u00c1frica Ocidental, especialmente da regi\u00e3o que hoje corresponde \u00e0 Nig\u00e9ria e ao Benim, ber\u00e7o do Vodu. Em terras africanas, reza a tradi\u00e7\u00e3o que Ex\u00fa (ou \u00c8\u1e63\u00f9) \u00e9 o primeiro a ser homenageado em qualquer cerim\u00f4nia. Sua sauda\u00e7\u00e3o ancestral atravessou o Atl\u00e2ntico com os povos escravizados e foi recriada no Brasil, preservando seus cantos e significados, mesmo sob feroz persegui\u00e7\u00e3o dos senhores de engenho.<\/p>\n<p>A express\u00e3o \u201cLaroy\u00ea Ex\u00fa!\u201d mant\u00e9m o mesmo sentido de abrir caminhos e saudar a vitalidade da exist\u00eancia. Em diversas casas de ax\u00e9, tamb\u00e9m se ouve \u201cEx\u00fa \u00e9 Mojub\u00e1!\u201d, que significa \u201cEx\u00fa, eu te sa\u00fado, eu te respeito\u201d. Assim, quando algu\u00e9m diz \u201cLaroy\u00ea Ex\u00fa!\u201d, o correto \u00e9 responder com respeito e reciprocidade, afirmando: \u201cLaroy\u00ea!\u201d ou \u201cEx\u00fa \u00e9 Mojub\u00e1!\u201d. Essa resposta reconhece a for\u00e7a do orix\u00e1 e devolve a sauda\u00e7\u00e3o com rever\u00eancia. Mesmo fora dos terreiros, ao ouvir a express\u00e3o em contextos culturais ou religiosos, a resposta demonstra compreens\u00e3o e respeito \u00e0 tradi\u00e7\u00e3o.<\/p>\n<p>A sauda\u00e7\u00e3o a Ex\u00fa acontece em diversos espa\u00e7os sagrados, como os terreiros de Candombl\u00e9, tendas de Umbanda, encruzilhadas, festas e celebra\u00e7\u00f5es p\u00fablicas. Antes de qualquer ritual, Ex\u00fa \u00e9 o primeiro a ser chamado, pois \u00e9 ele quem abre os portais para os demais orix\u00e1s.<\/p>\n<p>Nos rituais, sua presen\u00e7a \u00e9 evocada com c\u00e2nticos, tambores e oferendas que podem incluir farofa de dend\u00ea, cacha\u00e7a, charutos e pimentas, s\u00edmbolos de energia, prazer e comunica\u00e7\u00e3o. Em algumas casas, a cerim\u00f4nia \u00e9 iniciada ao som de \u201cLaroy\u00ea Ex\u00fa! Mojub\u00e1! Abra nossos caminhos, mensageiro divino!\u201d<\/p>\n<p>No Brasil, al\u00e9m dos espa\u00e7os religiosos, Ex\u00fa tamb\u00e9m \u00e9 celebrado em manifesta\u00e7\u00f5es culturais afro-brasileiras, como afox\u00e9s, maracatus, m\u00fasica popular, blocos carnavalescos e express\u00f5es art\u00edsticas contempor\u00e2neas.<\/p>\n<p>A encruzilhada \u00e9 o s\u00edmbolo maior de Ex\u00fa. Representa o encontro entre os caminhos \u2014 o ponto onde decis\u00f5es s\u00e3o tomadas e destinos se cruzam. \u00c9 nesse espa\u00e7o simb\u00f3lico que o orix\u00e1 atua, equilibrando for\u00e7as, promovendo trocas e abrindo novas possibilidades.<\/p>\n<p>Para os devotos, ir \u00e0 encruzilhada com respeito, saudar Ex\u00fa e fazer suas oferendas \u00e9 uma forma de restabelecer o fluxo da vida. O gesto n\u00e3o \u00e9 supersti\u00e7\u00e3o, mas um ato de conex\u00e3o espiritual com as energias que regem o movimento e a transforma\u00e7\u00e3o.<\/p>\n<p>Por muito tempo, Ex\u00fa foi injustamente associado a imagens demon\u00edacas pela influ\u00eancia do pensamento colonial e crist\u00e3o. Hoje, contudo, artistas, intelectuais e l\u00edderes religiosos v\u00eam resgatando seu verdadeiro significado: o de for\u00e7a libertadora e de prote\u00e7\u00e3o, guardi\u00e3 da palavra e da cria\u00e7\u00e3o.<\/p>\n<p>Em exposi\u00e7\u00f5es, livros e m\u00fasicas, Ex\u00fa aparece como s\u00edmbolo de resist\u00eancia e ancestralidade africana, pois Ex\u00fa \u00e9 a pr\u00f3pria energia vital que faz o mundo girar.<\/p>\n<p>Dizer \u201cLaroy\u00ea Ex\u00fa\u201d \u00e9, portanto, um ato de reconhecimento. \u00c9 afirmar que a vida se move, que o mundo \u00e9 feito de trocas e que a comunica\u00e7\u00e3o \u00e9 sagrada. Ex\u00fa ensina que cada palavra tem poder e que cada caminho pode ser reaberto com sabedoria e determina\u00e7\u00e3o.<\/p>\n<p>Nos terreiros e nas ruas, a sauda\u00e7\u00e3o continua viva, ecoando em vozes que celebram a ancestralidade e a for\u00e7a da cultura afro-brasileira.<\/p>\n<p>Ax\u00e9!<\/p>\n<p>&#8230;&#8230;&#8230;&#8230;&#8230;&#8230;<\/p>\n<p><strong>Giovanni Seabra<\/strong><br \/>\n<strong>Gr\u00e3o-Mestre do Col\u00e9gio dos Magos e Sacerdotisas<\/strong><br \/>\n<strong>@giovanniseabra.esoterico <\/strong><br \/>\n<strong>@colegiodosmagosesacerdotisas<\/strong><\/p>\n","protected":false},"excerpt":{"rendered":"<p>A sauda\u00e7\u00e3o \u201cLaroy\u00ea Ex\u00fa!\u201d ecoa um som que desperta respeito, alegria, rever\u00eancia e aciona a conex\u00e3o com a entidade superior. Nas encruzilhadas, nos terreiros e nas festas populares, essa toada abre o caminho para o sagrado. A express\u00e3o, n\u00e3o \u00e9 apenas um cumprimento ritual ancestral africano, \u00e9 uma invoca\u00e7\u00e3o de poder, um chamado que liga [&hellip;]<\/p>\n","protected":false},"author":2,"featured_media":367180,"comment_status":"closed","ping_status":"closed","sticky":false,"template":"","format":"standard","meta":{"_acf_changed":false,"footnotes":""},"categories":[237],"tags":[],"class_list":["post-367179","post","type-post","status-publish","format-standard","has-post-thumbnail","hentry","category-oraculos"],"acf":[],"yoast_head":"<!-- This site is optimized with the Yoast SEO plugin v27.2 - https:\/\/yoast.com\/product\/yoast-seo-wordpress\/ -->\n<title>A Sauda\u00e7\u00e3o Sagrada ao Guardi\u00e3o dos Caminhos - Notibras<\/title>\n<meta name=\"robots\" content=\"index, follow, max-snippet:-1, max-image-preview:large, max-video-preview:-1\" \/>\n<link rel=\"canonical\" href=\"https:\/\/www.notibras.com\/site\/a-saudacao-sagrada-ao-guardiao-dos-caminhos\/\" \/>\n<meta property=\"og:locale\" content=\"pt_BR\" \/>\n<meta property=\"og:type\" content=\"article\" \/>\n<meta property=\"og:title\" content=\"A Sauda\u00e7\u00e3o Sagrada ao Guardi\u00e3o dos Caminhos - Notibras\" \/>\n<meta property=\"og:description\" content=\"A sauda\u00e7\u00e3o \u201cLaroy\u00ea Ex\u00fa!\u201d ecoa um som que desperta respeito, alegria, rever\u00eancia e aciona a conex\u00e3o com a entidade superior. Nas encruzilhadas, nos terreiros e nas festas populares, essa toada abre o caminho para o sagrado. A express\u00e3o, n\u00e3o \u00e9 apenas um cumprimento ritual ancestral africano, \u00e9 uma invoca\u00e7\u00e3o de poder, um chamado que liga [&hellip;]\" \/>\n<meta property=\"og:url\" content=\"https:\/\/www.notibras.com\/site\/a-saudacao-sagrada-ao-guardiao-dos-caminhos\/\" \/>\n<meta property=\"og:site_name\" content=\"Notibras\" \/>\n<meta property=\"article:publisher\" content=\"https:\/\/www.facebook.com\/notibras\/\" \/>\n<meta property=\"article:published_time\" content=\"2025-10-13T06:48:37+00:00\" \/>\n<meta property=\"og:image\" content=\"https:\/\/www.notibras.com\/site\/wp-content\/uploads\/2025\/10\/247c3308-2601-40ed-af19-a04f7437d7f7.jpeg\" \/>\n\t<meta property=\"og:image:width\" content=\"1024\" \/>\n\t<meta property=\"og:image:height\" content=\"1536\" \/>\n\t<meta property=\"og:image:type\" content=\"image\/jpeg\" \/>\n<meta name=\"author\" content=\"Reda\u00e7\u00e3o\" \/>\n<meta name=\"twitter:card\" content=\"summary_large_image\" \/>\n<meta name=\"twitter:creator\" content=\"@Notibras\" \/>\n<meta name=\"twitter:site\" content=\"@Notibras\" \/>\n<meta name=\"twitter:label1\" content=\"Escrito por\" \/>\n\t<meta name=\"twitter:data1\" content=\"Reda\u00e7\u00e3o\" \/>\n\t<meta name=\"twitter:label2\" content=\"Est. tempo de leitura\" \/>\n\t<meta name=\"twitter:data2\" content=\"5 minutos\" \/>\n<script type=\"application\/ld+json\" class=\"yoast-schema-graph\">{\"@context\":\"https:\/\/schema.org\",\"@graph\":[{\"@type\":\"Article\",\"@id\":\"https:\/\/www.notibras.com\/site\/a-saudacao-sagrada-ao-guardiao-dos-caminhos\/#article\",\"isPartOf\":{\"@id\":\"https:\/\/www.notibras.com\/site\/a-saudacao-sagrada-ao-guardiao-dos-caminhos\/\"},\"author\":{\"name\":\"Reda\u00e7\u00e3o\",\"@id\":\"https:\/\/www.notibras.com\/site\/#\/schema\/person\/36ab0979449956132d3e5b517ea76ac8\"},\"headline\":\"A Sauda\u00e7\u00e3o Sagrada ao Guardi\u00e3o dos Caminhos\",\"datePublished\":\"2025-10-13T06:48:37+00:00\",\"mainEntityOfPage\":{\"@id\":\"https:\/\/www.notibras.com\/site\/a-saudacao-sagrada-ao-guardiao-dos-caminhos\/\"},\"wordCount\":805,\"publisher\":{\"@id\":\"https:\/\/www.notibras.com\/site\/#organization\"},\"image\":{\"@id\":\"https:\/\/www.notibras.com\/site\/a-saudacao-sagrada-ao-guardiao-dos-caminhos\/#primaryimage\"},\"thumbnailUrl\":\"https:\/\/www.notibras.com\/site\/wp-content\/uploads\/2025\/10\/247c3308-2601-40ed-af19-a04f7437d7f7.jpeg\",\"articleSection\":[\"Or\u00e1culos\"],\"inLanguage\":\"pt-BR\"},{\"@type\":\"WebPage\",\"@id\":\"https:\/\/www.notibras.com\/site\/a-saudacao-sagrada-ao-guardiao-dos-caminhos\/\",\"url\":\"https:\/\/www.notibras.com\/site\/a-saudacao-sagrada-ao-guardiao-dos-caminhos\/\",\"name\":\"A Sauda\u00e7\u00e3o Sagrada ao Guardi\u00e3o dos Caminhos - Notibras\",\"isPartOf\":{\"@id\":\"https:\/\/www.notibras.com\/site\/#website\"},\"primaryImageOfPage\":{\"@id\":\"https:\/\/www.notibras.com\/site\/a-saudacao-sagrada-ao-guardiao-dos-caminhos\/#primaryimage\"},\"image\":{\"@id\":\"https:\/\/www.notibras.com\/site\/a-saudacao-sagrada-ao-guardiao-dos-caminhos\/#primaryimage\"},\"thumbnailUrl\":\"https:\/\/www.notibras.com\/site\/wp-content\/uploads\/2025\/10\/247c3308-2601-40ed-af19-a04f7437d7f7.jpeg\",\"datePublished\":\"2025-10-13T06:48:37+00:00\",\"breadcrumb\":{\"@id\":\"https:\/\/www.notibras.com\/site\/a-saudacao-sagrada-ao-guardiao-dos-caminhos\/#breadcrumb\"},\"inLanguage\":\"pt-BR\",\"potentialAction\":[{\"@type\":\"ReadAction\",\"target\":[\"https:\/\/www.notibras.com\/site\/a-saudacao-sagrada-ao-guardiao-dos-caminhos\/\"]}]},{\"@type\":\"ImageObject\",\"inLanguage\":\"pt-BR\",\"@id\":\"https:\/\/www.notibras.com\/site\/a-saudacao-sagrada-ao-guardiao-dos-caminhos\/#primaryimage\",\"url\":\"https:\/\/www.notibras.com\/site\/wp-content\/uploads\/2025\/10\/247c3308-2601-40ed-af19-a04f7437d7f7.jpeg\",\"contentUrl\":\"https:\/\/www.notibras.com\/site\/wp-content\/uploads\/2025\/10\/247c3308-2601-40ed-af19-a04f7437d7f7.jpeg\",\"width\":1024,\"height\":1536},{\"@type\":\"BreadcrumbList\",\"@id\":\"https:\/\/www.notibras.com\/site\/a-saudacao-sagrada-ao-guardiao-dos-caminhos\/#breadcrumb\",\"itemListElement\":[{\"@type\":\"ListItem\",\"position\":1,\"name\":\"In\u00edcio\",\"item\":\"https:\/\/www.notibras.com\/site\/\"},{\"@type\":\"ListItem\",\"position\":2,\"name\":\"A Sauda\u00e7\u00e3o Sagrada ao Guardi\u00e3o dos Caminhos\"}]},{\"@type\":\"WebSite\",\"@id\":\"https:\/\/www.notibras.com\/site\/#website\",\"url\":\"https:\/\/www.notibras.com\/site\/\",\"name\":\"Notibras\",\"description\":\"Not\u00edcias de Bras\u00edlia, do Brasil e do Mundo\",\"publisher\":{\"@id\":\"https:\/\/www.notibras.com\/site\/#organization\"},\"potentialAction\":[{\"@type\":\"SearchAction\",\"target\":{\"@type\":\"EntryPoint\",\"urlTemplate\":\"https:\/\/www.notibras.com\/site\/?s={search_term_string}\"},\"query-input\":{\"@type\":\"PropertyValueSpecification\",\"valueRequired\":true,\"valueName\":\"search_term_string\"}}],\"inLanguage\":\"pt-BR\"},{\"@type\":\"Organization\",\"@id\":\"https:\/\/www.notibras.com\/site\/#organization\",\"name\":\"Grupo Notibras de Comunica\u00e7\u00e3o\",\"url\":\"https:\/\/www.notibras.com\/site\/\",\"logo\":{\"@type\":\"ImageObject\",\"inLanguage\":\"pt-BR\",\"@id\":\"https:\/\/www.notibras.com\/site\/#\/schema\/logo\/image\/\",\"url\":\"https:\/\/www.notibras.com\/site\/wp-content\/uploads\/2023\/01\/notibras23.png\",\"contentUrl\":\"https:\/\/www.notibras.com\/site\/wp-content\/uploads\/2023\/01\/notibras23.png\",\"width\":350,\"height\":87,\"caption\":\"Grupo Notibras de Comunica\u00e7\u00e3o\"},\"image\":{\"@id\":\"https:\/\/www.notibras.com\/site\/#\/schema\/logo\/image\/\"},\"sameAs\":[\"https:\/\/www.facebook.com\/notibras\/\",\"https:\/\/x.com\/Notibras\",\"https:\/\/www.instagram.com\/notibras\/\"]},{\"@type\":\"Person\",\"@id\":\"https:\/\/www.notibras.com\/site\/#\/schema\/person\/36ab0979449956132d3e5b517ea76ac8\",\"name\":\"Reda\u00e7\u00e3o\",\"image\":{\"@type\":\"ImageObject\",\"inLanguage\":\"pt-BR\",\"@id\":\"https:\/\/secure.gravatar.com\/avatar\/e0a867bdedb85fd243eadf09663511f96fc81e0720a4a42581f334ad4303aa6b?s=96&d=mm&r=g\",\"url\":\"https:\/\/secure.gravatar.com\/avatar\/e0a867bdedb85fd243eadf09663511f96fc81e0720a4a42581f334ad4303aa6b?s=96&d=mm&r=g\",\"contentUrl\":\"https:\/\/secure.gravatar.com\/avatar\/e0a867bdedb85fd243eadf09663511f96fc81e0720a4a42581f334ad4303aa6b?s=96&d=mm&r=g\",\"caption\":\"Reda\u00e7\u00e3o\"}}]}<\/script>\n<!-- \/ Yoast SEO plugin. -->","yoast_head_json":{"title":"A Sauda\u00e7\u00e3o Sagrada ao Guardi\u00e3o dos Caminhos - Notibras","robots":{"index":"index","follow":"follow","max-snippet":"max-snippet:-1","max-image-preview":"max-image-preview:large","max-video-preview":"max-video-preview:-1"},"canonical":"https:\/\/www.notibras.com\/site\/a-saudacao-sagrada-ao-guardiao-dos-caminhos\/","og_locale":"pt_BR","og_type":"article","og_title":"A Sauda\u00e7\u00e3o Sagrada ao Guardi\u00e3o dos Caminhos - Notibras","og_description":"A sauda\u00e7\u00e3o \u201cLaroy\u00ea Ex\u00fa!\u201d ecoa um som que desperta respeito, alegria, rever\u00eancia e aciona a conex\u00e3o com a entidade superior. Nas encruzilhadas, nos terreiros e nas festas populares, essa toada abre o caminho para o sagrado. A express\u00e3o, n\u00e3o \u00e9 apenas um cumprimento ritual ancestral africano, \u00e9 uma invoca\u00e7\u00e3o de poder, um chamado que liga [&hellip;]","og_url":"https:\/\/www.notibras.com\/site\/a-saudacao-sagrada-ao-guardiao-dos-caminhos\/","og_site_name":"Notibras","article_publisher":"https:\/\/www.facebook.com\/notibras\/","article_published_time":"2025-10-13T06:48:37+00:00","og_image":[{"width":1024,"height":1536,"url":"https:\/\/www.notibras.com\/site\/wp-content\/uploads\/2025\/10\/247c3308-2601-40ed-af19-a04f7437d7f7.jpeg","type":"image\/jpeg"}],"author":"Reda\u00e7\u00e3o","twitter_card":"summary_large_image","twitter_creator":"@Notibras","twitter_site":"@Notibras","twitter_misc":{"Escrito por":"Reda\u00e7\u00e3o","Est. tempo de leitura":"5 minutos"},"schema":{"@context":"https:\/\/schema.org","@graph":[{"@type":"Article","@id":"https:\/\/www.notibras.com\/site\/a-saudacao-sagrada-ao-guardiao-dos-caminhos\/#article","isPartOf":{"@id":"https:\/\/www.notibras.com\/site\/a-saudacao-sagrada-ao-guardiao-dos-caminhos\/"},"author":{"name":"Reda\u00e7\u00e3o","@id":"https:\/\/www.notibras.com\/site\/#\/schema\/person\/36ab0979449956132d3e5b517ea76ac8"},"headline":"A Sauda\u00e7\u00e3o Sagrada ao Guardi\u00e3o dos Caminhos","datePublished":"2025-10-13T06:48:37+00:00","mainEntityOfPage":{"@id":"https:\/\/www.notibras.com\/site\/a-saudacao-sagrada-ao-guardiao-dos-caminhos\/"},"wordCount":805,"publisher":{"@id":"https:\/\/www.notibras.com\/site\/#organization"},"image":{"@id":"https:\/\/www.notibras.com\/site\/a-saudacao-sagrada-ao-guardiao-dos-caminhos\/#primaryimage"},"thumbnailUrl":"https:\/\/www.notibras.com\/site\/wp-content\/uploads\/2025\/10\/247c3308-2601-40ed-af19-a04f7437d7f7.jpeg","articleSection":["Or\u00e1culos"],"inLanguage":"pt-BR"},{"@type":"WebPage","@id":"https:\/\/www.notibras.com\/site\/a-saudacao-sagrada-ao-guardiao-dos-caminhos\/","url":"https:\/\/www.notibras.com\/site\/a-saudacao-sagrada-ao-guardiao-dos-caminhos\/","name":"A Sauda\u00e7\u00e3o Sagrada ao Guardi\u00e3o dos Caminhos - Notibras","isPartOf":{"@id":"https:\/\/www.notibras.com\/site\/#website"},"primaryImageOfPage":{"@id":"https:\/\/www.notibras.com\/site\/a-saudacao-sagrada-ao-guardiao-dos-caminhos\/#primaryimage"},"image":{"@id":"https:\/\/www.notibras.com\/site\/a-saudacao-sagrada-ao-guardiao-dos-caminhos\/#primaryimage"},"thumbnailUrl":"https:\/\/www.notibras.com\/site\/wp-content\/uploads\/2025\/10\/247c3308-2601-40ed-af19-a04f7437d7f7.jpeg","datePublished":"2025-10-13T06:48:37+00:00","breadcrumb":{"@id":"https:\/\/www.notibras.com\/site\/a-saudacao-sagrada-ao-guardiao-dos-caminhos\/#breadcrumb"},"inLanguage":"pt-BR","potentialAction":[{"@type":"ReadAction","target":["https:\/\/www.notibras.com\/site\/a-saudacao-sagrada-ao-guardiao-dos-caminhos\/"]}]},{"@type":"ImageObject","inLanguage":"pt-BR","@id":"https:\/\/www.notibras.com\/site\/a-saudacao-sagrada-ao-guardiao-dos-caminhos\/#primaryimage","url":"https:\/\/www.notibras.com\/site\/wp-content\/uploads\/2025\/10\/247c3308-2601-40ed-af19-a04f7437d7f7.jpeg","contentUrl":"https:\/\/www.notibras.com\/site\/wp-content\/uploads\/2025\/10\/247c3308-2601-40ed-af19-a04f7437d7f7.jpeg","width":1024,"height":1536},{"@type":"BreadcrumbList","@id":"https:\/\/www.notibras.com\/site\/a-saudacao-sagrada-ao-guardiao-dos-caminhos\/#breadcrumb","itemListElement":[{"@type":"ListItem","position":1,"name":"In\u00edcio","item":"https:\/\/www.notibras.com\/site\/"},{"@type":"ListItem","position":2,"name":"A Sauda\u00e7\u00e3o Sagrada ao Guardi\u00e3o dos Caminhos"}]},{"@type":"WebSite","@id":"https:\/\/www.notibras.com\/site\/#website","url":"https:\/\/www.notibras.com\/site\/","name":"Notibras","description":"Not\u00edcias de Bras\u00edlia, do Brasil e do Mundo","publisher":{"@id":"https:\/\/www.notibras.com\/site\/#organization"},"potentialAction":[{"@type":"SearchAction","target":{"@type":"EntryPoint","urlTemplate":"https:\/\/www.notibras.com\/site\/?s={search_term_string}"},"query-input":{"@type":"PropertyValueSpecification","valueRequired":true,"valueName":"search_term_string"}}],"inLanguage":"pt-BR"},{"@type":"Organization","@id":"https:\/\/www.notibras.com\/site\/#organization","name":"Grupo Notibras de Comunica\u00e7\u00e3o","url":"https:\/\/www.notibras.com\/site\/","logo":{"@type":"ImageObject","inLanguage":"pt-BR","@id":"https:\/\/www.notibras.com\/site\/#\/schema\/logo\/image\/","url":"https:\/\/www.notibras.com\/site\/wp-content\/uploads\/2023\/01\/notibras23.png","contentUrl":"https:\/\/www.notibras.com\/site\/wp-content\/uploads\/2023\/01\/notibras23.png","width":350,"height":87,"caption":"Grupo Notibras de Comunica\u00e7\u00e3o"},"image":{"@id":"https:\/\/www.notibras.com\/site\/#\/schema\/logo\/image\/"},"sameAs":["https:\/\/www.facebook.com\/notibras\/","https:\/\/x.com\/Notibras","https:\/\/www.instagram.com\/notibras\/"]},{"@type":"Person","@id":"https:\/\/www.notibras.com\/site\/#\/schema\/person\/36ab0979449956132d3e5b517ea76ac8","name":"Reda\u00e7\u00e3o","image":{"@type":"ImageObject","inLanguage":"pt-BR","@id":"https:\/\/secure.gravatar.com\/avatar\/e0a867bdedb85fd243eadf09663511f96fc81e0720a4a42581f334ad4303aa6b?s=96&d=mm&r=g","url":"https:\/\/secure.gravatar.com\/avatar\/e0a867bdedb85fd243eadf09663511f96fc81e0720a4a42581f334ad4303aa6b?s=96&d=mm&r=g","contentUrl":"https:\/\/secure.gravatar.com\/avatar\/e0a867bdedb85fd243eadf09663511f96fc81e0720a4a42581f334ad4303aa6b?s=96&d=mm&r=g","caption":"Reda\u00e7\u00e3o"}}]}},"amp_enabled":true,"_links":{"self":[{"href":"https:\/\/www.notibras.com\/site\/wp-json\/wp\/v2\/posts\/367179","targetHints":{"allow":["GET"]}}],"collection":[{"href":"https:\/\/www.notibras.com\/site\/wp-json\/wp\/v2\/posts"}],"about":[{"href":"https:\/\/www.notibras.com\/site\/wp-json\/wp\/v2\/types\/post"}],"author":[{"embeddable":true,"href":"https:\/\/www.notibras.com\/site\/wp-json\/wp\/v2\/users\/2"}],"replies":[{"embeddable":true,"href":"https:\/\/www.notibras.com\/site\/wp-json\/wp\/v2\/comments?post=367179"}],"version-history":[{"count":1,"href":"https:\/\/www.notibras.com\/site\/wp-json\/wp\/v2\/posts\/367179\/revisions"}],"predecessor-version":[{"id":367181,"href":"https:\/\/www.notibras.com\/site\/wp-json\/wp\/v2\/posts\/367179\/revisions\/367181"}],"wp:featuredmedia":[{"embeddable":true,"href":"https:\/\/www.notibras.com\/site\/wp-json\/wp\/v2\/media\/367180"}],"wp:attachment":[{"href":"https:\/\/www.notibras.com\/site\/wp-json\/wp\/v2\/media?parent=367179"}],"wp:term":[{"taxonomy":"category","embeddable":true,"href":"https:\/\/www.notibras.com\/site\/wp-json\/wp\/v2\/categories?post=367179"},{"taxonomy":"post_tag","embeddable":true,"href":"https:\/\/www.notibras.com\/site\/wp-json\/wp\/v2\/tags?post=367179"}],"curies":[{"name":"wp","href":"https:\/\/api.w.org\/{rel}","templated":true}]}}