{"id":367194,"date":"2025-10-13T07:25:35","date_gmt":"2025-10-13T10:25:35","guid":{"rendered":"https:\/\/www.notibras.com\/site\/?p=367194"},"modified":"2025-10-13T09:27:26","modified_gmt":"2025-10-13T12:27:26","slug":"fim-da-guerra-e-inicio-de-uma-era-de-fe-e-esperanca","status":"publish","type":"post","link":"https:\/\/www.notibras.com\/site\/fim-da-guerra-e-inicio-de-uma-era-de-fe-e-esperanca\/","title":{"rendered":"Fim da guerra e in\u00edcio de uma era de f\u00e9 e esperan\u00e7a"},"content":{"rendered":"<p>O presidente dos Estados Unidos, Donald Trump, desembarcou em Tel Aviv nesta segunda-feira (13) para uma visita hist\u00f3rica, marcada por um discurso ao Knesset, o parlamento israelense, e pela primeira fase de um acordo de paz entre Israel e o Hamas.<\/p>\n<p>No mesmo dia em que come\u00e7aram as trocas de prisioneiros de guerra, Trump afirmou que \u201c\u00e9 o fim da guerra e o in\u00edcio de uma era de f\u00e9 e esperan\u00e7a\u201d, num pronunciamento acompanhado de aplausos e tamb\u00e9m de protestos isolados dentro do plen\u00e1rio.<\/p>\n<p>Vinte ref\u00e9ns israelenses vivos foram libertados nesta manh\u00e3 por militantes do Hamas, enquanto Israel iniciou a soltura de cerca de dois mil prisioneiros palestinos, incluindo condenados a penas longas.<\/p>\n<p>As trocas acontecem sob supervis\u00e3o da Cruz Vermelha Internacional e fazem parte da primeira fase do plano de paz proposto por Trump, anunciado em setembro. O acordo prev\u00ea tamb\u00e9m uma retirada parcial das tropas israelenses para posi\u00e7\u00f5es pr\u00e9-definidas dentro da Faixa de Gaza e o in\u00edcio de um programa de reconstru\u00e7\u00e3o internacional da regi\u00e3o.<\/p>\n<p>\u201cOs c\u00e9us est\u00e3o calmos, as armas silenciosas, as sirenes pararam. Agora \u00e9 tempo de traduzir essas vit\u00f3rias em paz e prosperidade para toda a regi\u00e3o.\u201d Trecho do discurso de Donald Trump, no Knesset.<\/p>\n<p>Durante o discurso, dois parlamentares da oposi\u00e7\u00e3o exibiram cartazes com os dizeres \u201cRecognize Palestine \/ Genocide\u201d e foram retirados da sess\u00e3o por seguran\u00e7as. O epis\u00f3dio n\u00e3o impediu Trump de continuar, defendendo que \u201cos povos de Israel e da Palestina merecem viver lado a lado, com seguran\u00e7a e dignidade\u201d.<\/p>\n<p>O novo plano de paz surge ap\u00f3s dois anos de guerra devastadora iniciada em outubro de 2023, quando o Hamas lan\u00e7ou um ataque surpresa contra o sul de Israel, matando mais de 1.200 pessoas e sequestrando centenas de civis.<\/p>\n<p>A resposta israelense resultou em dezenas de milhares de mortos em Gaza e uma destrui\u00e7\u00e3o sem precedentes na regi\u00e3o. V\u00e1rias tentativas de cessar-fogo fracassaram ao longo do tempo, at\u00e9 que Egito, Qatar e ONU conseguiram reabrir canais de di\u00e1logo sob media\u00e7\u00e3o direta de Washington.<\/p>\n<p>Em 29 de setembro, Trump apresentou um plano de 20 pontos, que previa cessar-fogo imediato, libera\u00e7\u00e3o de ref\u00e9ns e prisioneiros, retirada escalonada de tropas israelenses e a cria\u00e7\u00e3o de um fundo internacional para reconstru\u00e7\u00e3o e seguran\u00e7a de Gaza.<\/p>\n<p>Especialistas e diplomatas internacionais alertam que o acordo ainda \u00e9 parcial e precisa de garantias concretas para se consolidar como paz duradoura.<\/p>\n<p>Entre os desafios citados est\u00e3o:<\/p>\n<p>a governan\u00e7a de Gaza e o futuro pol\u00edtico do Hamas;<\/p>\n<p>o reconhecimento m\u00fatuo entre Israel e Palestina;<\/p>\n<p>a reconstru\u00e7\u00e3o humanit\u00e1ria da regi\u00e3o devastada;<\/p>\n<p>e a necessidade de fiscaliza\u00e7\u00e3o internacional cont\u00ednua.<\/p>\n<p>Embora a ret\u00f3rica de Trump evoque um \u201cnovo amanhecer no Oriente M\u00e9dio\u201d, analistas lembram que v\u00e1rios acordos anteriores ru\u00edram por falta de confian\u00e7a entre as partes.<\/p>\n<p>L\u00edderes de pa\u00edses \u00e1rabes saudaram o cessar-fogo, mas pediram compromissos claros de reconstru\u00e7\u00e3o e garantias humanit\u00e1rias para os civis de Gaza.<\/p>\n<p>A Uni\u00e3o Europeia classificou o acordo como \u201cum avan\u00e7o hist\u00f3rico que deve ser consolidado com prud\u00eancia\u201d, enquanto a ONU afirmou que \u201ca paz s\u00f3 ser\u00e1 plena quando vier acompanhada de justi\u00e7a\u201d.<\/p>\n<p>Nos Estados Unidos, o discurso de Trump tamb\u00e9m dividiu opini\u00f5es: apoiadores celebram um feito diplom\u00e1tico in\u00e9dito, enquanto cr\u00edticos o acusam de buscar capital pol\u00edtico em meio ao cen\u00e1rio eleitoral americano.<\/p>\n<p><strong>Pr\u00f3ximos passos<\/strong><br \/>\nAp\u00f3s o discurso em Jerusal\u00e9m, Trump seguiu para o Egito, onde participar\u00e1 de uma C\u00fapula de Paz em Sharm El-Sheikh ao lado do presidente Abdel Fattah al-Sisi e de outros l\u00edderes regionais.<\/p>\n<p>A expectativa \u00e9 de que a reuni\u00e3o defina as etapas seguintes do acordo, incluindo a forma\u00e7\u00e3o de uma for\u00e7a internacional de monitoramento e o in\u00edcio da reconstru\u00e7\u00e3o de Gaza.<\/p>\n<p>O cessar-fogo entre Israel e Hamas representa o momento mais promissor desde o in\u00edcio do conflito.<\/p>\n<p>Mas transformar a tr\u00e9gua em paz verdadeira exigir\u00e1 muito mais do que discursos inspiradores: precisar\u00e1 de confian\u00e7a, reconstru\u00e7\u00e3o e compromissos duradouros \u2014 elementos raros em um Oriente M\u00e9dio que, h\u00e1 d\u00e9cadas, vive entre promessas e ru\u00ednas.<\/p>\n","protected":false},"excerpt":{"rendered":"<p>O presidente dos Estados Unidos, Donald Trump, desembarcou em Tel Aviv nesta segunda-feira (13) para uma visita hist\u00f3rica, marcada por um discurso ao Knesset, o parlamento israelense, e pela primeira fase de um acordo de paz entre Israel e o Hamas. No mesmo dia em que come\u00e7aram as trocas de prisioneiros de guerra, Trump afirmou [&hellip;]<\/p>\n","protected":false},"author":2,"featured_media":367195,"comment_status":"closed","ping_status":"closed","sticky":false,"template":"","format":"standard","meta":{"_acf_changed":false,"footnotes":""},"categories":[159],"tags":[],"class_list":["post-367194","post","type-post","status-publish","format-standard","has-post-thumbnail","hentry","category-apocalipse"],"acf":[],"yoast_head":"<!-- This site is optimized with the Yoast SEO plugin v27.2 - https:\/\/yoast.com\/product\/yoast-seo-wordpress\/ -->\n<title>Fim da guerra e in\u00edcio de uma era de f\u00e9 e esperan\u00e7a - Notibras<\/title>\n<meta name=\"robots\" content=\"index, follow, max-snippet:-1, max-image-preview:large, max-video-preview:-1\" \/>\n<link rel=\"canonical\" href=\"https:\/\/www.notibras.com\/site\/fim-da-guerra-e-inicio-de-uma-era-de-fe-e-esperanca\/\" \/>\n<meta property=\"og:locale\" content=\"pt_BR\" \/>\n<meta property=\"og:type\" content=\"article\" \/>\n<meta property=\"og:title\" content=\"Fim da guerra e in\u00edcio de uma era de f\u00e9 e esperan\u00e7a - Notibras\" \/>\n<meta property=\"og:description\" content=\"O presidente dos Estados Unidos, Donald Trump, desembarcou em Tel Aviv nesta segunda-feira (13) para uma visita hist\u00f3rica, marcada por um discurso ao Knesset, o parlamento israelense, e pela primeira fase de um acordo de paz entre Israel e o Hamas. No mesmo dia em que come\u00e7aram as trocas de prisioneiros de guerra, Trump afirmou [&hellip;]\" \/>\n<meta property=\"og:url\" content=\"https:\/\/www.notibras.com\/site\/fim-da-guerra-e-inicio-de-uma-era-de-fe-e-esperanca\/\" \/>\n<meta property=\"og:site_name\" content=\"Notibras\" \/>\n<meta property=\"article:publisher\" content=\"https:\/\/www.facebook.com\/notibras\/\" \/>\n<meta property=\"article:published_time\" content=\"2025-10-13T10:25:35+00:00\" \/>\n<meta property=\"article:modified_time\" content=\"2025-10-13T12:27:26+00:00\" \/>\n<meta property=\"og:image\" content=\"https:\/\/www.notibras.com\/site\/wp-content\/uploads\/2025\/10\/1122953048_0_0_3072_1728_1920x0_80_0_0_03574f6e833651817d682517a43f66a3.jpg.webp\" \/>\n\t<meta property=\"og:image:width\" content=\"1920\" \/>\n\t<meta property=\"og:image:height\" content=\"1080\" \/>\n\t<meta property=\"og:image:type\" content=\"image\/webp\" \/>\n<meta name=\"author\" content=\"Reda\u00e7\u00e3o\" \/>\n<meta name=\"twitter:card\" content=\"summary_large_image\" \/>\n<meta name=\"twitter:creator\" content=\"@Notibras\" \/>\n<meta name=\"twitter:site\" content=\"@Notibras\" \/>\n<meta name=\"twitter:label1\" content=\"Escrito por\" \/>\n\t<meta name=\"twitter:data1\" content=\"Reda\u00e7\u00e3o\" \/>\n\t<meta name=\"twitter:label2\" content=\"Est. tempo de leitura\" \/>\n\t<meta name=\"twitter:data2\" content=\"4 minutos\" \/>\n<script type=\"application\/ld+json\" class=\"yoast-schema-graph\">{\"@context\":\"https:\/\/schema.org\",\"@graph\":[{\"@type\":\"Article\",\"@id\":\"https:\/\/www.notibras.com\/site\/fim-da-guerra-e-inicio-de-uma-era-de-fe-e-esperanca\/#article\",\"isPartOf\":{\"@id\":\"https:\/\/www.notibras.com\/site\/fim-da-guerra-e-inicio-de-uma-era-de-fe-e-esperanca\/\"},\"author\":{\"name\":\"Reda\u00e7\u00e3o\",\"@id\":\"https:\/\/www.notibras.com\/site\/#\/schema\/person\/36ab0979449956132d3e5b517ea76ac8\"},\"headline\":\"Fim da guerra e in\u00edcio de uma era de f\u00e9 e esperan\u00e7a\",\"datePublished\":\"2025-10-13T10:25:35+00:00\",\"dateModified\":\"2025-10-13T12:27:26+00:00\",\"mainEntityOfPage\":{\"@id\":\"https:\/\/www.notibras.com\/site\/fim-da-guerra-e-inicio-de-uma-era-de-fe-e-esperanca\/\"},\"wordCount\":735,\"publisher\":{\"@id\":\"https:\/\/www.notibras.com\/site\/#organization\"},\"image\":{\"@id\":\"https:\/\/www.notibras.com\/site\/fim-da-guerra-e-inicio-de-uma-era-de-fe-e-esperanca\/#primaryimage\"},\"thumbnailUrl\":\"https:\/\/www.notibras.com\/site\/wp-content\/uploads\/2025\/10\/1122953048_0_0_3072_1728_1920x0_80_0_0_03574f6e833651817d682517a43f66a3.jpg.webp\",\"articleSection\":[\"Apocalipse\"],\"inLanguage\":\"pt-BR\"},{\"@type\":\"WebPage\",\"@id\":\"https:\/\/www.notibras.com\/site\/fim-da-guerra-e-inicio-de-uma-era-de-fe-e-esperanca\/\",\"url\":\"https:\/\/www.notibras.com\/site\/fim-da-guerra-e-inicio-de-uma-era-de-fe-e-esperanca\/\",\"name\":\"Fim da guerra e in\u00edcio de uma era de f\u00e9 e esperan\u00e7a - Notibras\",\"isPartOf\":{\"@id\":\"https:\/\/www.notibras.com\/site\/#website\"},\"primaryImageOfPage\":{\"@id\":\"https:\/\/www.notibras.com\/site\/fim-da-guerra-e-inicio-de-uma-era-de-fe-e-esperanca\/#primaryimage\"},\"image\":{\"@id\":\"https:\/\/www.notibras.com\/site\/fim-da-guerra-e-inicio-de-uma-era-de-fe-e-esperanca\/#primaryimage\"},\"thumbnailUrl\":\"https:\/\/www.notibras.com\/site\/wp-content\/uploads\/2025\/10\/1122953048_0_0_3072_1728_1920x0_80_0_0_03574f6e833651817d682517a43f66a3.jpg.webp\",\"datePublished\":\"2025-10-13T10:25:35+00:00\",\"dateModified\":\"2025-10-13T12:27:26+00:00\",\"breadcrumb\":{\"@id\":\"https:\/\/www.notibras.com\/site\/fim-da-guerra-e-inicio-de-uma-era-de-fe-e-esperanca\/#breadcrumb\"},\"inLanguage\":\"pt-BR\",\"potentialAction\":[{\"@type\":\"ReadAction\",\"target\":[\"https:\/\/www.notibras.com\/site\/fim-da-guerra-e-inicio-de-uma-era-de-fe-e-esperanca\/\"]}]},{\"@type\":\"ImageObject\",\"inLanguage\":\"pt-BR\",\"@id\":\"https:\/\/www.notibras.com\/site\/fim-da-guerra-e-inicio-de-uma-era-de-fe-e-esperanca\/#primaryimage\",\"url\":\"https:\/\/www.notibras.com\/site\/wp-content\/uploads\/2025\/10\/1122953048_0_0_3072_1728_1920x0_80_0_0_03574f6e833651817d682517a43f66a3.jpg.webp\",\"contentUrl\":\"https:\/\/www.notibras.com\/site\/wp-content\/uploads\/2025\/10\/1122953048_0_0_3072_1728_1920x0_80_0_0_03574f6e833651817d682517a43f66a3.jpg.webp\",\"width\":1920,\"height\":1080},{\"@type\":\"BreadcrumbList\",\"@id\":\"https:\/\/www.notibras.com\/site\/fim-da-guerra-e-inicio-de-uma-era-de-fe-e-esperanca\/#breadcrumb\",\"itemListElement\":[{\"@type\":\"ListItem\",\"position\":1,\"name\":\"In\u00edcio\",\"item\":\"https:\/\/www.notibras.com\/site\/\"},{\"@type\":\"ListItem\",\"position\":2,\"name\":\"Fim da guerra e in\u00edcio de uma era de f\u00e9 e esperan\u00e7a\"}]},{\"@type\":\"WebSite\",\"@id\":\"https:\/\/www.notibras.com\/site\/#website\",\"url\":\"https:\/\/www.notibras.com\/site\/\",\"name\":\"Notibras\",\"description\":\"Not\u00edcias de Bras\u00edlia, do Brasil e do Mundo\",\"publisher\":{\"@id\":\"https:\/\/www.notibras.com\/site\/#organization\"},\"potentialAction\":[{\"@type\":\"SearchAction\",\"target\":{\"@type\":\"EntryPoint\",\"urlTemplate\":\"https:\/\/www.notibras.com\/site\/?s={search_term_string}\"},\"query-input\":{\"@type\":\"PropertyValueSpecification\",\"valueRequired\":true,\"valueName\":\"search_term_string\"}}],\"inLanguage\":\"pt-BR\"},{\"@type\":\"Organization\",\"@id\":\"https:\/\/www.notibras.com\/site\/#organization\",\"name\":\"Grupo Notibras de Comunica\u00e7\u00e3o\",\"url\":\"https:\/\/www.notibras.com\/site\/\",\"logo\":{\"@type\":\"ImageObject\",\"inLanguage\":\"pt-BR\",\"@id\":\"https:\/\/www.notibras.com\/site\/#\/schema\/logo\/image\/\",\"url\":\"https:\/\/www.notibras.com\/site\/wp-content\/uploads\/2023\/01\/notibras23.png\",\"contentUrl\":\"https:\/\/www.notibras.com\/site\/wp-content\/uploads\/2023\/01\/notibras23.png\",\"width\":350,\"height\":87,\"caption\":\"Grupo Notibras de Comunica\u00e7\u00e3o\"},\"image\":{\"@id\":\"https:\/\/www.notibras.com\/site\/#\/schema\/logo\/image\/\"},\"sameAs\":[\"https:\/\/www.facebook.com\/notibras\/\",\"https:\/\/x.com\/Notibras\",\"https:\/\/www.instagram.com\/notibras\/\"]},{\"@type\":\"Person\",\"@id\":\"https:\/\/www.notibras.com\/site\/#\/schema\/person\/36ab0979449956132d3e5b517ea76ac8\",\"name\":\"Reda\u00e7\u00e3o\",\"image\":{\"@type\":\"ImageObject\",\"inLanguage\":\"pt-BR\",\"@id\":\"https:\/\/secure.gravatar.com\/avatar\/e0a867bdedb85fd243eadf09663511f96fc81e0720a4a42581f334ad4303aa6b?s=96&d=mm&r=g\",\"url\":\"https:\/\/secure.gravatar.com\/avatar\/e0a867bdedb85fd243eadf09663511f96fc81e0720a4a42581f334ad4303aa6b?s=96&d=mm&r=g\",\"contentUrl\":\"https:\/\/secure.gravatar.com\/avatar\/e0a867bdedb85fd243eadf09663511f96fc81e0720a4a42581f334ad4303aa6b?s=96&d=mm&r=g\",\"caption\":\"Reda\u00e7\u00e3o\"}}]}<\/script>\n<!-- \/ Yoast SEO plugin. -->","yoast_head_json":{"title":"Fim da guerra e in\u00edcio de uma era de f\u00e9 e esperan\u00e7a - Notibras","robots":{"index":"index","follow":"follow","max-snippet":"max-snippet:-1","max-image-preview":"max-image-preview:large","max-video-preview":"max-video-preview:-1"},"canonical":"https:\/\/www.notibras.com\/site\/fim-da-guerra-e-inicio-de-uma-era-de-fe-e-esperanca\/","og_locale":"pt_BR","og_type":"article","og_title":"Fim da guerra e in\u00edcio de uma era de f\u00e9 e esperan\u00e7a - Notibras","og_description":"O presidente dos Estados Unidos, Donald Trump, desembarcou em Tel Aviv nesta segunda-feira (13) para uma visita hist\u00f3rica, marcada por um discurso ao Knesset, o parlamento israelense, e pela primeira fase de um acordo de paz entre Israel e o Hamas. No mesmo dia em que come\u00e7aram as trocas de prisioneiros de guerra, Trump afirmou [&hellip;]","og_url":"https:\/\/www.notibras.com\/site\/fim-da-guerra-e-inicio-de-uma-era-de-fe-e-esperanca\/","og_site_name":"Notibras","article_publisher":"https:\/\/www.facebook.com\/notibras\/","article_published_time":"2025-10-13T10:25:35+00:00","article_modified_time":"2025-10-13T12:27:26+00:00","og_image":[{"width":1920,"height":1080,"url":"https:\/\/www.notibras.com\/site\/wp-content\/uploads\/2025\/10\/1122953048_0_0_3072_1728_1920x0_80_0_0_03574f6e833651817d682517a43f66a3.jpg.webp","type":"image\/webp"}],"author":"Reda\u00e7\u00e3o","twitter_card":"summary_large_image","twitter_creator":"@Notibras","twitter_site":"@Notibras","twitter_misc":{"Escrito por":"Reda\u00e7\u00e3o","Est. tempo de leitura":"4 minutos"},"schema":{"@context":"https:\/\/schema.org","@graph":[{"@type":"Article","@id":"https:\/\/www.notibras.com\/site\/fim-da-guerra-e-inicio-de-uma-era-de-fe-e-esperanca\/#article","isPartOf":{"@id":"https:\/\/www.notibras.com\/site\/fim-da-guerra-e-inicio-de-uma-era-de-fe-e-esperanca\/"},"author":{"name":"Reda\u00e7\u00e3o","@id":"https:\/\/www.notibras.com\/site\/#\/schema\/person\/36ab0979449956132d3e5b517ea76ac8"},"headline":"Fim da guerra e in\u00edcio de uma era de f\u00e9 e esperan\u00e7a","datePublished":"2025-10-13T10:25:35+00:00","dateModified":"2025-10-13T12:27:26+00:00","mainEntityOfPage":{"@id":"https:\/\/www.notibras.com\/site\/fim-da-guerra-e-inicio-de-uma-era-de-fe-e-esperanca\/"},"wordCount":735,"publisher":{"@id":"https:\/\/www.notibras.com\/site\/#organization"},"image":{"@id":"https:\/\/www.notibras.com\/site\/fim-da-guerra-e-inicio-de-uma-era-de-fe-e-esperanca\/#primaryimage"},"thumbnailUrl":"https:\/\/www.notibras.com\/site\/wp-content\/uploads\/2025\/10\/1122953048_0_0_3072_1728_1920x0_80_0_0_03574f6e833651817d682517a43f66a3.jpg.webp","articleSection":["Apocalipse"],"inLanguage":"pt-BR"},{"@type":"WebPage","@id":"https:\/\/www.notibras.com\/site\/fim-da-guerra-e-inicio-de-uma-era-de-fe-e-esperanca\/","url":"https:\/\/www.notibras.com\/site\/fim-da-guerra-e-inicio-de-uma-era-de-fe-e-esperanca\/","name":"Fim da guerra e in\u00edcio de uma era de f\u00e9 e esperan\u00e7a - Notibras","isPartOf":{"@id":"https:\/\/www.notibras.com\/site\/#website"},"primaryImageOfPage":{"@id":"https:\/\/www.notibras.com\/site\/fim-da-guerra-e-inicio-de-uma-era-de-fe-e-esperanca\/#primaryimage"},"image":{"@id":"https:\/\/www.notibras.com\/site\/fim-da-guerra-e-inicio-de-uma-era-de-fe-e-esperanca\/#primaryimage"},"thumbnailUrl":"https:\/\/www.notibras.com\/site\/wp-content\/uploads\/2025\/10\/1122953048_0_0_3072_1728_1920x0_80_0_0_03574f6e833651817d682517a43f66a3.jpg.webp","datePublished":"2025-10-13T10:25:35+00:00","dateModified":"2025-10-13T12:27:26+00:00","breadcrumb":{"@id":"https:\/\/www.notibras.com\/site\/fim-da-guerra-e-inicio-de-uma-era-de-fe-e-esperanca\/#breadcrumb"},"inLanguage":"pt-BR","potentialAction":[{"@type":"ReadAction","target":["https:\/\/www.notibras.com\/site\/fim-da-guerra-e-inicio-de-uma-era-de-fe-e-esperanca\/"]}]},{"@type":"ImageObject","inLanguage":"pt-BR","@id":"https:\/\/www.notibras.com\/site\/fim-da-guerra-e-inicio-de-uma-era-de-fe-e-esperanca\/#primaryimage","url":"https:\/\/www.notibras.com\/site\/wp-content\/uploads\/2025\/10\/1122953048_0_0_3072_1728_1920x0_80_0_0_03574f6e833651817d682517a43f66a3.jpg.webp","contentUrl":"https:\/\/www.notibras.com\/site\/wp-content\/uploads\/2025\/10\/1122953048_0_0_3072_1728_1920x0_80_0_0_03574f6e833651817d682517a43f66a3.jpg.webp","width":1920,"height":1080},{"@type":"BreadcrumbList","@id":"https:\/\/www.notibras.com\/site\/fim-da-guerra-e-inicio-de-uma-era-de-fe-e-esperanca\/#breadcrumb","itemListElement":[{"@type":"ListItem","position":1,"name":"In\u00edcio","item":"https:\/\/www.notibras.com\/site\/"},{"@type":"ListItem","position":2,"name":"Fim da guerra e in\u00edcio de uma era de f\u00e9 e esperan\u00e7a"}]},{"@type":"WebSite","@id":"https:\/\/www.notibras.com\/site\/#website","url":"https:\/\/www.notibras.com\/site\/","name":"Notibras","description":"Not\u00edcias de Bras\u00edlia, do Brasil e do Mundo","publisher":{"@id":"https:\/\/www.notibras.com\/site\/#organization"},"potentialAction":[{"@type":"SearchAction","target":{"@type":"EntryPoint","urlTemplate":"https:\/\/www.notibras.com\/site\/?s={search_term_string}"},"query-input":{"@type":"PropertyValueSpecification","valueRequired":true,"valueName":"search_term_string"}}],"inLanguage":"pt-BR"},{"@type":"Organization","@id":"https:\/\/www.notibras.com\/site\/#organization","name":"Grupo Notibras de Comunica\u00e7\u00e3o","url":"https:\/\/www.notibras.com\/site\/","logo":{"@type":"ImageObject","inLanguage":"pt-BR","@id":"https:\/\/www.notibras.com\/site\/#\/schema\/logo\/image\/","url":"https:\/\/www.notibras.com\/site\/wp-content\/uploads\/2023\/01\/notibras23.png","contentUrl":"https:\/\/www.notibras.com\/site\/wp-content\/uploads\/2023\/01\/notibras23.png","width":350,"height":87,"caption":"Grupo Notibras de Comunica\u00e7\u00e3o"},"image":{"@id":"https:\/\/www.notibras.com\/site\/#\/schema\/logo\/image\/"},"sameAs":["https:\/\/www.facebook.com\/notibras\/","https:\/\/x.com\/Notibras","https:\/\/www.instagram.com\/notibras\/"]},{"@type":"Person","@id":"https:\/\/www.notibras.com\/site\/#\/schema\/person\/36ab0979449956132d3e5b517ea76ac8","name":"Reda\u00e7\u00e3o","image":{"@type":"ImageObject","inLanguage":"pt-BR","@id":"https:\/\/secure.gravatar.com\/avatar\/e0a867bdedb85fd243eadf09663511f96fc81e0720a4a42581f334ad4303aa6b?s=96&d=mm&r=g","url":"https:\/\/secure.gravatar.com\/avatar\/e0a867bdedb85fd243eadf09663511f96fc81e0720a4a42581f334ad4303aa6b?s=96&d=mm&r=g","contentUrl":"https:\/\/secure.gravatar.com\/avatar\/e0a867bdedb85fd243eadf09663511f96fc81e0720a4a42581f334ad4303aa6b?s=96&d=mm&r=g","caption":"Reda\u00e7\u00e3o"}}]}},"amp_enabled":true,"_links":{"self":[{"href":"https:\/\/www.notibras.com\/site\/wp-json\/wp\/v2\/posts\/367194","targetHints":{"allow":["GET"]}}],"collection":[{"href":"https:\/\/www.notibras.com\/site\/wp-json\/wp\/v2\/posts"}],"about":[{"href":"https:\/\/www.notibras.com\/site\/wp-json\/wp\/v2\/types\/post"}],"author":[{"embeddable":true,"href":"https:\/\/www.notibras.com\/site\/wp-json\/wp\/v2\/users\/2"}],"replies":[{"embeddable":true,"href":"https:\/\/www.notibras.com\/site\/wp-json\/wp\/v2\/comments?post=367194"}],"version-history":[{"count":1,"href":"https:\/\/www.notibras.com\/site\/wp-json\/wp\/v2\/posts\/367194\/revisions"}],"predecessor-version":[{"id":367196,"href":"https:\/\/www.notibras.com\/site\/wp-json\/wp\/v2\/posts\/367194\/revisions\/367196"}],"wp:featuredmedia":[{"embeddable":true,"href":"https:\/\/www.notibras.com\/site\/wp-json\/wp\/v2\/media\/367195"}],"wp:attachment":[{"href":"https:\/\/www.notibras.com\/site\/wp-json\/wp\/v2\/media?parent=367194"}],"wp:term":[{"taxonomy":"category","embeddable":true,"href":"https:\/\/www.notibras.com\/site\/wp-json\/wp\/v2\/categories?post=367194"},{"taxonomy":"post_tag","embeddable":true,"href":"https:\/\/www.notibras.com\/site\/wp-json\/wp\/v2\/tags?post=367194"}],"curies":[{"name":"wp","href":"https:\/\/api.w.org\/{rel}","templated":true}]}}