{"id":367330,"date":"2025-10-15T02:47:46","date_gmt":"2025-10-15T05:47:46","guid":{"rendered":"https:\/\/www.notibras.com\/site\/?p=367330"},"modified":"2025-10-15T02:47:46","modified_gmt":"2025-10-15T05:47:46","slug":"ingratidao-do-centrao-deixa-378-afilhados-sem-a-boquinha-do-governo","status":"publish","type":"post","link":"https:\/\/www.notibras.com\/site\/ingratidao-do-centrao-deixa-378-afilhados-sem-a-boquinha-do-governo\/","title":{"rendered":"Ingratid\u00e3o do Centr\u00e3o deixa 378 afilhados sem a boquinha do governo"},"content":{"rendered":"<p>Enquanto o presidente Donald Trump anunciava oficialmente o cessar-fogo em Gaza aos l\u00edderes \u00e1rabes, o presidente Luiz In\u00e1cio Lula da Silva se encontrava no Vaticano com o papa Le\u00e3o XIV. Pol\u00edticos com tr\u00e2nsito de tr\u00e1s para frente, de frente para tr\u00e1s e, com maestria, navegando nos ricos mares do Centr\u00e3o, n\u00e3o escondem que a visita ao l\u00edder da Igreja Cat\u00f3lica foi muito al\u00e9m de um simples pedido de apoio aos c\u00e9us e de tentar saber quem, definitivamente, matou Odete Roitman.<\/p>\n<p>Dizem as m\u00e1s l\u00ednguas \u2013 as boas n\u00e3o foram ouvidas \u2013 que o verdadeiro objetivo da ida de Lula \u00e0 Capela Sistina foi pedir perd\u00e3o a Le\u00e3o XIV pelo atraso na exonera\u00e7\u00e3o de centenas de apoiadores dos partidos de direita. A lista de jubilados do governo cont\u00e9m 378 malandros, todos encostados nos minist\u00e9rios, onde davam ordens, n\u00e3o batiam ponto, recebiam em dia e reclamavam quando a \u00e1gua era sem g\u00e1s e o cafezinho estava ralo.<\/p>\n<p>Dan\u00e7aram porque seus padrinhos pol\u00edticos deixaram de cumprir o s\u00e9rio compromisso acertado com Luiz In\u00e1cio logo ap\u00f3s as elei\u00e7\u00f5es de 2022. Seus afilhados teriam os t\u00e3o sonhados carguinhos, desde que ajudassem o governo em propostas de interesse do Executivo e, por extens\u00e3o, do povo brasileiro. Na semana, deliberadamente o Centr\u00e3o deixou caducar a medida provis\u00f3ria que taxava investimentos e apostas digitais. \u00c9 claro que ningu\u00e9m \u00e9 obrigado a retribuir por nada que recebe, mas ficar contra quem sempre te ajudou \u00e9 ingratid\u00e3o demais. Como diz o velho ditado, aos ingratos resta a forca.<\/p>\n<p>Desconhe\u00e7o o quantitativo dos batimentos card\u00edacos do presidente da Rep\u00fablica, mas posso imaginar como est\u00e1 queimando a mufa daqueles que n\u00e3o conseguem viver sem uma boquinha p\u00fablica. Sobre Lula da silva, \u00e9 bom que ele aprenda de uma vez por todas que decep\u00e7\u00e3o \u00e9 o pre\u00e7o da ingratid\u00e3o e da expectativa criada em cima de uma grande ilus\u00e3o. Ou seja, acreditar em promessas feitas pelas lideran\u00e7as do Centr\u00e3o \u00e9 o mesmo que crer que esses l\u00edderes s\u00e3o t\u00e3o onipotentes e onipresentes como o Dono do mundo. N\u00e3o s\u00e3o. Nunca ser\u00e3o. Eles n\u00e3o podem tudo. Deus s\u00f3 ajuda a quem trabalha.<\/p>\n<p>Ainda que tardiamente, o ideal \u00e9 que os mandat\u00e1rios aprendam com os que j\u00e1 estiveram em situa\u00e7\u00e3o semelhante a n\u00e3o sofrer igual a eles. A um ano das elei\u00e7\u00f5es presidenciais, \u00e9 claro que a decis\u00e3o de defenestrar do governo a turma que s\u00f3 quer se dar bem pode ser uma faca de dois gumes. Ao mesmo tempo em que vai acirrar a birra da oposi\u00e7\u00e3o, a tesourada deve gerar saias justas para os l\u00edderes patriotas. Afinal, contribuir para deixar 378 senhores e senhoras desempregados talvez signifique a perda de bons votos na tentativa de voltar \u00e0 C\u00e2mara e ao Senado. Como ficar\u00e3o as m\u00e1scaras caso Lula seja reeleito? Por enquanto, \u00e9 rir para n\u00e3o chorar.<\/p>\n","protected":false},"excerpt":{"rendered":"<p>Enquanto o presidente Donald Trump anunciava oficialmente o cessar-fogo em Gaza aos l\u00edderes \u00e1rabes, o presidente Luiz In\u00e1cio Lula da Silva se encontrava no Vaticano com o papa Le\u00e3o XIV. Pol\u00edticos com tr\u00e2nsito de tr\u00e1s para frente, de frente para tr\u00e1s e, com maestria, navegando nos ricos mares do Centr\u00e3o, n\u00e3o escondem que a visita [&hellip;]<\/p>\n","protected":false},"author":2,"featured_media":201394,"comment_status":"closed","ping_status":"closed","sticky":false,"template":"","format":"standard","meta":{"_acf_changed":false,"footnotes":""},"categories":[16],"tags":[95],"class_list":["post-367330","post","type-post","status-publish","format-standard","has-post-thumbnail","hentry","category-brasil","tag-capa"],"acf":[],"_links":{"self":[{"href":"https:\/\/www.notibras.com\/site\/wp-json\/wp\/v2\/posts\/367330","targetHints":{"allow":["GET"]}}],"collection":[{"href":"https:\/\/www.notibras.com\/site\/wp-json\/wp\/v2\/posts"}],"about":[{"href":"https:\/\/www.notibras.com\/site\/wp-json\/wp\/v2\/types\/post"}],"author":[{"embeddable":true,"href":"https:\/\/www.notibras.com\/site\/wp-json\/wp\/v2\/users\/2"}],"replies":[{"embeddable":true,"href":"https:\/\/www.notibras.com\/site\/wp-json\/wp\/v2\/comments?post=367330"}],"version-history":[{"count":1,"href":"https:\/\/www.notibras.com\/site\/wp-json\/wp\/v2\/posts\/367330\/revisions"}],"predecessor-version":[{"id":367331,"href":"https:\/\/www.notibras.com\/site\/wp-json\/wp\/v2\/posts\/367330\/revisions\/367331"}],"wp:featuredmedia":[{"embeddable":true,"href":"https:\/\/www.notibras.com\/site\/wp-json\/wp\/v2\/media\/201394"}],"wp:attachment":[{"href":"https:\/\/www.notibras.com\/site\/wp-json\/wp\/v2\/media?parent=367330"}],"wp:term":[{"taxonomy":"category","embeddable":true,"href":"https:\/\/www.notibras.com\/site\/wp-json\/wp\/v2\/categories?post=367330"},{"taxonomy":"post_tag","embeddable":true,"href":"https:\/\/www.notibras.com\/site\/wp-json\/wp\/v2\/tags?post=367330"}],"curies":[{"name":"wp","href":"https:\/\/api.w.org\/{rel}","templated":true}]}}