{"id":367363,"date":"2025-10-15T04:11:56","date_gmt":"2025-10-15T07:11:56","guid":{"rendered":"https:\/\/www.notibras.com\/site\/?p=367363"},"modified":"2025-10-15T04:11:56","modified_gmt":"2025-10-15T07:11:56","slug":"templarios-e-macons-no-periodo-da-idade-media","status":"publish","type":"post","link":"https:\/\/www.notibras.com\/site\/templarios-e-macons-no-periodo-da-idade-media\/","title":{"rendered":"Templ\u00e1rios e ma\u00e7ons no per\u00edodo da Idade M\u00e9dia"},"content":{"rendered":"<p>Durante a Idade M\u00e9dia, diversas associa\u00e7\u00f5es secretas desempenharam pap\u00e9is importantes na sociedade, muitas vezes misturando misticismo, pol\u00edtica, religi\u00e3o e ci\u00eancia. Essas organiza\u00e7\u00f5es buscavam preservar saberes, defender interesses espec\u00edficos ou proteger seus membros em per\u00edodos de persegui\u00e7\u00e3o ou instabilidade social. Das mais citadas e envoltas em mist\u00e9rios temos a Ordem dos Cavaleiros Templ\u00e1rios e a Ma\u00e7onaria.<\/p>\n<p>Ambas atravessaram os s\u00e9culos de hist\u00f3ria e quanto mais se exp\u00f5em, mais ocultas e misteriosas elas se apresentam aos olhos dos, chamados, profanos. Fundada em 1118, a Ordem dos Pobres Cavaleiros de Cristo e do Templo de Salom\u00e3o, foi uma das mais famosas ordens militares crist\u00e3s da Idade M\u00e9dia. Fundada no in\u00edcio do s\u00e9culo XII, a ordem desempenhou um papel crucial durante as Cruzadas, tanto militar quanto economicamente. . Ficou extremamente rica e poderosa, com vastas propriedades e influ\u00eancia pol\u00edtica. Com seus rituais internos, s\u00edmbolos e supostos conhecimentos ocultos alimentaram lendas mesmo ap\u00f3s sua extin\u00e7\u00e3o oficial em 1312.<\/p>\n<p>A ordem foi estabelecida por volta de 1119 por Hugo de Payens e oito cavaleiros franceses. Eles receberam a aprova\u00e7\u00e3o oficial da Igreja Cat\u00f3lica em 1129. Seu prop\u00f3sito original era a prote\u00e7\u00e3o dos peregrinos crist\u00e3os que viajavam para a Terra Santa ap\u00f3s a Primeira Cruzada. A ordem rapidamente cresceu em poder e riqueza, recebendo doa\u00e7\u00f5es de terras e dinheiro de nobres europeus. Sua independ\u00eancia era tanta que s\u00f3 respondiam por seus atos diretamente ao Papa, ningu\u00e9m mais! Com estrutura hier\u00e1rquica r\u00edgida, com o Gr\u00e3o-Mestre no topo, seguido por comandantes e cavaleiros. Seus membros faziam votos de pobreza, castidade e obedi\u00eancia, vivendo como monges guerreiros. No in\u00edcio do s\u00e9culo XIV, a ordem caiu em desgra\u00e7a.<\/p>\n<p>O rei Filipe IV da Fran\u00e7a, endividado com eles, pressionou o Papa Clemente V a suprimir a ordem. Em 1312, a ordem foi oficialmente dissolvida pelo Papa, e muitos templ\u00e1rios foram presos, torturados e executados sob acusa\u00e7\u00f5es de heresia. Historicamente, os Templ\u00e1rios foram fundamentais nas Cruzadas, oferecendo prote\u00e7\u00e3o militar e apoio log\u00edstico. Sua exist\u00eancia simbolizava a uni\u00e3o de valores religiosos e militares. Desenvolveram um sistema banc\u00e1rio primitivo, permitindo transfer\u00eancias de dinheiro e propriedades, o que facilitou o com\u00e9rcio e as finan\u00e7as na Europa medieval.<\/p>\n<p>A ordem alimentou lendas e teorias conspirat\u00f3rias ao longo dos s\u00e9culos, inspirando obras liter\u00e1rias e culturais. Sua hist\u00f3ria \u00e9 envolta em mist\u00e9rio e simbolismo. Os rituais secretos dos Templ\u00e1rios s\u00e3o um dos temas mais envoltos em mist\u00e9rio e especula\u00e7\u00e3o da hist\u00f3ria medieval, misturando fatos, lendas e acusa\u00e7\u00f5es de seus perseguidores. A maior parte do que se conhece sobre esses rituais vem de relatos indiretos, confiss\u00f5es sob tortura e cr\u00f4nicas posteriores, j\u00e1 que a ordem fazia quest\u00e3o de preservar o sigilo de suas pr\u00e1ticas internas.<\/p>\n<p>O ingresso na ordem era cercado de simbolismo e segredo. O iniciado era conduzido de olhos vendados, em sil\u00eancio e escurid\u00e3o, simbolizando \u201cmorte para o mundo profano\u201d e \u201crenascimento para o sagrado. Havia provas de coragem, lealdade e sil\u00eancio. O novo membro era instru\u00eddo sobre as regras da ordem e fazia votos de obedi\u00eancia, castidade e pobreza. Era comum a pr\u00e1tica simb\u00f3lica da \u201crenascita\u201d: o candidato passava por momentos de priva\u00e7\u00e3o sensorial (vendado, em sil\u00eancio), e s\u00f3 ent\u00e3o era apresentado \u00e0 luz, simbolizando ilumina\u00e7\u00e3o espiritual. Devido ao seu car\u00e1ter secreto, foram criados mitos sobre a inicia\u00e7\u00e3o como, o candidato confessava segredos pessoais ou pecados, que eram guardados sigilosamente pela ordem, como forma de garantir lealdade e compromisso.<\/p>\n<p>Usavam palavras de passe e sinais secretos para reconhecer outros membros e garantir a seguran\u00e7a e exclusividade de suas reuni\u00f5es. Outro mito pol\u00eamico, citado nas confiss\u00f5es for\u00e7adas, era o chamado \u201cbeijo pol\u00eamico\u201d ou \u201cbeijo de inicia\u00e7\u00e3o\u201d, que supostamente envolvia o iniciado beijar o Gr\u00e3o-Mestre em diferentes partes do corpo, simbolizando submiss\u00e3o e fraternidade. Isso foi usado como principal argumento nas acusa\u00e7\u00f5es de heresia e pr\u00e1ticas indecentes, mas h\u00e1 grande controv\u00e9rsia sobre sua veracidade. Sob tortura, alguns templ\u00e1rios confessaram adorar uma entidade chamada Baphomet, descrita como uma cabe\u00e7a misteriosa ou \u00eddolo. Mas, n\u00e3o h\u00e1 provas de que esse culto realmente existisse.<\/p>\n<p>A ordem era famosa por proteger segredos e supostos artefatos sagrados, como o Santo Graal ou a Arca da Alian\u00e7a, mas n\u00e3o h\u00e1 comprova\u00e7\u00e3o hist\u00f3rica direta. Parte do ritual de inicia\u00e7\u00e3o envolvia a promessa de segredo absoluto sobre os mist\u00e9rios da ordem, seus rituais, conhecimentos e poss\u00edveis tesouros sob pena de morte. Este juramento de sil\u00eancio era considerado sagrado e inviol\u00e1vel, sendo uma das raz\u00f5es pelas quais muito do conhecimento templ\u00e1rio permanece envolto em mist\u00e9rio at\u00e9 hoje. A conex\u00e3o entre os Templ\u00e1rios e a Ma\u00e7onaria \u00e9 um tema que mistura hist\u00f3ria, lenda e especula\u00e7\u00e3o.<\/p>\n<p>Embora sem evid\u00eancias concretas de que a Ordem dos Templ\u00e1rios tenha sido absorvida pela Ma\u00e7onaria, existem v\u00e1rias teorias e mitos sobre como elementos templ\u00e1rios podem ter influenciado tradi\u00e7\u00f5es ma\u00e7\u00f4nicas posteriores. Ao ser dissolvida, muitos templ\u00e1rios foram presos, julgados e executados, enquanto suas propriedades foram confiscadas. Remanescentes da ordem podem ter se integrado a outras ordens militares ou religiosas. Outros podem ter se dispersado pela Europa, levando consigo conhecimentos e tradi\u00e7\u00f5es. Oficialmente, a ma\u00e7onaria surgiu no s\u00e9culo XVII.<\/p>\n<p>Por\u00e9m, existem ind\u00edcios de que ela \u00e9 muito mais antiga e foi se adaptando e se transformando ao longo dos s\u00e9culos. Ela \u00e9 uma sociedade secreta que utiliza simbolismo arquitet\u00f4nico e alegorias para transmitir ensinamentos filos\u00f3ficos. Algumas tradi\u00e7\u00f5es ma\u00e7\u00f4nicas, usam rituais secretos e s\u00edmbolos esot\u00e9ricos, que sugerem pr\u00e1ticas templ\u00e1rias ou de grupos mais antigos. Te\u00f3ricos Esot\u00e9ricos, sugerem que conhecimentos ocultos e tradi\u00e7\u00f5es secretas dos Templ\u00e1rios, entre outros, foram transmitidos oralmente ou atrav\u00e9s de sociedades discretas ao longo dos s\u00e9culos, eventualmente influenciando a Ma\u00e7onaria.<\/p>\n<p>Apesar da conex\u00e3o n\u00e3o ser historicamente comprovada, a narrativa da continuidade templ\u00e1ria-ma\u00e7\u00f4nica \u00e9 parte do rico mosaico de tradi\u00e7\u00e3o e mist\u00e9rio que envolve ambas as organiza\u00e7\u00f5es. Enquanto a ordem dos Templ\u00e1rios agrega monges guerreiros a Ma\u00e7onaria agrega as corpora\u00e7\u00f5es de of\u00edcio, trabalhadores bra\u00e7ais que comungavam a mesma profiss\u00e3o: pedreiros e mestres canteiros. L\u00e1 discutiam seus segredos profissionais e questionamentos pessoais acerca de tudo e de todos. Enquanto os Templ\u00e1rios moldavam a ferro, fogo a economia e a cultura da Europa medieval, a Ma\u00e7onaria abrigava as corpora\u00e7\u00f5es e seus oper\u00e1rios, realizando as obras em pedra por onde passava. Os Templ\u00e1rios representam a coragem, f\u00e9 crist\u00e3 e controv\u00e9rsias.<\/p>\n<p>A Ma\u00e7onaria abrigava todos os credos e cren\u00e7as e sob suas asas muitos foram salvos da inquisi\u00e7\u00e3o. Fato que a tornou uma fraternidade de homens livres e de bons costumes. Eu te convido a ler o livro &#8220;O Papa Negro&#8221;, de Ernesto Mezzabotta. \u00c9 uma obra que mistura fic\u00e7\u00e3o e especula\u00e7\u00e3o hist\u00f3rica para explorar a transi\u00e7\u00e3o dos Templ\u00e1rios para as ordens ma\u00e7\u00f4nicas e a funda\u00e7\u00e3o dos Jesu\u00edtas. Ap\u00f3s a dissolu\u00e7\u00e3o dos Templ\u00e1rios, muitos cavaleiros foram perseguidos, alguns conseguiram escapar e se refugiar em regi\u00f5es seguras, levando consigo conhecimentos e tradi\u00e7\u00f5es secretas. Segundo a narrativa, os Templ\u00e1rios teriam passado seus conhecimentos esot\u00e9ricos, rituais e tradi\u00e7\u00f5es para grupos que eventualmente influenciaram a forma\u00e7\u00e3o das sociedades ma\u00e7\u00f4nicas. Isso inclui simbolismo, a pr\u00e1tica de rituais secretos e a ideia de irmandade.<\/p>\n<p>A Ma\u00e7onaria, que emergiu oficialmente no s\u00e9culo XVII, incorporou muitos s\u00edmbolos e alegorias que podem ter reminisc\u00eancias das pr\u00e1ticas templ\u00e1rias. No entanto, n\u00e3o h\u00e1 evid\u00eancias hist\u00f3ricas concretas dessa continuidade direta. J\u00e1, a Companhia de Jesus, ou Ordem dos Jesu\u00edtas, foi fundada em 1540 por In\u00e1cio de Loyola, um ex-soldado espanhol que se converteu ap\u00f3s uma experi\u00eancia espiritual transformadora. Eles foram criados para defender e propagar a f\u00e9 cat\u00f3lica durante a Contrarreforma, em resposta ao avan\u00e7o do protestantismo. Ao se dedicar \u00e0 educa\u00e7\u00e3o, evangeliza\u00e7\u00e3o e servi\u00e7o social, tornam-se influentes em v\u00e1rios reinados e partes do mundo.<\/p>\n<p>A ordem \u00e9 conhecida por sua disciplina militar, educa\u00e7\u00e3o rigorosa e obedi\u00eancia direta ao Papa. Jesu\u00edtas tornaram-se conselheiros influentes de reis e papas, desempenhando pap\u00e9is cruciais na pol\u00edtica e na religi\u00e3o. As conex\u00f5es entre Templ\u00e1rios, Ma\u00e7onaria e Jesu\u00edtas s\u00e3o frequentemente exploradas em obras de fic\u00e7\u00e3o e teoria da conspira\u00e7\u00e3o, mas devem ser vistas com cautela. Historicamente, s\u00e3o tradi\u00e7\u00f5es distintas com origens e prop\u00f3sitos diferentes. Tanto os Templ\u00e1rios quanto os Jesu\u00edtas deixaram legados significativos, influenciando a cultura, a pol\u00edtica e a religi\u00e3o em suas respectivas \u00e9pocas.<\/p>\n<p>&#8230;&#8230;&#8230;&#8230;&#8230;&#8230;<\/p>\n<p><strong>Marco Mammoli, Mestre Conselheiro e membro do conselho do Col\u00e9gio de Magos e Sacerdotisas. Voc\u00ea pode entrar em contato com o Col\u00e9gio dos Magos e Sacerdotisas atrav\u00e9s da Bio, Direct e o Whatsapp: 81 997302139.<\/strong><\/p>\n","protected":false},"excerpt":{"rendered":"<p>Durante a Idade M\u00e9dia, diversas associa\u00e7\u00f5es secretas desempenharam pap\u00e9is importantes na sociedade, muitas vezes misturando misticismo, pol\u00edtica, religi\u00e3o e ci\u00eancia. Essas organiza\u00e7\u00f5es buscavam preservar saberes, defender interesses espec\u00edficos ou proteger seus membros em per\u00edodos de persegui\u00e7\u00e3o ou instabilidade social. Das mais citadas e envoltas em mist\u00e9rios temos a Ordem dos Cavaleiros Templ\u00e1rios e a Ma\u00e7onaria. [&hellip;]<\/p>\n","protected":false},"author":2,"featured_media":367364,"comment_status":"closed","ping_status":"closed","sticky":false,"template":"","format":"standard","meta":{"_acf_changed":false,"footnotes":""},"categories":[237],"tags":[],"class_list":["post-367363","post","type-post","status-publish","format-standard","has-post-thumbnail","hentry","category-oraculos"],"acf":[],"yoast_head":"<!-- This site is optimized with the Yoast SEO plugin v27.2 - https:\/\/yoast.com\/product\/yoast-seo-wordpress\/ -->\n<title>Templ\u00e1rios e ma\u00e7ons no per\u00edodo da Idade M\u00e9dia - Notibras<\/title>\n<meta name=\"robots\" content=\"index, follow, max-snippet:-1, max-image-preview:large, max-video-preview:-1\" \/>\n<link rel=\"canonical\" href=\"https:\/\/www.notibras.com\/site\/templarios-e-macons-no-periodo-da-idade-media\/\" \/>\n<meta property=\"og:locale\" content=\"pt_BR\" \/>\n<meta property=\"og:type\" content=\"article\" \/>\n<meta property=\"og:title\" content=\"Templ\u00e1rios e ma\u00e7ons no per\u00edodo da Idade M\u00e9dia - Notibras\" \/>\n<meta property=\"og:description\" content=\"Durante a Idade M\u00e9dia, diversas associa\u00e7\u00f5es secretas desempenharam pap\u00e9is importantes na sociedade, muitas vezes misturando misticismo, pol\u00edtica, religi\u00e3o e ci\u00eancia. Essas organiza\u00e7\u00f5es buscavam preservar saberes, defender interesses espec\u00edficos ou proteger seus membros em per\u00edodos de persegui\u00e7\u00e3o ou instabilidade social. Das mais citadas e envoltas em mist\u00e9rios temos a Ordem dos Cavaleiros Templ\u00e1rios e a Ma\u00e7onaria. [&hellip;]\" \/>\n<meta property=\"og:url\" content=\"https:\/\/www.notibras.com\/site\/templarios-e-macons-no-periodo-da-idade-media\/\" \/>\n<meta property=\"og:site_name\" content=\"Notibras\" \/>\n<meta property=\"article:publisher\" content=\"https:\/\/www.facebook.com\/notibras\/\" \/>\n<meta property=\"article:published_time\" content=\"2025-10-15T07:11:56+00:00\" \/>\n<meta property=\"og:image\" content=\"https:\/\/www.notibras.com\/site\/wp-content\/uploads\/2025\/10\/81497222-f0d3-4e06-a98d-df117a48aec5.jpeg\" \/>\n\t<meta property=\"og:image:width\" content=\"456\" \/>\n\t<meta property=\"og:image:height\" content=\"456\" \/>\n\t<meta property=\"og:image:type\" content=\"image\/jpeg\" \/>\n<meta name=\"author\" content=\"Reda\u00e7\u00e3o\" \/>\n<meta name=\"twitter:card\" content=\"summary_large_image\" \/>\n<meta name=\"twitter:creator\" content=\"@Notibras\" \/>\n<meta name=\"twitter:site\" content=\"@Notibras\" \/>\n<meta name=\"twitter:label1\" content=\"Escrito por\" \/>\n\t<meta name=\"twitter:data1\" content=\"Reda\u00e7\u00e3o\" \/>\n\t<meta name=\"twitter:label2\" content=\"Est. tempo de leitura\" \/>\n\t<meta name=\"twitter:data2\" content=\"8 minutos\" \/>\n<script type=\"application\/ld+json\" class=\"yoast-schema-graph\">{\"@context\":\"https:\/\/schema.org\",\"@graph\":[{\"@type\":\"Article\",\"@id\":\"https:\/\/www.notibras.com\/site\/templarios-e-macons-no-periodo-da-idade-media\/#article\",\"isPartOf\":{\"@id\":\"https:\/\/www.notibras.com\/site\/templarios-e-macons-no-periodo-da-idade-media\/\"},\"author\":{\"name\":\"Reda\u00e7\u00e3o\",\"@id\":\"https:\/\/www.notibras.com\/site\/#\/schema\/person\/36ab0979449956132d3e5b517ea76ac8\"},\"headline\":\"Templ\u00e1rios e ma\u00e7ons no per\u00edodo da Idade M\u00e9dia\",\"datePublished\":\"2025-10-15T07:11:56+00:00\",\"mainEntityOfPage\":{\"@id\":\"https:\/\/www.notibras.com\/site\/templarios-e-macons-no-periodo-da-idade-media\/\"},\"wordCount\":1574,\"publisher\":{\"@id\":\"https:\/\/www.notibras.com\/site\/#organization\"},\"image\":{\"@id\":\"https:\/\/www.notibras.com\/site\/templarios-e-macons-no-periodo-da-idade-media\/#primaryimage\"},\"thumbnailUrl\":\"https:\/\/www.notibras.com\/site\/wp-content\/uploads\/2025\/10\/81497222-f0d3-4e06-a98d-df117a48aec5.jpeg\",\"articleSection\":[\"Or\u00e1culos\"],\"inLanguage\":\"pt-BR\"},{\"@type\":\"WebPage\",\"@id\":\"https:\/\/www.notibras.com\/site\/templarios-e-macons-no-periodo-da-idade-media\/\",\"url\":\"https:\/\/www.notibras.com\/site\/templarios-e-macons-no-periodo-da-idade-media\/\",\"name\":\"Templ\u00e1rios e ma\u00e7ons no per\u00edodo da Idade M\u00e9dia - Notibras\",\"isPartOf\":{\"@id\":\"https:\/\/www.notibras.com\/site\/#website\"},\"primaryImageOfPage\":{\"@id\":\"https:\/\/www.notibras.com\/site\/templarios-e-macons-no-periodo-da-idade-media\/#primaryimage\"},\"image\":{\"@id\":\"https:\/\/www.notibras.com\/site\/templarios-e-macons-no-periodo-da-idade-media\/#primaryimage\"},\"thumbnailUrl\":\"https:\/\/www.notibras.com\/site\/wp-content\/uploads\/2025\/10\/81497222-f0d3-4e06-a98d-df117a48aec5.jpeg\",\"datePublished\":\"2025-10-15T07:11:56+00:00\",\"breadcrumb\":{\"@id\":\"https:\/\/www.notibras.com\/site\/templarios-e-macons-no-periodo-da-idade-media\/#breadcrumb\"},\"inLanguage\":\"pt-BR\",\"potentialAction\":[{\"@type\":\"ReadAction\",\"target\":[\"https:\/\/www.notibras.com\/site\/templarios-e-macons-no-periodo-da-idade-media\/\"]}]},{\"@type\":\"ImageObject\",\"inLanguage\":\"pt-BR\",\"@id\":\"https:\/\/www.notibras.com\/site\/templarios-e-macons-no-periodo-da-idade-media\/#primaryimage\",\"url\":\"https:\/\/www.notibras.com\/site\/wp-content\/uploads\/2025\/10\/81497222-f0d3-4e06-a98d-df117a48aec5.jpeg\",\"contentUrl\":\"https:\/\/www.notibras.com\/site\/wp-content\/uploads\/2025\/10\/81497222-f0d3-4e06-a98d-df117a48aec5.jpeg\",\"width\":456,\"height\":456},{\"@type\":\"BreadcrumbList\",\"@id\":\"https:\/\/www.notibras.com\/site\/templarios-e-macons-no-periodo-da-idade-media\/#breadcrumb\",\"itemListElement\":[{\"@type\":\"ListItem\",\"position\":1,\"name\":\"In\u00edcio\",\"item\":\"https:\/\/www.notibras.com\/site\/\"},{\"@type\":\"ListItem\",\"position\":2,\"name\":\"Templ\u00e1rios e ma\u00e7ons no per\u00edodo da Idade M\u00e9dia\"}]},{\"@type\":\"WebSite\",\"@id\":\"https:\/\/www.notibras.com\/site\/#website\",\"url\":\"https:\/\/www.notibras.com\/site\/\",\"name\":\"Notibras\",\"description\":\"Not\u00edcias de Bras\u00edlia, do Brasil e do Mundo\",\"publisher\":{\"@id\":\"https:\/\/www.notibras.com\/site\/#organization\"},\"potentialAction\":[{\"@type\":\"SearchAction\",\"target\":{\"@type\":\"EntryPoint\",\"urlTemplate\":\"https:\/\/www.notibras.com\/site\/?s={search_term_string}\"},\"query-input\":{\"@type\":\"PropertyValueSpecification\",\"valueRequired\":true,\"valueName\":\"search_term_string\"}}],\"inLanguage\":\"pt-BR\"},{\"@type\":\"Organization\",\"@id\":\"https:\/\/www.notibras.com\/site\/#organization\",\"name\":\"Grupo Notibras de Comunica\u00e7\u00e3o\",\"url\":\"https:\/\/www.notibras.com\/site\/\",\"logo\":{\"@type\":\"ImageObject\",\"inLanguage\":\"pt-BR\",\"@id\":\"https:\/\/www.notibras.com\/site\/#\/schema\/logo\/image\/\",\"url\":\"https:\/\/www.notibras.com\/site\/wp-content\/uploads\/2023\/01\/notibras23.png\",\"contentUrl\":\"https:\/\/www.notibras.com\/site\/wp-content\/uploads\/2023\/01\/notibras23.png\",\"width\":350,\"height\":87,\"caption\":\"Grupo Notibras de Comunica\u00e7\u00e3o\"},\"image\":{\"@id\":\"https:\/\/www.notibras.com\/site\/#\/schema\/logo\/image\/\"},\"sameAs\":[\"https:\/\/www.facebook.com\/notibras\/\",\"https:\/\/x.com\/Notibras\",\"https:\/\/www.instagram.com\/notibras\/\"]},{\"@type\":\"Person\",\"@id\":\"https:\/\/www.notibras.com\/site\/#\/schema\/person\/36ab0979449956132d3e5b517ea76ac8\",\"name\":\"Reda\u00e7\u00e3o\",\"image\":{\"@type\":\"ImageObject\",\"inLanguage\":\"pt-BR\",\"@id\":\"https:\/\/secure.gravatar.com\/avatar\/e0a867bdedb85fd243eadf09663511f96fc81e0720a4a42581f334ad4303aa6b?s=96&d=mm&r=g\",\"url\":\"https:\/\/secure.gravatar.com\/avatar\/e0a867bdedb85fd243eadf09663511f96fc81e0720a4a42581f334ad4303aa6b?s=96&d=mm&r=g\",\"contentUrl\":\"https:\/\/secure.gravatar.com\/avatar\/e0a867bdedb85fd243eadf09663511f96fc81e0720a4a42581f334ad4303aa6b?s=96&d=mm&r=g\",\"caption\":\"Reda\u00e7\u00e3o\"}}]}<\/script>\n<!-- \/ Yoast SEO plugin. -->","yoast_head_json":{"title":"Templ\u00e1rios e ma\u00e7ons no per\u00edodo da Idade M\u00e9dia - Notibras","robots":{"index":"index","follow":"follow","max-snippet":"max-snippet:-1","max-image-preview":"max-image-preview:large","max-video-preview":"max-video-preview:-1"},"canonical":"https:\/\/www.notibras.com\/site\/templarios-e-macons-no-periodo-da-idade-media\/","og_locale":"pt_BR","og_type":"article","og_title":"Templ\u00e1rios e ma\u00e7ons no per\u00edodo da Idade M\u00e9dia - Notibras","og_description":"Durante a Idade M\u00e9dia, diversas associa\u00e7\u00f5es secretas desempenharam pap\u00e9is importantes na sociedade, muitas vezes misturando misticismo, pol\u00edtica, religi\u00e3o e ci\u00eancia. Essas organiza\u00e7\u00f5es buscavam preservar saberes, defender interesses espec\u00edficos ou proteger seus membros em per\u00edodos de persegui\u00e7\u00e3o ou instabilidade social. Das mais citadas e envoltas em mist\u00e9rios temos a Ordem dos Cavaleiros Templ\u00e1rios e a Ma\u00e7onaria. [&hellip;]","og_url":"https:\/\/www.notibras.com\/site\/templarios-e-macons-no-periodo-da-idade-media\/","og_site_name":"Notibras","article_publisher":"https:\/\/www.facebook.com\/notibras\/","article_published_time":"2025-10-15T07:11:56+00:00","og_image":[{"width":456,"height":456,"url":"https:\/\/www.notibras.com\/site\/wp-content\/uploads\/2025\/10\/81497222-f0d3-4e06-a98d-df117a48aec5.jpeg","type":"image\/jpeg"}],"author":"Reda\u00e7\u00e3o","twitter_card":"summary_large_image","twitter_creator":"@Notibras","twitter_site":"@Notibras","twitter_misc":{"Escrito por":"Reda\u00e7\u00e3o","Est. tempo de leitura":"8 minutos"},"schema":{"@context":"https:\/\/schema.org","@graph":[{"@type":"Article","@id":"https:\/\/www.notibras.com\/site\/templarios-e-macons-no-periodo-da-idade-media\/#article","isPartOf":{"@id":"https:\/\/www.notibras.com\/site\/templarios-e-macons-no-periodo-da-idade-media\/"},"author":{"name":"Reda\u00e7\u00e3o","@id":"https:\/\/www.notibras.com\/site\/#\/schema\/person\/36ab0979449956132d3e5b517ea76ac8"},"headline":"Templ\u00e1rios e ma\u00e7ons no per\u00edodo da Idade M\u00e9dia","datePublished":"2025-10-15T07:11:56+00:00","mainEntityOfPage":{"@id":"https:\/\/www.notibras.com\/site\/templarios-e-macons-no-periodo-da-idade-media\/"},"wordCount":1574,"publisher":{"@id":"https:\/\/www.notibras.com\/site\/#organization"},"image":{"@id":"https:\/\/www.notibras.com\/site\/templarios-e-macons-no-periodo-da-idade-media\/#primaryimage"},"thumbnailUrl":"https:\/\/www.notibras.com\/site\/wp-content\/uploads\/2025\/10\/81497222-f0d3-4e06-a98d-df117a48aec5.jpeg","articleSection":["Or\u00e1culos"],"inLanguage":"pt-BR"},{"@type":"WebPage","@id":"https:\/\/www.notibras.com\/site\/templarios-e-macons-no-periodo-da-idade-media\/","url":"https:\/\/www.notibras.com\/site\/templarios-e-macons-no-periodo-da-idade-media\/","name":"Templ\u00e1rios e ma\u00e7ons no per\u00edodo da Idade M\u00e9dia - Notibras","isPartOf":{"@id":"https:\/\/www.notibras.com\/site\/#website"},"primaryImageOfPage":{"@id":"https:\/\/www.notibras.com\/site\/templarios-e-macons-no-periodo-da-idade-media\/#primaryimage"},"image":{"@id":"https:\/\/www.notibras.com\/site\/templarios-e-macons-no-periodo-da-idade-media\/#primaryimage"},"thumbnailUrl":"https:\/\/www.notibras.com\/site\/wp-content\/uploads\/2025\/10\/81497222-f0d3-4e06-a98d-df117a48aec5.jpeg","datePublished":"2025-10-15T07:11:56+00:00","breadcrumb":{"@id":"https:\/\/www.notibras.com\/site\/templarios-e-macons-no-periodo-da-idade-media\/#breadcrumb"},"inLanguage":"pt-BR","potentialAction":[{"@type":"ReadAction","target":["https:\/\/www.notibras.com\/site\/templarios-e-macons-no-periodo-da-idade-media\/"]}]},{"@type":"ImageObject","inLanguage":"pt-BR","@id":"https:\/\/www.notibras.com\/site\/templarios-e-macons-no-periodo-da-idade-media\/#primaryimage","url":"https:\/\/www.notibras.com\/site\/wp-content\/uploads\/2025\/10\/81497222-f0d3-4e06-a98d-df117a48aec5.jpeg","contentUrl":"https:\/\/www.notibras.com\/site\/wp-content\/uploads\/2025\/10\/81497222-f0d3-4e06-a98d-df117a48aec5.jpeg","width":456,"height":456},{"@type":"BreadcrumbList","@id":"https:\/\/www.notibras.com\/site\/templarios-e-macons-no-periodo-da-idade-media\/#breadcrumb","itemListElement":[{"@type":"ListItem","position":1,"name":"In\u00edcio","item":"https:\/\/www.notibras.com\/site\/"},{"@type":"ListItem","position":2,"name":"Templ\u00e1rios e ma\u00e7ons no per\u00edodo da Idade M\u00e9dia"}]},{"@type":"WebSite","@id":"https:\/\/www.notibras.com\/site\/#website","url":"https:\/\/www.notibras.com\/site\/","name":"Notibras","description":"Not\u00edcias de Bras\u00edlia, do Brasil e do Mundo","publisher":{"@id":"https:\/\/www.notibras.com\/site\/#organization"},"potentialAction":[{"@type":"SearchAction","target":{"@type":"EntryPoint","urlTemplate":"https:\/\/www.notibras.com\/site\/?s={search_term_string}"},"query-input":{"@type":"PropertyValueSpecification","valueRequired":true,"valueName":"search_term_string"}}],"inLanguage":"pt-BR"},{"@type":"Organization","@id":"https:\/\/www.notibras.com\/site\/#organization","name":"Grupo Notibras de Comunica\u00e7\u00e3o","url":"https:\/\/www.notibras.com\/site\/","logo":{"@type":"ImageObject","inLanguage":"pt-BR","@id":"https:\/\/www.notibras.com\/site\/#\/schema\/logo\/image\/","url":"https:\/\/www.notibras.com\/site\/wp-content\/uploads\/2023\/01\/notibras23.png","contentUrl":"https:\/\/www.notibras.com\/site\/wp-content\/uploads\/2023\/01\/notibras23.png","width":350,"height":87,"caption":"Grupo Notibras de Comunica\u00e7\u00e3o"},"image":{"@id":"https:\/\/www.notibras.com\/site\/#\/schema\/logo\/image\/"},"sameAs":["https:\/\/www.facebook.com\/notibras\/","https:\/\/x.com\/Notibras","https:\/\/www.instagram.com\/notibras\/"]},{"@type":"Person","@id":"https:\/\/www.notibras.com\/site\/#\/schema\/person\/36ab0979449956132d3e5b517ea76ac8","name":"Reda\u00e7\u00e3o","image":{"@type":"ImageObject","inLanguage":"pt-BR","@id":"https:\/\/secure.gravatar.com\/avatar\/e0a867bdedb85fd243eadf09663511f96fc81e0720a4a42581f334ad4303aa6b?s=96&d=mm&r=g","url":"https:\/\/secure.gravatar.com\/avatar\/e0a867bdedb85fd243eadf09663511f96fc81e0720a4a42581f334ad4303aa6b?s=96&d=mm&r=g","contentUrl":"https:\/\/secure.gravatar.com\/avatar\/e0a867bdedb85fd243eadf09663511f96fc81e0720a4a42581f334ad4303aa6b?s=96&d=mm&r=g","caption":"Reda\u00e7\u00e3o"}}]}},"amp_enabled":true,"_links":{"self":[{"href":"https:\/\/www.notibras.com\/site\/wp-json\/wp\/v2\/posts\/367363","targetHints":{"allow":["GET"]}}],"collection":[{"href":"https:\/\/www.notibras.com\/site\/wp-json\/wp\/v2\/posts"}],"about":[{"href":"https:\/\/www.notibras.com\/site\/wp-json\/wp\/v2\/types\/post"}],"author":[{"embeddable":true,"href":"https:\/\/www.notibras.com\/site\/wp-json\/wp\/v2\/users\/2"}],"replies":[{"embeddable":true,"href":"https:\/\/www.notibras.com\/site\/wp-json\/wp\/v2\/comments?post=367363"}],"version-history":[{"count":1,"href":"https:\/\/www.notibras.com\/site\/wp-json\/wp\/v2\/posts\/367363\/revisions"}],"predecessor-version":[{"id":367365,"href":"https:\/\/www.notibras.com\/site\/wp-json\/wp\/v2\/posts\/367363\/revisions\/367365"}],"wp:featuredmedia":[{"embeddable":true,"href":"https:\/\/www.notibras.com\/site\/wp-json\/wp\/v2\/media\/367364"}],"wp:attachment":[{"href":"https:\/\/www.notibras.com\/site\/wp-json\/wp\/v2\/media?parent=367363"}],"wp:term":[{"taxonomy":"category","embeddable":true,"href":"https:\/\/www.notibras.com\/site\/wp-json\/wp\/v2\/categories?post=367363"},{"taxonomy":"post_tag","embeddable":true,"href":"https:\/\/www.notibras.com\/site\/wp-json\/wp\/v2\/tags?post=367363"}],"curies":[{"name":"wp","href":"https:\/\/api.w.org\/{rel}","templated":true}]}}