{"id":367369,"date":"2025-10-15T04:25:23","date_gmt":"2025-10-15T07:25:23","guid":{"rendered":"https:\/\/www.notibras.com\/site\/?p=367369"},"modified":"2025-10-15T04:25:23","modified_gmt":"2025-10-15T07:25:23","slug":"migracao-interna-forca-o-crescimento-das-cidades","status":"publish","type":"post","link":"https:\/\/www.notibras.com\/site\/migracao-interna-forca-o-crescimento-das-cidades\/","title":{"rendered":"Migra\u00e7\u00e3o interna for\u00e7a o crescimento das cidades"},"content":{"rendered":"<p>No Nordeste brasileiro, a paisagem urbana est\u00e1 em constante transforma\u00e7\u00e3o. Capitais como Recife, Salvador e Fortaleza registram crescimento acelerado, impulsionado por um fen\u00f4meno que molda a regi\u00e3o h\u00e1 d\u00e9cadas: a migra\u00e7\u00e3o interna. Fam\u00edlias deixam cidades pequenas ou \u00e1reas rurais em busca de oportunidades de trabalho, educa\u00e7\u00e3o e melhores condi\u00e7\u00f5es de vida, trazendo consigo sonhos, desafios e a necessidade de adapta\u00e7\u00e3o a um novo ambiente.<\/p>\n<p>Entre os fatores que motivam essa migra\u00e7\u00e3o, destacam-se a crise na agricultura familiar, agravada por secas recorrentes, a busca por emprego nas \u00e1reas urbanas e a necessidade de acesso a servi\u00e7os de sa\u00fade e educa\u00e7\u00e3o mais qualificados. \u201cSa\u00edmos do interior de Pernambuco em 2019. N\u00e3o t\u00ednhamos emprego nem escola de qualidade para meus filhos. Aqui na capital, tudo \u00e9 mais caro, mas h\u00e1 mais oportunidades\u201d, relata Jos\u00e9 da Silva, 42 anos, morador da periferia de Recife.<\/p>\n<p>O crescimento urbano acelerado \u00e9 evidente nos n\u00fameros: de 2010 a 2023, Recife passou de 1,6 milh\u00e3o para 1,8 milh\u00e3o de habitantes, enquanto Fortaleza e Salvador registraram aumento populacional de cerca de 12%. Esse aumento r\u00e1pido, muitas vezes sem planejamento adequado, provoca desafios significativos para as cidades, como press\u00e3o sobre transporte p\u00fablico, moradia prec\u00e1ria, expans\u00e3o de bairros perif\u00e9ricos e sobrecarga dos servi\u00e7os b\u00e1sicos.<\/p>\n<p>Al\u00e9m dos impactos f\u00edsicos, a migra\u00e7\u00e3o interna altera a din\u00e2mica social e cultural das cidades. Migrantes enfrentam desafios de inclus\u00e3o, convivendo com desigualdade social e a necessidade de se adaptar a novas regras urbanas. Ao mesmo tempo, trazem diversidade cultural, enriquecendo as tradi\u00e7\u00f5es locais, mas tamb\u00e9m exigindo aten\u00e7\u00e3o para preservar identidades culturais e valores hist\u00f3ricos. Muitos acabam inseridos na economia informal, o que gera vulnerabilidade econ\u00f4mica e limita o acesso a direitos trabalhistas. \u201cA cidade recebe gente de todo o estado, e isso enriquece nossa cultura, mas tamb\u00e9m exige pol\u00edticas p\u00fablicas mais eficientes\u201d, comenta Dra. Mariana Lima, soci\u00f3loga da Universidade Federal da Bahia.<\/p>\n<p>Diante desse cen\u00e1rio, surgem propostas para tornar o crescimento urbano mais sustent\u00e1vel e inclusivo. Urbanismo planejado pode organizar novos bairros com infraestrutura adequada, transporte p\u00fablico eficiente e \u00e1reas verdes. Incentivar o desenvolvimento rural ajuda a reduzir a migra\u00e7\u00e3o por necessidade, mantendo atividades econ\u00f4micas em cidades menores. Al\u00e9m disso, educa\u00e7\u00e3o e capacita\u00e7\u00e3o profissional podem preparar migrantes e jovens locais para o mercado de trabalho, enquanto pol\u00edticas sociais integradas promovem a inclus\u00e3o e a qualidade de vida.<\/p>\n<p>A migra\u00e7\u00e3o interna no Nordeste, portanto, n\u00e3o \u00e9 apenas um movimento de pessoas, mas um fen\u00f4meno que transforma economia, cultura e urbanismo. Ao mesmo tempo que apresenta desafios, oferece oportunidades \u00fanicas para o desenvolvimento sustent\u00e1vel da regi\u00e3o. Com planejamento estrat\u00e9gico, pol\u00edticas p\u00fablicas eficazes e aten\u00e7\u00e3o \u00e0 integra\u00e7\u00e3o social, \u00e9 poss\u00edvel que esse fluxo de pessoas seja a for\u00e7a que impulsiona o Nordeste para um futuro mais justo, din\u00e2mico e equilibrado.<\/p>\n<p>\u201cO desafio \u00e9 grande, mas o potencial de transformar vidas e cidades \u00e9 ainda maior. A migra\u00e7\u00e3o pode ser a for\u00e7a que impulsiona o Nordeste para um futuro mais sustent\u00e1vel e humano\u201d, conclui Mariana Lima.<\/p>\n","protected":false},"excerpt":{"rendered":"<p>No Nordeste brasileiro, a paisagem urbana est\u00e1 em constante transforma\u00e7\u00e3o. Capitais como Recife, Salvador e Fortaleza registram crescimento acelerado, impulsionado por um fen\u00f4meno que molda a regi\u00e3o h\u00e1 d\u00e9cadas: a migra\u00e7\u00e3o interna. Fam\u00edlias deixam cidades pequenas ou \u00e1reas rurais em busca de oportunidades de trabalho, educa\u00e7\u00e3o e melhores condi\u00e7\u00f5es de vida, trazendo consigo sonhos, desafios [&hellip;]<\/p>\n","protected":false},"author":2,"featured_media":367370,"comment_status":"closed","ping_status":"closed","sticky":false,"template":"","format":"standard","meta":{"_acf_changed":false,"footnotes":""},"categories":[165],"tags":[],"class_list":["post-367369","post","type-post","status-publish","format-standard","has-post-thumbnail","hentry","category-nordeste"],"acf":[],"_links":{"self":[{"href":"https:\/\/www.notibras.com\/site\/wp-json\/wp\/v2\/posts\/367369","targetHints":{"allow":["GET"]}}],"collection":[{"href":"https:\/\/www.notibras.com\/site\/wp-json\/wp\/v2\/posts"}],"about":[{"href":"https:\/\/www.notibras.com\/site\/wp-json\/wp\/v2\/types\/post"}],"author":[{"embeddable":true,"href":"https:\/\/www.notibras.com\/site\/wp-json\/wp\/v2\/users\/2"}],"replies":[{"embeddable":true,"href":"https:\/\/www.notibras.com\/site\/wp-json\/wp\/v2\/comments?post=367369"}],"version-history":[{"count":1,"href":"https:\/\/www.notibras.com\/site\/wp-json\/wp\/v2\/posts\/367369\/revisions"}],"predecessor-version":[{"id":367371,"href":"https:\/\/www.notibras.com\/site\/wp-json\/wp\/v2\/posts\/367369\/revisions\/367371"}],"wp:featuredmedia":[{"embeddable":true,"href":"https:\/\/www.notibras.com\/site\/wp-json\/wp\/v2\/media\/367370"}],"wp:attachment":[{"href":"https:\/\/www.notibras.com\/site\/wp-json\/wp\/v2\/media?parent=367369"}],"wp:term":[{"taxonomy":"category","embeddable":true,"href":"https:\/\/www.notibras.com\/site\/wp-json\/wp\/v2\/categories?post=367369"},{"taxonomy":"post_tag","embeddable":true,"href":"https:\/\/www.notibras.com\/site\/wp-json\/wp\/v2\/tags?post=367369"}],"curies":[{"name":"wp","href":"https:\/\/api.w.org\/{rel}","templated":true}]}}