{"id":367372,"date":"2025-10-15T00:28:42","date_gmt":"2025-10-15T03:28:42","guid":{"rendered":"https:\/\/www.notibras.com\/site\/?p=367372"},"modified":"2025-10-15T04:31:11","modified_gmt":"2025-10-15T07:31:11","slug":"nordestino-celebra-os-mestres-que-transformam-vidas","status":"publish","type":"post","link":"https:\/\/www.notibras.com\/site\/nordestino-celebra-os-mestres-que-transformam-vidas\/","title":{"rendered":"Nordestino celebra os mestres que transformam vidas"},"content":{"rendered":"<p>Neste 15 de outubro, data em que se comemora o Dia do Professor em todo o Brasil, o Nordeste celebra com orgulho e gratid\u00e3o aqueles que dedicam sua vida \u00e0 arte de ensinar. Mais do que uma profiss\u00e3o, o magist\u00e9rio \u00e9 uma miss\u00e3o que molda o futuro de crian\u00e7as, jovens e adultos, especialmente em uma regi\u00e3o marcada pela riqueza cultural e pelos desafios sociais e educacionais.<\/p>\n<p>No sert\u00e3o, nas capitais e nas pequenas comunidades litor\u00e2neas, professores nordestinos enfrentam longas jornadas, muitas vezes com poucos recursos, mas com uma imensa vontade de fazer a diferen\u00e7a. S\u00e3o eles que, todos os dias, constroem pontes para o conhecimento, abrindo caminhos para novas oportunidades e transformando a realidade de milhares de fam\u00edlias.<\/p>\n<p>A professora Maria do Socorro, que leciona h\u00e1 mais de 20 anos em uma escola p\u00fablica no interior do Piau\u00ed, resume bem esse papel:<\/p>\n<p>\u201cEnsinar \u00e9 plantar sementes de esperan\u00e7a. Cada aluno que aprende a ler, a sonhar e a lutar por um futuro melhor \u00e9 uma vit\u00f3ria para todos n\u00f3s.\u201d<\/p>\n<p>Apesar dos avan\u00e7os na educa\u00e7\u00e3o nos \u00faltimos anos, ainda h\u00e1 muitos desafios. Escolas com infraestrutura limitada, falta de valoriza\u00e7\u00e3o profissional e baixos sal\u00e1rios s\u00e3o quest\u00f5es que persistem. Mesmo assim, o amor pelo ensino continua sendo o combust\u00edvel que move os educadores nordestinos.<\/p>\n<p>Em cidades como Recife, Fortaleza e Salvador, projetos de forma\u00e7\u00e3o continuada e programas de valoriza\u00e7\u00e3o docente v\u00eam mostrando resultados positivos. Iniciativas que estimulam a troca de experi\u00eancias entre professores e o uso de novas tecnologias t\u00eam fortalecido o ensino e inspirado novas gera\u00e7\u00f5es de educadores.<\/p>\n<p>O professor nordestino tamb\u00e9m carrega consigo o papel de guardi\u00e3o da cultura popular. Ele ensina com versos de cordel, com hist\u00f3rias de vaqueiros e pescadores, com a m\u00fasica, a poesia e a oralidade que fazem parte da identidade da regi\u00e3o. Em muitas escolas, as aulas v\u00e3o al\u00e9m dos livros, celebrando a diversidade cultural e mantendo vivas as tradi\u00e7\u00f5es do Nordeste.<\/p>\n<p>Neste Dia do Professor, o Nordeste presta homenagem a todos os educadores que, com dedica\u00e7\u00e3o, paci\u00eancia e amor, constroem um futuro mais justo e consciente. S\u00e3o eles que acreditam no poder da educa\u00e7\u00e3o como ferramenta de transforma\u00e7\u00e3o \u2014 um ato de resist\u00eancia e esperan\u00e7a em cada sala de aula.<\/p>\n<p>\u201cSer professor \u00e9 acreditar que cada aluno carrega dentro de si um universo de possibilidades. E ajudar a descobrir esse universo \u00e9 o maior presente que podemos dar ao mundo\u201d, afirma o educador pernambucano Jos\u00e9 Raimundo.<\/p>\n<p>O Dia do Professor \u00e9, portanto, um convite \u00e0 reflex\u00e3o e ao reconhecimento: sem professores, n\u00e3o h\u00e1 progresso, n\u00e3o h\u00e1 cidadania, n\u00e3o h\u00e1 futuro.<\/p>\n","protected":false},"excerpt":{"rendered":"<p>Neste 15 de outubro, data em que se comemora o Dia do Professor em todo o Brasil, o Nordeste celebra com orgulho e gratid\u00e3o aqueles que dedicam sua vida \u00e0 arte de ensinar. Mais do que uma profiss\u00e3o, o magist\u00e9rio \u00e9 uma miss\u00e3o que molda o futuro de crian\u00e7as, jovens e adultos, especialmente em uma [&hellip;]<\/p>\n","protected":false},"author":2,"featured_media":367374,"comment_status":"closed","ping_status":"closed","sticky":false,"template":"","format":"standard","meta":{"_acf_changed":false,"footnotes":""},"categories":[165],"tags":[],"class_list":["post-367372","post","type-post","status-publish","format-standard","has-post-thumbnail","hentry","category-nordeste"],"acf":[],"_links":{"self":[{"href":"https:\/\/www.notibras.com\/site\/wp-json\/wp\/v2\/posts\/367372","targetHints":{"allow":["GET"]}}],"collection":[{"href":"https:\/\/www.notibras.com\/site\/wp-json\/wp\/v2\/posts"}],"about":[{"href":"https:\/\/www.notibras.com\/site\/wp-json\/wp\/v2\/types\/post"}],"author":[{"embeddable":true,"href":"https:\/\/www.notibras.com\/site\/wp-json\/wp\/v2\/users\/2"}],"replies":[{"embeddable":true,"href":"https:\/\/www.notibras.com\/site\/wp-json\/wp\/v2\/comments?post=367372"}],"version-history":[{"count":1,"href":"https:\/\/www.notibras.com\/site\/wp-json\/wp\/v2\/posts\/367372\/revisions"}],"predecessor-version":[{"id":367375,"href":"https:\/\/www.notibras.com\/site\/wp-json\/wp\/v2\/posts\/367372\/revisions\/367375"}],"wp:featuredmedia":[{"embeddable":true,"href":"https:\/\/www.notibras.com\/site\/wp-json\/wp\/v2\/media\/367374"}],"wp:attachment":[{"href":"https:\/\/www.notibras.com\/site\/wp-json\/wp\/v2\/media?parent=367372"}],"wp:term":[{"taxonomy":"category","embeddable":true,"href":"https:\/\/www.notibras.com\/site\/wp-json\/wp\/v2\/categories?post=367372"},{"taxonomy":"post_tag","embeddable":true,"href":"https:\/\/www.notibras.com\/site\/wp-json\/wp\/v2\/tags?post=367372"}],"curies":[{"name":"wp","href":"https:\/\/api.w.org\/{rel}","templated":true}]}}