{"id":367376,"date":"2025-10-15T04:02:48","date_gmt":"2025-10-15T07:02:48","guid":{"rendered":"https:\/\/www.notibras.com\/site\/?p=367376"},"modified":"2025-10-15T04:34:34","modified_gmt":"2025-10-15T07:34:34","slug":"a-desigualdade-que-desafia-e-a-cultura-que-inspira-o-nordeste","status":"publish","type":"post","link":"https:\/\/www.notibras.com\/site\/a-desigualdade-que-desafia-e-a-cultura-que-inspira-o-nordeste\/","title":{"rendered":"A desigualdade que desafia e a cultura que inspira o Nordeste"},"content":{"rendered":"<p>O Nordeste \u00e9 uma terra de contrastes. De um lado, a beleza viva de um povo que canta, dan\u00e7a e cria mesmo quando o ch\u00e3o \u00e9 \u00e1rido. Do outro, a dura realidade que insiste em mostrar que a desigualdade ainda tem ra\u00edzes fundas. Entre o brilho do S\u00e3o Jo\u00e3o e o brilho da pele suada do trabalhador sob o sol, existe uma luta di\u00e1ria \u2014 silenciosa, teimosa, mas cheia de esperan\u00e7a.<\/p>\n<p>Nos becos das cidades e nas veredas do sert\u00e3o, h\u00e1 crian\u00e7as que brincam com o que t\u00eam, transformando o pouco em universo. Enquanto isso, h\u00e1 m\u00e3es que acordam cedo para garantir o p\u00e3o, costurando sonhos entre panelas e promessas. A vida pulsa, mesmo quando falta tudo. E \u00e9 justamente essa pulsa\u00e7\u00e3o que faz o Nordeste resistir.<\/p>\n<p>A cultura aqui \u00e9 escudo e espada. \u00c9 o repente que desafia o tempo, o maracatu que ecoa ancestralidade, o cuscuz que une mesas e hist\u00f3rias. Cada tra\u00e7o de arte, cada canto de f\u00e9, cada riso arrancado da dor \u00e9 uma forma de dizer: \u201cn\u00f3s estamos aqui, vivos e firmes\u201d.<\/p>\n<p>O Nordeste ensina que a pobreza n\u00e3o apaga a grandeza, que a seca n\u00e3o seca a alma e que a desigualdade, por mais cruel que seja, n\u00e3o consegue silenciar a criatividade de um povo que inventa o pr\u00f3prio caminho.<\/p>\n<p>Entre o sofrimento e a beleza, entre o desafio e a inspira\u00e7\u00e3o, o Nordeste segue \u2014 de cabe\u00e7a erguida, com o cora\u00e7\u00e3o cheio de sol e a certeza de que o amanh\u00e3 tamb\u00e9m pode florescer no ch\u00e3o rachado.<\/p>\n","protected":false},"excerpt":{"rendered":"<p>O Nordeste \u00e9 uma terra de contrastes. De um lado, a beleza viva de um povo que canta, dan\u00e7a e cria mesmo quando o ch\u00e3o \u00e9 \u00e1rido. Do outro, a dura realidade que insiste em mostrar que a desigualdade ainda tem ra\u00edzes fundas. Entre o brilho do S\u00e3o Jo\u00e3o e o brilho da pele suada [&hellip;]<\/p>\n","protected":false},"author":2,"featured_media":367377,"comment_status":"closed","ping_status":"closed","sticky":false,"template":"","format":"standard","meta":{"_acf_changed":false,"footnotes":""},"categories":[165],"tags":[],"class_list":["post-367376","post","type-post","status-publish","format-standard","has-post-thumbnail","hentry","category-nordeste"],"acf":[],"_links":{"self":[{"href":"https:\/\/www.notibras.com\/site\/wp-json\/wp\/v2\/posts\/367376","targetHints":{"allow":["GET"]}}],"collection":[{"href":"https:\/\/www.notibras.com\/site\/wp-json\/wp\/v2\/posts"}],"about":[{"href":"https:\/\/www.notibras.com\/site\/wp-json\/wp\/v2\/types\/post"}],"author":[{"embeddable":true,"href":"https:\/\/www.notibras.com\/site\/wp-json\/wp\/v2\/users\/2"}],"replies":[{"embeddable":true,"href":"https:\/\/www.notibras.com\/site\/wp-json\/wp\/v2\/comments?post=367376"}],"version-history":[{"count":1,"href":"https:\/\/www.notibras.com\/site\/wp-json\/wp\/v2\/posts\/367376\/revisions"}],"predecessor-version":[{"id":367378,"href":"https:\/\/www.notibras.com\/site\/wp-json\/wp\/v2\/posts\/367376\/revisions\/367378"}],"wp:featuredmedia":[{"embeddable":true,"href":"https:\/\/www.notibras.com\/site\/wp-json\/wp\/v2\/media\/367377"}],"wp:attachment":[{"href":"https:\/\/www.notibras.com\/site\/wp-json\/wp\/v2\/media?parent=367376"}],"wp:term":[{"taxonomy":"category","embeddable":true,"href":"https:\/\/www.notibras.com\/site\/wp-json\/wp\/v2\/categories?post=367376"},{"taxonomy":"post_tag","embeddable":true,"href":"https:\/\/www.notibras.com\/site\/wp-json\/wp\/v2\/tags?post=367376"}],"curies":[{"name":"wp","href":"https:\/\/api.w.org\/{rel}","templated":true}]}}