{"id":36739,"date":"2015-02-11T16:10:28","date_gmt":"2015-02-11T19:10:28","guid":{"rendered":"http:\/\/www.notibras.com\/site\/?p=36739"},"modified":"2015-02-11T21:56:21","modified_gmt":"2015-02-12T00:56:21","slug":"eduardo-cunha-diz-que-dilma-tem-legitimidade-e-descarta-apoio-a-impeachment","status":"publish","type":"post","link":"https:\/\/www.notibras.com\/site\/eduardo-cunha-diz-que-dilma-tem-legitimidade-e-descarta-apoio-a-impeachment\/","title":{"rendered":"Cunha diz que o governo \u00e9 leg\u00edtimo e veta impeachment"},"content":{"rendered":"<p>No que depender do deputado Eduardo Cunha (PMDB-RJ), presidente da C\u00e2mara, o debate em torno de um eventual processo de impeachment da presidente Dilma Rousseff morrer\u00e1 na praia.\u00a0 &#8220;Ela (Dilma) tem legitimidade porque foi eleita pelo voto popular&#8221;, disse.<\/p>\n<p class=\"text\">&#8211; Sempre fui muito claro com rela\u00e7\u00e3o a este assunto e vou continuar sendo. N\u00e3o vejo espa\u00e7o para isso, n\u00e3o concordo com esse tipo de discuss\u00e3o e n\u00e3o ter\u00e1 o meu apoiamento\u201d, opinou o parlamentar.<\/p>\n<p class=\"text\">L\u00edder de rebeli\u00f5es de partidos da base aliada na C\u00e2mara dos Deputados, Cunha salientou que sua postura de independ\u00eancia do Pal\u00e1cio do Planalto n\u00e3o tem rela\u00e7\u00e3o com o debate.<\/p>\n<blockquote>\n<p class=\"text\">Manifesta\u00e7\u00f5es foram marcadas em todo o Pa\u00eds para o dia 15 de mar\u00e7o em defesa da sa\u00edda da presidente, em meio a den\u00fancias de corrup\u00e7\u00e3o na Petrobras.<\/p>\n<\/blockquote>\n<p class=\"text\">\u201cO governo est\u00e1 legitimamente eleito. N\u00e3o d\u00e1 para voc\u00ea, no in\u00edcio do mandato, querer ter esse tipo de tratamento neste processo. N\u00e3o concordo\u201d, disse.<\/p>\n<div class=\"articleCredit\"><\/div>\n","protected":false},"excerpt":{"rendered":"<p>No que depender do deputado Eduardo Cunha (PMDB-RJ), presidente da C\u00e2mara, o debate em torno de um eventual processo de impeachment da presidente Dilma Rousseff morrer\u00e1 na praia.\u00a0 &#8220;Ela (Dilma) tem legitimidade porque foi eleita pelo voto popular&#8221;, disse. &#8211; Sempre fui muito claro com rela\u00e7\u00e3o a este assunto e vou continuar sendo. N\u00e3o vejo [&hellip;]<\/p>\n","protected":false},"author":2,"featured_media":36740,"comment_status":"open","ping_status":"closed","sticky":false,"template":"","format":"standard","meta":{"_acf_changed":false,"footnotes":""},"categories":[16],"tags":[],"class_list":["post-36739","post","type-post","status-publish","format-standard","has-post-thumbnail","hentry","category-brasil"],"acf":[],"yoast_head":"<!-- This site is optimized with the Yoast SEO plugin v27.2 - https:\/\/yoast.com\/product\/yoast-seo-wordpress\/ -->\n<title>Cunha diz que o governo \u00e9 leg\u00edtimo e veta impeachment - Notibras<\/title>\n<meta name=\"robots\" content=\"index, follow, max-snippet:-1, max-image-preview:large, max-video-preview:-1\" \/>\n<link rel=\"canonical\" href=\"https:\/\/www.notibras.com\/site\/eduardo-cunha-diz-que-dilma-tem-legitimidade-e-descarta-apoio-a-impeachment\/\" \/>\n<meta property=\"og:locale\" content=\"pt_BR\" \/>\n<meta property=\"og:type\" content=\"article\" \/>\n<meta property=\"og:title\" content=\"Cunha diz que o governo \u00e9 leg\u00edtimo e veta impeachment - Notibras\" \/>\n<meta property=\"og:description\" content=\"No que depender do deputado Eduardo Cunha (PMDB-RJ), presidente da C\u00e2mara, o debate em torno de um eventual processo de impeachment da presidente Dilma Rousseff morrer\u00e1 na praia.\u00a0 &#8220;Ela (Dilma) tem legitimidade porque foi eleita pelo voto popular&#8221;, disse. &#8211; Sempre fui muito claro com rela\u00e7\u00e3o a este assunto e vou continuar sendo. N\u00e3o vejo [&hellip;]\" \/>\n<meta property=\"og:url\" content=\"https:\/\/www.notibras.com\/site\/eduardo-cunha-diz-que-dilma-tem-legitimidade-e-descarta-apoio-a-impeachment\/\" \/>\n<meta property=\"og:site_name\" content=\"Notibras\" \/>\n<meta property=\"article:publisher\" content=\"https:\/\/www.facebook.com\/notibras\/\" \/>\n<meta property=\"article:published_time\" content=\"2015-02-11T19:10:28+00:00\" \/>\n<meta property=\"article:modified_time\" content=\"2015-02-12T00:56:21+00:00\" \/>\n<meta property=\"og:image\" content=\"https:\/\/www.notibras.com\/site\/wp-content\/uploads\/2015\/02\/eduardocunhaluis-macedocamara-dos-deputados.jpg\" \/>\n\t<meta property=\"og:image:width\" content=\"460\" \/>\n\t<meta property=\"og:image:height\" content=\"301\" \/>\n\t<meta property=\"og:image:type\" content=\"image\/jpeg\" \/>\n<meta name=\"author\" content=\"Reda\u00e7\u00e3o\" \/>\n<meta name=\"twitter:card\" content=\"summary_large_image\" \/>\n<meta name=\"twitter:creator\" content=\"@Notibras\" \/>\n<meta name=\"twitter:site\" content=\"@Notibras\" \/>\n<meta name=\"twitter:label1\" content=\"Escrito por\" \/>\n\t<meta name=\"twitter:data1\" content=\"Reda\u00e7\u00e3o\" \/>\n\t<meta name=\"twitter:label2\" content=\"Est. tempo de leitura\" \/>\n\t<meta name=\"twitter:data2\" content=\"1 minuto\" \/>\n<script type=\"application\/ld+json\" class=\"yoast-schema-graph\">{\"@context\":\"https:\/\/schema.org\",\"@graph\":[{\"@type\":\"Article\",\"@id\":\"https:\/\/www.notibras.com\/site\/eduardo-cunha-diz-que-dilma-tem-legitimidade-e-descarta-apoio-a-impeachment\/#article\",\"isPartOf\":{\"@id\":\"https:\/\/www.notibras.com\/site\/eduardo-cunha-diz-que-dilma-tem-legitimidade-e-descarta-apoio-a-impeachment\/\"},\"author\":{\"name\":\"Reda\u00e7\u00e3o\",\"@id\":\"https:\/\/www.notibras.com\/site\/#\/schema\/person\/36ab0979449956132d3e5b517ea76ac8\"},\"headline\":\"Cunha diz que o governo \u00e9 leg\u00edtimo e veta impeachment\",\"datePublished\":\"2015-02-11T19:10:28+00:00\",\"dateModified\":\"2015-02-12T00:56:21+00:00\",\"mainEntityOfPage\":{\"@id\":\"https:\/\/www.notibras.com\/site\/eduardo-cunha-diz-que-dilma-tem-legitimidade-e-descarta-apoio-a-impeachment\/\"},\"wordCount\":186,\"commentCount\":0,\"publisher\":{\"@id\":\"https:\/\/www.notibras.com\/site\/#organization\"},\"image\":{\"@id\":\"https:\/\/www.notibras.com\/site\/eduardo-cunha-diz-que-dilma-tem-legitimidade-e-descarta-apoio-a-impeachment\/#primaryimage\"},\"thumbnailUrl\":\"https:\/\/www.notibras.com\/site\/wp-content\/uploads\/2015\/02\/eduardocunhaluis-macedocamara-dos-deputados.jpg\",\"articleSection\":[\"Brasil\"],\"inLanguage\":\"pt-BR\",\"potentialAction\":[{\"@type\":\"CommentAction\",\"name\":\"Comment\",\"target\":[\"https:\/\/www.notibras.com\/site\/eduardo-cunha-diz-que-dilma-tem-legitimidade-e-descarta-apoio-a-impeachment\/#respond\"]}]},{\"@type\":\"WebPage\",\"@id\":\"https:\/\/www.notibras.com\/site\/eduardo-cunha-diz-que-dilma-tem-legitimidade-e-descarta-apoio-a-impeachment\/\",\"url\":\"https:\/\/www.notibras.com\/site\/eduardo-cunha-diz-que-dilma-tem-legitimidade-e-descarta-apoio-a-impeachment\/\",\"name\":\"Cunha diz que o governo \u00e9 leg\u00edtimo e veta impeachment - Notibras\",\"isPartOf\":{\"@id\":\"https:\/\/www.notibras.com\/site\/#website\"},\"primaryImageOfPage\":{\"@id\":\"https:\/\/www.notibras.com\/site\/eduardo-cunha-diz-que-dilma-tem-legitimidade-e-descarta-apoio-a-impeachment\/#primaryimage\"},\"image\":{\"@id\":\"https:\/\/www.notibras.com\/site\/eduardo-cunha-diz-que-dilma-tem-legitimidade-e-descarta-apoio-a-impeachment\/#primaryimage\"},\"thumbnailUrl\":\"https:\/\/www.notibras.com\/site\/wp-content\/uploads\/2015\/02\/eduardocunhaluis-macedocamara-dos-deputados.jpg\",\"datePublished\":\"2015-02-11T19:10:28+00:00\",\"dateModified\":\"2015-02-12T00:56:21+00:00\",\"breadcrumb\":{\"@id\":\"https:\/\/www.notibras.com\/site\/eduardo-cunha-diz-que-dilma-tem-legitimidade-e-descarta-apoio-a-impeachment\/#breadcrumb\"},\"inLanguage\":\"pt-BR\",\"potentialAction\":[{\"@type\":\"ReadAction\",\"target\":[\"https:\/\/www.notibras.com\/site\/eduardo-cunha-diz-que-dilma-tem-legitimidade-e-descarta-apoio-a-impeachment\/\"]}]},{\"@type\":\"ImageObject\",\"inLanguage\":\"pt-BR\",\"@id\":\"https:\/\/www.notibras.com\/site\/eduardo-cunha-diz-que-dilma-tem-legitimidade-e-descarta-apoio-a-impeachment\/#primaryimage\",\"url\":\"https:\/\/www.notibras.com\/site\/wp-content\/uploads\/2015\/02\/eduardocunhaluis-macedocamara-dos-deputados.jpg\",\"contentUrl\":\"https:\/\/www.notibras.com\/site\/wp-content\/uploads\/2015\/02\/eduardocunhaluis-macedocamara-dos-deputados.jpg\",\"width\":460,\"height\":301},{\"@type\":\"BreadcrumbList\",\"@id\":\"https:\/\/www.notibras.com\/site\/eduardo-cunha-diz-que-dilma-tem-legitimidade-e-descarta-apoio-a-impeachment\/#breadcrumb\",\"itemListElement\":[{\"@type\":\"ListItem\",\"position\":1,\"name\":\"In\u00edcio\",\"item\":\"https:\/\/www.notibras.com\/site\/\"},{\"@type\":\"ListItem\",\"position\":2,\"name\":\"Cunha diz que o governo \u00e9 leg\u00edtimo e veta impeachment\"}]},{\"@type\":\"WebSite\",\"@id\":\"https:\/\/www.notibras.com\/site\/#website\",\"url\":\"https:\/\/www.notibras.com\/site\/\",\"name\":\"Notibras\",\"description\":\"Not\u00edcias de Bras\u00edlia, do Brasil e do Mundo\",\"publisher\":{\"@id\":\"https:\/\/www.notibras.com\/site\/#organization\"},\"potentialAction\":[{\"@type\":\"SearchAction\",\"target\":{\"@type\":\"EntryPoint\",\"urlTemplate\":\"https:\/\/www.notibras.com\/site\/?s={search_term_string}\"},\"query-input\":{\"@type\":\"PropertyValueSpecification\",\"valueRequired\":true,\"valueName\":\"search_term_string\"}}],\"inLanguage\":\"pt-BR\"},{\"@type\":\"Organization\",\"@id\":\"https:\/\/www.notibras.com\/site\/#organization\",\"name\":\"Grupo Notibras de Comunica\u00e7\u00e3o\",\"url\":\"https:\/\/www.notibras.com\/site\/\",\"logo\":{\"@type\":\"ImageObject\",\"inLanguage\":\"pt-BR\",\"@id\":\"https:\/\/www.notibras.com\/site\/#\/schema\/logo\/image\/\",\"url\":\"https:\/\/www.notibras.com\/site\/wp-content\/uploads\/2023\/01\/notibras23.png\",\"contentUrl\":\"https:\/\/www.notibras.com\/site\/wp-content\/uploads\/2023\/01\/notibras23.png\",\"width\":350,\"height\":87,\"caption\":\"Grupo Notibras de Comunica\u00e7\u00e3o\"},\"image\":{\"@id\":\"https:\/\/www.notibras.com\/site\/#\/schema\/logo\/image\/\"},\"sameAs\":[\"https:\/\/www.facebook.com\/notibras\/\",\"https:\/\/x.com\/Notibras\",\"https:\/\/www.instagram.com\/notibras\/\"]},{\"@type\":\"Person\",\"@id\":\"https:\/\/www.notibras.com\/site\/#\/schema\/person\/36ab0979449956132d3e5b517ea76ac8\",\"name\":\"Reda\u00e7\u00e3o\",\"image\":{\"@type\":\"ImageObject\",\"inLanguage\":\"pt-BR\",\"@id\":\"https:\/\/secure.gravatar.com\/avatar\/e0a867bdedb85fd243eadf09663511f96fc81e0720a4a42581f334ad4303aa6b?s=96&d=mm&r=g\",\"url\":\"https:\/\/secure.gravatar.com\/avatar\/e0a867bdedb85fd243eadf09663511f96fc81e0720a4a42581f334ad4303aa6b?s=96&d=mm&r=g\",\"contentUrl\":\"https:\/\/secure.gravatar.com\/avatar\/e0a867bdedb85fd243eadf09663511f96fc81e0720a4a42581f334ad4303aa6b?s=96&d=mm&r=g\",\"caption\":\"Reda\u00e7\u00e3o\"}}]}<\/script>\n<!-- \/ Yoast SEO plugin. -->","yoast_head_json":{"title":"Cunha diz que o governo \u00e9 leg\u00edtimo e veta impeachment - Notibras","robots":{"index":"index","follow":"follow","max-snippet":"max-snippet:-1","max-image-preview":"max-image-preview:large","max-video-preview":"max-video-preview:-1"},"canonical":"https:\/\/www.notibras.com\/site\/eduardo-cunha-diz-que-dilma-tem-legitimidade-e-descarta-apoio-a-impeachment\/","og_locale":"pt_BR","og_type":"article","og_title":"Cunha diz que o governo \u00e9 leg\u00edtimo e veta impeachment - Notibras","og_description":"No que depender do deputado Eduardo Cunha (PMDB-RJ), presidente da C\u00e2mara, o debate em torno de um eventual processo de impeachment da presidente Dilma Rousseff morrer\u00e1 na praia.\u00a0 &#8220;Ela (Dilma) tem legitimidade porque foi eleita pelo voto popular&#8221;, disse. &#8211; Sempre fui muito claro com rela\u00e7\u00e3o a este assunto e vou continuar sendo. N\u00e3o vejo [&hellip;]","og_url":"https:\/\/www.notibras.com\/site\/eduardo-cunha-diz-que-dilma-tem-legitimidade-e-descarta-apoio-a-impeachment\/","og_site_name":"Notibras","article_publisher":"https:\/\/www.facebook.com\/notibras\/","article_published_time":"2015-02-11T19:10:28+00:00","article_modified_time":"2015-02-12T00:56:21+00:00","og_image":[{"width":460,"height":301,"url":"https:\/\/www.notibras.com\/site\/wp-content\/uploads\/2015\/02\/eduardocunhaluis-macedocamara-dos-deputados.jpg","type":"image\/jpeg"}],"author":"Reda\u00e7\u00e3o","twitter_card":"summary_large_image","twitter_creator":"@Notibras","twitter_site":"@Notibras","twitter_misc":{"Escrito por":"Reda\u00e7\u00e3o","Est. tempo de leitura":"1 minuto"},"schema":{"@context":"https:\/\/schema.org","@graph":[{"@type":"Article","@id":"https:\/\/www.notibras.com\/site\/eduardo-cunha-diz-que-dilma-tem-legitimidade-e-descarta-apoio-a-impeachment\/#article","isPartOf":{"@id":"https:\/\/www.notibras.com\/site\/eduardo-cunha-diz-que-dilma-tem-legitimidade-e-descarta-apoio-a-impeachment\/"},"author":{"name":"Reda\u00e7\u00e3o","@id":"https:\/\/www.notibras.com\/site\/#\/schema\/person\/36ab0979449956132d3e5b517ea76ac8"},"headline":"Cunha diz que o governo \u00e9 leg\u00edtimo e veta impeachment","datePublished":"2015-02-11T19:10:28+00:00","dateModified":"2015-02-12T00:56:21+00:00","mainEntityOfPage":{"@id":"https:\/\/www.notibras.com\/site\/eduardo-cunha-diz-que-dilma-tem-legitimidade-e-descarta-apoio-a-impeachment\/"},"wordCount":186,"commentCount":0,"publisher":{"@id":"https:\/\/www.notibras.com\/site\/#organization"},"image":{"@id":"https:\/\/www.notibras.com\/site\/eduardo-cunha-diz-que-dilma-tem-legitimidade-e-descarta-apoio-a-impeachment\/#primaryimage"},"thumbnailUrl":"https:\/\/www.notibras.com\/site\/wp-content\/uploads\/2015\/02\/eduardocunhaluis-macedocamara-dos-deputados.jpg","articleSection":["Brasil"],"inLanguage":"pt-BR","potentialAction":[{"@type":"CommentAction","name":"Comment","target":["https:\/\/www.notibras.com\/site\/eduardo-cunha-diz-que-dilma-tem-legitimidade-e-descarta-apoio-a-impeachment\/#respond"]}]},{"@type":"WebPage","@id":"https:\/\/www.notibras.com\/site\/eduardo-cunha-diz-que-dilma-tem-legitimidade-e-descarta-apoio-a-impeachment\/","url":"https:\/\/www.notibras.com\/site\/eduardo-cunha-diz-que-dilma-tem-legitimidade-e-descarta-apoio-a-impeachment\/","name":"Cunha diz que o governo \u00e9 leg\u00edtimo e veta impeachment - Notibras","isPartOf":{"@id":"https:\/\/www.notibras.com\/site\/#website"},"primaryImageOfPage":{"@id":"https:\/\/www.notibras.com\/site\/eduardo-cunha-diz-que-dilma-tem-legitimidade-e-descarta-apoio-a-impeachment\/#primaryimage"},"image":{"@id":"https:\/\/www.notibras.com\/site\/eduardo-cunha-diz-que-dilma-tem-legitimidade-e-descarta-apoio-a-impeachment\/#primaryimage"},"thumbnailUrl":"https:\/\/www.notibras.com\/site\/wp-content\/uploads\/2015\/02\/eduardocunhaluis-macedocamara-dos-deputados.jpg","datePublished":"2015-02-11T19:10:28+00:00","dateModified":"2015-02-12T00:56:21+00:00","breadcrumb":{"@id":"https:\/\/www.notibras.com\/site\/eduardo-cunha-diz-que-dilma-tem-legitimidade-e-descarta-apoio-a-impeachment\/#breadcrumb"},"inLanguage":"pt-BR","potentialAction":[{"@type":"ReadAction","target":["https:\/\/www.notibras.com\/site\/eduardo-cunha-diz-que-dilma-tem-legitimidade-e-descarta-apoio-a-impeachment\/"]}]},{"@type":"ImageObject","inLanguage":"pt-BR","@id":"https:\/\/www.notibras.com\/site\/eduardo-cunha-diz-que-dilma-tem-legitimidade-e-descarta-apoio-a-impeachment\/#primaryimage","url":"https:\/\/www.notibras.com\/site\/wp-content\/uploads\/2015\/02\/eduardocunhaluis-macedocamara-dos-deputados.jpg","contentUrl":"https:\/\/www.notibras.com\/site\/wp-content\/uploads\/2015\/02\/eduardocunhaluis-macedocamara-dos-deputados.jpg","width":460,"height":301},{"@type":"BreadcrumbList","@id":"https:\/\/www.notibras.com\/site\/eduardo-cunha-diz-que-dilma-tem-legitimidade-e-descarta-apoio-a-impeachment\/#breadcrumb","itemListElement":[{"@type":"ListItem","position":1,"name":"In\u00edcio","item":"https:\/\/www.notibras.com\/site\/"},{"@type":"ListItem","position":2,"name":"Cunha diz que o governo \u00e9 leg\u00edtimo e veta impeachment"}]},{"@type":"WebSite","@id":"https:\/\/www.notibras.com\/site\/#website","url":"https:\/\/www.notibras.com\/site\/","name":"Notibras","description":"Not\u00edcias de Bras\u00edlia, do Brasil e do Mundo","publisher":{"@id":"https:\/\/www.notibras.com\/site\/#organization"},"potentialAction":[{"@type":"SearchAction","target":{"@type":"EntryPoint","urlTemplate":"https:\/\/www.notibras.com\/site\/?s={search_term_string}"},"query-input":{"@type":"PropertyValueSpecification","valueRequired":true,"valueName":"search_term_string"}}],"inLanguage":"pt-BR"},{"@type":"Organization","@id":"https:\/\/www.notibras.com\/site\/#organization","name":"Grupo Notibras de Comunica\u00e7\u00e3o","url":"https:\/\/www.notibras.com\/site\/","logo":{"@type":"ImageObject","inLanguage":"pt-BR","@id":"https:\/\/www.notibras.com\/site\/#\/schema\/logo\/image\/","url":"https:\/\/www.notibras.com\/site\/wp-content\/uploads\/2023\/01\/notibras23.png","contentUrl":"https:\/\/www.notibras.com\/site\/wp-content\/uploads\/2023\/01\/notibras23.png","width":350,"height":87,"caption":"Grupo Notibras de Comunica\u00e7\u00e3o"},"image":{"@id":"https:\/\/www.notibras.com\/site\/#\/schema\/logo\/image\/"},"sameAs":["https:\/\/www.facebook.com\/notibras\/","https:\/\/x.com\/Notibras","https:\/\/www.instagram.com\/notibras\/"]},{"@type":"Person","@id":"https:\/\/www.notibras.com\/site\/#\/schema\/person\/36ab0979449956132d3e5b517ea76ac8","name":"Reda\u00e7\u00e3o","image":{"@type":"ImageObject","inLanguage":"pt-BR","@id":"https:\/\/secure.gravatar.com\/avatar\/e0a867bdedb85fd243eadf09663511f96fc81e0720a4a42581f334ad4303aa6b?s=96&d=mm&r=g","url":"https:\/\/secure.gravatar.com\/avatar\/e0a867bdedb85fd243eadf09663511f96fc81e0720a4a42581f334ad4303aa6b?s=96&d=mm&r=g","contentUrl":"https:\/\/secure.gravatar.com\/avatar\/e0a867bdedb85fd243eadf09663511f96fc81e0720a4a42581f334ad4303aa6b?s=96&d=mm&r=g","caption":"Reda\u00e7\u00e3o"}}]}},"amp_enabled":true,"_links":{"self":[{"href":"https:\/\/www.notibras.com\/site\/wp-json\/wp\/v2\/posts\/36739","targetHints":{"allow":["GET"]}}],"collection":[{"href":"https:\/\/www.notibras.com\/site\/wp-json\/wp\/v2\/posts"}],"about":[{"href":"https:\/\/www.notibras.com\/site\/wp-json\/wp\/v2\/types\/post"}],"author":[{"embeddable":true,"href":"https:\/\/www.notibras.com\/site\/wp-json\/wp\/v2\/users\/2"}],"replies":[{"embeddable":true,"href":"https:\/\/www.notibras.com\/site\/wp-json\/wp\/v2\/comments?post=36739"}],"version-history":[{"count":0,"href":"https:\/\/www.notibras.com\/site\/wp-json\/wp\/v2\/posts\/36739\/revisions"}],"wp:featuredmedia":[{"embeddable":true,"href":"https:\/\/www.notibras.com\/site\/wp-json\/wp\/v2\/media\/36740"}],"wp:attachment":[{"href":"https:\/\/www.notibras.com\/site\/wp-json\/wp\/v2\/media?parent=36739"}],"wp:term":[{"taxonomy":"category","embeddable":true,"href":"https:\/\/www.notibras.com\/site\/wp-json\/wp\/v2\/categories?post=36739"},{"taxonomy":"post_tag","embeddable":true,"href":"https:\/\/www.notibras.com\/site\/wp-json\/wp\/v2\/tags?post=36739"}],"curies":[{"name":"wp","href":"https:\/\/api.w.org\/{rel}","templated":true}]}}