{"id":367471,"date":"2025-10-16T02:17:16","date_gmt":"2025-10-16T05:17:16","guid":{"rendered":"https:\/\/www.notibras.com\/site\/?p=367471"},"modified":"2025-10-16T02:43:58","modified_gmt":"2025-10-16T05:43:58","slug":"quem-so-semeia-vento-vai-colher-sempre-tempestade","status":"publish","type":"post","link":"https:\/\/www.notibras.com\/site\/quem-so-semeia-vento-vai-colher-sempre-tempestade\/","title":{"rendered":"Quem s\u00f3 semeia vento vai colher sempre tempestade"},"content":{"rendered":"<p>Vale a pena tocar aqui, mesmo de passagem, no que se chama \u201cchoque de retorno\u201d. H\u00e1 uma lei da f\u00edsica muita conhecida: toda a\u00e7\u00e3o provoca uma rea\u00e7\u00e3o igual e contr\u00e1ria. Se minha mente est\u00e1 carregada de pensamentos de afeto, \u00e9 compreens\u00edvel que muitas pessoas se mostrem afetuosas em rela\u00e7\u00e3o a mim. Se Voc\u00ea se polariza corretamente em rela\u00e7\u00e3o ao dinheiro, \u00e9 natural que surjam oportunidades de ganho. Dentro da mesma lei, se Voc\u00ea pratica um ato ego\u00edsta,ou procura causar um malef\u00edcio a quem quer que seja, est\u00e1 atraindo o que talvez n\u00e3o esteja em seus c\u00e1lculos.<\/p>\n<p>Certa vez, uma senhora acendeu uma vela preta para afastar do marido as mulheres que, imaginava, queriam roubar-lhe o \u201camado\u201d (talvez seja melhor dizer o homem do qual ela se sentia propriet\u00e1ria). N\u00e3o sei se elas se afastaram dele. Mas tenho certeza &#8211; foi ela pr\u00f3pria quem me contou &#8211; que dela o maridinho se distanciou.<\/p>\n<p>Uma outra recorreu ao mesmo processo, a vela preta, por\u00e9m, com uma inten\u00e7\u00e3o oposta: queria que o esposo se desinteressasse pelas mulheres. E ele realmente se desinteressou. Ao menos, pelo que sei, por ela&#8230; J\u00e1 um comerciante fechou as portas e mudou-se, depois que mandou fazer um \u201ctrabalho\u201d para levar um concorrente \u00e0 fal\u00eancia. Uma rela\u00e7\u00e3o de casos conhecidos iria encher folhas e folhas. A sabedoria do povo resume numa simples frase: quem semeia vento, colhe tempestade.<\/p>\n<p>Tamb\u00e9m \u00e9 certo que quem semeia roseiras colher\u00e1 rosas. A lei do amor n\u00e3o \u00e9 algo m\u00edstico, uma regra de Cristo ou de Buda. \u00c9 estritamente cient\u00edfica. Amor, todavia, n\u00e3o \u00e9 sin\u00f4nimo de auto-humilha\u00e7\u00e3o, de autoflagela\u00e7\u00e3o. N\u00e3o \u00e9 dar a outra face a bofetadas. Mesmo porque, quem n\u00e3o tem um profundo amor por si pr\u00f3prio, n\u00e3o pode amar a ningu\u00e9m. Mas amar tamb\u00e9m n\u00e3o \u00e9 possuir as pessoas, prend\u00ea-las, ret\u00ea-las, como um objeto que se compra no mercado. O amor envolve a id\u00e9ia de doa\u00e7\u00e3o, jamais a de cobran\u00e7a.<\/p>\n<p>No terreno da Magia, esta quest\u00e3o \u00e9 de especial import\u00e2ncia. Porque n\u00e3o se trata somente de amar ou odiar, de ajudar ou atrapalhar, mas de utilizar conscientemente, deliberadamente, com pleno conhecimento de causa, for\u00e7as sutis, cujo manuseio escapa \u00e0 maioria das pessoas. N\u00e3o foi por acaso que um feiticeiro, que conheci de perto, terminou por estourar os pr\u00f3prios miolos. Toda pessoa que avan\u00e7a no caminho da magia negra termina por pagar um pre\u00e7o muito elevado.<\/p>\n<p>Lembre-se dos poucos exemplos que citei &#8211; das mulheres que recorreram \u00e0s velas pretas, do comerciante que quis destruir seu vizinho. A magia negra \u00e9 empregada n\u00e3o apenas para prejudicar algu\u00e9m diretamente, mas tamb\u00e9m em fun\u00e7\u00e3o do ego\u00edsmo, querer ocupar o cargo ocupado por outro,ou mesmo transformar uma pessoa num objeto de propriedade pessoal, sob a falsa id\u00e9ia de que \u201ceu gosto dela\u201d. A esta altura, deixemos claro que n\u00e3o existe a rigor a magia negra. As energias que um mago chamado negro utiliza s\u00e3o as mesmas utilizadas por um mago branco. A diferen\u00e7a est\u00e1 somente na inten\u00e7\u00e3o, no objetivo do ato m\u00e1gico.<\/p>\n<p>Voc\u00ea est\u00e1 entrando num caminho que pode lev\u00e1-lo a uma vida de paz, de alegria, de felicidade, mas que tamb\u00e9m pode ser um abismo. Tudo depende da maneira como seja aplicado o conhecimento que lhe est\u00e1 sendo passado. Cap\u00edtulo ap\u00f3s cap\u00edtulo, Voc\u00ea ir\u00e1 ampliando o seu horizonte, adquirindo mais e mais poder. Ir\u00e1 entrando em contato com for\u00e7as cada vez maiores, que poder\u00e3o ser valiosos auxiliares para a escalada da alegria ou senhores implac\u00e1veis. Seu poder mental ir\u00e1 aumentando gradativamente. Isso quer dizer que seus desejos, seus pensamentos, ser\u00e3o cada vez mais fortes, influindo de forma cada vez mais acentuada sobre as pessoas, e atraindo para Voc\u00ea, de acordo com a lei de causa e efeito, o bem ou o mal.<\/p>\n<p>Creio que foi o fil\u00f3sofo argentino Carlos Pecotche, o criador da Logosofia, quem melhor definiu o Karma: \u201c\u00e9 a heran\u00e7a de si mesmo\u201d. Karma \u00e9 a ressaca que Voc\u00ea est\u00e1 experimentando hoje, como conseq\u00fc\u00eancia do pileque de ontem. Karma \u00e9 a promo\u00e7\u00e3o que Voc\u00ea ganha no trabalho, gra\u00e7as ao seu merecimento. A cada dia, a cada instante, n\u00f3s somos nossos pr\u00f3prios herdeiros. Colhemos o que plantamos. Por mais desagrad\u00e1vel que seja reconhec\u00ea-lo, fique certo de uma coisa: tudo o que lhe acontece, de bom ou de desagrad\u00e1vel, Voc\u00ea fez por onde merecer. N\u00e3o culpe o destino. N\u00e3o jogue a responsabilidade nos outros pelos problemas que Voc\u00ea experimentar. Nada \u00e9 mais falso do que dizer que fulano ou beltrano me faz ou fez sofrer. Eu apenas recebo o que mere\u00e7o.<\/p>\n<p>N\u00e3o faz muito tempo, fui advertido sobre a responsabilidade que assumo quando me proponho a difundir conhecimentos sobre Magia. Dion Fortune hesitou muito antes de escrever seu livro \u201cAutodefesa Ps\u00edquica\u201d, porque precisava, para ensinar os m\u00e9todos de defesa, descrever os processos usados pelas pessoas que procuravam prejudicar magicamente outras. Essa cautela vem de longa data: durante s\u00e9culos, os cultores da Magia mantiveram sob sete v\u00e9us o seu conhecimento, protegendo-o contra os incautos que pudessem lan\u00e7ar m\u00e3o do poder oculto para o mal. Prefiro seguir o caminho de Israel Regardie, autor do magistral \u201cO poder da Magia\u201d, editado no Brasil pela Ibrasa, em tradu\u00e7\u00e3o de Aydano Arruda.<\/p>\n<p>N\u00e3o vejo por que sonegar conhecimentos extremamente \u00fateis, s\u00f3 pelo receio de que algu\u00e9m possa aplic\u00e1-los em preju\u00edzos de terceiros. Seria o mesmo que suspender a fabrica\u00e7\u00e3o de facas, porque algu\u00e9m poderia ferir ou se ferir com o seu uso. As portas est\u00e3o abertas. Sejam bem-vindos e bem-vindas ao templo do poder.<\/p>\n<p>Aqui est\u00e1 um primeiro descerrar do v\u00e9u da Magia. Desde j\u00e1, pe\u00e7o que estude o tema com a m\u00e1xima aten\u00e7\u00e3o. O magnetismo \u00e9 a base do edif\u00edcio que Voc\u00ea vai construir.<\/p>\n<p>&#8230;&#8230;&#8230;&#8230;&#8230;.<\/p>\n<p>*Texto extra\u00eddo do livro Portal da Magia. SEABRA, Geraldo. 2005.<br \/>\nGeraldo Seabra &#8211; Jornalista, Astr\u00f3logo, Alquimista, Tar\u00f3logo, fundador do Col\u00e9gio dos Magos de Bras\u00edlia e autor do livro Portal da Magia.<\/p>\n<p>&#8230;&#8230;&#8230;&#8230;&#8230;&#8230;.<br \/>\n<strong>@colegiodosmagosesacerdotisas<\/strong><br \/>\nOs estudiosos das Ci\u00eancias Ocultas que querem aperfei\u00e7oar os seus conhecimentos herm\u00e9ticos, o Col\u00e9gio dos Magos e Sacerdotisas est\u00e1 convocando novos membros para ingresso na Irmandade. Consultas, cursos, mentorias e outras informa\u00e7\u00f5es entrar em contato direto com o @colegiodosmagosesacerdortisas, atrav\u00e9s da Bio, Direct, ou pelo Whatsapp: 81 997302139.<\/p>\n","protected":false},"excerpt":{"rendered":"<p>Vale a pena tocar aqui, mesmo de passagem, no que se chama \u201cchoque de retorno\u201d. H\u00e1 uma lei da f\u00edsica muita conhecida: toda a\u00e7\u00e3o provoca uma rea\u00e7\u00e3o igual e contr\u00e1ria. Se minha mente est\u00e1 carregada de pensamentos de afeto, \u00e9 compreens\u00edvel que muitas pessoas se mostrem afetuosas em rela\u00e7\u00e3o a mim. Se Voc\u00ea se polariza [&hellip;]<\/p>\n","protected":false},"author":2,"featured_media":367477,"comment_status":"closed","ping_status":"closed","sticky":false,"template":"","format":"standard","meta":{"_acf_changed":false,"footnotes":""},"categories":[237],"tags":[],"class_list":["post-367471","post","type-post","status-publish","format-standard","has-post-thumbnail","hentry","category-oraculos"],"acf":[],"yoast_head":"<!-- This site is optimized with the Yoast SEO plugin v27.2 - https:\/\/yoast.com\/product\/yoast-seo-wordpress\/ -->\n<title>Quem s\u00f3 semeia vento vai colher sempre tempestade - Notibras<\/title>\n<meta name=\"robots\" content=\"index, follow, max-snippet:-1, max-image-preview:large, max-video-preview:-1\" \/>\n<link rel=\"canonical\" href=\"https:\/\/www.notibras.com\/site\/quem-so-semeia-vento-vai-colher-sempre-tempestade\/\" \/>\n<meta property=\"og:locale\" content=\"pt_BR\" \/>\n<meta property=\"og:type\" content=\"article\" \/>\n<meta property=\"og:title\" content=\"Quem s\u00f3 semeia vento vai colher sempre tempestade - Notibras\" \/>\n<meta property=\"og:description\" content=\"Vale a pena tocar aqui, mesmo de passagem, no que se chama \u201cchoque de retorno\u201d. H\u00e1 uma lei da f\u00edsica muita conhecida: toda a\u00e7\u00e3o provoca uma rea\u00e7\u00e3o igual e contr\u00e1ria. Se minha mente est\u00e1 carregada de pensamentos de afeto, \u00e9 compreens\u00edvel que muitas pessoas se mostrem afetuosas em rela\u00e7\u00e3o a mim. Se Voc\u00ea se polariza [&hellip;]\" \/>\n<meta property=\"og:url\" content=\"https:\/\/www.notibras.com\/site\/quem-so-semeia-vento-vai-colher-sempre-tempestade\/\" \/>\n<meta property=\"og:site_name\" content=\"Notibras\" \/>\n<meta property=\"article:publisher\" content=\"https:\/\/www.facebook.com\/notibras\/\" \/>\n<meta property=\"article:published_time\" content=\"2025-10-16T05:17:16+00:00\" \/>\n<meta property=\"article:modified_time\" content=\"2025-10-16T05:43:58+00:00\" \/>\n<meta property=\"og:image\" content=\"https:\/\/www.notibras.com\/site\/wp-content\/uploads\/2025\/10\/5270d13c-39da-445e-999c-683a68594461.jpeg\" \/>\n\t<meta property=\"og:image:width\" content=\"1024\" \/>\n\t<meta property=\"og:image:height\" content=\"1536\" \/>\n\t<meta property=\"og:image:type\" content=\"image\/jpeg\" \/>\n<meta name=\"author\" content=\"Reda\u00e7\u00e3o\" \/>\n<meta name=\"twitter:card\" content=\"summary_large_image\" \/>\n<meta name=\"twitter:creator\" content=\"@Notibras\" \/>\n<meta name=\"twitter:site\" content=\"@Notibras\" \/>\n<meta name=\"twitter:label1\" content=\"Escrito por\" \/>\n\t<meta name=\"twitter:data1\" content=\"Reda\u00e7\u00e3o\" \/>\n\t<meta name=\"twitter:label2\" content=\"Est. tempo de leitura\" \/>\n\t<meta name=\"twitter:data2\" content=\"6 minutos\" \/>\n<script type=\"application\/ld+json\" class=\"yoast-schema-graph\">{\"@context\":\"https:\/\/schema.org\",\"@graph\":[{\"@type\":\"Article\",\"@id\":\"https:\/\/www.notibras.com\/site\/quem-so-semeia-vento-vai-colher-sempre-tempestade\/#article\",\"isPartOf\":{\"@id\":\"https:\/\/www.notibras.com\/site\/quem-so-semeia-vento-vai-colher-sempre-tempestade\/\"},\"author\":{\"name\":\"Reda\u00e7\u00e3o\",\"@id\":\"https:\/\/www.notibras.com\/site\/#\/schema\/person\/36ab0979449956132d3e5b517ea76ac8\"},\"headline\":\"Quem s\u00f3 semeia vento vai colher sempre tempestade\",\"datePublished\":\"2025-10-16T05:17:16+00:00\",\"dateModified\":\"2025-10-16T05:43:58+00:00\",\"mainEntityOfPage\":{\"@id\":\"https:\/\/www.notibras.com\/site\/quem-so-semeia-vento-vai-colher-sempre-tempestade\/\"},\"wordCount\":1115,\"publisher\":{\"@id\":\"https:\/\/www.notibras.com\/site\/#organization\"},\"image\":{\"@id\":\"https:\/\/www.notibras.com\/site\/quem-so-semeia-vento-vai-colher-sempre-tempestade\/#primaryimage\"},\"thumbnailUrl\":\"https:\/\/www.notibras.com\/site\/wp-content\/uploads\/2025\/10\/5270d13c-39da-445e-999c-683a68594461.jpeg\",\"articleSection\":[\"Or\u00e1culos\"],\"inLanguage\":\"pt-BR\"},{\"@type\":\"WebPage\",\"@id\":\"https:\/\/www.notibras.com\/site\/quem-so-semeia-vento-vai-colher-sempre-tempestade\/\",\"url\":\"https:\/\/www.notibras.com\/site\/quem-so-semeia-vento-vai-colher-sempre-tempestade\/\",\"name\":\"Quem s\u00f3 semeia vento vai colher sempre tempestade - Notibras\",\"isPartOf\":{\"@id\":\"https:\/\/www.notibras.com\/site\/#website\"},\"primaryImageOfPage\":{\"@id\":\"https:\/\/www.notibras.com\/site\/quem-so-semeia-vento-vai-colher-sempre-tempestade\/#primaryimage\"},\"image\":{\"@id\":\"https:\/\/www.notibras.com\/site\/quem-so-semeia-vento-vai-colher-sempre-tempestade\/#primaryimage\"},\"thumbnailUrl\":\"https:\/\/www.notibras.com\/site\/wp-content\/uploads\/2025\/10\/5270d13c-39da-445e-999c-683a68594461.jpeg\",\"datePublished\":\"2025-10-16T05:17:16+00:00\",\"dateModified\":\"2025-10-16T05:43:58+00:00\",\"breadcrumb\":{\"@id\":\"https:\/\/www.notibras.com\/site\/quem-so-semeia-vento-vai-colher-sempre-tempestade\/#breadcrumb\"},\"inLanguage\":\"pt-BR\",\"potentialAction\":[{\"@type\":\"ReadAction\",\"target\":[\"https:\/\/www.notibras.com\/site\/quem-so-semeia-vento-vai-colher-sempre-tempestade\/\"]}]},{\"@type\":\"ImageObject\",\"inLanguage\":\"pt-BR\",\"@id\":\"https:\/\/www.notibras.com\/site\/quem-so-semeia-vento-vai-colher-sempre-tempestade\/#primaryimage\",\"url\":\"https:\/\/www.notibras.com\/site\/wp-content\/uploads\/2025\/10\/5270d13c-39da-445e-999c-683a68594461.jpeg\",\"contentUrl\":\"https:\/\/www.notibras.com\/site\/wp-content\/uploads\/2025\/10\/5270d13c-39da-445e-999c-683a68594461.jpeg\",\"width\":1024,\"height\":1536},{\"@type\":\"BreadcrumbList\",\"@id\":\"https:\/\/www.notibras.com\/site\/quem-so-semeia-vento-vai-colher-sempre-tempestade\/#breadcrumb\",\"itemListElement\":[{\"@type\":\"ListItem\",\"position\":1,\"name\":\"In\u00edcio\",\"item\":\"https:\/\/www.notibras.com\/site\/\"},{\"@type\":\"ListItem\",\"position\":2,\"name\":\"Quem s\u00f3 semeia vento vai colher sempre tempestade\"}]},{\"@type\":\"WebSite\",\"@id\":\"https:\/\/www.notibras.com\/site\/#website\",\"url\":\"https:\/\/www.notibras.com\/site\/\",\"name\":\"Notibras\",\"description\":\"Not\u00edcias de Bras\u00edlia, do Brasil e do Mundo\",\"publisher\":{\"@id\":\"https:\/\/www.notibras.com\/site\/#organization\"},\"potentialAction\":[{\"@type\":\"SearchAction\",\"target\":{\"@type\":\"EntryPoint\",\"urlTemplate\":\"https:\/\/www.notibras.com\/site\/?s={search_term_string}\"},\"query-input\":{\"@type\":\"PropertyValueSpecification\",\"valueRequired\":true,\"valueName\":\"search_term_string\"}}],\"inLanguage\":\"pt-BR\"},{\"@type\":\"Organization\",\"@id\":\"https:\/\/www.notibras.com\/site\/#organization\",\"name\":\"Grupo Notibras de Comunica\u00e7\u00e3o\",\"url\":\"https:\/\/www.notibras.com\/site\/\",\"logo\":{\"@type\":\"ImageObject\",\"inLanguage\":\"pt-BR\",\"@id\":\"https:\/\/www.notibras.com\/site\/#\/schema\/logo\/image\/\",\"url\":\"https:\/\/www.notibras.com\/site\/wp-content\/uploads\/2023\/01\/notibras23.png\",\"contentUrl\":\"https:\/\/www.notibras.com\/site\/wp-content\/uploads\/2023\/01\/notibras23.png\",\"width\":350,\"height\":87,\"caption\":\"Grupo Notibras de Comunica\u00e7\u00e3o\"},\"image\":{\"@id\":\"https:\/\/www.notibras.com\/site\/#\/schema\/logo\/image\/\"},\"sameAs\":[\"https:\/\/www.facebook.com\/notibras\/\",\"https:\/\/x.com\/Notibras\",\"https:\/\/www.instagram.com\/notibras\/\"]},{\"@type\":\"Person\",\"@id\":\"https:\/\/www.notibras.com\/site\/#\/schema\/person\/36ab0979449956132d3e5b517ea76ac8\",\"name\":\"Reda\u00e7\u00e3o\",\"image\":{\"@type\":\"ImageObject\",\"inLanguage\":\"pt-BR\",\"@id\":\"https:\/\/secure.gravatar.com\/avatar\/e0a867bdedb85fd243eadf09663511f96fc81e0720a4a42581f334ad4303aa6b?s=96&d=mm&r=g\",\"url\":\"https:\/\/secure.gravatar.com\/avatar\/e0a867bdedb85fd243eadf09663511f96fc81e0720a4a42581f334ad4303aa6b?s=96&d=mm&r=g\",\"contentUrl\":\"https:\/\/secure.gravatar.com\/avatar\/e0a867bdedb85fd243eadf09663511f96fc81e0720a4a42581f334ad4303aa6b?s=96&d=mm&r=g\",\"caption\":\"Reda\u00e7\u00e3o\"}}]}<\/script>\n<!-- \/ Yoast SEO plugin. -->","yoast_head_json":{"title":"Quem s\u00f3 semeia vento vai colher sempre tempestade - Notibras","robots":{"index":"index","follow":"follow","max-snippet":"max-snippet:-1","max-image-preview":"max-image-preview:large","max-video-preview":"max-video-preview:-1"},"canonical":"https:\/\/www.notibras.com\/site\/quem-so-semeia-vento-vai-colher-sempre-tempestade\/","og_locale":"pt_BR","og_type":"article","og_title":"Quem s\u00f3 semeia vento vai colher sempre tempestade - Notibras","og_description":"Vale a pena tocar aqui, mesmo de passagem, no que se chama \u201cchoque de retorno\u201d. H\u00e1 uma lei da f\u00edsica muita conhecida: toda a\u00e7\u00e3o provoca uma rea\u00e7\u00e3o igual e contr\u00e1ria. Se minha mente est\u00e1 carregada de pensamentos de afeto, \u00e9 compreens\u00edvel que muitas pessoas se mostrem afetuosas em rela\u00e7\u00e3o a mim. Se Voc\u00ea se polariza [&hellip;]","og_url":"https:\/\/www.notibras.com\/site\/quem-so-semeia-vento-vai-colher-sempre-tempestade\/","og_site_name":"Notibras","article_publisher":"https:\/\/www.facebook.com\/notibras\/","article_published_time":"2025-10-16T05:17:16+00:00","article_modified_time":"2025-10-16T05:43:58+00:00","og_image":[{"width":1024,"height":1536,"url":"https:\/\/www.notibras.com\/site\/wp-content\/uploads\/2025\/10\/5270d13c-39da-445e-999c-683a68594461.jpeg","type":"image\/jpeg"}],"author":"Reda\u00e7\u00e3o","twitter_card":"summary_large_image","twitter_creator":"@Notibras","twitter_site":"@Notibras","twitter_misc":{"Escrito por":"Reda\u00e7\u00e3o","Est. tempo de leitura":"6 minutos"},"schema":{"@context":"https:\/\/schema.org","@graph":[{"@type":"Article","@id":"https:\/\/www.notibras.com\/site\/quem-so-semeia-vento-vai-colher-sempre-tempestade\/#article","isPartOf":{"@id":"https:\/\/www.notibras.com\/site\/quem-so-semeia-vento-vai-colher-sempre-tempestade\/"},"author":{"name":"Reda\u00e7\u00e3o","@id":"https:\/\/www.notibras.com\/site\/#\/schema\/person\/36ab0979449956132d3e5b517ea76ac8"},"headline":"Quem s\u00f3 semeia vento vai colher sempre tempestade","datePublished":"2025-10-16T05:17:16+00:00","dateModified":"2025-10-16T05:43:58+00:00","mainEntityOfPage":{"@id":"https:\/\/www.notibras.com\/site\/quem-so-semeia-vento-vai-colher-sempre-tempestade\/"},"wordCount":1115,"publisher":{"@id":"https:\/\/www.notibras.com\/site\/#organization"},"image":{"@id":"https:\/\/www.notibras.com\/site\/quem-so-semeia-vento-vai-colher-sempre-tempestade\/#primaryimage"},"thumbnailUrl":"https:\/\/www.notibras.com\/site\/wp-content\/uploads\/2025\/10\/5270d13c-39da-445e-999c-683a68594461.jpeg","articleSection":["Or\u00e1culos"],"inLanguage":"pt-BR"},{"@type":"WebPage","@id":"https:\/\/www.notibras.com\/site\/quem-so-semeia-vento-vai-colher-sempre-tempestade\/","url":"https:\/\/www.notibras.com\/site\/quem-so-semeia-vento-vai-colher-sempre-tempestade\/","name":"Quem s\u00f3 semeia vento vai colher sempre tempestade - Notibras","isPartOf":{"@id":"https:\/\/www.notibras.com\/site\/#website"},"primaryImageOfPage":{"@id":"https:\/\/www.notibras.com\/site\/quem-so-semeia-vento-vai-colher-sempre-tempestade\/#primaryimage"},"image":{"@id":"https:\/\/www.notibras.com\/site\/quem-so-semeia-vento-vai-colher-sempre-tempestade\/#primaryimage"},"thumbnailUrl":"https:\/\/www.notibras.com\/site\/wp-content\/uploads\/2025\/10\/5270d13c-39da-445e-999c-683a68594461.jpeg","datePublished":"2025-10-16T05:17:16+00:00","dateModified":"2025-10-16T05:43:58+00:00","breadcrumb":{"@id":"https:\/\/www.notibras.com\/site\/quem-so-semeia-vento-vai-colher-sempre-tempestade\/#breadcrumb"},"inLanguage":"pt-BR","potentialAction":[{"@type":"ReadAction","target":["https:\/\/www.notibras.com\/site\/quem-so-semeia-vento-vai-colher-sempre-tempestade\/"]}]},{"@type":"ImageObject","inLanguage":"pt-BR","@id":"https:\/\/www.notibras.com\/site\/quem-so-semeia-vento-vai-colher-sempre-tempestade\/#primaryimage","url":"https:\/\/www.notibras.com\/site\/wp-content\/uploads\/2025\/10\/5270d13c-39da-445e-999c-683a68594461.jpeg","contentUrl":"https:\/\/www.notibras.com\/site\/wp-content\/uploads\/2025\/10\/5270d13c-39da-445e-999c-683a68594461.jpeg","width":1024,"height":1536},{"@type":"BreadcrumbList","@id":"https:\/\/www.notibras.com\/site\/quem-so-semeia-vento-vai-colher-sempre-tempestade\/#breadcrumb","itemListElement":[{"@type":"ListItem","position":1,"name":"In\u00edcio","item":"https:\/\/www.notibras.com\/site\/"},{"@type":"ListItem","position":2,"name":"Quem s\u00f3 semeia vento vai colher sempre tempestade"}]},{"@type":"WebSite","@id":"https:\/\/www.notibras.com\/site\/#website","url":"https:\/\/www.notibras.com\/site\/","name":"Notibras","description":"Not\u00edcias de Bras\u00edlia, do Brasil e do Mundo","publisher":{"@id":"https:\/\/www.notibras.com\/site\/#organization"},"potentialAction":[{"@type":"SearchAction","target":{"@type":"EntryPoint","urlTemplate":"https:\/\/www.notibras.com\/site\/?s={search_term_string}"},"query-input":{"@type":"PropertyValueSpecification","valueRequired":true,"valueName":"search_term_string"}}],"inLanguage":"pt-BR"},{"@type":"Organization","@id":"https:\/\/www.notibras.com\/site\/#organization","name":"Grupo Notibras de Comunica\u00e7\u00e3o","url":"https:\/\/www.notibras.com\/site\/","logo":{"@type":"ImageObject","inLanguage":"pt-BR","@id":"https:\/\/www.notibras.com\/site\/#\/schema\/logo\/image\/","url":"https:\/\/www.notibras.com\/site\/wp-content\/uploads\/2023\/01\/notibras23.png","contentUrl":"https:\/\/www.notibras.com\/site\/wp-content\/uploads\/2023\/01\/notibras23.png","width":350,"height":87,"caption":"Grupo Notibras de Comunica\u00e7\u00e3o"},"image":{"@id":"https:\/\/www.notibras.com\/site\/#\/schema\/logo\/image\/"},"sameAs":["https:\/\/www.facebook.com\/notibras\/","https:\/\/x.com\/Notibras","https:\/\/www.instagram.com\/notibras\/"]},{"@type":"Person","@id":"https:\/\/www.notibras.com\/site\/#\/schema\/person\/36ab0979449956132d3e5b517ea76ac8","name":"Reda\u00e7\u00e3o","image":{"@type":"ImageObject","inLanguage":"pt-BR","@id":"https:\/\/secure.gravatar.com\/avatar\/e0a867bdedb85fd243eadf09663511f96fc81e0720a4a42581f334ad4303aa6b?s=96&d=mm&r=g","url":"https:\/\/secure.gravatar.com\/avatar\/e0a867bdedb85fd243eadf09663511f96fc81e0720a4a42581f334ad4303aa6b?s=96&d=mm&r=g","contentUrl":"https:\/\/secure.gravatar.com\/avatar\/e0a867bdedb85fd243eadf09663511f96fc81e0720a4a42581f334ad4303aa6b?s=96&d=mm&r=g","caption":"Reda\u00e7\u00e3o"}}]}},"amp_enabled":true,"_links":{"self":[{"href":"https:\/\/www.notibras.com\/site\/wp-json\/wp\/v2\/posts\/367471","targetHints":{"allow":["GET"]}}],"collection":[{"href":"https:\/\/www.notibras.com\/site\/wp-json\/wp\/v2\/posts"}],"about":[{"href":"https:\/\/www.notibras.com\/site\/wp-json\/wp\/v2\/types\/post"}],"author":[{"embeddable":true,"href":"https:\/\/www.notibras.com\/site\/wp-json\/wp\/v2\/users\/2"}],"replies":[{"embeddable":true,"href":"https:\/\/www.notibras.com\/site\/wp-json\/wp\/v2\/comments?post=367471"}],"version-history":[{"count":3,"href":"https:\/\/www.notibras.com\/site\/wp-json\/wp\/v2\/posts\/367471\/revisions"}],"predecessor-version":[{"id":367498,"href":"https:\/\/www.notibras.com\/site\/wp-json\/wp\/v2\/posts\/367471\/revisions\/367498"}],"wp:featuredmedia":[{"embeddable":true,"href":"https:\/\/www.notibras.com\/site\/wp-json\/wp\/v2\/media\/367477"}],"wp:attachment":[{"href":"https:\/\/www.notibras.com\/site\/wp-json\/wp\/v2\/media?parent=367471"}],"wp:term":[{"taxonomy":"category","embeddable":true,"href":"https:\/\/www.notibras.com\/site\/wp-json\/wp\/v2\/categories?post=367471"},{"taxonomy":"post_tag","embeddable":true,"href":"https:\/\/www.notibras.com\/site\/wp-json\/wp\/v2\/tags?post=367471"}],"curies":[{"name":"wp","href":"https:\/\/api.w.org\/{rel}","templated":true}]}}