{"id":367506,"date":"2025-10-16T03:22:56","date_gmt":"2025-10-16T06:22:56","guid":{"rendered":"https:\/\/www.notibras.com\/site\/?p=367506"},"modified":"2025-10-16T03:22:56","modified_gmt":"2025-10-16T06:22:56","slug":"seca-e-esperanca-mudam-a-realidade-multifacetada-do-nordeste","status":"publish","type":"post","link":"https:\/\/www.notibras.com\/site\/seca-e-esperanca-mudam-a-realidade-multifacetada-do-nordeste\/","title":{"rendered":"Seca e esperan\u00e7a mudam a realidade multifacetada do Nordeste"},"content":{"rendered":"<p>O sol nasce forte, sem pedir licen\u00e7a, riscando o c\u00e9u com tons de fogo. No sert\u00e3o, ele n\u00e3o \u00e9 apenas um astro \u2014 \u00e9 presen\u00e7a constante, quase personagem das hist\u00f3rias que ali se desenham. A terra, rachada e sedenta, guarda segredos de um povo que aprendeu a viver entre o que falta e o que sobra: falta de chuva, sobra de coragem.<\/p>\n<p>A seca chega silenciosa, mas o seu impacto ecoa em cada canto. O gado magro procura sombra, as planta\u00e7\u00f5es murcham, e o ch\u00e3o levanta poeira como se gritasse por al\u00edvio. Ainda assim, no meio da aridez, brota algo que nem o sol consegue queimar: a esperan\u00e7a.<\/p>\n<p>\u00c9 ela que faz o sertanejo olhar para o horizonte e acreditar que o verde vai voltar. Que o rio seco h\u00e1 de correr de novo, que o barro vai virar barro f\u00e9rtil, e que a chuva \u2014 sempre prometida \u2014 vai cair, lavando n\u00e3o s\u00f3 a terra, mas tamb\u00e9m as almas cansadas.<\/p>\n<p>No Nordeste, a seca n\u00e3o \u00e9 s\u00f3 trag\u00e9dia: \u00e9 tamb\u00e9m prova, aprendizado e resist\u00eancia. \u00c9 dela que nascem os versos, os cantos, as ora\u00e7\u00f5es e a f\u00e9 que move montanhas. O povo nordestino n\u00e3o se define pela dor que enfrenta, mas pela for\u00e7a com que recome\u00e7a.<\/p>\n<p>Porque no sert\u00e3o, at\u00e9 a esperan\u00e7a tem ra\u00edzes profundas \u2014 e mesmo quando o ch\u00e3o racha, ela insiste em florescer.<\/p>\n","protected":false},"excerpt":{"rendered":"<p>O sol nasce forte, sem pedir licen\u00e7a, riscando o c\u00e9u com tons de fogo. No sert\u00e3o, ele n\u00e3o \u00e9 apenas um astro \u2014 \u00e9 presen\u00e7a constante, quase personagem das hist\u00f3rias que ali se desenham. A terra, rachada e sedenta, guarda segredos de um povo que aprendeu a viver entre o que falta e o que [&hellip;]<\/p>\n","protected":false},"author":2,"featured_media":367507,"comment_status":"closed","ping_status":"closed","sticky":false,"template":"","format":"standard","meta":{"_acf_changed":false,"footnotes":""},"categories":[165],"tags":[],"class_list":["post-367506","post","type-post","status-publish","format-standard","has-post-thumbnail","hentry","category-nordeste"],"acf":[],"_links":{"self":[{"href":"https:\/\/www.notibras.com\/site\/wp-json\/wp\/v2\/posts\/367506","targetHints":{"allow":["GET"]}}],"collection":[{"href":"https:\/\/www.notibras.com\/site\/wp-json\/wp\/v2\/posts"}],"about":[{"href":"https:\/\/www.notibras.com\/site\/wp-json\/wp\/v2\/types\/post"}],"author":[{"embeddable":true,"href":"https:\/\/www.notibras.com\/site\/wp-json\/wp\/v2\/users\/2"}],"replies":[{"embeddable":true,"href":"https:\/\/www.notibras.com\/site\/wp-json\/wp\/v2\/comments?post=367506"}],"version-history":[{"count":1,"href":"https:\/\/www.notibras.com\/site\/wp-json\/wp\/v2\/posts\/367506\/revisions"}],"predecessor-version":[{"id":367508,"href":"https:\/\/www.notibras.com\/site\/wp-json\/wp\/v2\/posts\/367506\/revisions\/367508"}],"wp:featuredmedia":[{"embeddable":true,"href":"https:\/\/www.notibras.com\/site\/wp-json\/wp\/v2\/media\/367507"}],"wp:attachment":[{"href":"https:\/\/www.notibras.com\/site\/wp-json\/wp\/v2\/media?parent=367506"}],"wp:term":[{"taxonomy":"category","embeddable":true,"href":"https:\/\/www.notibras.com\/site\/wp-json\/wp\/v2\/categories?post=367506"},{"taxonomy":"post_tag","embeddable":true,"href":"https:\/\/www.notibras.com\/site\/wp-json\/wp\/v2\/tags?post=367506"}],"curies":[{"name":"wp","href":"https:\/\/api.w.org\/{rel}","templated":true}]}}