{"id":367509,"date":"2025-10-16T03:28:52","date_gmt":"2025-10-16T06:28:52","guid":{"rendered":"https:\/\/www.notibras.com\/site\/?p=367509"},"modified":"2025-10-16T03:32:47","modified_gmt":"2025-10-16T06:32:47","slug":"urbanismo-sustentavel-pode-salvar-o-planeta","status":"publish","type":"post","link":"https:\/\/www.notibras.com\/site\/urbanismo-sustentavel-pode-salvar-o-planeta\/","title":{"rendered":"Urbanismo sustent\u00e1vel pode salvar o planeta"},"content":{"rendered":"<div>O Nordeste brasileiro \u00e9 conhecido por suas paisagens \u00fanicas, riqueza cultural e clima tropical, mas tamb\u00e9m enfrenta desafios urbanos crescentes: expans\u00e3o desordenada, polui\u00e7\u00e3o, escassez h\u00eddrica e ilhas de calor nas cidades. Em meio a essa realidade, surge uma solu\u00e7\u00e3o promissora: o urbanismo sustent\u00e1vel \u2014 planejamento urbano que busca equilibrar crescimento, qualidade de vida e preserva\u00e7\u00e3o ambiental.<\/div>\n<div><\/div>\n<div>Urbanismo sustent\u00e1vel n\u00e3o \u00e9 apenas arquitetura bonita ou ciclovias modernas. Trata-se de repensar a cidade como um organismo vivo, integrando mobilidade, habita\u00e7\u00e3o, espa\u00e7os verdes e energia limpa. Cidades nordestinas como Recife, Fortaleza e Salvador j\u00e1 est\u00e3o investindo em projetos que mostram como o urbanismo pode ter impacto direto no meio ambiente.<\/div>\n<div><\/div>\n<div>\u201cCada metro quadrado planejado de forma inteligente significa menos emiss\u00e3o de carbono, mais \u00e1reas verdes e uma popula\u00e7\u00e3o mais saud\u00e1vel\u201d, explica Arquiteta e Urbanista Carla Menezes, de Recife.<\/div>\n<div><\/div>\n<div>Algumas iniciativas nordestinas mostram caminhos concretos:<\/div>\n<div><\/div>\n<div><strong>1.Cidades verdes e corredores ecol\u00f3gicos<\/strong><\/div>\n<div>Em Recife, parques urbanos e corredores de \u00e1rvores ajudam a reduzir a polui\u00e7\u00e3o, controlar enchentes e melhorar a qualidade do ar. Esp\u00e9cies nativas s\u00e3o priorizadas, fortalecendo a biodiversidade local.<\/div>\n<div><\/div>\n<div><strong>2.Transporte sustent\u00e1vel<\/strong><\/div>\n<div>Fortaleza implementa ciclovias integradas ao transporte p\u00fablico, reduzindo a depend\u00eancia de carros e diminuindo a emiss\u00e3o de gases poluentes.<\/div>\n<div><\/div>\n<div><strong>3.Edifica\u00e7\u00f5es inteligentes<\/strong><\/div>\n<div>Salvador aposta em pr\u00e9dios com pain\u00e9is solares, telhados verdes e sistemas de reaproveitamento de \u00e1gua da chuva, diminuindo o consumo energ\u00e9tico e preservando recursos naturais.<\/div>\n<div><\/div>\n<div><strong>4.Gest\u00e3o da \u00e1gua e adapta\u00e7\u00e3o clim\u00e1tica<\/strong><\/div>\n<div>Cidades do semi\u00e1rido nordestino, como Juazeiro e Petrolina, investem em capta\u00e7\u00e3o e armazenamento de \u00e1gua de chuva, enfrentando a escassez h\u00eddrica e prevenindo crises futuras.<\/div>\n<div><\/div>\n<div><strong>5.Urbanismo social<\/strong><\/div>\n<div>Planejar n\u00e3o \u00e9 s\u00f3 ambiental; \u00e9 social. Projetos que promovem \u00e1reas de lazer, feiras comunit\u00e1rias e mercados sustent\u00e1veis fortalecem o tecido urbano, conectando pessoas e incentivando pr\u00e1ticas conscientes de consumo.<\/div>\n<div><\/div>\n<div>O urbanismo sustent\u00e1vel no Nordeste vai al\u00e9m das fronteiras regionais. Reduzir emiss\u00f5es, preservar vegeta\u00e7\u00e3o nativa e planejar cidades resilientes contribui para a luta contra as mudan\u00e7as clim\u00e1ticas. Cada cidade que se torna mais verde e eficiente ajuda a conter o aquecimento global e a proteger recursos que s\u00e3o essenciais para o planeta.<\/div>\n<div><\/div>\n<div>\u201cO Nordeste tem desafios espec\u00edficos, como clima semi\u00e1rido e crescimento urbano r\u00e1pido, mas tamb\u00e9m possui oportunidades \u00fanicas de inova\u00e7\u00e3o. O urbanismo sustent\u00e1vel aqui pode servir de modelo para o Brasil inteiro\u201d, afirma Carla Menezes.<\/div>\n<div><\/div>\n<div>A transforma\u00e7\u00e3o urbana \u00e9 urgente. Com pol\u00edticas p\u00fablicas integradas, participa\u00e7\u00e3o cidad\u00e3 e tecnologia, as cidades nordestinas podem se tornar exemplos de sustentabilidade. O desafio \u00e9 grande, mas as solu\u00e7\u00f5es existem \u2014 e est\u00e3o ao alcance de todos.<\/div>\n<div><\/div>\n<div>O urbanismo no Nordeste \u00e9 uma ferramenta poderosa para salvar o planeta. Ao planejar cidades mais verdes, resilientes e conectadas socialmente, a regi\u00e3o n\u00e3o s\u00f3 melhora a qualidade de vida de seus habitantes, mas tamb\u00e9m contribui para um futuro ambiental mais seguro e equilibrado para o mundo.<\/div>\n","protected":false},"excerpt":{"rendered":"<p>O Nordeste brasileiro \u00e9 conhecido por suas paisagens \u00fanicas, riqueza cultural e clima tropical, mas tamb\u00e9m enfrenta desafios urbanos crescentes: expans\u00e3o desordenada, polui\u00e7\u00e3o, escassez h\u00eddrica e ilhas de calor nas cidades. Em meio a essa realidade, surge uma solu\u00e7\u00e3o promissora: o urbanismo sustent\u00e1vel \u2014 planejamento urbano que busca equilibrar crescimento, qualidade de vida e preserva\u00e7\u00e3o [&hellip;]<\/p>\n","protected":false},"author":2,"featured_media":367510,"comment_status":"closed","ping_status":"closed","sticky":false,"template":"","format":"standard","meta":{"_acf_changed":false,"footnotes":""},"categories":[165],"tags":[],"class_list":["post-367509","post","type-post","status-publish","format-standard","has-post-thumbnail","hentry","category-nordeste"],"acf":[],"_links":{"self":[{"href":"https:\/\/www.notibras.com\/site\/wp-json\/wp\/v2\/posts\/367509","targetHints":{"allow":["GET"]}}],"collection":[{"href":"https:\/\/www.notibras.com\/site\/wp-json\/wp\/v2\/posts"}],"about":[{"href":"https:\/\/www.notibras.com\/site\/wp-json\/wp\/v2\/types\/post"}],"author":[{"embeddable":true,"href":"https:\/\/www.notibras.com\/site\/wp-json\/wp\/v2\/users\/2"}],"replies":[{"embeddable":true,"href":"https:\/\/www.notibras.com\/site\/wp-json\/wp\/v2\/comments?post=367509"}],"version-history":[{"count":2,"href":"https:\/\/www.notibras.com\/site\/wp-json\/wp\/v2\/posts\/367509\/revisions"}],"predecessor-version":[{"id":367512,"href":"https:\/\/www.notibras.com\/site\/wp-json\/wp\/v2\/posts\/367509\/revisions\/367512"}],"wp:featuredmedia":[{"embeddable":true,"href":"https:\/\/www.notibras.com\/site\/wp-json\/wp\/v2\/media\/367510"}],"wp:attachment":[{"href":"https:\/\/www.notibras.com\/site\/wp-json\/wp\/v2\/media?parent=367509"}],"wp:term":[{"taxonomy":"category","embeddable":true,"href":"https:\/\/www.notibras.com\/site\/wp-json\/wp\/v2\/categories?post=367509"},{"taxonomy":"post_tag","embeddable":true,"href":"https:\/\/www.notibras.com\/site\/wp-json\/wp\/v2\/tags?post=367509"}],"curies":[{"name":"wp","href":"https:\/\/api.w.org\/{rel}","templated":true}]}}