{"id":367513,"date":"2025-10-16T00:35:22","date_gmt":"2025-10-16T03:35:22","guid":{"rendered":"https:\/\/www.notibras.com\/site\/?p=367513"},"modified":"2025-10-16T03:37:33","modified_gmt":"2025-10-16T06:37:33","slug":"manutencao-em-adutora-suspende-fornecimento-de-agua-no-agreste","status":"publish","type":"post","link":"https:\/\/www.notibras.com\/site\/manutencao-em-adutora-suspende-fornecimento-de-agua-no-agreste\/","title":{"rendered":"Manuten\u00e7\u00e3o em adutora suspende fornecimento de \u00e1gua no Agreste"},"content":{"rendered":"<p>Uma manuten\u00e7\u00e3o emergencial na Adutora do Agreste, sistema respons\u00e1vel por levar \u00e1gua tratada a dezenas de munic\u00edpios do interior de Pernambuco, provocou a suspens\u00e3o tempor\u00e1ria do abastecimento em v\u00e1rias cidades da regi\u00e3o. A Compesa (Companhia Pernambucana de Saneamento) informou que os trabalhos tiveram in\u00edcio na manh\u00e3 de ter\u00e7a-feira (14) e devem se estender at\u00e9 o final da tarde desta quinta-feira (16).<\/p>\n<p>A interven\u00e7\u00e3o acontece em um trecho estrat\u00e9gico da adutora, entre os munic\u00edpios de Belo Jardim e Pesqueira, e inclui reparos estruturais, substitui\u00e7\u00e3o de v\u00e1lvulas e corre\u00e7\u00e3o de vazamentos identificados durante inspe\u00e7\u00f5es t\u00e9cnicas realizadas nas \u00faltimas semanas.<\/p>\n<p>De acordo com a companhia, a paralisa\u00e7\u00e3o \u00e9 necess\u00e1ria para garantir a seguran\u00e7a operacional do sistema e evitar falhas mais graves que poderiam comprometer o fornecimento por um per\u00edodo ainda maior.<\/p>\n<p>\u201cEsse tipo de manuten\u00e7\u00e3o preventiva \u00e9 essencial para garantir a regularidade e a qualidade do abastecimento de \u00e1gua para a popula\u00e7\u00e3o do Agreste. Nossas equipes est\u00e3o trabalhando em regime intensivo para concluir o servi\u00e7o no menor tempo poss\u00edvel\u201d, explicou Maria do Socorro Lima, gerente regional da Compesa.<\/p>\n","protected":false},"excerpt":{"rendered":"<p>Uma manuten\u00e7\u00e3o emergencial na Adutora do Agreste, sistema respons\u00e1vel por levar \u00e1gua tratada a dezenas de munic\u00edpios do interior de Pernambuco, provocou a suspens\u00e3o tempor\u00e1ria do abastecimento em v\u00e1rias cidades da regi\u00e3o. A Compesa (Companhia Pernambucana de Saneamento) informou que os trabalhos tiveram in\u00edcio na manh\u00e3 de ter\u00e7a-feira (14) e devem se estender at\u00e9 o [&hellip;]<\/p>\n","protected":false},"author":2,"featured_media":367514,"comment_status":"closed","ping_status":"closed","sticky":false,"template":"","format":"standard","meta":{"_acf_changed":false,"footnotes":""},"categories":[165],"tags":[],"class_list":["post-367513","post","type-post","status-publish","format-standard","has-post-thumbnail","hentry","category-nordeste"],"acf":[],"_links":{"self":[{"href":"https:\/\/www.notibras.com\/site\/wp-json\/wp\/v2\/posts\/367513","targetHints":{"allow":["GET"]}}],"collection":[{"href":"https:\/\/www.notibras.com\/site\/wp-json\/wp\/v2\/posts"}],"about":[{"href":"https:\/\/www.notibras.com\/site\/wp-json\/wp\/v2\/types\/post"}],"author":[{"embeddable":true,"href":"https:\/\/www.notibras.com\/site\/wp-json\/wp\/v2\/users\/2"}],"replies":[{"embeddable":true,"href":"https:\/\/www.notibras.com\/site\/wp-json\/wp\/v2\/comments?post=367513"}],"version-history":[{"count":1,"href":"https:\/\/www.notibras.com\/site\/wp-json\/wp\/v2\/posts\/367513\/revisions"}],"predecessor-version":[{"id":367515,"href":"https:\/\/www.notibras.com\/site\/wp-json\/wp\/v2\/posts\/367513\/revisions\/367515"}],"wp:featuredmedia":[{"embeddable":true,"href":"https:\/\/www.notibras.com\/site\/wp-json\/wp\/v2\/media\/367514"}],"wp:attachment":[{"href":"https:\/\/www.notibras.com\/site\/wp-json\/wp\/v2\/media?parent=367513"}],"wp:term":[{"taxonomy":"category","embeddable":true,"href":"https:\/\/www.notibras.com\/site\/wp-json\/wp\/v2\/categories?post=367513"},{"taxonomy":"post_tag","embeddable":true,"href":"https:\/\/www.notibras.com\/site\/wp-json\/wp\/v2\/tags?post=367513"}],"curies":[{"name":"wp","href":"https:\/\/api.w.org\/{rel}","templated":true}]}}