{"id":367543,"date":"2025-10-16T12:18:43","date_gmt":"2025-10-16T15:18:43","guid":{"rendered":"https:\/\/www.notibras.com\/site\/?p=367543"},"modified":"2025-10-16T12:19:23","modified_gmt":"2025-10-16T15:19:23","slug":"flotilha-amazonica-vai-a-cop-contra-o-uso-dos-combustiveis-fosseis","status":"publish","type":"post","link":"https:\/\/www.notibras.com\/site\/flotilha-amazonica-vai-a-cop-contra-o-uso-dos-combustiveis-fosseis\/","title":{"rendered":"Flotilha Amaz\u00f4nica vai \u00e0 COP contra o uso dos combust\u00edveis f\u00f3sseis"},"content":{"rendered":"<p>A Flotilha Amaz\u00f4nica Yaku Mama iniciou nesta quinta-feira uma jornada simb\u00f3lica a partir da cidade de Francisco de Orellana (El Coca), no Equador, com um objetivo claro: colocar a Amaz\u00f4nia no centro da luta por justi\u00e7a clim\u00e1tica e exigir o fim da explora\u00e7\u00e3o e do uso de combust\u00edveis f\u00f3sseis.<\/p>\n<p>Unindo os Andes \u00e0 Amaz\u00f4nia, uma coaliz\u00e3o formada por 60 organiza\u00e7\u00f5es ind\u00edgenas e territoriais, al\u00e9m de aliados internacionais, percorrer\u00e1 cerca de 3 mil quil\u00f4metros at\u00e9 Bel\u00e9m (PA), onde ser\u00e1 realizada a COP30, no in\u00edcio de novembro. Mais do que um ato de protesto, a travessia \u00e9 uma declara\u00e7\u00e3o de urg\u00eancia: a justi\u00e7a clim\u00e1tica deve se tornar realidade, e a extra\u00e7\u00e3o de petr\u00f3leo e g\u00e1s na Amaz\u00f4nia precisa chegar ao fim.<\/p>\n<p>Antes da partida, os participantes se reuniram em Quito, ponto de partida escolhido de forma simb\u00f3lica. Foi dessa cidade que, em 1541, partiu a expedi\u00e7\u00e3o de Francisco de Orellana, que culminou com o \u201cdescobrimento\u201d do Rio Amazonas. Agora, a Flotilha Yaku Mama inverte esse trajeto hist\u00f3rico, transformando a antiga rota de conquista em um caminho de reconex\u00e3o e resist\u00eancia. A expedi\u00e7\u00e3o tamb\u00e9m homenageia o primeiro levante continental ind\u00edgena de 1992 e busca amplificar as vozes dos povos da floresta.<\/p>\n<p>\u201cEsta viagem \u00e9 um ato de resist\u00eancia e empoderamento. Conecta a crise clim\u00e1tica \u00e0s suas ra\u00edzes coloniais e extrativistas, mostrando que os povos que menos contribu\u00edram para o problema s\u00e3o os que mais sofrem com seus efeitos. \u00c9 um chamado urgente \u00e0 COP30: a verdadeira justi\u00e7a clim\u00e1tica nasce da terra, corre com os rios e se sustenta naqueles que cuidam deles\u201d, afirmou Luc\u00eda Ixch\u00fa, ind\u00edgena maia K\u2019iche, da Guatemala, e porta-voz da flotilha.<\/p>\n<p><strong>Funeral simb\u00f3lico<\/strong><br \/>\nPara abrir o percurso, a tripula\u00e7\u00e3o e organiza\u00e7\u00f5es parceiras realizaram um funeral simb\u00f3lico, representando o adeus \u00e0 era dos combust\u00edveis f\u00f3sseis \u2014 considerada devastadora para a Amaz\u00f4nia. O ato tamb\u00e9m denuncia as chamadas \u201cfalsas solu\u00e7\u00f5es\u201d da transi\u00e7\u00e3o energ\u00e9tica, que seguem impondo novos projetos extrativistas e zonas de sacrif\u00edcio sobre territ\u00f3rios ind\u00edgenas.<\/p>\n<p>As comunidades amaz\u00f4nicas defendem seu direito \u00e0 autodetermina\u00e7\u00e3o e \u00e0 condu\u00e7\u00e3o de uma transi\u00e7\u00e3o energ\u00e9tica justa, sem repetir os impactos de atividades como minera\u00e7\u00e3o, derramamentos de petr\u00f3leo e monocultivos.<\/p>\n<p>A Flotilha Amaz\u00f4nica Yaku Mama reivindica que essa transi\u00e7\u00e3o seja verdadeiramente justa e vinculante, respeitando o Consentimento Livre, Pr\u00e9vio e Informado das comunidades ind\u00edgenas. O grupo tamb\u00e9m pede o reconhecimento e a prote\u00e7\u00e3o de zonas intang\u00edveis para povos ind\u00edgenas em isolamento volunt\u00e1rio, cuja sobreviv\u00eancia depende de territ\u00f3rios livres de explora\u00e7\u00e3o.<\/p>\n<p><strong>A floresta em risco<\/strong><br \/>\nA jornada acontece em um momento cr\u00edtico. Um relat\u00f3rio divulgado em 2024 pelo Programa de Monitoramento dos Andes-Amaz\u00f4nia (MAAP) apontou a perda de 4,5 milh\u00f5es de hectares de floresta prim\u00e1ria em decorr\u00eancia da defloresta\u00e7\u00e3o e dos inc\u00eandios \u2014 o maior \u00edndice j\u00e1 registrado. O mesmo estudo indica que a minera\u00e7\u00e3o de ouro cresceu mais de 50% desde 2018, afetando inclusive \u00e1reas protegidas e territ\u00f3rios ind\u00edgenas.<\/p>\n<p>\u201cEstamos hoje no Equador por uma raz\u00e3o hist\u00f3rica. Foi daqui, de Quito, que partiram as miss\u00f5es que invadiram nossos territ\u00f3rios em nome do \u2018descobrimento\u2019 do grande rio Amazonas. Agora, refazemos essa rota para transform\u00e1-la em s\u00edmbolo de reconex\u00e3o e resist\u00eancia\u201d, declarou Leo Cerda, ind\u00edgena kichwa da prov\u00edncia de Napo.<\/p>\n<p>A flotilha \u00e9 composta por 50 representantes de povos ind\u00edgenas e organiza\u00e7\u00f5es da sociedade civil da Amaz\u00f4nia, Mesoam\u00e9rica, Rep\u00fablica do Congo e Indon\u00e9sia. O grupo navegar\u00e1 o Amazonas para denunciar as \u201ccicatrizes do extrativismo\u201d \u2014 como a minera\u00e7\u00e3o ilegal e a devasta\u00e7\u00e3o florestal \u2014 e, ao mesmo tempo, mostrar exemplos de alternativas sustent\u00e1veis j\u00e1 em pr\u00e1tica, como empreendimentos comunit\u00e1rios e monitoramento territorial com base em saberes ancestrais.<\/p>\n<p><strong>O fim combust\u00edveis f\u00f3sseis<\/strong><br \/>\nOs combust\u00edveis f\u00f3sseis, al\u00e9m de degradar o meio ambiente, tamb\u00e9m alimentam a viol\u00eancia social. Segundo o relat\u00f3rio da Global Witness (2024), entre 2012 e 2024, 2.253 defensores ambientais foram assassinados ou desapareceram, sendo 40% deles ind\u00edgenas.<\/p>\n<p>A expans\u00e3o silenciosa da ind\u00fastria petrol\u00edfera e de g\u00e1s atinge hoje oito dos nove pa\u00edses amaz\u00f4nicos. Dados da InfoAmazonia e da Arayara revelam que h\u00e1 933 blocos de explora\u00e7\u00e3o de petr\u00f3leo e g\u00e1s na Pan-Amaz\u00f4nia \u2014 472 no Brasil, 71 no Equador, 59 no Peru e 47 na Col\u00f4mbia \u2014, muitos sobrepostos a \u00e1reas protegidas e territ\u00f3rios ind\u00edgenas.<\/p>\n<p>O impacto \u00e9 devastador: entre 2000 e 2023, o Peru registrou 831 vazamentos de petr\u00f3leo, e o Equador, 1.584 entre 2012 e 2022. No Brasil, o Ibama j\u00e1 rejeitou tr\u00eas vezes o projeto da Petrobras para explora\u00e7\u00e3o na foz do Amazonas, devido aos riscos \u00e0 biodiversidade. Al\u00e9m disso, a infraestrutura petrol\u00edfera \u2014 estradas, oleodutos e queimadas de g\u00e1s \u2014 contribui para a fragmenta\u00e7\u00e3o da floresta e contamina\u00e7\u00e3o de \u00e1gua e solo, afetando 1,2 milh\u00e3o de pessoas que vivem pr\u00f3ximas a po\u00e7os ativos, segundo o Greenpeace (2025).<\/p>\n<p>A queima de combust\u00edveis f\u00f3sseis responde por 75% das emiss\u00f5es globais de gases de efeito estufa, segundo o IPCC. A crise clim\u00e1tica resultante amea\u00e7a levar a Amaz\u00f4nia a um ponto de n\u00e3o retorno, com secas extremas, enchentes e inc\u00eandios crescentes.<\/p>\n<p>\u201cPara n\u00f3s, povos ind\u00edgenas, a crise clim\u00e1tica n\u00e3o \u00e9 algo distante. \u00c9 a invas\u00e3o de nossas terras, a contamina\u00e7\u00e3o dos rios e a amea\u00e7a direta \u00e0 vida de nossos filhos. Defender a Amaz\u00f4nia \u00e9 defender nossa pr\u00f3pria exist\u00eancia. N\u00e3o pode haver justi\u00e7a clim\u00e1tica sem justi\u00e7a para os povos que cuidam desta terra h\u00e1 mil\u00eanios\u201d, afirmou Kelly Guajajara, jovem ind\u00edgena e integrante da M\u00eddia Ind\u00edgena, do Brasil.<\/p>\n<p><strong>Povos ind\u00edgenas<\/strong><br \/>\nA flotilha refor\u00e7a que os povos ind\u00edgenas n\u00e3o s\u00e3o apenas v\u00edtimas da crise clim\u00e1tica \u2014 s\u00e3o tamb\u00e9m guardi\u00f5es de solu\u00e7\u00f5es vivas. O conhecimento ancestral e as pr\u00e1ticas comunit\u00e1rias t\u00eam papel essencial na governan\u00e7a clim\u00e1tica global.<\/p>\n<p>\u201cEsta flotilha n\u00e3o \u00e9 s\u00f3 um protesto. \u00c9 uma mensagem viva que navega pelas veias da Amaz\u00f4nia. O rio mostra suas cicatrizes \u2014 as manchas de petr\u00f3leo, as feridas da minera\u00e7\u00e3o \u2014, mas tamb\u00e9m revela a for\u00e7a das comunidades que resistem e oferecem alternativas\u201d, disse Alexis Grefa, jovem kichwa amaz\u00f4nico do Equador.<\/p>\n<p>Estudos do MAAP (2024) indicam que territ\u00f3rios ind\u00edgenas e \u00e1reas protegidas cobrem 49,5% da Amaz\u00f4nia e armazenam 60% do carbono da regi\u00e3o. Entre 2013 e 2022, enquanto o restante da bacia se tornava emissor l\u00edquido de gases de efeito estufa, essas \u00e1reas absorveram 257 milh\u00f5es de toneladas m\u00e9tricas de carbono.<\/p>\n<p><strong>Demandas<\/strong><br \/>\nA Flotilha Amaz\u00f4nica Yaku Mama levar\u00e1 \u00e0 COP30 uma lista de exig\u00eancias priorit\u00e1rias:<\/p>\n<p>Reconhecimento e garantia dos direitos territoriais dos povos ind\u00edgenas e comunidades locais como estrat\u00e9gia central de prote\u00e7\u00e3o da Amaz\u00f4nia.<\/p>\n<p>Financiamento direto, sem intermedi\u00e1rios, para quem protege a floresta. Apesar das promessas feitas na COP26, 76% dos recursos do Fundo Verde para o Clima ainda est\u00e3o sob controle de institui\u00e7\u00f5es internacionais.<\/p>\n<p>Transi\u00e7\u00e3o energ\u00e9tica justa, que n\u00e3o repita os erros do extrativismo e respeite as comunidades afetadas.<\/p>\n<p>Prote\u00e7\u00e3o aos defensores da terra, incorporando essa pauta \u00e0s pol\u00edticas clim\u00e1ticas globais.<\/p>\n<p>\u201cA flotilha n\u00e3o \u00e9 apenas uma viagem \u2014 \u00e9 uma exig\u00eancia. N\u00e3o vamos a Bel\u00e9m pedir espa\u00e7o, mas exigir que as pol\u00edticas clim\u00e1ticas sejam constru\u00eddas a partir dos territ\u00f3rios, com justi\u00e7a para quem cuida da vida\u201d, concluiu Leo Cerda.<\/p>\n","protected":false},"excerpt":{"rendered":"<p>A Flotilha Amaz\u00f4nica Yaku Mama iniciou nesta quinta-feira uma jornada simb\u00f3lica a partir da cidade de Francisco de Orellana (El Coca), no Equador, com um objetivo claro: colocar a Amaz\u00f4nia no centro da luta por justi\u00e7a clim\u00e1tica e exigir o fim da explora\u00e7\u00e3o e do uso de combust\u00edveis f\u00f3sseis. Unindo os Andes \u00e0 Amaz\u00f4nia, uma [&hellip;]<\/p>\n","protected":false},"author":2,"featured_media":367544,"comment_status":"closed","ping_status":"closed","sticky":false,"template":"","format":"standard","meta":{"_acf_changed":false,"footnotes":""},"categories":[16],"tags":[95],"class_list":["post-367543","post","type-post","status-publish","format-standard","has-post-thumbnail","hentry","category-brasil","tag-capa"],"acf":[],"_links":{"self":[{"href":"https:\/\/www.notibras.com\/site\/wp-json\/wp\/v2\/posts\/367543","targetHints":{"allow":["GET"]}}],"collection":[{"href":"https:\/\/www.notibras.com\/site\/wp-json\/wp\/v2\/posts"}],"about":[{"href":"https:\/\/www.notibras.com\/site\/wp-json\/wp\/v2\/types\/post"}],"author":[{"embeddable":true,"href":"https:\/\/www.notibras.com\/site\/wp-json\/wp\/v2\/users\/2"}],"replies":[{"embeddable":true,"href":"https:\/\/www.notibras.com\/site\/wp-json\/wp\/v2\/comments?post=367543"}],"version-history":[{"count":1,"href":"https:\/\/www.notibras.com\/site\/wp-json\/wp\/v2\/posts\/367543\/revisions"}],"predecessor-version":[{"id":367545,"href":"https:\/\/www.notibras.com\/site\/wp-json\/wp\/v2\/posts\/367543\/revisions\/367545"}],"wp:featuredmedia":[{"embeddable":true,"href":"https:\/\/www.notibras.com\/site\/wp-json\/wp\/v2\/media\/367544"}],"wp:attachment":[{"href":"https:\/\/www.notibras.com\/site\/wp-json\/wp\/v2\/media?parent=367543"}],"wp:term":[{"taxonomy":"category","embeddable":true,"href":"https:\/\/www.notibras.com\/site\/wp-json\/wp\/v2\/categories?post=367543"},{"taxonomy":"post_tag","embeddable":true,"href":"https:\/\/www.notibras.com\/site\/wp-json\/wp\/v2\/tags?post=367543"}],"curies":[{"name":"wp","href":"https:\/\/api.w.org\/{rel}","templated":true}]}}