{"id":367550,"date":"2025-10-17T06:03:04","date_gmt":"2025-10-17T09:03:04","guid":{"rendered":"https:\/\/www.notibras.com\/site\/?p=367550"},"modified":"2025-10-17T06:05:13","modified_gmt":"2025-10-17T09:05:13","slug":"brasileiro-merece-um-congresso-sem-vadiagem","status":"publish","type":"post","link":"https:\/\/www.notibras.com\/site\/brasileiro-merece-um-congresso-sem-vadiagem\/","title":{"rendered":"Brasileiro merece um Congresso sem vadiagem"},"content":{"rendered":"<p>Pejorativo, mas bastante usual na periferia das grandes cidades, o termo \u201cmalandro\u201d se referia somente \u00e0queles que n\u00e3o trabalham, que lan\u00e7am m\u00e3o de recursos \u201cengenhosos\u201d, que s\u00e3o frequentemente condenados, que abusam da confian\u00e7a de outros e que vivem de vadiar. Enfim, s\u00e3o indolentes, pregui\u00e7osos, espertos e, sem qualquer eufemismo ou neologismo inventado pela elite, s\u00e3o etimologicamente vadios. Nas reuni\u00f5es de fam\u00edlias, eles s\u00e3o considerados pessoas de comportamento que desafia padr\u00f5es morais, \u00e9ticos e sociais<\/p>\n<p>Nada contra o malandro assumido, mas nadica a favor dos enrustidos, aqueles que se travestem de parlamentares. Cada um vive conforme melhor determina seu car\u00e1ter. Em se tratando de car\u00e1ter, h\u00e1 os com, os sem e os com aus\u00eancia total do voc\u00e1bulo.\u00a0Portanto, desprovidos de qualquer simbiose entre o ser e a express\u00e3o. Entre os sem car\u00e1ter, podemos incluir os malandros circunstanciais. J\u00e1 a aus\u00eancia total a gente encontra hoje nos profissionais da pol\u00edtica, consequentemente a pior esp\u00e9cie de malandro.<\/p>\n<p>Como o Brasil inteiro reconhece, a maioria da classe est\u00e1 estabelecida no Congresso Nacional e adjac\u00eancias, onde chegam com o pretexto malandro de servir ao pobre coitado do eleitor. Com\u00e9dias mambembes da vida p\u00fablica e privada, os deputados e senadores parecem indiferentes \u00e0s cr\u00edticas e sem interesse algum pelas mazelas do povo. Repetindo o bord\u00e3o do fict\u00edcio deputado Justo Ver\u00edssimo, personagem criado por Chico An\u00edsio, \u201co povo que se exploda\u201d.<\/p>\n<p>Nesses \u00faltimos tempos, mais precisamente desde a elei\u00e7\u00e3o de 2018, os brasileiros conseguiram se superar ao eleger para a C\u00e2mara e para o Senado um bando de loucos, muitos trastes, outros bajuladores med\u00edocres e pouqu\u00edssimos parlamentares realmente preocupados em trabalhar pela p\u00e1tria. Dispostos a matar e a morrer por quem caga para eles, os congressistas ligados a um certo mito t\u00eam ojeriza a pobres e brasileiros corretos, segmentos sociais que eles diariamente culpam pela derrota do \u00eddolo em 2022.<\/p>\n<p>N\u00e3o est\u00e3o errados, mas \u00e9 anti\u00e9tico, covarde e maldoso se manifestarem sistematicamente contra eles no plen\u00e1rio do Parlamento, nas bases e nas reuni\u00f5es em que discutem propostas antidemocr\u00e1ticas. Em decorr\u00eancia do posicionamento pol\u00edtico-partid\u00e1rio-ideol\u00f3gico dos menos favorecidos, os deputados e senadores da corrente que topa tudo por dinheiro escancaram o mau humor destilado contra todos que ousam opinar contrariamente ao p\u00e1ria que amam adorar. Em decorr\u00eancia, ficam irritados com qualquer projeto do governo que possa favorecer \u00e0 sociedade, notadamente os pobres.<\/p>\n<p>Como diriam os intelectuais, \u00e9 um Congresso mancomunado e em conluio com os desajustados, os degenerados, mercen\u00e1rios e, por que n\u00e3o dizer, com o crime organizado. Na mais \u00f3bvia invers\u00e3o de valores, virou norma para as chamadas excel\u00eancias a defesa de impeachment para cidad\u00e3os e autoridades que exigem o cumprimento da lei e a anistia ampla, geral e irrestrita para os transgressores, desobedientes e golpistas. \u00c9 este o Brasil que temos, n\u00e3o \u00e9 este o Brasil que queremos, mas ser\u00e1 o Brasil que continuaremos a ter caso n\u00e3o consigamos mostrar ao pol\u00edtico malandro que n\u00e3o \u00e9 s\u00f3 a m\u00e3e dele que fez filho esperto.<\/p>\n<p>&#8230;&#8230;&#8230;&#8230;&#8230;&#8230;&#8230;&#8230;<\/p>\n<p><strong>Misael Igreja \u00e9 analista de Notibras para assuntos pol\u00edticos, econ\u00f4micos e sociais<\/strong><\/p>\n","protected":false},"excerpt":{"rendered":"<p>Pejorativo, mas bastante usual na periferia das grandes cidades, o termo \u201cmalandro\u201d se referia somente \u00e0queles que n\u00e3o trabalham, que lan\u00e7am m\u00e3o de recursos \u201cengenhosos\u201d, que s\u00e3o frequentemente condenados, que abusam da confian\u00e7a de outros e que vivem de vadiar. Enfim, s\u00e3o indolentes, pregui\u00e7osos, espertos e, sem qualquer eufemismo ou neologismo inventado pela elite, s\u00e3o [&hellip;]<\/p>\n","protected":false},"author":2,"featured_media":292711,"comment_status":"closed","ping_status":"closed","sticky":false,"template":"","format":"standard","meta":{"_acf_changed":false,"footnotes":""},"categories":[16],"tags":[95],"class_list":["post-367550","post","type-post","status-publish","format-standard","has-post-thumbnail","hentry","category-brasil","tag-capa"],"acf":[],"_links":{"self":[{"href":"https:\/\/www.notibras.com\/site\/wp-json\/wp\/v2\/posts\/367550","targetHints":{"allow":["GET"]}}],"collection":[{"href":"https:\/\/www.notibras.com\/site\/wp-json\/wp\/v2\/posts"}],"about":[{"href":"https:\/\/www.notibras.com\/site\/wp-json\/wp\/v2\/types\/post"}],"author":[{"embeddable":true,"href":"https:\/\/www.notibras.com\/site\/wp-json\/wp\/v2\/users\/2"}],"replies":[{"embeddable":true,"href":"https:\/\/www.notibras.com\/site\/wp-json\/wp\/v2\/comments?post=367550"}],"version-history":[{"count":3,"href":"https:\/\/www.notibras.com\/site\/wp-json\/wp\/v2\/posts\/367550\/revisions"}],"predecessor-version":[{"id":367553,"href":"https:\/\/www.notibras.com\/site\/wp-json\/wp\/v2\/posts\/367550\/revisions\/367553"}],"wp:featuredmedia":[{"embeddable":true,"href":"https:\/\/www.notibras.com\/site\/wp-json\/wp\/v2\/media\/292711"}],"wp:attachment":[{"href":"https:\/\/www.notibras.com\/site\/wp-json\/wp\/v2\/media?parent=367550"}],"wp:term":[{"taxonomy":"category","embeddable":true,"href":"https:\/\/www.notibras.com\/site\/wp-json\/wp\/v2\/categories?post=367550"},{"taxonomy":"post_tag","embeddable":true,"href":"https:\/\/www.notibras.com\/site\/wp-json\/wp\/v2\/tags?post=367550"}],"curies":[{"name":"wp","href":"https:\/\/api.w.org\/{rel}","templated":true}]}}