{"id":367562,"date":"2025-10-17T06:31:38","date_gmt":"2025-10-17T09:31:38","guid":{"rendered":"https:\/\/www.notibras.com\/site\/?p=367562"},"modified":"2025-10-17T06:31:38","modified_gmt":"2025-10-17T09:31:38","slug":"simbolo-de-coragem-fe-e-muita-resistencia","status":"publish","type":"post","link":"https:\/\/www.notibras.com\/site\/simbolo-de-coragem-fe-e-muita-resistencia\/","title":{"rendered":"S\u00edmbolo de coragem, f\u00e9 e muita resist\u00eancia"},"content":{"rendered":"<p>Entre os campos verdes da Lorena e o fogo das batalhas, nasceu a lenda de Joana d\u2019Arc, a jovem camponesa que mudou o destino da Fran\u00e7a. Nascida em 1412, na pequena aldeia de Domr\u00e9my, Joana era filha de agricultores simples, mas carregava em si uma f\u00e9 inabal\u00e1vel e um senso de miss\u00e3o que a fariam atravessar os limites da hist\u00f3ria e da espiritualidade.<\/p>\n<p>\u00c0 \u00e9poca a Fran\u00e7a estava sob o dom\u00ednio parcial da monarquia inglesa, com o territ\u00f3rio dividido por disputas din\u00e1sticas e devastado pela guerra. Aos treze anos, Joana come\u00e7ou a relatar vis\u00f5es m\u00edsticas de figuras celestes \u2014 S\u00e3o Miguel Arcanjo, Santa Catarina de Alexandria e Santa Margarida \u2014 que lhe ordenavam ajudar o delfim Carlos VII a recuperar o trono franc\u00eas.<\/p>\n<p>As vis\u00f5es n\u00e3o eram simples fen\u00f4menos devocionais, mas constitu\u00edam um chamado inici\u00e1tico, t\u00edpico das experi\u00eancias m\u00edsticas medievais, em que o sagrado se manifesta para instaurar uma nova ordem espiritual. Joana, a \u201cPucelle\u201d (donzela), torna-se a mediadora entre o divino e o pol\u00edtico \u2014 o arqu\u00e9tipo da virgem guerreira, s\u00edmbolo de pureza e for\u00e7a espiritual.<\/p>\n<p>Aos dezessete anos, deixou o lar e apresentou-se \u00e0s tropas reais como salvadora do Reino de Fran\u00e7a, convencendo os comandantes com sua firmeza e profecias inspiradas.<\/p>\n<p>Com uma armadura reluzente e o estandarte branco marcado com o nome de Jesus e Maria, Joana d\u2019 Arc liderou os ex\u00e9rcitos franceses em vit\u00f3rias decisivas, especialmente na batalha de Orl\u00e9ans (1429), ponto de virada da guerra. Sua presen\u00e7a inflamava os soldados e simbolizava o renascimento da f\u00e9 e do patriotismo. A coragem da \u201cDonzela de Orl\u00e9ans\u201d tornou-se um fen\u00f4meno nacional, um milagre vivido entre sangue e esperan\u00e7a.<\/p>\n<p>Sob o lema \u201cMelhor morrer obedecendo a Deus do que viver desobedecendo-Lhe.\u201d, Joana d\u2019Arc, vestindo armadura de cavaleiro e portando um ostensivo estandarte crist\u00e3o, sagrou-se vitoriosa em diversas batalhas \u00e0 frente dos ex\u00e9rcitos franceses. Contudo, a gl\u00f3ria foi breve.<\/p>\n<p>Capturada por dissidentes aliados dos ingleses, Joana foi entregue \u00e0 Inquisi\u00e7\u00e3o sob acusa\u00e7\u00e3o de heresia, feiti\u00e7aria e travestismo, por usar roupas masculinas em batalha. Ap\u00f3s um julgamento manipulado politicamente, foi condenada e queimada viva em Rouen, na Normandia, em 30 de maio de 1431, aos dezenove anos.<\/p>\n<p>Mas o fogo que consumiu Joana d\u2019 Darc n\u00e3o destruiu o mito do Sagrado Feminino. Vinte e cinco anos depois, o Papa Calisto III reabilitou o processo inquisitorial, declarando-a inocente. Em 1920, Joana d\u2019Arc foi canonizada pela Igreja Cat\u00f3lica, tornando-se Santa Joana d \u2019Arc, padroeira da Fran\u00e7a e s\u00edmbolo universal de f\u00e9, coragem e resist\u00eancia.<\/p>\n<p>Hoje, sua imagem transcende a hist\u00f3ria. Joana d\u2019 Arc \u00e9 o arqu\u00e9tipo da mulher guerreira e m\u00edstica, que une o sagrado ao profano, o humano ao divino. No imagin\u00e1rio popular, Joana tornou-se uma esp\u00e9cie de \u201cAnjo da Espada Flamejante\u201d, express\u00e3o do arqu\u00e9tipo do Arcanjo Miguel na Terra. Sua trajet\u00f3ria continua a inspirar artistas, escritores e l\u00edderes espirituais. De m\u00e1rtir a santa, de soldado a s\u00edmbolo, Joana d\u2019 Arc representa a chama indom\u00e1vel da alma humana, quando guiada pela convic\u00e7\u00e3o de que o imposs\u00edvel pode ser alcan\u00e7ado.<\/p>\n<p>Mais que hero\u00edna nacional, Joana d\u2019Arc \u00e9 um s\u00edmbolo universal da transcend\u00eancia feminina e da uni\u00e3o entre f\u00e9, poder, determina\u00e7\u00e3o e a\u00e7\u00e3o. Sua vida demonstra como a experi\u00eancia do sagrado pode mover a hist\u00f3ria, e como o mart\u00edrio se converte em signo de eternidade. Entre a espada e o fogo, Joana d\u2019 Arc ergueu a Fran\u00e7a e inscreveu seu nome no firmamento dos santos e dos mitos.<\/p>\n<p>&#8230;&#8230;&#8230;&#8230;&#8230;.<\/p>\n<p><strong>Bahirah Abdalla<\/strong><br \/>\nMestre Conselheira do Col\u00e9gio dos Magos e Sacerdotisas<br \/>\n@colegiodosmagosesacerdotisas<\/p>\n<p>&#8230;&#8230;&#8230;&#8230;&#8230;<br \/>\n<strong>Aten\u00e7\u00e3o bruxas, feiticeiras e simpatizantes, o Col\u00e9gio dos Magos e Sacerdotisas est\u00e1 admitindo novos membros para integrar a Egr\u00e9gora. Participem!<\/strong><\/p>\n","protected":false},"excerpt":{"rendered":"<p>Entre os campos verdes da Lorena e o fogo das batalhas, nasceu a lenda de Joana d\u2019Arc, a jovem camponesa que mudou o destino da Fran\u00e7a. Nascida em 1412, na pequena aldeia de Domr\u00e9my, Joana era filha de agricultores simples, mas carregava em si uma f\u00e9 inabal\u00e1vel e um senso de miss\u00e3o que a fariam [&hellip;]<\/p>\n","protected":false},"author":2,"featured_media":367563,"comment_status":"closed","ping_status":"closed","sticky":false,"template":"","format":"standard","meta":{"_acf_changed":false,"footnotes":""},"categories":[237],"tags":[],"class_list":["post-367562","post","type-post","status-publish","format-standard","has-post-thumbnail","hentry","category-oraculos"],"acf":[],"yoast_head":"<!-- This site is optimized with the Yoast SEO plugin v27.2 - https:\/\/yoast.com\/product\/yoast-seo-wordpress\/ -->\n<title>S\u00edmbolo de coragem, f\u00e9 e muita resist\u00eancia - Notibras<\/title>\n<meta name=\"robots\" content=\"index, follow, max-snippet:-1, max-image-preview:large, max-video-preview:-1\" \/>\n<link rel=\"canonical\" href=\"https:\/\/www.notibras.com\/site\/simbolo-de-coragem-fe-e-muita-resistencia\/\" \/>\n<meta property=\"og:locale\" content=\"pt_BR\" \/>\n<meta property=\"og:type\" content=\"article\" \/>\n<meta property=\"og:title\" content=\"S\u00edmbolo de coragem, f\u00e9 e muita resist\u00eancia - Notibras\" \/>\n<meta property=\"og:description\" content=\"Entre os campos verdes da Lorena e o fogo das batalhas, nasceu a lenda de Joana d\u2019Arc, a jovem camponesa que mudou o destino da Fran\u00e7a. Nascida em 1412, na pequena aldeia de Domr\u00e9my, Joana era filha de agricultores simples, mas carregava em si uma f\u00e9 inabal\u00e1vel e um senso de miss\u00e3o que a fariam [&hellip;]\" \/>\n<meta property=\"og:url\" content=\"https:\/\/www.notibras.com\/site\/simbolo-de-coragem-fe-e-muita-resistencia\/\" \/>\n<meta property=\"og:site_name\" content=\"Notibras\" \/>\n<meta property=\"article:publisher\" content=\"https:\/\/www.facebook.com\/notibras\/\" \/>\n<meta property=\"article:published_time\" content=\"2025-10-17T09:31:38+00:00\" \/>\n<meta property=\"og:image\" content=\"https:\/\/www.notibras.com\/site\/wp-content\/uploads\/2025\/10\/8ecf0fe2-50f2-482f-940c-85c0b38557d0.jpg\" \/>\n\t<meta property=\"og:image:width\" content=\"1024\" \/>\n\t<meta property=\"og:image:height\" content=\"1536\" \/>\n\t<meta property=\"og:image:type\" content=\"image\/jpeg\" \/>\n<meta name=\"author\" content=\"Reda\u00e7\u00e3o\" \/>\n<meta name=\"twitter:card\" content=\"summary_large_image\" \/>\n<meta name=\"twitter:creator\" content=\"@Notibras\" \/>\n<meta name=\"twitter:site\" content=\"@Notibras\" \/>\n<meta name=\"twitter:label1\" content=\"Escrito por\" \/>\n\t<meta name=\"twitter:data1\" content=\"Reda\u00e7\u00e3o\" \/>\n\t<meta name=\"twitter:label2\" content=\"Est. tempo de leitura\" \/>\n\t<meta name=\"twitter:data2\" content=\"4 minutos\" \/>\n<script type=\"application\/ld+json\" class=\"yoast-schema-graph\">{\"@context\":\"https:\/\/schema.org\",\"@graph\":[{\"@type\":\"Article\",\"@id\":\"https:\/\/www.notibras.com\/site\/simbolo-de-coragem-fe-e-muita-resistencia\/#article\",\"isPartOf\":{\"@id\":\"https:\/\/www.notibras.com\/site\/simbolo-de-coragem-fe-e-muita-resistencia\/\"},\"author\":{\"name\":\"Reda\u00e7\u00e3o\",\"@id\":\"https:\/\/www.notibras.com\/site\/#\/schema\/person\/36ab0979449956132d3e5b517ea76ac8\"},\"headline\":\"S\u00edmbolo de coragem, f\u00e9 e muita resist\u00eancia\",\"datePublished\":\"2025-10-17T09:31:38+00:00\",\"mainEntityOfPage\":{\"@id\":\"https:\/\/www.notibras.com\/site\/simbolo-de-coragem-fe-e-muita-resistencia\/\"},\"wordCount\":671,\"publisher\":{\"@id\":\"https:\/\/www.notibras.com\/site\/#organization\"},\"image\":{\"@id\":\"https:\/\/www.notibras.com\/site\/simbolo-de-coragem-fe-e-muita-resistencia\/#primaryimage\"},\"thumbnailUrl\":\"https:\/\/www.notibras.com\/site\/wp-content\/uploads\/2025\/10\/8ecf0fe2-50f2-482f-940c-85c0b38557d0.jpg\",\"articleSection\":[\"Or\u00e1culos\"],\"inLanguage\":\"pt-BR\"},{\"@type\":\"WebPage\",\"@id\":\"https:\/\/www.notibras.com\/site\/simbolo-de-coragem-fe-e-muita-resistencia\/\",\"url\":\"https:\/\/www.notibras.com\/site\/simbolo-de-coragem-fe-e-muita-resistencia\/\",\"name\":\"S\u00edmbolo de coragem, f\u00e9 e muita resist\u00eancia - Notibras\",\"isPartOf\":{\"@id\":\"https:\/\/www.notibras.com\/site\/#website\"},\"primaryImageOfPage\":{\"@id\":\"https:\/\/www.notibras.com\/site\/simbolo-de-coragem-fe-e-muita-resistencia\/#primaryimage\"},\"image\":{\"@id\":\"https:\/\/www.notibras.com\/site\/simbolo-de-coragem-fe-e-muita-resistencia\/#primaryimage\"},\"thumbnailUrl\":\"https:\/\/www.notibras.com\/site\/wp-content\/uploads\/2025\/10\/8ecf0fe2-50f2-482f-940c-85c0b38557d0.jpg\",\"datePublished\":\"2025-10-17T09:31:38+00:00\",\"breadcrumb\":{\"@id\":\"https:\/\/www.notibras.com\/site\/simbolo-de-coragem-fe-e-muita-resistencia\/#breadcrumb\"},\"inLanguage\":\"pt-BR\",\"potentialAction\":[{\"@type\":\"ReadAction\",\"target\":[\"https:\/\/www.notibras.com\/site\/simbolo-de-coragem-fe-e-muita-resistencia\/\"]}]},{\"@type\":\"ImageObject\",\"inLanguage\":\"pt-BR\",\"@id\":\"https:\/\/www.notibras.com\/site\/simbolo-de-coragem-fe-e-muita-resistencia\/#primaryimage\",\"url\":\"https:\/\/www.notibras.com\/site\/wp-content\/uploads\/2025\/10\/8ecf0fe2-50f2-482f-940c-85c0b38557d0.jpg\",\"contentUrl\":\"https:\/\/www.notibras.com\/site\/wp-content\/uploads\/2025\/10\/8ecf0fe2-50f2-482f-940c-85c0b38557d0.jpg\",\"width\":1024,\"height\":1536},{\"@type\":\"BreadcrumbList\",\"@id\":\"https:\/\/www.notibras.com\/site\/simbolo-de-coragem-fe-e-muita-resistencia\/#breadcrumb\",\"itemListElement\":[{\"@type\":\"ListItem\",\"position\":1,\"name\":\"In\u00edcio\",\"item\":\"https:\/\/www.notibras.com\/site\/\"},{\"@type\":\"ListItem\",\"position\":2,\"name\":\"S\u00edmbolo de coragem, f\u00e9 e muita resist\u00eancia\"}]},{\"@type\":\"WebSite\",\"@id\":\"https:\/\/www.notibras.com\/site\/#website\",\"url\":\"https:\/\/www.notibras.com\/site\/\",\"name\":\"Notibras\",\"description\":\"Not\u00edcias de Bras\u00edlia, do Brasil e do Mundo\",\"publisher\":{\"@id\":\"https:\/\/www.notibras.com\/site\/#organization\"},\"potentialAction\":[{\"@type\":\"SearchAction\",\"target\":{\"@type\":\"EntryPoint\",\"urlTemplate\":\"https:\/\/www.notibras.com\/site\/?s={search_term_string}\"},\"query-input\":{\"@type\":\"PropertyValueSpecification\",\"valueRequired\":true,\"valueName\":\"search_term_string\"}}],\"inLanguage\":\"pt-BR\"},{\"@type\":\"Organization\",\"@id\":\"https:\/\/www.notibras.com\/site\/#organization\",\"name\":\"Grupo Notibras de Comunica\u00e7\u00e3o\",\"url\":\"https:\/\/www.notibras.com\/site\/\",\"logo\":{\"@type\":\"ImageObject\",\"inLanguage\":\"pt-BR\",\"@id\":\"https:\/\/www.notibras.com\/site\/#\/schema\/logo\/image\/\",\"url\":\"https:\/\/www.notibras.com\/site\/wp-content\/uploads\/2023\/01\/notibras23.png\",\"contentUrl\":\"https:\/\/www.notibras.com\/site\/wp-content\/uploads\/2023\/01\/notibras23.png\",\"width\":350,\"height\":87,\"caption\":\"Grupo Notibras de Comunica\u00e7\u00e3o\"},\"image\":{\"@id\":\"https:\/\/www.notibras.com\/site\/#\/schema\/logo\/image\/\"},\"sameAs\":[\"https:\/\/www.facebook.com\/notibras\/\",\"https:\/\/x.com\/Notibras\",\"https:\/\/www.instagram.com\/notibras\/\"]},{\"@type\":\"Person\",\"@id\":\"https:\/\/www.notibras.com\/site\/#\/schema\/person\/36ab0979449956132d3e5b517ea76ac8\",\"name\":\"Reda\u00e7\u00e3o\",\"image\":{\"@type\":\"ImageObject\",\"inLanguage\":\"pt-BR\",\"@id\":\"https:\/\/secure.gravatar.com\/avatar\/e0a867bdedb85fd243eadf09663511f96fc81e0720a4a42581f334ad4303aa6b?s=96&d=mm&r=g\",\"url\":\"https:\/\/secure.gravatar.com\/avatar\/e0a867bdedb85fd243eadf09663511f96fc81e0720a4a42581f334ad4303aa6b?s=96&d=mm&r=g\",\"contentUrl\":\"https:\/\/secure.gravatar.com\/avatar\/e0a867bdedb85fd243eadf09663511f96fc81e0720a4a42581f334ad4303aa6b?s=96&d=mm&r=g\",\"caption\":\"Reda\u00e7\u00e3o\"}}]}<\/script>\n<!-- \/ Yoast SEO plugin. -->","yoast_head_json":{"title":"S\u00edmbolo de coragem, f\u00e9 e muita resist\u00eancia - Notibras","robots":{"index":"index","follow":"follow","max-snippet":"max-snippet:-1","max-image-preview":"max-image-preview:large","max-video-preview":"max-video-preview:-1"},"canonical":"https:\/\/www.notibras.com\/site\/simbolo-de-coragem-fe-e-muita-resistencia\/","og_locale":"pt_BR","og_type":"article","og_title":"S\u00edmbolo de coragem, f\u00e9 e muita resist\u00eancia - Notibras","og_description":"Entre os campos verdes da Lorena e o fogo das batalhas, nasceu a lenda de Joana d\u2019Arc, a jovem camponesa que mudou o destino da Fran\u00e7a. Nascida em 1412, na pequena aldeia de Domr\u00e9my, Joana era filha de agricultores simples, mas carregava em si uma f\u00e9 inabal\u00e1vel e um senso de miss\u00e3o que a fariam [&hellip;]","og_url":"https:\/\/www.notibras.com\/site\/simbolo-de-coragem-fe-e-muita-resistencia\/","og_site_name":"Notibras","article_publisher":"https:\/\/www.facebook.com\/notibras\/","article_published_time":"2025-10-17T09:31:38+00:00","og_image":[{"width":1024,"height":1536,"url":"https:\/\/www.notibras.com\/site\/wp-content\/uploads\/2025\/10\/8ecf0fe2-50f2-482f-940c-85c0b38557d0.jpg","type":"image\/jpeg"}],"author":"Reda\u00e7\u00e3o","twitter_card":"summary_large_image","twitter_creator":"@Notibras","twitter_site":"@Notibras","twitter_misc":{"Escrito por":"Reda\u00e7\u00e3o","Est. tempo de leitura":"4 minutos"},"schema":{"@context":"https:\/\/schema.org","@graph":[{"@type":"Article","@id":"https:\/\/www.notibras.com\/site\/simbolo-de-coragem-fe-e-muita-resistencia\/#article","isPartOf":{"@id":"https:\/\/www.notibras.com\/site\/simbolo-de-coragem-fe-e-muita-resistencia\/"},"author":{"name":"Reda\u00e7\u00e3o","@id":"https:\/\/www.notibras.com\/site\/#\/schema\/person\/36ab0979449956132d3e5b517ea76ac8"},"headline":"S\u00edmbolo de coragem, f\u00e9 e muita resist\u00eancia","datePublished":"2025-10-17T09:31:38+00:00","mainEntityOfPage":{"@id":"https:\/\/www.notibras.com\/site\/simbolo-de-coragem-fe-e-muita-resistencia\/"},"wordCount":671,"publisher":{"@id":"https:\/\/www.notibras.com\/site\/#organization"},"image":{"@id":"https:\/\/www.notibras.com\/site\/simbolo-de-coragem-fe-e-muita-resistencia\/#primaryimage"},"thumbnailUrl":"https:\/\/www.notibras.com\/site\/wp-content\/uploads\/2025\/10\/8ecf0fe2-50f2-482f-940c-85c0b38557d0.jpg","articleSection":["Or\u00e1culos"],"inLanguage":"pt-BR"},{"@type":"WebPage","@id":"https:\/\/www.notibras.com\/site\/simbolo-de-coragem-fe-e-muita-resistencia\/","url":"https:\/\/www.notibras.com\/site\/simbolo-de-coragem-fe-e-muita-resistencia\/","name":"S\u00edmbolo de coragem, f\u00e9 e muita resist\u00eancia - Notibras","isPartOf":{"@id":"https:\/\/www.notibras.com\/site\/#website"},"primaryImageOfPage":{"@id":"https:\/\/www.notibras.com\/site\/simbolo-de-coragem-fe-e-muita-resistencia\/#primaryimage"},"image":{"@id":"https:\/\/www.notibras.com\/site\/simbolo-de-coragem-fe-e-muita-resistencia\/#primaryimage"},"thumbnailUrl":"https:\/\/www.notibras.com\/site\/wp-content\/uploads\/2025\/10\/8ecf0fe2-50f2-482f-940c-85c0b38557d0.jpg","datePublished":"2025-10-17T09:31:38+00:00","breadcrumb":{"@id":"https:\/\/www.notibras.com\/site\/simbolo-de-coragem-fe-e-muita-resistencia\/#breadcrumb"},"inLanguage":"pt-BR","potentialAction":[{"@type":"ReadAction","target":["https:\/\/www.notibras.com\/site\/simbolo-de-coragem-fe-e-muita-resistencia\/"]}]},{"@type":"ImageObject","inLanguage":"pt-BR","@id":"https:\/\/www.notibras.com\/site\/simbolo-de-coragem-fe-e-muita-resistencia\/#primaryimage","url":"https:\/\/www.notibras.com\/site\/wp-content\/uploads\/2025\/10\/8ecf0fe2-50f2-482f-940c-85c0b38557d0.jpg","contentUrl":"https:\/\/www.notibras.com\/site\/wp-content\/uploads\/2025\/10\/8ecf0fe2-50f2-482f-940c-85c0b38557d0.jpg","width":1024,"height":1536},{"@type":"BreadcrumbList","@id":"https:\/\/www.notibras.com\/site\/simbolo-de-coragem-fe-e-muita-resistencia\/#breadcrumb","itemListElement":[{"@type":"ListItem","position":1,"name":"In\u00edcio","item":"https:\/\/www.notibras.com\/site\/"},{"@type":"ListItem","position":2,"name":"S\u00edmbolo de coragem, f\u00e9 e muita resist\u00eancia"}]},{"@type":"WebSite","@id":"https:\/\/www.notibras.com\/site\/#website","url":"https:\/\/www.notibras.com\/site\/","name":"Notibras","description":"Not\u00edcias de Bras\u00edlia, do Brasil e do Mundo","publisher":{"@id":"https:\/\/www.notibras.com\/site\/#organization"},"potentialAction":[{"@type":"SearchAction","target":{"@type":"EntryPoint","urlTemplate":"https:\/\/www.notibras.com\/site\/?s={search_term_string}"},"query-input":{"@type":"PropertyValueSpecification","valueRequired":true,"valueName":"search_term_string"}}],"inLanguage":"pt-BR"},{"@type":"Organization","@id":"https:\/\/www.notibras.com\/site\/#organization","name":"Grupo Notibras de Comunica\u00e7\u00e3o","url":"https:\/\/www.notibras.com\/site\/","logo":{"@type":"ImageObject","inLanguage":"pt-BR","@id":"https:\/\/www.notibras.com\/site\/#\/schema\/logo\/image\/","url":"https:\/\/www.notibras.com\/site\/wp-content\/uploads\/2023\/01\/notibras23.png","contentUrl":"https:\/\/www.notibras.com\/site\/wp-content\/uploads\/2023\/01\/notibras23.png","width":350,"height":87,"caption":"Grupo Notibras de Comunica\u00e7\u00e3o"},"image":{"@id":"https:\/\/www.notibras.com\/site\/#\/schema\/logo\/image\/"},"sameAs":["https:\/\/www.facebook.com\/notibras\/","https:\/\/x.com\/Notibras","https:\/\/www.instagram.com\/notibras\/"]},{"@type":"Person","@id":"https:\/\/www.notibras.com\/site\/#\/schema\/person\/36ab0979449956132d3e5b517ea76ac8","name":"Reda\u00e7\u00e3o","image":{"@type":"ImageObject","inLanguage":"pt-BR","@id":"https:\/\/secure.gravatar.com\/avatar\/e0a867bdedb85fd243eadf09663511f96fc81e0720a4a42581f334ad4303aa6b?s=96&d=mm&r=g","url":"https:\/\/secure.gravatar.com\/avatar\/e0a867bdedb85fd243eadf09663511f96fc81e0720a4a42581f334ad4303aa6b?s=96&d=mm&r=g","contentUrl":"https:\/\/secure.gravatar.com\/avatar\/e0a867bdedb85fd243eadf09663511f96fc81e0720a4a42581f334ad4303aa6b?s=96&d=mm&r=g","caption":"Reda\u00e7\u00e3o"}}]}},"amp_enabled":true,"_links":{"self":[{"href":"https:\/\/www.notibras.com\/site\/wp-json\/wp\/v2\/posts\/367562","targetHints":{"allow":["GET"]}}],"collection":[{"href":"https:\/\/www.notibras.com\/site\/wp-json\/wp\/v2\/posts"}],"about":[{"href":"https:\/\/www.notibras.com\/site\/wp-json\/wp\/v2\/types\/post"}],"author":[{"embeddable":true,"href":"https:\/\/www.notibras.com\/site\/wp-json\/wp\/v2\/users\/2"}],"replies":[{"embeddable":true,"href":"https:\/\/www.notibras.com\/site\/wp-json\/wp\/v2\/comments?post=367562"}],"version-history":[{"count":1,"href":"https:\/\/www.notibras.com\/site\/wp-json\/wp\/v2\/posts\/367562\/revisions"}],"predecessor-version":[{"id":367564,"href":"https:\/\/www.notibras.com\/site\/wp-json\/wp\/v2\/posts\/367562\/revisions\/367564"}],"wp:featuredmedia":[{"embeddable":true,"href":"https:\/\/www.notibras.com\/site\/wp-json\/wp\/v2\/media\/367563"}],"wp:attachment":[{"href":"https:\/\/www.notibras.com\/site\/wp-json\/wp\/v2\/media?parent=367562"}],"wp:term":[{"taxonomy":"category","embeddable":true,"href":"https:\/\/www.notibras.com\/site\/wp-json\/wp\/v2\/categories?post=367562"},{"taxonomy":"post_tag","embeddable":true,"href":"https:\/\/www.notibras.com\/site\/wp-json\/wp\/v2\/tags?post=367562"}],"curies":[{"name":"wp","href":"https:\/\/api.w.org\/{rel}","templated":true}]}}