{"id":367565,"date":"2025-10-17T06:35:08","date_gmt":"2025-10-17T09:35:08","guid":{"rendered":"https:\/\/www.notibras.com\/site\/?p=367565"},"modified":"2025-10-17T06:35:08","modified_gmt":"2025-10-17T09:35:08","slug":"nordeste-tem-seca-profunda-e-desigualdade-mas-segue-sempre-em-frente","status":"publish","type":"post","link":"https:\/\/www.notibras.com\/site\/nordeste-tem-seca-profunda-e-desigualdade-mas-segue-sempre-em-frente\/","title":{"rendered":"Nordeste tem seca profunda e desigualdade, mas segue sempre em frente"},"content":{"rendered":"<p>O ch\u00e3o racha, o sol castiga, e o vento sopra seco, como se quisesse levar embora at\u00e9 a esperan\u00e7a. No sert\u00e3o nordestino, a seca n\u00e3o \u00e9 apenas um fen\u00f4meno natural \u2014 \u00e9 uma velha conhecida, uma visitante constante que chega sem pedir licen\u00e7a e demora a ir embora. Cada fissura na terra conta uma hist\u00f3ria de resist\u00eancia, mas tamb\u00e9m de desigualdade.<\/p>\n<p>Enquanto alguns esperam o caminh\u00e3o-pipa que talvez chegue, outros assistem a piscinas sendo enchidas nas capitais pr\u00f3ximas. A \u00e1gua, que deveria ser direito, torna-se privil\u00e9gio. Nas cidades, o desperd\u00edcio; no interior, o racionamento e o improviso. A crise h\u00eddrica n\u00e3o escolhe lugar, mas a desigualdade escolhe quem mais sofre.<\/p>\n<p>Dona Zefinha, com o balde na cabe\u00e7a e o olhar firme, segue caminhando l\u00e9guas em busca de um fio d\u2019\u00e1gua. O corpo cansado contrasta com a alma teimosa \u2014 porque desistir, por ali, nunca foi op\u00e7\u00e3o. O sertanejo aprendeu a fazer do pouco o bastante e a transformar a falta em for\u00e7a.<\/p>\n<p>Mas at\u00e9 a for\u00e7a tem limite. As promessas pol\u00edticas evaporam junto com o \u00faltimo a\u00e7ude, e o futuro parece \u00e1rido como o ch\u00e3o queimada de sol. Ainda assim, entre o p\u00f3 e o calor, brota uma f\u00e9 silenciosa \u2014 a f\u00e9 de quem acredita que um dia a chuva vir\u00e1, e com ela, a justi\u00e7a que o sert\u00e3o tanto espera.<\/p>\n<p>O Nordeste segue, resiliente, com o cora\u00e7\u00e3o quente e o olhar no horizonte. Porque por aqui, at\u00e9 a seca ensina: ensina a resistir, a reinventar e a sonhar com um amanh\u00e3 mais \u00famido \u2014 n\u00e3o apenas de \u00e1gua, mas de igualdade.<\/p>\n","protected":false},"excerpt":{"rendered":"<p>O ch\u00e3o racha, o sol castiga, e o vento sopra seco, como se quisesse levar embora at\u00e9 a esperan\u00e7a. No sert\u00e3o nordestino, a seca n\u00e3o \u00e9 apenas um fen\u00f4meno natural \u2014 \u00e9 uma velha conhecida, uma visitante constante que chega sem pedir licen\u00e7a e demora a ir embora. Cada fissura na terra conta uma hist\u00f3ria [&hellip;]<\/p>\n","protected":false},"author":2,"featured_media":367566,"comment_status":"closed","ping_status":"closed","sticky":false,"template":"","format":"standard","meta":{"_acf_changed":false,"footnotes":""},"categories":[165],"tags":[],"class_list":["post-367565","post","type-post","status-publish","format-standard","has-post-thumbnail","hentry","category-nordeste"],"acf":[],"_links":{"self":[{"href":"https:\/\/www.notibras.com\/site\/wp-json\/wp\/v2\/posts\/367565","targetHints":{"allow":["GET"]}}],"collection":[{"href":"https:\/\/www.notibras.com\/site\/wp-json\/wp\/v2\/posts"}],"about":[{"href":"https:\/\/www.notibras.com\/site\/wp-json\/wp\/v2\/types\/post"}],"author":[{"embeddable":true,"href":"https:\/\/www.notibras.com\/site\/wp-json\/wp\/v2\/users\/2"}],"replies":[{"embeddable":true,"href":"https:\/\/www.notibras.com\/site\/wp-json\/wp\/v2\/comments?post=367565"}],"version-history":[{"count":1,"href":"https:\/\/www.notibras.com\/site\/wp-json\/wp\/v2\/posts\/367565\/revisions"}],"predecessor-version":[{"id":367567,"href":"https:\/\/www.notibras.com\/site\/wp-json\/wp\/v2\/posts\/367565\/revisions\/367567"}],"wp:featuredmedia":[{"embeddable":true,"href":"https:\/\/www.notibras.com\/site\/wp-json\/wp\/v2\/media\/367566"}],"wp:attachment":[{"href":"https:\/\/www.notibras.com\/site\/wp-json\/wp\/v2\/media?parent=367565"}],"wp:term":[{"taxonomy":"category","embeddable":true,"href":"https:\/\/www.notibras.com\/site\/wp-json\/wp\/v2\/categories?post=367565"},{"taxonomy":"post_tag","embeddable":true,"href":"https:\/\/www.notibras.com\/site\/wp-json\/wp\/v2\/tags?post=367565"}],"curies":[{"name":"wp","href":"https:\/\/api.w.org\/{rel}","templated":true}]}}