{"id":367568,"date":"2025-10-17T06:19:45","date_gmt":"2025-10-17T09:19:45","guid":{"rendered":"https:\/\/www.notibras.com\/site\/?p=367568"},"modified":"2025-10-17T06:42:09","modified_gmt":"2025-10-17T09:42:09","slug":"espaco-cultural-promove-aulas-gratuitas-de-danca-e-incentiva-jovens-talentos","status":"publish","type":"post","link":"https:\/\/www.notibras.com\/site\/espaco-cultural-promove-aulas-gratuitas-de-danca-e-incentiva-jovens-talentos\/","title":{"rendered":"Espa\u00e7o Cultural promove aulas gratuitas de dan\u00e7a e incentiva jovens talentos"},"content":{"rendered":"<p>As batidas do hip-hop e do funk ecoam forte nas ruas de Feira de Santana, no interior da Bahia. O Espa\u00e7o Cultural Movimento da Rua, refer\u00eancia em forma\u00e7\u00e3o art\u00edstica comunit\u00e1ria, est\u00e1 promovendo aulas gratuitas de dan\u00e7a urbana em diversos bairros da cidade. A iniciativa, que integra o projeto \u201cCorpo em Ritmo\u201d, tem como objetivo democratizar o acesso \u00e0 cultura e revelar novos talentos das comunidades perif\u00e9ricas.<\/p>\n<p>Desde o in\u00edcio do m\u00eas, dezenas de jovens t\u00eam se reunido em pra\u00e7as, quadras e centros comunit\u00e1rios para aprender estilos como breakdance, hip-hop freestyle, popping e locking, sob a orienta\u00e7\u00e3o de dan\u00e7arinos profissionais e instrutores locais.<\/p>\n<p>\u201cQueremos mostrar que a dan\u00e7a \u00e9 mais do que um movimento corporal \u2014 \u00e9 uma forma de express\u00e3o, identidade e resist\u00eancia social\u201d, afirma Eduardo Brito, coordenador do Espa\u00e7o Cultural Movimento da Rua.<\/p>\n<p>\u201cMuitos dos nossos alunos nunca tiveram contato com escolas de dan\u00e7a formais, e ver a transforma\u00e7\u00e3o deles em poucas semanas \u00e9 emocionante.\u201d<\/p>\n<p>As aulas s\u00e3o abertas a todas as idades e n\u00e3o exigem experi\u00eancia pr\u00e9via. Para muitos participantes, a oportunidade representa um novo come\u00e7o e um caminho de inclus\u00e3o.<\/p>\n<p>A estudante Camila Rocha, de 17 anos, conta que descobriu na dan\u00e7a urbana uma forma de superar a timidez e se conectar com a comunidade:<\/p>\n<p>\u201cEu sempre gostei de dan\u00e7ar, mas nunca tive condi\u00e7\u00f5es de pagar uma aula. Aqui eu aprendi passos, conheci pessoas novas e comecei a acreditar mais em mim.\u201d<\/p>\n<p>O projeto tamb\u00e9m busca fortalecer o protagonismo juvenil e ocupar o espa\u00e7o p\u00fablico de forma positiva, transformando ruas e pra\u00e7as em palcos de conviv\u00eancia e arte.<\/p>\n<p>Segundo a professora e core\u00f3grafa Larissa Moraes, a dan\u00e7a urbana tem papel essencial na forma\u00e7\u00e3o de jovens das periferias:<\/p>\n<p>\u201cA rua sempre foi o ber\u00e7o dessa cultura. Quando a gente traz a dan\u00e7a para o bairro, ela se torna uma ferramenta poderosa de autoestima, disciplina e pertencimento.\u201d<\/p>\n<p>O projeto \u201cCorpo em Ritmo\u201d \u00e9 fruto de uma parceria entre o Espa\u00e7o Cultural Movimento da Rua, a Secretaria Municipal de Cultura, Esporte e Lazer de Feira de Santana e o Fundo de Cultura da Bahia.<\/p>\n<p>A a\u00e7\u00e3o tamb\u00e9m conta com o apoio de artistas independentes, coletivos culturais e escolas p\u00fablicas da regi\u00e3o.<\/p>\n<p>Com encontros realizados duas vezes por semana, o projeto j\u00e1 reuniu mais de 300 participantes e deve se estender at\u00e9 o final de dezembro, quando acontecer\u00e1 uma mostra final de dan\u00e7a urbana no Centro de Artes da cidade, reunindo os alunos em uma grande apresenta\u00e7\u00e3o aberta ao p\u00fablico.<\/p>\n<p>Al\u00e9m de ensinar passos e coreografias, as aulas incluem roda de conversa sobre a hist\u00f3ria da cultura hip-hop, seus elementos (DJ, MC, grafite e dan\u00e7a) e sua import\u00e2ncia como express\u00e3o de resist\u00eancia das periferias urbanas.<\/p>\n<p>\u201cA gente n\u00e3o est\u00e1 apenas ensinando dan\u00e7a, mas transmitindo valores, identidade e mem\u00f3ria cultural. A juventude baiana tem muito talento e precisa ser vista\u201d, destaca Eduardo Brito.<\/p>\n","protected":false},"excerpt":{"rendered":"<p>As batidas do hip-hop e do funk ecoam forte nas ruas de Feira de Santana, no interior da Bahia. O Espa\u00e7o Cultural Movimento da Rua, refer\u00eancia em forma\u00e7\u00e3o art\u00edstica comunit\u00e1ria, est\u00e1 promovendo aulas gratuitas de dan\u00e7a urbana em diversos bairros da cidade. A iniciativa, que integra o projeto \u201cCorpo em Ritmo\u201d, tem como objetivo democratizar [&hellip;]<\/p>\n","protected":false},"author":2,"featured_media":367569,"comment_status":"closed","ping_status":"closed","sticky":false,"template":"","format":"standard","meta":{"_acf_changed":false,"footnotes":""},"categories":[165],"tags":[],"class_list":["post-367568","post","type-post","status-publish","format-standard","has-post-thumbnail","hentry","category-nordeste"],"acf":[],"_links":{"self":[{"href":"https:\/\/www.notibras.com\/site\/wp-json\/wp\/v2\/posts\/367568","targetHints":{"allow":["GET"]}}],"collection":[{"href":"https:\/\/www.notibras.com\/site\/wp-json\/wp\/v2\/posts"}],"about":[{"href":"https:\/\/www.notibras.com\/site\/wp-json\/wp\/v2\/types\/post"}],"author":[{"embeddable":true,"href":"https:\/\/www.notibras.com\/site\/wp-json\/wp\/v2\/users\/2"}],"replies":[{"embeddable":true,"href":"https:\/\/www.notibras.com\/site\/wp-json\/wp\/v2\/comments?post=367568"}],"version-history":[{"count":1,"href":"https:\/\/www.notibras.com\/site\/wp-json\/wp\/v2\/posts\/367568\/revisions"}],"predecessor-version":[{"id":367570,"href":"https:\/\/www.notibras.com\/site\/wp-json\/wp\/v2\/posts\/367568\/revisions\/367570"}],"wp:featuredmedia":[{"embeddable":true,"href":"https:\/\/www.notibras.com\/site\/wp-json\/wp\/v2\/media\/367569"}],"wp:attachment":[{"href":"https:\/\/www.notibras.com\/site\/wp-json\/wp\/v2\/media?parent=367568"}],"wp:term":[{"taxonomy":"category","embeddable":true,"href":"https:\/\/www.notibras.com\/site\/wp-json\/wp\/v2\/categories?post=367568"},{"taxonomy":"post_tag","embeddable":true,"href":"https:\/\/www.notibras.com\/site\/wp-json\/wp\/v2\/tags?post=367568"}],"curies":[{"name":"wp","href":"https:\/\/api.w.org\/{rel}","templated":true}]}}