{"id":367670,"date":"2025-10-18T05:50:02","date_gmt":"2025-10-18T08:50:02","guid":{"rendered":"https:\/\/www.notibras.com\/site\/?p=367670"},"modified":"2025-10-18T05:55:09","modified_gmt":"2025-10-18T08:55:09","slug":"brasil-que-vive-a-politica-da-guerra-pode-viver-o-luto-no-inferno","status":"publish","type":"post","link":"https:\/\/www.notibras.com\/site\/brasil-que-vive-a-politica-da-guerra-pode-viver-o-luto-no-inferno\/","title":{"rendered":"Brasil, que vive a pol\u00edtica da guerra, pode viver o luto no Inferno"},"content":{"rendered":"<p>Faz tempo que os valores do povo brasileiro, sobretudo aquele que tem orgulho de se autodenominar eleitor, n\u00e3o s\u00e3o mais os mesmos. Desde mil novecentos e bolinha que a gente mudou sem perceber. E mudamos para pior. Paci\u00eancia, respeito e amor ao pr\u00f3ximo deixaram de fazer parte da cartilha da maioria. Atualmente, o que vale \u00e9 a tabuada, principalmente a que ensina a somar e a multiplicar. Dividir est\u00e1 fora de moda. Hoje, nossas escolhas s\u00e3o feitas de acordo com as vantagens presentes e futuras.<\/p>\n<p>Embora seja uma cumpridora contumaz de leis, escrevo na terceira pessoa, pois sou t\u00e3o falho como qualquer ser humano errante. A diferen\u00e7a \u00e9 que reconhe\u00e7o meus erros, pe\u00e7o perd\u00e3o por eles e, comumente, me reavalio internamente. Por isso, ainda que permane\u00e7a n\u00e3o aceitando \u00e0queles que n\u00e3o me aceitam como antag\u00f4nica, tenho optado por ignor\u00e1-los. \u00c9 o caso daquele ex-presidente e do fundamentalismo de seus seguidores.<\/p>\n<p>Como \u00e9 imposs\u00edvel faz\u00ea-los enxergar com os dois olhos, escolhi o caminho da tranquilidade emocional para mostrar-lhes, por exemplo, que um caso comum de tr\u00e2nsito n\u00e3o pode ser transformado em guerra individual ou coletiva apenas porque eles n\u00e3o admitem ser derrotados. Perder ou ganhar faz parte do jogo. O di\u00e1logo \u00e9 naturalmente a melhor op\u00e7\u00e3o. Eles n\u00e3o toparam e, em breve, ter\u00e3o de se manifestar feroz e descontroladamente contra eles mesmos.<\/p>\n<p>\u00c9 por essa e outras raz\u00f5es que, quando posso, lembro aos mais pr\u00f3ximos sobre a necessidade de se preocupar com as m\u00e1s influ\u00eancias, notadamente dos idolatrados e dos bons influencers. Nenhuma alus\u00e3o em separado \u00e0s eventuais dondocas das redes sociais. Me reporto a todos os que insistem em tapar o sol com a peneira. De forma mais objetiva, refiro-me \u00e0queles supostamente sem ju\u00edzo &#8211; alguns mais militantes do que desordeiros -, os quais acham bonito se manifestar, p\u00fablica e desembestadamente, para atacar um defensor juramentado da lei e da ordem.<\/p>\n<p>\u00c9 a verdadeira aus\u00eancia de valores. Certamente pensar\u00edamos diferente se ainda tiv\u00e9ssemos a marca registrada do orgulho de ser brasileiro, coisa que nem os jogadores da sele\u00e7\u00e3o t\u00eam mais. Se tiv\u00e9ssemos, n\u00e3o dar\u00edamos o status de Deus do Olimpo a um aventureiro bilion\u00e1rio com ares de superioridade absoluta e que imaginou o Brasil uma terra de ningu\u00e9m. \u00c9 verdade que os amigos que embarcaram comigo no bal\u00e3o azul da esperan\u00e7a e da f\u00e9 n\u00e3o existem mais. A maioria se perdeu pelo caminho, tentando manter a mil a vida no pa\u00eds tropical. At\u00e9 parece que as coisas boas s\u00e3o de ontem ou de anteontem. N\u00e3o s\u00e3o.<\/p>\n<p>Tudo ficou velho. Parafraseando o poeta cearense Belchior, \u00e9 o fim do termo saudade. Pelo andar da carruagem, tudo indica que o pior ainda est\u00e1 por vir. T\u00e3o ou mais assustador do que a baixa umidade e o calor decorrente do aquecimento global, a divis\u00e3o pol\u00edtica, a inseguran\u00e7a ambiental e o negacionismo em rela\u00e7\u00e3o \u00e0s chamas que tomaram conta do pa\u00eds, \u00e9 a possibilidade real de as duas maiores cidades brasileiras serem comandadas em breve pelo crime organizado. A\u00ed estar\u00edamos bem pr\u00f3ximos do que os vision\u00e1rios chamam de fogo do inferno.<\/p>\n<p>&#8230;&#8230;&#8230;&#8230;&#8230;.<\/p>\n<p><strong>Sonja Tavares \u00e9 Editora de Pol\u00edtica de Notibras<\/strong><\/p>\n","protected":false},"excerpt":{"rendered":"<p>Faz tempo que os valores do povo brasileiro, sobretudo aquele que tem orgulho de se autodenominar eleitor, n\u00e3o s\u00e3o mais os mesmos. Desde mil novecentos e bolinha que a gente mudou sem perceber. E mudamos para pior. Paci\u00eancia, respeito e amor ao pr\u00f3ximo deixaram de fazer parte da cartilha da maioria. Atualmente, o que vale [&hellip;]<\/p>\n","protected":false},"author":2,"featured_media":367672,"comment_status":"closed","ping_status":"closed","sticky":false,"template":"","format":"standard","meta":{"_acf_changed":false,"footnotes":""},"categories":[16],"tags":[95],"class_list":["post-367670","post","type-post","status-publish","format-standard","has-post-thumbnail","hentry","category-brasil","tag-capa"],"acf":[],"_links":{"self":[{"href":"https:\/\/www.notibras.com\/site\/wp-json\/wp\/v2\/posts\/367670","targetHints":{"allow":["GET"]}}],"collection":[{"href":"https:\/\/www.notibras.com\/site\/wp-json\/wp\/v2\/posts"}],"about":[{"href":"https:\/\/www.notibras.com\/site\/wp-json\/wp\/v2\/types\/post"}],"author":[{"embeddable":true,"href":"https:\/\/www.notibras.com\/site\/wp-json\/wp\/v2\/users\/2"}],"replies":[{"embeddable":true,"href":"https:\/\/www.notibras.com\/site\/wp-json\/wp\/v2\/comments?post=367670"}],"version-history":[{"count":6,"href":"https:\/\/www.notibras.com\/site\/wp-json\/wp\/v2\/posts\/367670\/revisions"}],"predecessor-version":[{"id":367677,"href":"https:\/\/www.notibras.com\/site\/wp-json\/wp\/v2\/posts\/367670\/revisions\/367677"}],"wp:featuredmedia":[{"embeddable":true,"href":"https:\/\/www.notibras.com\/site\/wp-json\/wp\/v2\/media\/367672"}],"wp:attachment":[{"href":"https:\/\/www.notibras.com\/site\/wp-json\/wp\/v2\/media?parent=367670"}],"wp:term":[{"taxonomy":"category","embeddable":true,"href":"https:\/\/www.notibras.com\/site\/wp-json\/wp\/v2\/categories?post=367670"},{"taxonomy":"post_tag","embeddable":true,"href":"https:\/\/www.notibras.com\/site\/wp-json\/wp\/v2\/tags?post=367670"}],"curies":[{"name":"wp","href":"https:\/\/api.w.org\/{rel}","templated":true}]}}