{"id":367708,"date":"2025-10-18T06:58:45","date_gmt":"2025-10-18T09:58:45","guid":{"rendered":"https:\/\/www.notibras.com\/site\/?p=367708"},"modified":"2025-10-18T06:58:45","modified_gmt":"2025-10-18T09:58:45","slug":"seca-falta-de-agua-e-vida-precaria-viram-drama-no-sertao-nordestino","status":"publish","type":"post","link":"https:\/\/www.notibras.com\/site\/seca-falta-de-agua-e-vida-precaria-viram-drama-no-sertao-nordestino\/","title":{"rendered":"Seca, falta de \u00e1gua e vida prec\u00e1ria viram drama no sert\u00e3o nordestino"},"content":{"rendered":"<p>O sol nasce impiedoso no sert\u00e3o, desenhando na terra rachada a geografia da desigualdade. Cada fenda no ch\u00e3o parece contar uma hist\u00f3ria de espera \u2014 espera pela chuva, pela ajuda, pela mudan\u00e7a que nunca chega. No sert\u00e3o nordestino, a seca n\u00e3o \u00e9 apenas um fen\u00f4meno natural: \u00e9 um retrato social, uma l\u00f3gica cruel que separa quem tem daquilo que falta a tantos.<\/p>\n<p>Na beira do a\u00e7ude seco, dona Maria olha o horizonte como quem procura respostas. O balde vazio em suas m\u00e3os pesa mais que a pr\u00f3pria \u00e1gua que ela sonha em carregar. J\u00e1 aprendeu a conviver com a sede, mas n\u00e3o se acostuma com a injusti\u00e7a. Enquanto alguns poucos t\u00eam po\u00e7os artesianos e \u00e1gua encanada, outros caminham quil\u00f4metros em busca de um fio d\u2019\u00e1gua barrenta para sobreviver.<\/p>\n<p>As crian\u00e7as brincam com o pouco que resta: fazem castelos de poeira, correm atr\u00e1s do vento. E mesmo no meio da escassez, h\u00e1 risos \u2014 porque o sertanejo aprendeu a sorrir entre as dores. Mas h\u00e1 tamb\u00e9m um sil\u00eancio que grita: o da desigualdade que insiste em perpetuar a seca como destino, e n\u00e3o como resultado do descuido humano.<\/p>\n<p>Quando finalmente chove, o ch\u00e3o festeja, o povo agradece e a esperan\u00e7a renasce \u2014 mas por pouco tempo. As promessas de pol\u00edticas duradouras evaporam junto com as po\u00e7as d\u2019\u00e1gua, e o ciclo recome\u00e7a: seca, sede, sobreviv\u00eancia.<\/p>\n<p>O sert\u00e3o, que poderia florescer com o cuidado certo, segue resistindo \u00e0 l\u00f3gica de um pa\u00eds que esquece seus interiores. Ali, onde a \u00e1gua \u00e9 luxo e a vida \u00e9 luta, o povo continua tecendo dias com f\u00e9, coragem e a convic\u00e7\u00e3o de que um dia a justi\u00e7a h\u00e1 de brotar, mesmo em terra seca.<\/p>\n","protected":false},"excerpt":{"rendered":"<p>O sol nasce impiedoso no sert\u00e3o, desenhando na terra rachada a geografia da desigualdade. Cada fenda no ch\u00e3o parece contar uma hist\u00f3ria de espera \u2014 espera pela chuva, pela ajuda, pela mudan\u00e7a que nunca chega. No sert\u00e3o nordestino, a seca n\u00e3o \u00e9 apenas um fen\u00f4meno natural: \u00e9 um retrato social, uma l\u00f3gica cruel que separa [&hellip;]<\/p>\n","protected":false},"author":2,"featured_media":367710,"comment_status":"closed","ping_status":"closed","sticky":false,"template":"","format":"standard","meta":{"_acf_changed":false,"footnotes":""},"categories":[165],"tags":[],"class_list":["post-367708","post","type-post","status-publish","format-standard","has-post-thumbnail","hentry","category-nordeste"],"acf":[],"_links":{"self":[{"href":"https:\/\/www.notibras.com\/site\/wp-json\/wp\/v2\/posts\/367708","targetHints":{"allow":["GET"]}}],"collection":[{"href":"https:\/\/www.notibras.com\/site\/wp-json\/wp\/v2\/posts"}],"about":[{"href":"https:\/\/www.notibras.com\/site\/wp-json\/wp\/v2\/types\/post"}],"author":[{"embeddable":true,"href":"https:\/\/www.notibras.com\/site\/wp-json\/wp\/v2\/users\/2"}],"replies":[{"embeddable":true,"href":"https:\/\/www.notibras.com\/site\/wp-json\/wp\/v2\/comments?post=367708"}],"version-history":[{"count":1,"href":"https:\/\/www.notibras.com\/site\/wp-json\/wp\/v2\/posts\/367708\/revisions"}],"predecessor-version":[{"id":367711,"href":"https:\/\/www.notibras.com\/site\/wp-json\/wp\/v2\/posts\/367708\/revisions\/367711"}],"wp:featuredmedia":[{"embeddable":true,"href":"https:\/\/www.notibras.com\/site\/wp-json\/wp\/v2\/media\/367710"}],"wp:attachment":[{"href":"https:\/\/www.notibras.com\/site\/wp-json\/wp\/v2\/media?parent=367708"}],"wp:term":[{"taxonomy":"category","embeddable":true,"href":"https:\/\/www.notibras.com\/site\/wp-json\/wp\/v2\/categories?post=367708"},{"taxonomy":"post_tag","embeddable":true,"href":"https:\/\/www.notibras.com\/site\/wp-json\/wp\/v2\/tags?post=367708"}],"curies":[{"name":"wp","href":"https:\/\/api.w.org\/{rel}","templated":true}]}}